{"id":102996,"date":"2017-02-16T23:22:15","date_gmt":"2017-02-16T22:22:15","guid":{"rendered":"http:\/\/www.visit-ulcinj.com\/blog\/?p=102996"},"modified":"2017-02-16T23:22:15","modified_gmt":"2017-02-16T22:22:15","slug":"diskutimi-per-bashkepunimin-pensional-kosove-mali-zi","status":"publish","type":"post","link":"https:\/\/www.visit-ulcinj.com\/blog\/2017\/02\/16\/diskutimi-per-bashkepunimin-pensional-kosove-mali-zi\/","title":{"rendered":"Diskutimi p\u00ebr bashk\u00ebpunimin pensional Kosov\u00eb \u2013 Mali i Zi"},"content":{"rendered":"<p><a href=\"http:\/\/www.visit-ulcinj.com\/blog\/wp-content\/uploads\/2017\/02\/bashk\u00ebpunimi-pensional-Kosov\u00eb-\u2013-Mali-i-Zi.jpg\"><img loading=\"lazy\" class=\"alignleft wp-image-102998\" src=\"http:\/\/www.visit-ulcinj.com\/blog\/wp-content\/uploads\/2017\/02\/bashk\u00ebpunimi-pensional-Kosov\u00eb-\u2013-Mali-i-Zi.jpg\" alt=\"bashk\u00ebpunimi-pensional Kosov\u00eb \u2013 Mali i Zi\" width=\"508\" height=\"303\" srcset=\"https:\/\/www.visit-ulcinj.com\/blog\/wp-content\/uploads\/2017\/02\/bashk\u00ebpunimi-pensional-Kosov\u00eb-\u2013-Mali-i-Zi.jpg 999w, https:\/\/www.visit-ulcinj.com\/blog\/wp-content\/uploads\/2017\/02\/bashk\u00ebpunimi-pensional-Kosov\u00eb-\u2013-Mali-i-Zi-300x179.jpg 300w, https:\/\/www.visit-ulcinj.com\/blog\/wp-content\/uploads\/2017\/02\/bashk\u00ebpunimi-pensional-Kosov\u00eb-\u2013-Mali-i-Zi-768x458.jpg 768w\" sizes=\"(max-width: 508px) 100vw, 508px\" \/><\/a>Z\u00ebvend\u00ebsministri i Pun\u00ebs dhe Mir\u00ebqenies Sociale Safet Kamberi, i shoq\u00ebruar nga drejtori i Departementit t\u00eb Pensioneve n\u00eb k\u00ebt\u00eb ministri, Bahri Xhaferi, \u00a0ka pritur sot n\u00eb takim pune drejtorin e Fondit t\u00eb Sigurimit Pensional dhe Invalidor\u00eb\u00a0 Jovo Pajoviq me bashk\u00ebpun\u00ebtor\u00eb.<\/p>\n<p>N\u00eb fokus t\u00eb takimit ishte bashk\u00ebpunimi n\u00eb mes t\u00eb Kosov\u00ebs dhe Malit t\u00eb Zi lidhur me v\u00ebrtetimin e periudhave t\u00eb sigurimit p\u00ebr realizimin e t\u00eb drejt\u00ebs n\u00eb pension p\u00ebr qytetar\u00ebt e t\u00eb dyja vendeve.<\/p>\n<p>P\u00ebrfaq\u00ebsues malazez konfirmuan mb\u00ebshtetjen q\u00eb do t`I japin k\u00ebsaj \u00e7\u00ebshtje edhe m\u00eb tutje dhe u zotuan se bashk\u00ebpunimi mes ekspert\u00ebve t\u00eb t\u00eb dyja vendeve do t\u00eb fillon menj\u00ebher\u00eb n\u00eb m\u00ebnyr\u00eb q\u00eb sa m\u00eb shpejt ta kemi t\u00eb realizuar t\u00eb drejt\u00ebn n\u00eb shfryt\u00ebzimin e pensionit, q\u00eb do t\u00eb ndikonte pozitivisht n\u00eb p\u00ebrkujdesjen institucionale dhe mir\u00ebqenien e qytetar\u00ebve t\u00eb t\u00eb dyja vendeve, transmeton Klan Kosova.<\/p>\n","protected":false},"excerpt":{"rendered":"<p>Z\u00ebvend\u00ebsministri i Pun\u00ebs dhe Mir\u00ebqenies Sociale Safet Kamberi, i shoq\u00ebruar nga drejtori i Departementit t\u00eb Pensioneve n\u00eb k\u00ebt\u00eb ministri, Bahri Xhaferi, \u00a0ka pritur sot n\u00eb takim pune drejtorin e Fondit t\u00eb Sigurimit Pensional dhe Invalidor\u00eb\u00a0 Jovo Pajoviq me bashk\u00ebpun\u00ebtor\u00eb. N\u00eb fokus t\u00eb takimit ishte bashk\u00ebpunimi n\u00eb mes t\u00eb Kosov\u00ebs dhe Malit t\u00eb Zi lidhur me [&hellip;]<\/p>\n","protected":false},"author":1,"featured_media":0,"comment_status":"closed","ping_status":"closed","sticky":false,"template":"","format":"standard","meta":{"spay_email":"","jetpack_publicize_message":"","jetpack_is_tweetstorm":false,"jetpack_publicize_feature_enabled":true},"categories":[6950],"tags":[],"jetpack_publicize_connections":[],"yoast_head":"<!-- This site is optimized with the Yoast SEO plugin v19.1 - https:\/\/yoast.com\/wordpress\/plugins\/seo\/ -->\n<title>Diskutimi p\u00ebr bashk\u00ebpunimin pensional Kosov\u00eb \u2013 Mali i Zi - Lajme nga Ulqini<\/title>\n<meta name=\"description\" content=\"Z\u00ebvend\u00ebsministri i Pun\u00ebs dhe Mir\u00ebqenies Sociale Safet Kamberi, i shoq\u00ebruar nga drejtori i Departementit t\u00eb Pensioneve n\u00eb k\u00ebt\u00eb ministri, Bahri Xhaferi, \u00a0ka\" \/>\n<meta name=\"robots\" content=\"index, follow, max-snippet:-1, max-image-preview:large, max-video-preview:-1\" \/>\n<link rel=\"canonical\" href=\"https:\/\/www.visit-ulcinj.com\/blog\/2017\/02\/16\/diskutimi-per-bashkepunimin-pensional-kosove-mali-zi\/\" \/>\n<meta property=\"og:locale\" content=\"en_US\" \/>\n<meta property=\"og:type\" content=\"article\" \/>\n<meta property=\"og:title\" content=\"Diskutimi p\u00ebr bashk\u00ebpunimin pensional Kosov\u00eb \u2013 Mali i Zi - Lajme nga Ulqini\" \/>\n<meta property=\"og:description\" content=\"Z\u00ebvend\u00ebsministri i Pun\u00ebs dhe Mir\u00ebqenies Sociale Safet Kamberi, i shoq\u00ebruar nga drejtori i Departementit t\u00eb Pensioneve n\u00eb k\u00ebt\u00eb ministri, Bahri Xhaferi, \u00a0ka\" \/>\n<meta property=\"og:url\" content=\"https:\/\/www.visit-ulcinj.com\/blog\/2017\/02\/16\/diskutimi-per-bashkepunimin-pensional-kosove-mali-zi\/\" \/>\n<meta property=\"og:site_name\" content=\"Lajme nga Ulqini\" \/>\n<meta property=\"article:published_time\" content=\"2017-02-16T22:22:15+00:00\" \/>\n<meta name=\"twitter:label1\" content=\"Written by\" \/>\n\t<meta name=\"twitter:data1\" content=\"ulqini\" \/>\n\t<meta name=\"twitter:label2\" content=\"Est. reading time\" \/>\n\t<meta name=\"twitter:data2\" content=\"1 minute\" \/>\n<script type=\"application\/ld+json\" class=\"yoast-schema-graph\">{\"@context\":\"https:\/\/schema.org\",\"@graph\":[{\"@type\":\"WebSite\",\"@id\":\"https:\/\/www.visit-ulcinj.com\/blog\/#website\",\"url\":\"https:\/\/www.visit-ulcinj.com\/blog\/\",\"name\":\"Lajme nga Ulqini\",\"description\":\"Lajme,Vijesti,Ulqini,Ulqin,Crna Gora,Mali i Zi\",\"potentialAction\":[{\"@type\":\"SearchAction\",\"target\":{\"@type\":\"EntryPoint\",\"urlTemplate\":\"https:\/\/www.visit-ulcinj.com\/blog\/?s={search_term_string}\"},\"query-input\":\"required name=search_term_string\"}],\"inLanguage\":\"en-US\"},{\"@type\":\"WebPage\",\"@id\":\"https:\/\/www.visit-ulcinj.com\/blog\/2017\/02\/16\/diskutimi-per-bashkepunimin-pensional-kosove-mali-zi\/#webpage\",\"url\":\"https:\/\/www.visit-ulcinj.com\/blog\/2017\/02\/16\/diskutimi-per-bashkepunimin-pensional-kosove-mali-zi\/\",\"name\":\"Diskutimi p\u00ebr bashk\u00ebpunimin pensional Kosov\u00eb \u2013 Mali i Zi - Lajme nga Ulqini\",\"isPartOf\":{\"@id\":\"https:\/\/www.visit-ulcinj.com\/blog\/#website\"},\"datePublished\":\"2017-02-16T22:22:15+00:00\",\"dateModified\":\"2017-02-16T22:22:15+00:00\",\"author\":{\"@id\":\"https:\/\/www.visit-ulcinj.com\/blog\/#\/schema\/person\/dcab619c614d3038751c63bc2aadc06d\"},\"description\":\"Z\u00ebvend\u00ebsministri i Pun\u00ebs dhe Mir\u00ebqenies Sociale Safet Kamberi, i shoq\u00ebruar nga drejtori i Departementit t\u00eb Pensioneve n\u00eb k\u00ebt\u00eb ministri, Bahri Xhaferi, \u00a0ka\",\"breadcrumb\":{\"@id\":\"https:\/\/www.visit-ulcinj.com\/blog\/2017\/02\/16\/diskutimi-per-bashkepunimin-pensional-kosove-mali-zi\/#breadcrumb\"},\"inLanguage\":\"en-US\",\"potentialAction\":[{\"@type\":\"ReadAction\",\"target\":[\"https:\/\/www.visit-ulcinj.com\/blog\/2017\/02\/16\/diskutimi-per-bashkepunimin-pensional-kosove-mali-zi\/\"]}]},{\"@type\":\"BreadcrumbList\",\"@id\":\"https:\/\/www.visit-ulcinj.com\/blog\/2017\/02\/16\/diskutimi-per-bashkepunimin-pensional-kosove-mali-zi\/#breadcrumb\",\"itemListElement\":[{\"@type\":\"ListItem\",\"position\":1,\"name\":\"Diskutimi p\u00ebr bashk\u00ebpunimin pensional Kosov\u00eb \u2013 Mali i Zi\"}]},{\"@type\":\"Person\",\"@id\":\"https:\/\/www.visit-ulcinj.com\/blog\/#\/schema\/person\/dcab619c614d3038751c63bc2aadc06d\",\"name\":\"ulqini\",\"sameAs\":[\"http:\/\/www.visit-ulcinj.com\"],\"url\":\"https:\/\/www.visit-ulcinj.com\/blog\/author\/admin\/\"}]}<\/script>\n<!-- \/ Yoast SEO plugin. -->","yoast_head_json":{"title":"Diskutimi p\u00ebr bashk\u00ebpunimin pensional Kosov\u00eb \u2013 Mali i Zi - Lajme nga Ulqini","description":"Z\u00ebvend\u00ebsministri i Pun\u00ebs dhe Mir\u00ebqenies Sociale Safet Kamberi, i shoq\u00ebruar nga drejtori i Departementit t\u00eb Pensioneve n\u00eb k\u00ebt\u00eb ministri, Bahri Xhaferi, \u00a0ka","robots":{"index":"index","follow":"follow","max-snippet":"max-snippet:-1","max-image-preview":"max-image-preview:large","max-video-preview":"max-video-preview:-1"},"canonical":"https:\/\/www.visit-ulcinj.com\/blog\/2017\/02\/16\/diskutimi-per-bashkepunimin-pensional-kosove-mali-zi\/","og_locale":"en_US","og_type":"article","og_title":"Diskutimi p\u00ebr bashk\u00ebpunimin pensional Kosov\u00eb \u2013 Mali i Zi - Lajme nga Ulqini","og_description":"Z\u00ebvend\u00ebsministri i Pun\u00ebs dhe Mir\u00ebqenies Sociale Safet Kamberi, i shoq\u00ebruar nga drejtori i Departementit t\u00eb Pensioneve n\u00eb k\u00ebt\u00eb ministri, Bahri Xhaferi, \u00a0ka","og_url":"https:\/\/www.visit-ulcinj.com\/blog\/2017\/02\/16\/diskutimi-per-bashkepunimin-pensional-kosove-mali-zi\/","og_site_name":"Lajme nga Ulqini","article_published_time":"2017-02-16T22:22:15+00:00","twitter_misc":{"Written by":"ulqini","Est. reading time":"1 minute"},"schema":{"@context":"https:\/\/schema.org","@graph":[{"@type":"WebSite","@id":"https:\/\/www.visit-ulcinj.com\/blog\/#website","url":"https:\/\/www.visit-ulcinj.com\/blog\/","name":"Lajme nga Ulqini","description":"Lajme,Vijesti,Ulqini,Ulqin,Crna Gora,Mali i Zi","potentialAction":[{"@type":"SearchAction","target":{"@type":"EntryPoint","urlTemplate":"https:\/\/www.visit-ulcinj.com\/blog\/?s={search_term_string}"},"query-input":"required name=search_term_string"}],"inLanguage":"en-US"},{"@type":"WebPage","@id":"https:\/\/www.visit-ulcinj.com\/blog\/2017\/02\/16\/diskutimi-per-bashkepunimin-pensional-kosove-mali-zi\/#webpage","url":"https:\/\/www.visit-ulcinj.com\/blog\/2017\/02\/16\/diskutimi-per-bashkepunimin-pensional-kosove-mali-zi\/","name":"Diskutimi p\u00ebr bashk\u00ebpunimin pensional Kosov\u00eb \u2013 Mali i Zi - Lajme nga Ulqini","isPartOf":{"@id":"https:\/\/www.visit-ulcinj.com\/blog\/#website"},"datePublished":"2017-02-16T22:22:15+00:00","dateModified":"2017-02-16T22:22:15+00:00","author":{"@id":"https:\/\/www.visit-ulcinj.com\/blog\/#\/schema\/person\/dcab619c614d3038751c63bc2aadc06d"},"description":"Z\u00ebvend\u00ebsministri i Pun\u00ebs dhe Mir\u00ebqenies Sociale Safet Kamberi, i shoq\u00ebruar nga drejtori i Departementit t\u00eb Pensioneve n\u00eb k\u00ebt\u00eb ministri, Bahri Xhaferi, \u00a0ka","breadcrumb":{"@id":"https:\/\/www.visit-ulcinj.com\/blog\/2017\/02\/16\/diskutimi-per-bashkepunimin-pensional-kosove-mali-zi\/#breadcrumb"},"inLanguage":"en-US","potentialAction":[{"@type":"ReadAction","target":["https:\/\/www.visit-ulcinj.com\/blog\/2017\/02\/16\/diskutimi-per-bashkepunimin-pensional-kosove-mali-zi\/"]}]},{"@type":"BreadcrumbList","@id":"https:\/\/www.visit-ulcinj.com\/blog\/2017\/02\/16\/diskutimi-per-bashkepunimin-pensional-kosove-mali-zi\/#breadcrumb","itemListElement":[{"@type":"ListItem","position":1,"name":"Diskutimi p\u00ebr bashk\u00ebpunimin pensional Kosov\u00eb \u2013 Mali i Zi"}]},{"@type":"Person","@id":"https:\/\/www.visit-ulcinj.com\/blog\/#\/schema\/person\/dcab619c614d3038751c63bc2aadc06d","name":"ulqini","sameAs":["http:\/\/www.visit-ulcinj.com"],"url":"https:\/\/www.visit-ulcinj.com\/blog\/author\/admin\/"}]}},"jetpack_featured_media_url":"","jetpack_sharing_enabled":true,"jetpack_shortlink":"https:\/\/wp.me\/pe6lTn-qNe","_links":{"self":[{"href":"https:\/\/www.visit-ulcinj.com\/blog\/wp-json\/wp\/v2\/posts\/102996"}],"collection":[{"href":"https:\/\/www.visit-ulcinj.com\/blog\/wp-json\/wp\/v2\/posts"}],"about":[{"href":"https:\/\/www.visit-ulcinj.com\/blog\/wp-json\/wp\/v2\/types\/post"}],"author":[{"embeddable":true,"href":"https:\/\/www.visit-ulcinj.com\/blog\/wp-json\/wp\/v2\/users\/1"}],"replies":[{"embeddable":true,"href":"https:\/\/www.visit-ulcinj.com\/blog\/wp-json\/wp\/v2\/comments?post=102996"}],"version-history":[{"count":1,"href":"https:\/\/www.visit-ulcinj.com\/blog\/wp-json\/wp\/v2\/posts\/102996\/revisions"}],"predecessor-version":[{"id":102999,"href":"https:\/\/www.visit-ulcinj.com\/blog\/wp-json\/wp\/v2\/posts\/102996\/revisions\/102999"}],"wp:attachment":[{"href":"https:\/\/www.visit-ulcinj.com\/blog\/wp-json\/wp\/v2\/media?parent=102996"}],"wp:term":[{"taxonomy":"category","embeddable":true,"href":"https:\/\/www.visit-ulcinj.com\/blog\/wp-json\/wp\/v2\/categories?post=102996"},{"taxonomy":"post_tag","embeddable":true,"href":"https:\/\/www.visit-ulcinj.com\/blog\/wp-json\/wp\/v2\/tags?post=102996"}],"curies":[{"name":"wp","href":"https:\/\/api.w.org\/{rel}","templated":true}]}}