{"id":103003,"date":"2017-02-16T23:37:29","date_gmt":"2017-02-16T22:37:29","guid":{"rendered":"http:\/\/www.visit-ulcinj.com\/blog\/?p=103003"},"modified":"2017-02-16T23:37:29","modified_gmt":"2017-02-16T22:37:29","slug":"qeveria-e-malit-te-zi-permbushe-disa-nga-kerkesat-kryesore-te-shqiptareve","status":"publish","type":"post","link":"https:\/\/www.visit-ulcinj.com\/blog\/2017\/02\/16\/qeveria-e-malit-te-zi-permbushe-disa-nga-kerkesat-kryesore-te-shqiptareve\/","title":{"rendered":"Qeveria e Malit t\u00eb Zi p\u00ebrmbush\u00eb disa nga k\u00ebrkesat kryesore t\u00eb shqiptar\u00ebve"},"content":{"rendered":"<p><strong><a href=\"http:\/\/www.visit-ulcinj.com\/blog\/wp-content\/uploads\/2017\/02\/Nazif-Cungu-kryetari-Ulqinit.jpg\"><img loading=\"lazy\" class=\"alignleft wp-image-103004\" src=\"http:\/\/www.visit-ulcinj.com\/blog\/wp-content\/uploads\/2017\/02\/Nazif-Cungu-kryetari-Ulqinit.jpg\" alt=\"Nazif-Cungu-kryetari-Ulqinit\" width=\"508\" height=\"286\" srcset=\"https:\/\/www.visit-ulcinj.com\/blog\/wp-content\/uploads\/2017\/02\/Nazif-Cungu-kryetari-Ulqinit.jpg 780w, https:\/\/www.visit-ulcinj.com\/blog\/wp-content\/uploads\/2017\/02\/Nazif-Cungu-kryetari-Ulqinit-300x169.jpg 300w, https:\/\/www.visit-ulcinj.com\/blog\/wp-content\/uploads\/2017\/02\/Nazif-Cungu-kryetari-Ulqinit-768x432.jpg 768w\" sizes=\"(max-width: 508px) 100vw, 508px\" \/><\/a>Qeveria e Malit t\u00eb Zi ka miratuar t\u00eb enjten Planin urbanistik Hap\u00ebsinor t\u00eb Komun\u00ebs s\u00eb Ulqinit me ndryshimet e fundit t\u00eb realizuara nga Komuna e Ulqinit.<\/strong><\/p>\n<p>Shqiptar\u00ebt e Ulqinit p\u00ebr vite me radh\u00eb jan\u00eb p\u00ebrpjekur q\u00eb t\u00eb pengojn\u00eb privatizimin e Valdanosit sepse kan\u00eb k\u00ebrkuar q\u00eb ullishta e atyshme t\u2019iu kthehet pronar\u00ebve nga t\u00eb cil\u00ebt \u00ebsht\u00eb marr\u00eb prej ushtris\u00eb jugosllave dikur.<\/p>\n<p>Po ashtu jan\u00eb p\u00ebrpjekur q\u00eb t\u00eb pengojn\u00eb projektet q\u00eb kan\u00eb synuar p\u00ebrdorimin e kripores s\u00eb Ulqinit p\u00ebr nd\u00ebrtim masiv turistik pasi kan\u00eb pasur frik\u00eb se kjo gj\u00eb do t\u00eb ndryshonte raportin demografik etnik n\u00eb Ulqin, duke sjell\u00eb kolonizimin nga banor\u00eb q\u00eb nuk jan\u00eb shqiptar\u00eb.<\/p>\n<p>Po ashtu nj\u00eb nd\u00ebr k\u00ebrkesat e shqiptar\u00ebve ka qen\u00eb nj\u00eb lidhje me Velipoj\u00ebn n\u00ebp\u00ebrmjet Bun\u00ebs q\u00eb do e shkurtonte shum\u00eb distanc\u00ebn me Tiran\u00ebn dhe Prishtin\u00ebn por edhe do ta integronte bregdetin e Ulqinit me at\u00eb shqiptar dhe fatmir\u00ebsisht ky plan hap\u00ebsinor e ka aprovuar k\u00ebt\u00eb projekt. T\u00eb tre k\u00ebto k\u00ebrkesa jan\u00eb materializuar nga Plani i Ri Hap\u00ebsinor.<\/p>\n<p>Plani u aprovua pas nj\u00eb periudhe t\u00eb gjat\u00eb kohore prej 7 vitesh.<\/p>\n<p>Plani i ri hap\u00ebsinor i Ulqinit sipas ndryshimeve t\u00eb b\u00ebra do t\u00eb mbroj\u00eb kryporen e Ulqinit dhe planifikimin e saj si monument dhe park natyror, po ashtu duke mos p\u00ebrfshi asnj\u00eb lloj nd\u00ebrtimit n\u00eb territorin krypores. Po ashtu me planin e ri parashihet rregullimi i rrug\u00ebs s\u00eb Shtojit nga 2 n\u00eb 4 korsi, nd\u00ebrtimi i ur\u00ebs mbi lumin Buna dhe lidhja me Shqip\u00ebri dhe hapja e pik\u00ebs s\u00eb re kufitare.<\/p>\n<p>Plani hap\u00ebsinor\u00eb vendosi kornizat p\u00ebr aprovimin e planeve detale urbanistike, gjasht\u00eb nga t\u00eb cilat jan\u00eb n\u00eb procedur\u00eb e sip\u00ebr dhe aprovimi i tyre pritet t\u00eb b\u00ebhet n\u00eb periudh\u00eb t\u00eb shkurt\u00ebr kohore, planifikimi komplekseve turistike n\u00eb plazhin e madh dhe Mavrian.<\/p>\n<p>Telegrafi<\/p>\n","protected":false},"excerpt":{"rendered":"<p>Qeveria e Malit t\u00eb Zi ka miratuar t\u00eb enjten Planin urbanistik Hap\u00ebsinor t\u00eb Komun\u00ebs s\u00eb Ulqinit me ndryshimet e fundit t\u00eb realizuara nga Komuna e Ulqinit. Shqiptar\u00ebt e Ulqinit p\u00ebr vite me radh\u00eb jan\u00eb p\u00ebrpjekur q\u00eb t\u00eb pengojn\u00eb privatizimin e Valdanosit sepse kan\u00eb k\u00ebrkuar q\u00eb ullishta e atyshme t\u2019iu kthehet pronar\u00ebve nga t\u00eb cil\u00ebt \u00ebsht\u00eb [&hellip;]<\/p>\n","protected":false},"author":1,"featured_media":0,"comment_status":"closed","ping_status":"closed","sticky":false,"template":"","format":"standard","meta":{"spay_email":"","jetpack_publicize_message":"","jetpack_is_tweetstorm":false,"jetpack_publicize_feature_enabled":true},"categories":[6950],"tags":[],"jetpack_publicize_connections":[],"yoast_head":"<!-- This site is optimized with the Yoast SEO plugin v19.1 - https:\/\/yoast.com\/wordpress\/plugins\/seo\/ -->\n<title>Qeveria e Malit t\u00eb Zi p\u00ebrmbush\u00eb disa nga k\u00ebrkesat kryesore t\u00eb shqiptar\u00ebve - Lajme nga Ulqini<\/title>\n<meta name=\"description\" content=\"Qeveria e Malit t\u00eb Zi ka miratuar t\u00eb enjten Planin urbanistik Hap\u00ebsinor t\u00eb Komun\u00ebs s\u00eb Ulqinit me ndryshimet e fundit t\u00eb realizuara nga Komuna e Ulqinit.\" \/>\n<meta name=\"robots\" content=\"index, follow, max-snippet:-1, max-image-preview:large, max-video-preview:-1\" \/>\n<link rel=\"canonical\" href=\"https:\/\/www.visit-ulcinj.com\/blog\/2017\/02\/16\/qeveria-e-malit-te-zi-permbushe-disa-nga-kerkesat-kryesore-te-shqiptareve\/\" \/>\n<meta property=\"og:locale\" content=\"en_US\" \/>\n<meta property=\"og:type\" content=\"article\" \/>\n<meta property=\"og:title\" content=\"Qeveria e Malit t\u00eb Zi p\u00ebrmbush\u00eb disa nga k\u00ebrkesat kryesore t\u00eb shqiptar\u00ebve - Lajme nga Ulqini\" \/>\n<meta property=\"og:description\" content=\"Qeveria e Malit t\u00eb Zi ka miratuar t\u00eb enjten Planin urbanistik Hap\u00ebsinor t\u00eb Komun\u00ebs s\u00eb Ulqinit me ndryshimet e fundit t\u00eb realizuara nga Komuna e Ulqinit.\" \/>\n<meta property=\"og:url\" content=\"https:\/\/www.visit-ulcinj.com\/blog\/2017\/02\/16\/qeveria-e-malit-te-zi-permbushe-disa-nga-kerkesat-kryesore-te-shqiptareve\/\" \/>\n<meta property=\"og:site_name\" content=\"Lajme nga Ulqini\" \/>\n<meta property=\"article:published_time\" content=\"2017-02-16T22:37:29+00:00\" \/>\n<meta property=\"og:image\" content=\"http:\/\/www.visit-ulcinj.com\/blog\/wp-content\/uploads\/2017\/02\/Nazif-Cungu-kryetari-Ulqinit.jpg\" \/>\n<meta name=\"twitter:label1\" content=\"Written by\" \/>\n\t<meta name=\"twitter:data1\" content=\"ulqini\" \/>\n\t<meta name=\"twitter:label2\" content=\"Est. reading time\" \/>\n\t<meta name=\"twitter:data2\" content=\"2 minutes\" \/>\n<script type=\"application\/ld+json\" class=\"yoast-schema-graph\">{\"@context\":\"https:\/\/schema.org\",\"@graph\":[{\"@type\":\"WebSite\",\"@id\":\"https:\/\/www.visit-ulcinj.com\/blog\/#website\",\"url\":\"https:\/\/www.visit-ulcinj.com\/blog\/\",\"name\":\"Lajme nga Ulqini\",\"description\":\"Lajme,Vijesti,Ulqini,Ulqin,Crna Gora,Mali i Zi\",\"potentialAction\":[{\"@type\":\"SearchAction\",\"target\":{\"@type\":\"EntryPoint\",\"urlTemplate\":\"https:\/\/www.visit-ulcinj.com\/blog\/?s={search_term_string}\"},\"query-input\":\"required name=search_term_string\"}],\"inLanguage\":\"en-US\"},{\"@type\":\"ImageObject\",\"inLanguage\":\"en-US\",\"@id\":\"https:\/\/www.visit-ulcinj.com\/blog\/2017\/02\/16\/qeveria-e-malit-te-zi-permbushe-disa-nga-kerkesat-kryesore-te-shqiptareve\/#primaryimage\",\"url\":\"https:\/\/www.visit-ulcinj.com\/blog\/wp-content\/uploads\/2017\/02\/Nazif-Cungu-kryetari-Ulqinit.jpg\",\"contentUrl\":\"https:\/\/www.visit-ulcinj.com\/blog\/wp-content\/uploads\/2017\/02\/Nazif-Cungu-kryetari-Ulqinit.jpg\",\"width\":780,\"height\":439},{\"@type\":\"WebPage\",\"@id\":\"https:\/\/www.visit-ulcinj.com\/blog\/2017\/02\/16\/qeveria-e-malit-te-zi-permbushe-disa-nga-kerkesat-kryesore-te-shqiptareve\/#webpage\",\"url\":\"https:\/\/www.visit-ulcinj.com\/blog\/2017\/02\/16\/qeveria-e-malit-te-zi-permbushe-disa-nga-kerkesat-kryesore-te-shqiptareve\/\",\"name\":\"Qeveria e Malit t\u00eb Zi p\u00ebrmbush\u00eb disa nga k\u00ebrkesat kryesore t\u00eb shqiptar\u00ebve - Lajme nga Ulqini\",\"isPartOf\":{\"@id\":\"https:\/\/www.visit-ulcinj.com\/blog\/#website\"},\"primaryImageOfPage\":{\"@id\":\"https:\/\/www.visit-ulcinj.com\/blog\/2017\/02\/16\/qeveria-e-malit-te-zi-permbushe-disa-nga-kerkesat-kryesore-te-shqiptareve\/#primaryimage\"},\"datePublished\":\"2017-02-16T22:37:29+00:00\",\"dateModified\":\"2017-02-16T22:37:29+00:00\",\"author\":{\"@id\":\"https:\/\/www.visit-ulcinj.com\/blog\/#\/schema\/person\/dcab619c614d3038751c63bc2aadc06d\"},\"description\":\"Qeveria e Malit t\u00eb Zi ka miratuar t\u00eb enjten Planin urbanistik Hap\u00ebsinor t\u00eb Komun\u00ebs s\u00eb Ulqinit me ndryshimet e fundit t\u00eb realizuara nga Komuna e Ulqinit.\",\"breadcrumb\":{\"@id\":\"https:\/\/www.visit-ulcinj.com\/blog\/2017\/02\/16\/qeveria-e-malit-te-zi-permbushe-disa-nga-kerkesat-kryesore-te-shqiptareve\/#breadcrumb\"},\"inLanguage\":\"en-US\",\"potentialAction\":[{\"@type\":\"ReadAction\",\"target\":[\"https:\/\/www.visit-ulcinj.com\/blog\/2017\/02\/16\/qeveria-e-malit-te-zi-permbushe-disa-nga-kerkesat-kryesore-te-shqiptareve\/\"]}]},{\"@type\":\"BreadcrumbList\",\"@id\":\"https:\/\/www.visit-ulcinj.com\/blog\/2017\/02\/16\/qeveria-e-malit-te-zi-permbushe-disa-nga-kerkesat-kryesore-te-shqiptareve\/#breadcrumb\",\"itemListElement\":[{\"@type\":\"ListItem\",\"position\":1,\"name\":\"Qeveria e Malit t\u00eb Zi p\u00ebrmbush\u00eb disa nga k\u00ebrkesat kryesore t\u00eb shqiptar\u00ebve\"}]},{\"@type\":\"Person\",\"@id\":\"https:\/\/www.visit-ulcinj.com\/blog\/#\/schema\/person\/dcab619c614d3038751c63bc2aadc06d\",\"name\":\"ulqini\",\"sameAs\":[\"http:\/\/www.visit-ulcinj.com\"],\"url\":\"https:\/\/www.visit-ulcinj.com\/blog\/author\/admin\/\"}]}<\/script>\n<!-- \/ Yoast SEO plugin. -->","yoast_head_json":{"title":"Qeveria e Malit t\u00eb Zi p\u00ebrmbush\u00eb disa nga k\u00ebrkesat kryesore t\u00eb shqiptar\u00ebve - Lajme nga Ulqini","description":"Qeveria e Malit t\u00eb Zi ka miratuar t\u00eb enjten Planin urbanistik Hap\u00ebsinor t\u00eb Komun\u00ebs s\u00eb Ulqinit me ndryshimet e fundit t\u00eb realizuara nga Komuna e Ulqinit.","robots":{"index":"index","follow":"follow","max-snippet":"max-snippet:-1","max-image-preview":"max-image-preview:large","max-video-preview":"max-video-preview:-1"},"canonical":"https:\/\/www.visit-ulcinj.com\/blog\/2017\/02\/16\/qeveria-e-malit-te-zi-permbushe-disa-nga-kerkesat-kryesore-te-shqiptareve\/","og_locale":"en_US","og_type":"article","og_title":"Qeveria e Malit t\u00eb Zi p\u00ebrmbush\u00eb disa nga k\u00ebrkesat kryesore t\u00eb shqiptar\u00ebve - Lajme nga Ulqini","og_description":"Qeveria e Malit t\u00eb Zi ka miratuar t\u00eb enjten Planin urbanistik Hap\u00ebsinor t\u00eb Komun\u00ebs s\u00eb Ulqinit me ndryshimet e fundit t\u00eb realizuara nga Komuna e Ulqinit.","og_url":"https:\/\/www.visit-ulcinj.com\/blog\/2017\/02\/16\/qeveria-e-malit-te-zi-permbushe-disa-nga-kerkesat-kryesore-te-shqiptareve\/","og_site_name":"Lajme nga Ulqini","article_published_time":"2017-02-16T22:37:29+00:00","og_image":[{"url":"http:\/\/www.visit-ulcinj.com\/blog\/wp-content\/uploads\/2017\/02\/Nazif-Cungu-kryetari-Ulqinit.jpg"}],"twitter_misc":{"Written by":"ulqini","Est. reading time":"2 minutes"},"schema":{"@context":"https:\/\/schema.org","@graph":[{"@type":"WebSite","@id":"https:\/\/www.visit-ulcinj.com\/blog\/#website","url":"https:\/\/www.visit-ulcinj.com\/blog\/","name":"Lajme nga Ulqini","description":"Lajme,Vijesti,Ulqini,Ulqin,Crna Gora,Mali i Zi","potentialAction":[{"@type":"SearchAction","target":{"@type":"EntryPoint","urlTemplate":"https:\/\/www.visit-ulcinj.com\/blog\/?s={search_term_string}"},"query-input":"required name=search_term_string"}],"inLanguage":"en-US"},{"@type":"ImageObject","inLanguage":"en-US","@id":"https:\/\/www.visit-ulcinj.com\/blog\/2017\/02\/16\/qeveria-e-malit-te-zi-permbushe-disa-nga-kerkesat-kryesore-te-shqiptareve\/#primaryimage","url":"https:\/\/www.visit-ulcinj.com\/blog\/wp-content\/uploads\/2017\/02\/Nazif-Cungu-kryetari-Ulqinit.jpg","contentUrl":"https:\/\/www.visit-ulcinj.com\/blog\/wp-content\/uploads\/2017\/02\/Nazif-Cungu-kryetari-Ulqinit.jpg","width":780,"height":439},{"@type":"WebPage","@id":"https:\/\/www.visit-ulcinj.com\/blog\/2017\/02\/16\/qeveria-e-malit-te-zi-permbushe-disa-nga-kerkesat-kryesore-te-shqiptareve\/#webpage","url":"https:\/\/www.visit-ulcinj.com\/blog\/2017\/02\/16\/qeveria-e-malit-te-zi-permbushe-disa-nga-kerkesat-kryesore-te-shqiptareve\/","name":"Qeveria e Malit t\u00eb Zi p\u00ebrmbush\u00eb disa nga k\u00ebrkesat kryesore t\u00eb shqiptar\u00ebve - Lajme nga Ulqini","isPartOf":{"@id":"https:\/\/www.visit-ulcinj.com\/blog\/#website"},"primaryImageOfPage":{"@id":"https:\/\/www.visit-ulcinj.com\/blog\/2017\/02\/16\/qeveria-e-malit-te-zi-permbushe-disa-nga-kerkesat-kryesore-te-shqiptareve\/#primaryimage"},"datePublished":"2017-02-16T22:37:29+00:00","dateModified":"2017-02-16T22:37:29+00:00","author":{"@id":"https:\/\/www.visit-ulcinj.com\/blog\/#\/schema\/person\/dcab619c614d3038751c63bc2aadc06d"},"description":"Qeveria e Malit t\u00eb Zi ka miratuar t\u00eb enjten Planin urbanistik Hap\u00ebsinor t\u00eb Komun\u00ebs s\u00eb Ulqinit me ndryshimet e fundit t\u00eb realizuara nga Komuna e Ulqinit.","breadcrumb":{"@id":"https:\/\/www.visit-ulcinj.com\/blog\/2017\/02\/16\/qeveria-e-malit-te-zi-permbushe-disa-nga-kerkesat-kryesore-te-shqiptareve\/#breadcrumb"},"inLanguage":"en-US","potentialAction":[{"@type":"ReadAction","target":["https:\/\/www.visit-ulcinj.com\/blog\/2017\/02\/16\/qeveria-e-malit-te-zi-permbushe-disa-nga-kerkesat-kryesore-te-shqiptareve\/"]}]},{"@type":"BreadcrumbList","@id":"https:\/\/www.visit-ulcinj.com\/blog\/2017\/02\/16\/qeveria-e-malit-te-zi-permbushe-disa-nga-kerkesat-kryesore-te-shqiptareve\/#breadcrumb","itemListElement":[{"@type":"ListItem","position":1,"name":"Qeveria e Malit t\u00eb Zi p\u00ebrmbush\u00eb disa nga k\u00ebrkesat kryesore t\u00eb shqiptar\u00ebve"}]},{"@type":"Person","@id":"https:\/\/www.visit-ulcinj.com\/blog\/#\/schema\/person\/dcab619c614d3038751c63bc2aadc06d","name":"ulqini","sameAs":["http:\/\/www.visit-ulcinj.com"],"url":"https:\/\/www.visit-ulcinj.com\/blog\/author\/admin\/"}]}},"jetpack_featured_media_url":"","jetpack_sharing_enabled":true,"jetpack_shortlink":"https:\/\/wp.me\/pe6lTn-qNl","_links":{"self":[{"href":"https:\/\/www.visit-ulcinj.com\/blog\/wp-json\/wp\/v2\/posts\/103003"}],"collection":[{"href":"https:\/\/www.visit-ulcinj.com\/blog\/wp-json\/wp\/v2\/posts"}],"about":[{"href":"https:\/\/www.visit-ulcinj.com\/blog\/wp-json\/wp\/v2\/types\/post"}],"author":[{"embeddable":true,"href":"https:\/\/www.visit-ulcinj.com\/blog\/wp-json\/wp\/v2\/users\/1"}],"replies":[{"embeddable":true,"href":"https:\/\/www.visit-ulcinj.com\/blog\/wp-json\/wp\/v2\/comments?post=103003"}],"version-history":[{"count":1,"href":"https:\/\/www.visit-ulcinj.com\/blog\/wp-json\/wp\/v2\/posts\/103003\/revisions"}],"predecessor-version":[{"id":103005,"href":"https:\/\/www.visit-ulcinj.com\/blog\/wp-json\/wp\/v2\/posts\/103003\/revisions\/103005"}],"wp:attachment":[{"href":"https:\/\/www.visit-ulcinj.com\/blog\/wp-json\/wp\/v2\/media?parent=103003"}],"wp:term":[{"taxonomy":"category","embeddable":true,"href":"https:\/\/www.visit-ulcinj.com\/blog\/wp-json\/wp\/v2\/categories?post=103003"},{"taxonomy":"post_tag","embeddable":true,"href":"https:\/\/www.visit-ulcinj.com\/blog\/wp-json\/wp\/v2\/tags?post=103003"}],"curies":[{"name":"wp","href":"https:\/\/api.w.org\/{rel}","templated":true}]}}