{"id":103008,"date":"2017-02-17T08:56:38","date_gmt":"2017-02-17T07:56:38","guid":{"rendered":"http:\/\/www.visit-ulcinj.com\/blog\/?p=103008"},"modified":"2017-02-17T09:03:39","modified_gmt":"2017-02-17T08:03:39","slug":"premijera-bisera-bojane-odrzana-u-beogradu-video","status":"publish","type":"post","link":"https:\/\/www.visit-ulcinj.com\/blog\/2017\/02\/17\/premijera-bisera-bojane-odrzana-u-beogradu-video\/","title":{"rendered":"Premijera &#8220;Bisera bojane&#8221; odr\u017eana u Beogradu &#8211; Video"},"content":{"rendered":"<p><strong><a href=\"http:\/\/www.visit-ulcinj.com\/blog\/wp-content\/uploads\/2017\/02\/Premijera-Bisera-bojane-u-Beogradu-1.jpg\"><img loading=\"lazy\" class=\"alignleft wp-image-103011\" src=\"http:\/\/www.visit-ulcinj.com\/blog\/wp-content\/uploads\/2017\/02\/Premijera-Bisera-bojane-u-Beogradu-1.jpg\" alt=\"Premijera -Bisera bojane-u-Beogradu-1\" width=\"508\" height=\"718\" srcset=\"https:\/\/www.visit-ulcinj.com\/blog\/wp-content\/uploads\/2017\/02\/Premijera-Bisera-bojane-u-Beogradu-1.jpg 700w, https:\/\/www.visit-ulcinj.com\/blog\/wp-content\/uploads\/2017\/02\/Premijera-Bisera-bojane-u-Beogradu-1-212x300.jpg 212w\" sizes=\"(max-width: 508px) 100vw, 508px\" \/><\/a>\u201cMnogo ljudi me je zvalo poslije premijere i javilo mi se porukama i osnovni utisak je da je ovaj film neka vrsta terapije ljudima, jer se publika tokom dva sata odmorila od svih problema\u201d, ispri\u010dao je Milan Karad\u017ei\u0107 za \u201cVijesti\u201d.<\/strong><\/p>\n<p><strong><span class=\"credits__author\"> Autor: <a href=\"http:\/\/www.vijesti.me\/autori\/mirela-hodzic-771\/profil\">Mirela Hod\u017ei\u0107<\/a> <\/span><\/strong><\/p>\n<p>Premijera filma Milana i Milutina Mime Karad\u017ei\u0107a \u201cBiser Bojane\u201d, odr\u017eana je preksino\u0107 u beogradskom Sava centru.<\/p>\n<p>Kako prenose srpski mediji, tom doga\u0111aju je prisustvovao veliki broj poznatih li\u010dnosti od estradnih do sportskih zvijezda, a nakon zavr\u0161etka ostvarenja publici se poklonila gluma\u010dka ekipa.<\/p>\n<p>Glumac i producent Mima Karad\u017ei\u0107 za Vijesti je istakao da su njegovi utisci i vi\u0161e nego pozitivni.<\/p>\n<p>\u201cOvacije su trajale 15 minuta, glumci su se poklonili tri puta&#8230; Bilo je puno Ulcinjana koji su mi kazali da niko do sada nije uradio ne\u0161to ovako za taj grad, jer ovo je odli\u010dna reklama za Ulcinj\u201d, ispri\u010dao je on, a zadovoljstvo nije krio ni re\u017eiser Milan Karad\u017ei\u0107.<\/p>\n<p><a href=\"http:\/\/www.visit-ulcinj.com\/blog\/wp-content\/uploads\/2017\/02\/Premijera-Bisera-bojane-u-Beogradu.jpg\"><img loading=\"lazy\" class=\"alignleft wp-image-103009\" src=\"http:\/\/www.visit-ulcinj.com\/blog\/wp-content\/uploads\/2017\/02\/Premijera-Bisera-bojane-u-Beogradu.jpg\" alt=\"Premijera -Bisera bojane-u-Beogradu\" width=\"508\" height=\"319\" srcset=\"https:\/\/www.visit-ulcinj.com\/blog\/wp-content\/uploads\/2017\/02\/Premijera-Bisera-bojane-u-Beogradu.jpg 560w, https:\/\/www.visit-ulcinj.com\/blog\/wp-content\/uploads\/2017\/02\/Premijera-Bisera-bojane-u-Beogradu-300x189.jpg 300w\" sizes=\"(max-width: 508px) 100vw, 508px\" \/><\/a><\/p>\n<p>\u201cMnogo ljudi me je zvalo poslije premijere i javilo mi se porukama i osnovni utisak je da je ovaj film neka vrsta terapije ljudima, jer se publika tokom dva sata odmorila od svih problema\u201d, ispri\u010dao je Milan Karad\u017ei\u0107 za \u201cVijesti\u201d.<\/p>\n<p>\u201cPri\u010da je pitka, ljudska, topla i cijeli film slavi \u017eivot. U njemu ima ljubavi i dobre komedije, a uz to je i akcija, ali ne u tvrdom, ve\u0107 melodramskom smislu i pro\u017eeto je emocijom. Uz to film je sniman na Adi Bojani i prelijepoj ulcinjskoj Velikoj pla\u017ei. Zato sam film nazvao &#8216;Torta&#8217;, jer u njemu ima svega\u201d, ispri\u010dao je on, dodaju\u0107i da \u0107e publika u Crnoj Gori film mo\u0107i da pogleda po\u010detkom marta.<\/p>\n<p><strong>Izvor: Vijesti Online<\/strong><\/p>\n<!--YouTube Error: bad URL entered-->\n<!--YouTube Error: bad URL entered-->\n","protected":false},"excerpt":{"rendered":"<p>\u201cMnogo ljudi me je zvalo poslije premijere i javilo mi se porukama i osnovni utisak je da je ovaj film neka vrsta terapije ljudima, jer se publika tokom dva sata odmorila od svih problema\u201d, ispri\u010dao je Milan Karad\u017ei\u0107 za \u201cVijesti\u201d. Autor: Mirela Hod\u017ei\u0107 Premijera filma Milana i Milutina Mime Karad\u017ei\u0107a \u201cBiser Bojane\u201d, odr\u017eana je preksino\u0107 [&hellip;]<\/p>\n","protected":false},"author":1,"featured_media":0,"comment_status":"closed","ping_status":"closed","sticky":false,"template":"","format":"standard","meta":{"spay_email":"","jetpack_publicize_message":"","jetpack_is_tweetstorm":false,"jetpack_publicize_feature_enabled":true},"categories":[8337],"tags":[],"jetpack_publicize_connections":[],"yoast_head":"<!-- This site is optimized with the Yoast SEO plugin v19.1 - https:\/\/yoast.com\/wordpress\/plugins\/seo\/ -->\n<title>Premijera &quot;Bisera bojane&quot; odr\u017eana u Beogradu - Video - Lajme nga Ulqini<\/title>\n<meta name=\"description\" content=\"\u201cMnogo ljudi me je zvalo poslije premijere i javilo mi se porukama i osnovni utisak je da je ovaj film neka vrsta terapije ljudima, jer se publika tokom\" \/>\n<meta name=\"robots\" content=\"index, follow, max-snippet:-1, max-image-preview:large, max-video-preview:-1\" \/>\n<link rel=\"canonical\" href=\"https:\/\/www.visit-ulcinj.com\/blog\/2017\/02\/17\/premijera-bisera-bojane-odrzana-u-beogradu-video\/\" \/>\n<meta property=\"og:locale\" content=\"en_US\" \/>\n<meta property=\"og:type\" content=\"article\" \/>\n<meta property=\"og:title\" content=\"Premijera &quot;Bisera bojane&quot; odr\u017eana u Beogradu - Video - Lajme nga Ulqini\" \/>\n<meta property=\"og:description\" content=\"\u201cMnogo ljudi me je zvalo poslije premijere i javilo mi se porukama i osnovni utisak je da je ovaj film neka vrsta terapije ljudima, jer se publika tokom\" \/>\n<meta property=\"og:url\" content=\"https:\/\/www.visit-ulcinj.com\/blog\/2017\/02\/17\/premijera-bisera-bojane-odrzana-u-beogradu-video\/\" \/>\n<meta property=\"og:site_name\" content=\"Lajme nga Ulqini\" \/>\n<meta property=\"article:published_time\" content=\"2017-02-17T07:56:38+00:00\" \/>\n<meta property=\"article:modified_time\" content=\"2017-02-17T08:03:39+00:00\" \/>\n<meta property=\"og:image\" content=\"http:\/\/www.visit-ulcinj.com\/blog\/wp-content\/uploads\/2017\/02\/Premijera-Bisera-bojane-u-Beogradu-1.jpg\" \/>\n<meta name=\"twitter:label1\" content=\"Written by\" \/>\n\t<meta name=\"twitter:data1\" content=\"ulqini\" \/>\n\t<meta name=\"twitter:label2\" content=\"Est. reading time\" \/>\n\t<meta name=\"twitter:data2\" content=\"2 minutes\" \/>\n<script type=\"application\/ld+json\" class=\"yoast-schema-graph\">{\"@context\":\"https:\/\/schema.org\",\"@graph\":[{\"@type\":\"WebSite\",\"@id\":\"https:\/\/www.visit-ulcinj.com\/blog\/#website\",\"url\":\"https:\/\/www.visit-ulcinj.com\/blog\/\",\"name\":\"Lajme nga Ulqini\",\"description\":\"Lajme,Vijesti,Ulqini,Ulqin,Crna Gora,Mali i Zi\",\"potentialAction\":[{\"@type\":\"SearchAction\",\"target\":{\"@type\":\"EntryPoint\",\"urlTemplate\":\"https:\/\/www.visit-ulcinj.com\/blog\/?s={search_term_string}\"},\"query-input\":\"required name=search_term_string\"}],\"inLanguage\":\"en-US\"},{\"@type\":\"ImageObject\",\"inLanguage\":\"en-US\",\"@id\":\"https:\/\/www.visit-ulcinj.com\/blog\/2017\/02\/17\/premijera-bisera-bojane-odrzana-u-beogradu-video\/#primaryimage\",\"url\":\"https:\/\/www.visit-ulcinj.com\/blog\/wp-content\/uploads\/2017\/02\/Premijera-Bisera-bojane-u-Beogradu-1.jpg\",\"contentUrl\":\"https:\/\/www.visit-ulcinj.com\/blog\/wp-content\/uploads\/2017\/02\/Premijera-Bisera-bojane-u-Beogradu-1.jpg\",\"width\":700,\"height\":990},{\"@type\":\"WebPage\",\"@id\":\"https:\/\/www.visit-ulcinj.com\/blog\/2017\/02\/17\/premijera-bisera-bojane-odrzana-u-beogradu-video\/#webpage\",\"url\":\"https:\/\/www.visit-ulcinj.com\/blog\/2017\/02\/17\/premijera-bisera-bojane-odrzana-u-beogradu-video\/\",\"name\":\"Premijera \\\"Bisera bojane\\\" odr\u017eana u Beogradu - Video - Lajme nga Ulqini\",\"isPartOf\":{\"@id\":\"https:\/\/www.visit-ulcinj.com\/blog\/#website\"},\"primaryImageOfPage\":{\"@id\":\"https:\/\/www.visit-ulcinj.com\/blog\/2017\/02\/17\/premijera-bisera-bojane-odrzana-u-beogradu-video\/#primaryimage\"},\"datePublished\":\"2017-02-17T07:56:38+00:00\",\"dateModified\":\"2017-02-17T08:03:39+00:00\",\"author\":{\"@id\":\"https:\/\/www.visit-ulcinj.com\/blog\/#\/schema\/person\/dcab619c614d3038751c63bc2aadc06d\"},\"description\":\"\u201cMnogo ljudi me je zvalo poslije premijere i javilo mi se porukama i osnovni utisak je da je ovaj film neka vrsta terapije ljudima, jer se publika tokom\",\"breadcrumb\":{\"@id\":\"https:\/\/www.visit-ulcinj.com\/blog\/2017\/02\/17\/premijera-bisera-bojane-odrzana-u-beogradu-video\/#breadcrumb\"},\"inLanguage\":\"en-US\",\"potentialAction\":[{\"@type\":\"ReadAction\",\"target\":[\"https:\/\/www.visit-ulcinj.com\/blog\/2017\/02\/17\/premijera-bisera-bojane-odrzana-u-beogradu-video\/\"]}]},{\"@type\":\"BreadcrumbList\",\"@id\":\"https:\/\/www.visit-ulcinj.com\/blog\/2017\/02\/17\/premijera-bisera-bojane-odrzana-u-beogradu-video\/#breadcrumb\",\"itemListElement\":[{\"@type\":\"ListItem\",\"position\":1,\"name\":\"Premijera &#8220;Bisera bojane&#8221; odr\u017eana u Beogradu &#8211; Video\"}]},{\"@type\":\"Person\",\"@id\":\"https:\/\/www.visit-ulcinj.com\/blog\/#\/schema\/person\/dcab619c614d3038751c63bc2aadc06d\",\"name\":\"ulqini\",\"sameAs\":[\"http:\/\/www.visit-ulcinj.com\"],\"url\":\"https:\/\/www.visit-ulcinj.com\/blog\/author\/admin\/\"}]}<\/script>\n<!-- \/ Yoast SEO plugin. -->","yoast_head_json":{"title":"Premijera \"Bisera bojane\" odr\u017eana u Beogradu - Video - Lajme nga Ulqini","description":"\u201cMnogo ljudi me je zvalo poslije premijere i javilo mi se porukama i osnovni utisak je da je ovaj film neka vrsta terapije ljudima, jer se publika tokom","robots":{"index":"index","follow":"follow","max-snippet":"max-snippet:-1","max-image-preview":"max-image-preview:large","max-video-preview":"max-video-preview:-1"},"canonical":"https:\/\/www.visit-ulcinj.com\/blog\/2017\/02\/17\/premijera-bisera-bojane-odrzana-u-beogradu-video\/","og_locale":"en_US","og_type":"article","og_title":"Premijera \"Bisera bojane\" odr\u017eana u Beogradu - Video - Lajme nga Ulqini","og_description":"\u201cMnogo ljudi me je zvalo poslije premijere i javilo mi se porukama i osnovni utisak je da je ovaj film neka vrsta terapije ljudima, jer se publika tokom","og_url":"https:\/\/www.visit-ulcinj.com\/blog\/2017\/02\/17\/premijera-bisera-bojane-odrzana-u-beogradu-video\/","og_site_name":"Lajme nga Ulqini","article_published_time":"2017-02-17T07:56:38+00:00","article_modified_time":"2017-02-17T08:03:39+00:00","og_image":[{"url":"http:\/\/www.visit-ulcinj.com\/blog\/wp-content\/uploads\/2017\/02\/Premijera-Bisera-bojane-u-Beogradu-1.jpg"}],"twitter_misc":{"Written by":"ulqini","Est. reading time":"2 minutes"},"schema":{"@context":"https:\/\/schema.org","@graph":[{"@type":"WebSite","@id":"https:\/\/www.visit-ulcinj.com\/blog\/#website","url":"https:\/\/www.visit-ulcinj.com\/blog\/","name":"Lajme nga Ulqini","description":"Lajme,Vijesti,Ulqini,Ulqin,Crna Gora,Mali i Zi","potentialAction":[{"@type":"SearchAction","target":{"@type":"EntryPoint","urlTemplate":"https:\/\/www.visit-ulcinj.com\/blog\/?s={search_term_string}"},"query-input":"required name=search_term_string"}],"inLanguage":"en-US"},{"@type":"ImageObject","inLanguage":"en-US","@id":"https:\/\/www.visit-ulcinj.com\/blog\/2017\/02\/17\/premijera-bisera-bojane-odrzana-u-beogradu-video\/#primaryimage","url":"https:\/\/www.visit-ulcinj.com\/blog\/wp-content\/uploads\/2017\/02\/Premijera-Bisera-bojane-u-Beogradu-1.jpg","contentUrl":"https:\/\/www.visit-ulcinj.com\/blog\/wp-content\/uploads\/2017\/02\/Premijera-Bisera-bojane-u-Beogradu-1.jpg","width":700,"height":990},{"@type":"WebPage","@id":"https:\/\/www.visit-ulcinj.com\/blog\/2017\/02\/17\/premijera-bisera-bojane-odrzana-u-beogradu-video\/#webpage","url":"https:\/\/www.visit-ulcinj.com\/blog\/2017\/02\/17\/premijera-bisera-bojane-odrzana-u-beogradu-video\/","name":"Premijera \"Bisera bojane\" odr\u017eana u Beogradu - Video - Lajme nga Ulqini","isPartOf":{"@id":"https:\/\/www.visit-ulcinj.com\/blog\/#website"},"primaryImageOfPage":{"@id":"https:\/\/www.visit-ulcinj.com\/blog\/2017\/02\/17\/premijera-bisera-bojane-odrzana-u-beogradu-video\/#primaryimage"},"datePublished":"2017-02-17T07:56:38+00:00","dateModified":"2017-02-17T08:03:39+00:00","author":{"@id":"https:\/\/www.visit-ulcinj.com\/blog\/#\/schema\/person\/dcab619c614d3038751c63bc2aadc06d"},"description":"\u201cMnogo ljudi me je zvalo poslije premijere i javilo mi se porukama i osnovni utisak je da je ovaj film neka vrsta terapije ljudima, jer se publika tokom","breadcrumb":{"@id":"https:\/\/www.visit-ulcinj.com\/blog\/2017\/02\/17\/premijera-bisera-bojane-odrzana-u-beogradu-video\/#breadcrumb"},"inLanguage":"en-US","potentialAction":[{"@type":"ReadAction","target":["https:\/\/www.visit-ulcinj.com\/blog\/2017\/02\/17\/premijera-bisera-bojane-odrzana-u-beogradu-video\/"]}]},{"@type":"BreadcrumbList","@id":"https:\/\/www.visit-ulcinj.com\/blog\/2017\/02\/17\/premijera-bisera-bojane-odrzana-u-beogradu-video\/#breadcrumb","itemListElement":[{"@type":"ListItem","position":1,"name":"Premijera &#8220;Bisera bojane&#8221; odr\u017eana u Beogradu &#8211; Video"}]},{"@type":"Person","@id":"https:\/\/www.visit-ulcinj.com\/blog\/#\/schema\/person\/dcab619c614d3038751c63bc2aadc06d","name":"ulqini","sameAs":["http:\/\/www.visit-ulcinj.com"],"url":"https:\/\/www.visit-ulcinj.com\/blog\/author\/admin\/"}]}},"jetpack_featured_media_url":"","jetpack_sharing_enabled":true,"jetpack_shortlink":"https:\/\/wp.me\/pe6lTn-qNq","_links":{"self":[{"href":"https:\/\/www.visit-ulcinj.com\/blog\/wp-json\/wp\/v2\/posts\/103008"}],"collection":[{"href":"https:\/\/www.visit-ulcinj.com\/blog\/wp-json\/wp\/v2\/posts"}],"about":[{"href":"https:\/\/www.visit-ulcinj.com\/blog\/wp-json\/wp\/v2\/types\/post"}],"author":[{"embeddable":true,"href":"https:\/\/www.visit-ulcinj.com\/blog\/wp-json\/wp\/v2\/users\/1"}],"replies":[{"embeddable":true,"href":"https:\/\/www.visit-ulcinj.com\/blog\/wp-json\/wp\/v2\/comments?post=103008"}],"version-history":[{"count":4,"href":"https:\/\/www.visit-ulcinj.com\/blog\/wp-json\/wp\/v2\/posts\/103008\/revisions"}],"predecessor-version":[{"id":103014,"href":"https:\/\/www.visit-ulcinj.com\/blog\/wp-json\/wp\/v2\/posts\/103008\/revisions\/103014"}],"wp:attachment":[{"href":"https:\/\/www.visit-ulcinj.com\/blog\/wp-json\/wp\/v2\/media?parent=103008"}],"wp:term":[{"taxonomy":"category","embeddable":true,"href":"https:\/\/www.visit-ulcinj.com\/blog\/wp-json\/wp\/v2\/categories?post=103008"},{"taxonomy":"post_tag","embeddable":true,"href":"https:\/\/www.visit-ulcinj.com\/blog\/wp-json\/wp\/v2\/tags?post=103008"}],"curies":[{"name":"wp","href":"https:\/\/api.w.org\/{rel}","templated":true}]}}