{"id":103020,"date":"2017-02-17T10:02:08","date_gmt":"2017-02-17T09:02:08","guid":{"rendered":"http:\/\/www.visit-ulcinj.com\/blog\/?p=103020"},"modified":"2017-02-17T10:02:08","modified_gmt":"2017-02-17T09:02:08","slug":"19-02-2017-sh-b-rumia-te-organizoje-dalje-neper-gjerana-dhe-pyllin-e-pishave","status":"publish","type":"post","link":"https:\/\/www.visit-ulcinj.com\/blog\/2017\/02\/17\/19-02-2017-sh-b-rumia-te-organizoje-dalje-neper-gjerana-dhe-pyllin-e-pishave\/","title":{"rendered":"Me  19.02.2017 Sh. B. &#8221;Rumia&#8221; do t\u00eb organizoje dalj\u00eb n\u00ebp\u00ebr Gj\u00ebrana dh\u00eb Pyllin \u00eb pishave"},"content":{"rendered":"<p><strong><a href=\"http:\/\/www.visit-ulcinj.com\/blog\/wp-content\/uploads\/2017\/02\/pylli-i-pishave-Ulqin.jpg\"><img loading=\"lazy\" class=\"alignleft wp-image-103021\" src=\"http:\/\/www.visit-ulcinj.com\/blog\/wp-content\/uploads\/2017\/02\/pylli-i-pishave-Ulqin.jpg\" alt=\"pylli i pishave Ulqin\" width=\"508\" height=\"332\" srcset=\"https:\/\/www.visit-ulcinj.com\/blog\/wp-content\/uploads\/2017\/02\/pylli-i-pishave-Ulqin.jpg 536w, https:\/\/www.visit-ulcinj.com\/blog\/wp-content\/uploads\/2017\/02\/pylli-i-pishave-Ulqin-300x196.jpg 300w\" sizes=\"(max-width: 508px) 100vw, 508px\" \/><\/a>K\u00ebsaj t\u00eb diele ecje af\u00ebr detit<\/strong><\/p>\n<p>M\u00eb qellim q\u00eb t\u00eb j\u00ebmi sa me af\u00ebr m\u00eb qyt\u00ebtar\u00ebt q\u00eb kan\u00eb d\u00ebshir\u00eb t\u00eb sh\u00ebtisin n\u00eb natyr\u00eb, k\u00ebsaj t\u00eb diele me dt. 19.02.2017 Sh. B. &#8221;Rumia&#8221; do t\u00eb organizoje dalj\u00eb n\u00ebp\u00ebr Gj\u00ebrana dh\u00eb Pyllin \u00eb pishave.<\/p>\n<p>Takimi p\u00ebr t\u00eb gjith\u00eb pjesm\u00ebarr\u00ebsit n\u00eb k\u00ebt\u00eb ecje \u00ebsht pas Maternitetit t\u00eb Ulqinit. Prej aty do t\u00eb vazhdojm\u00eb me ecje p\u00ebrpjete Gjeranave p\u00ebr t\u00eb dalur te pishat af\u00ebr detit. Ecja do te vazhdoje n\u00eb drejtim t\u00eb hotelit Albatros p\u00ebr t\u00eb p\u00ebrfunduar n\u00eb Ran\u00eb.<\/p>\n<div class=\"text_exposed_show\">\n<p>Nisja \u00ebsht\u00eb planifikuar per n\u00eb ora 10, nd\u00ebrsa p\u00ebrfundimi i k\u00ebsaj ecje \u00ebsht\u00eb rreth or\u00ebs 12. raporton administratori i faqes s\u00eb Facebookut <strong><span class=\"fwn fcg\"><span class=\"fwb fcg\" data-ft=\"{&quot;tn&quot;:&quot;k&quot;}\"><a id=\"js_qp\" href=\"https:\/\/www.facebook.com\/ShoqataEBjeshkatareverumia\/?hc_ref=NEWSFEED&amp;fref=nf\" data-hovercard=\"\/ajax\/hovercard\/page.php?id=135197926672115&amp;extragetparams=%7B%22hc_ref%22%3A%22NEWSFEED%22%2C%22fref%22%3A%22nf%22%7D\" data-hovercard-prefer-more-content-show=\"1\">Shoqata e bjeshkatar\u00ebve &#8220;Rumia&#8221; &#8211; Ulqin.<\/a><\/span><\/span><\/strong><\/p>\n<\/div>\n","protected":false},"excerpt":{"rendered":"<p>K\u00ebsaj t\u00eb diele ecje af\u00ebr detit M\u00eb qellim q\u00eb t\u00eb j\u00ebmi sa me af\u00ebr m\u00eb qyt\u00ebtar\u00ebt q\u00eb kan\u00eb d\u00ebshir\u00eb t\u00eb sh\u00ebtisin n\u00eb natyr\u00eb, k\u00ebsaj t\u00eb diele me dt. 19.02.2017 Sh. B. &#8221;Rumia&#8221; do t\u00eb organizoje dalj\u00eb n\u00ebp\u00ebr Gj\u00ebrana dh\u00eb Pyllin \u00eb pishave. Takimi p\u00ebr t\u00eb gjith\u00eb pjesm\u00ebarr\u00ebsit n\u00eb k\u00ebt\u00eb ecje \u00ebsht pas Maternitetit t\u00eb Ulqinit. [&hellip;]<\/p>\n","protected":false},"author":1,"featured_media":0,"comment_status":"closed","ping_status":"closed","sticky":false,"template":"","format":"standard","meta":{"spay_email":"","jetpack_publicize_message":"","jetpack_is_tweetstorm":false,"jetpack_publicize_feature_enabled":true},"categories":[6950],"tags":[],"jetpack_publicize_connections":[],"yoast_head":"<!-- This site is optimized with the Yoast SEO plugin v19.1 - https:\/\/yoast.com\/wordpress\/plugins\/seo\/ -->\n<title>Me 19.02.2017 Sh. B. &#039;&#039;Rumia&#039;&#039; do t\u00eb organizoje dalj\u00eb n\u00ebp\u00ebr Gj\u00ebrana dh\u00eb Pyllin \u00eb pishave - Lajme nga Ulqini<\/title>\n<meta name=\"description\" content=\"K\u00ebsaj t\u00eb diele ecje af\u00ebr detit M\u00eb qellim q\u00eb t\u00eb j\u00ebmi sa me af\u00ebr m\u00eb qyt\u00ebtar\u00ebt q\u00eb kan\u00eb d\u00ebshir\u00eb t\u00eb sh\u00ebtisin n\u00eb natyr\u00eb, k\u00ebsaj t\u00eb diele me dt. 19.02.2017 Sh. B.\" \/>\n<meta name=\"robots\" content=\"index, follow, max-snippet:-1, max-image-preview:large, max-video-preview:-1\" \/>\n<link rel=\"canonical\" href=\"https:\/\/www.visit-ulcinj.com\/blog\/2017\/02\/17\/19-02-2017-sh-b-rumia-te-organizoje-dalje-neper-gjerana-dhe-pyllin-e-pishave\/\" \/>\n<meta property=\"og:locale\" content=\"en_US\" \/>\n<meta property=\"og:type\" content=\"article\" \/>\n<meta property=\"og:title\" content=\"Me 19.02.2017 Sh. B. &#039;&#039;Rumia&#039;&#039; do t\u00eb organizoje dalj\u00eb n\u00ebp\u00ebr Gj\u00ebrana dh\u00eb Pyllin \u00eb pishave - Lajme nga Ulqini\" \/>\n<meta property=\"og:description\" content=\"K\u00ebsaj t\u00eb diele ecje af\u00ebr detit M\u00eb qellim q\u00eb t\u00eb j\u00ebmi sa me af\u00ebr m\u00eb qyt\u00ebtar\u00ebt q\u00eb kan\u00eb d\u00ebshir\u00eb t\u00eb sh\u00ebtisin n\u00eb natyr\u00eb, k\u00ebsaj t\u00eb diele me dt. 19.02.2017 Sh. B.\" \/>\n<meta property=\"og:url\" content=\"https:\/\/www.visit-ulcinj.com\/blog\/2017\/02\/17\/19-02-2017-sh-b-rumia-te-organizoje-dalje-neper-gjerana-dhe-pyllin-e-pishave\/\" \/>\n<meta property=\"og:site_name\" content=\"Lajme nga Ulqini\" \/>\n<meta property=\"article:published_time\" content=\"2017-02-17T09:02:08+00:00\" \/>\n<meta property=\"og:image\" content=\"http:\/\/www.visit-ulcinj.com\/blog\/wp-content\/uploads\/2017\/02\/pylli-i-pishave-Ulqin.jpg\" \/>\n<meta name=\"twitter:label1\" content=\"Written by\" \/>\n\t<meta name=\"twitter:data1\" content=\"ulqini\" \/>\n\t<meta name=\"twitter:label2\" content=\"Est. reading time\" \/>\n\t<meta name=\"twitter:data2\" content=\"1 minute\" \/>\n<script type=\"application\/ld+json\" class=\"yoast-schema-graph\">{\"@context\":\"https:\/\/schema.org\",\"@graph\":[{\"@type\":\"WebSite\",\"@id\":\"https:\/\/www.visit-ulcinj.com\/blog\/#website\",\"url\":\"https:\/\/www.visit-ulcinj.com\/blog\/\",\"name\":\"Lajme nga Ulqini\",\"description\":\"Lajme,Vijesti,Ulqini,Ulqin,Crna Gora,Mali i Zi\",\"potentialAction\":[{\"@type\":\"SearchAction\",\"target\":{\"@type\":\"EntryPoint\",\"urlTemplate\":\"https:\/\/www.visit-ulcinj.com\/blog\/?s={search_term_string}\"},\"query-input\":\"required name=search_term_string\"}],\"inLanguage\":\"en-US\"},{\"@type\":\"ImageObject\",\"inLanguage\":\"en-US\",\"@id\":\"https:\/\/www.visit-ulcinj.com\/blog\/2017\/02\/17\/19-02-2017-sh-b-rumia-te-organizoje-dalje-neper-gjerana-dhe-pyllin-e-pishave\/#primaryimage\",\"url\":\"https:\/\/www.visit-ulcinj.com\/blog\/wp-content\/uploads\/2017\/02\/pylli-i-pishave-Ulqin.jpg\",\"contentUrl\":\"https:\/\/www.visit-ulcinj.com\/blog\/wp-content\/uploads\/2017\/02\/pylli-i-pishave-Ulqin.jpg\",\"width\":536,\"height\":350},{\"@type\":\"WebPage\",\"@id\":\"https:\/\/www.visit-ulcinj.com\/blog\/2017\/02\/17\/19-02-2017-sh-b-rumia-te-organizoje-dalje-neper-gjerana-dhe-pyllin-e-pishave\/#webpage\",\"url\":\"https:\/\/www.visit-ulcinj.com\/blog\/2017\/02\/17\/19-02-2017-sh-b-rumia-te-organizoje-dalje-neper-gjerana-dhe-pyllin-e-pishave\/\",\"name\":\"Me 19.02.2017 Sh. B. ''Rumia'' do t\u00eb organizoje dalj\u00eb n\u00ebp\u00ebr Gj\u00ebrana dh\u00eb Pyllin \u00eb pishave - Lajme nga Ulqini\",\"isPartOf\":{\"@id\":\"https:\/\/www.visit-ulcinj.com\/blog\/#website\"},\"primaryImageOfPage\":{\"@id\":\"https:\/\/www.visit-ulcinj.com\/blog\/2017\/02\/17\/19-02-2017-sh-b-rumia-te-organizoje-dalje-neper-gjerana-dhe-pyllin-e-pishave\/#primaryimage\"},\"datePublished\":\"2017-02-17T09:02:08+00:00\",\"dateModified\":\"2017-02-17T09:02:08+00:00\",\"author\":{\"@id\":\"https:\/\/www.visit-ulcinj.com\/blog\/#\/schema\/person\/dcab619c614d3038751c63bc2aadc06d\"},\"description\":\"K\u00ebsaj t\u00eb diele ecje af\u00ebr detit M\u00eb qellim q\u00eb t\u00eb j\u00ebmi sa me af\u00ebr m\u00eb qyt\u00ebtar\u00ebt q\u00eb kan\u00eb d\u00ebshir\u00eb t\u00eb sh\u00ebtisin n\u00eb natyr\u00eb, k\u00ebsaj t\u00eb diele me dt. 19.02.2017 Sh. B.\",\"breadcrumb\":{\"@id\":\"https:\/\/www.visit-ulcinj.com\/blog\/2017\/02\/17\/19-02-2017-sh-b-rumia-te-organizoje-dalje-neper-gjerana-dhe-pyllin-e-pishave\/#breadcrumb\"},\"inLanguage\":\"en-US\",\"potentialAction\":[{\"@type\":\"ReadAction\",\"target\":[\"https:\/\/www.visit-ulcinj.com\/blog\/2017\/02\/17\/19-02-2017-sh-b-rumia-te-organizoje-dalje-neper-gjerana-dhe-pyllin-e-pishave\/\"]}]},{\"@type\":\"BreadcrumbList\",\"@id\":\"https:\/\/www.visit-ulcinj.com\/blog\/2017\/02\/17\/19-02-2017-sh-b-rumia-te-organizoje-dalje-neper-gjerana-dhe-pyllin-e-pishave\/#breadcrumb\",\"itemListElement\":[{\"@type\":\"ListItem\",\"position\":1,\"name\":\"Me 19.02.2017 Sh. B. &#8221;Rumia&#8221; do t\u00eb organizoje dalj\u00eb n\u00ebp\u00ebr Gj\u00ebrana dh\u00eb Pyllin \u00eb pishave\"}]},{\"@type\":\"Person\",\"@id\":\"https:\/\/www.visit-ulcinj.com\/blog\/#\/schema\/person\/dcab619c614d3038751c63bc2aadc06d\",\"name\":\"ulqini\",\"sameAs\":[\"http:\/\/www.visit-ulcinj.com\"],\"url\":\"https:\/\/www.visit-ulcinj.com\/blog\/author\/admin\/\"}]}<\/script>\n<!-- \/ Yoast SEO plugin. -->","yoast_head_json":{"title":"Me 19.02.2017 Sh. B. ''Rumia'' do t\u00eb organizoje dalj\u00eb n\u00ebp\u00ebr Gj\u00ebrana dh\u00eb Pyllin \u00eb pishave - Lajme nga Ulqini","description":"K\u00ebsaj t\u00eb diele ecje af\u00ebr detit M\u00eb qellim q\u00eb t\u00eb j\u00ebmi sa me af\u00ebr m\u00eb qyt\u00ebtar\u00ebt q\u00eb kan\u00eb d\u00ebshir\u00eb t\u00eb sh\u00ebtisin n\u00eb natyr\u00eb, k\u00ebsaj t\u00eb diele me dt. 19.02.2017 Sh. B.","robots":{"index":"index","follow":"follow","max-snippet":"max-snippet:-1","max-image-preview":"max-image-preview:large","max-video-preview":"max-video-preview:-1"},"canonical":"https:\/\/www.visit-ulcinj.com\/blog\/2017\/02\/17\/19-02-2017-sh-b-rumia-te-organizoje-dalje-neper-gjerana-dhe-pyllin-e-pishave\/","og_locale":"en_US","og_type":"article","og_title":"Me 19.02.2017 Sh. B. ''Rumia'' do t\u00eb organizoje dalj\u00eb n\u00ebp\u00ebr Gj\u00ebrana dh\u00eb Pyllin \u00eb pishave - Lajme nga Ulqini","og_description":"K\u00ebsaj t\u00eb diele ecje af\u00ebr detit M\u00eb qellim q\u00eb t\u00eb j\u00ebmi sa me af\u00ebr m\u00eb qyt\u00ebtar\u00ebt q\u00eb kan\u00eb d\u00ebshir\u00eb t\u00eb sh\u00ebtisin n\u00eb natyr\u00eb, k\u00ebsaj t\u00eb diele me dt. 19.02.2017 Sh. B.","og_url":"https:\/\/www.visit-ulcinj.com\/blog\/2017\/02\/17\/19-02-2017-sh-b-rumia-te-organizoje-dalje-neper-gjerana-dhe-pyllin-e-pishave\/","og_site_name":"Lajme nga Ulqini","article_published_time":"2017-02-17T09:02:08+00:00","og_image":[{"url":"http:\/\/www.visit-ulcinj.com\/blog\/wp-content\/uploads\/2017\/02\/pylli-i-pishave-Ulqin.jpg"}],"twitter_misc":{"Written by":"ulqini","Est. reading time":"1 minute"},"schema":{"@context":"https:\/\/schema.org","@graph":[{"@type":"WebSite","@id":"https:\/\/www.visit-ulcinj.com\/blog\/#website","url":"https:\/\/www.visit-ulcinj.com\/blog\/","name":"Lajme nga Ulqini","description":"Lajme,Vijesti,Ulqini,Ulqin,Crna Gora,Mali i Zi","potentialAction":[{"@type":"SearchAction","target":{"@type":"EntryPoint","urlTemplate":"https:\/\/www.visit-ulcinj.com\/blog\/?s={search_term_string}"},"query-input":"required name=search_term_string"}],"inLanguage":"en-US"},{"@type":"ImageObject","inLanguage":"en-US","@id":"https:\/\/www.visit-ulcinj.com\/blog\/2017\/02\/17\/19-02-2017-sh-b-rumia-te-organizoje-dalje-neper-gjerana-dhe-pyllin-e-pishave\/#primaryimage","url":"https:\/\/www.visit-ulcinj.com\/blog\/wp-content\/uploads\/2017\/02\/pylli-i-pishave-Ulqin.jpg","contentUrl":"https:\/\/www.visit-ulcinj.com\/blog\/wp-content\/uploads\/2017\/02\/pylli-i-pishave-Ulqin.jpg","width":536,"height":350},{"@type":"WebPage","@id":"https:\/\/www.visit-ulcinj.com\/blog\/2017\/02\/17\/19-02-2017-sh-b-rumia-te-organizoje-dalje-neper-gjerana-dhe-pyllin-e-pishave\/#webpage","url":"https:\/\/www.visit-ulcinj.com\/blog\/2017\/02\/17\/19-02-2017-sh-b-rumia-te-organizoje-dalje-neper-gjerana-dhe-pyllin-e-pishave\/","name":"Me 19.02.2017 Sh. B. ''Rumia'' do t\u00eb organizoje dalj\u00eb n\u00ebp\u00ebr Gj\u00ebrana dh\u00eb Pyllin \u00eb pishave - Lajme nga Ulqini","isPartOf":{"@id":"https:\/\/www.visit-ulcinj.com\/blog\/#website"},"primaryImageOfPage":{"@id":"https:\/\/www.visit-ulcinj.com\/blog\/2017\/02\/17\/19-02-2017-sh-b-rumia-te-organizoje-dalje-neper-gjerana-dhe-pyllin-e-pishave\/#primaryimage"},"datePublished":"2017-02-17T09:02:08+00:00","dateModified":"2017-02-17T09:02:08+00:00","author":{"@id":"https:\/\/www.visit-ulcinj.com\/blog\/#\/schema\/person\/dcab619c614d3038751c63bc2aadc06d"},"description":"K\u00ebsaj t\u00eb diele ecje af\u00ebr detit M\u00eb qellim q\u00eb t\u00eb j\u00ebmi sa me af\u00ebr m\u00eb qyt\u00ebtar\u00ebt q\u00eb kan\u00eb d\u00ebshir\u00eb t\u00eb sh\u00ebtisin n\u00eb natyr\u00eb, k\u00ebsaj t\u00eb diele me dt. 19.02.2017 Sh. B.","breadcrumb":{"@id":"https:\/\/www.visit-ulcinj.com\/blog\/2017\/02\/17\/19-02-2017-sh-b-rumia-te-organizoje-dalje-neper-gjerana-dhe-pyllin-e-pishave\/#breadcrumb"},"inLanguage":"en-US","potentialAction":[{"@type":"ReadAction","target":["https:\/\/www.visit-ulcinj.com\/blog\/2017\/02\/17\/19-02-2017-sh-b-rumia-te-organizoje-dalje-neper-gjerana-dhe-pyllin-e-pishave\/"]}]},{"@type":"BreadcrumbList","@id":"https:\/\/www.visit-ulcinj.com\/blog\/2017\/02\/17\/19-02-2017-sh-b-rumia-te-organizoje-dalje-neper-gjerana-dhe-pyllin-e-pishave\/#breadcrumb","itemListElement":[{"@type":"ListItem","position":1,"name":"Me 19.02.2017 Sh. B. &#8221;Rumia&#8221; do t\u00eb organizoje dalj\u00eb n\u00ebp\u00ebr Gj\u00ebrana dh\u00eb Pyllin \u00eb pishave"}]},{"@type":"Person","@id":"https:\/\/www.visit-ulcinj.com\/blog\/#\/schema\/person\/dcab619c614d3038751c63bc2aadc06d","name":"ulqini","sameAs":["http:\/\/www.visit-ulcinj.com"],"url":"https:\/\/www.visit-ulcinj.com\/blog\/author\/admin\/"}]}},"jetpack_featured_media_url":"","jetpack_sharing_enabled":true,"jetpack_shortlink":"https:\/\/wp.me\/pe6lTn-qNC","_links":{"self":[{"href":"https:\/\/www.visit-ulcinj.com\/blog\/wp-json\/wp\/v2\/posts\/103020"}],"collection":[{"href":"https:\/\/www.visit-ulcinj.com\/blog\/wp-json\/wp\/v2\/posts"}],"about":[{"href":"https:\/\/www.visit-ulcinj.com\/blog\/wp-json\/wp\/v2\/types\/post"}],"author":[{"embeddable":true,"href":"https:\/\/www.visit-ulcinj.com\/blog\/wp-json\/wp\/v2\/users\/1"}],"replies":[{"embeddable":true,"href":"https:\/\/www.visit-ulcinj.com\/blog\/wp-json\/wp\/v2\/comments?post=103020"}],"version-history":[{"count":1,"href":"https:\/\/www.visit-ulcinj.com\/blog\/wp-json\/wp\/v2\/posts\/103020\/revisions"}],"predecessor-version":[{"id":103022,"href":"https:\/\/www.visit-ulcinj.com\/blog\/wp-json\/wp\/v2\/posts\/103020\/revisions\/103022"}],"wp:attachment":[{"href":"https:\/\/www.visit-ulcinj.com\/blog\/wp-json\/wp\/v2\/media?parent=103020"}],"wp:term":[{"taxonomy":"category","embeddable":true,"href":"https:\/\/www.visit-ulcinj.com\/blog\/wp-json\/wp\/v2\/categories?post=103020"},{"taxonomy":"post_tag","embeddable":true,"href":"https:\/\/www.visit-ulcinj.com\/blog\/wp-json\/wp\/v2\/tags?post=103020"}],"curies":[{"name":"wp","href":"https:\/\/api.w.org\/{rel}","templated":true}]}}