{"id":103029,"date":"2017-02-17T10:38:12","date_gmt":"2017-02-17T09:38:12","guid":{"rendered":"http:\/\/www.visit-ulcinj.com\/blog\/?p=103029"},"modified":"2017-02-17T15:21:06","modified_gmt":"2017-02-17T14:21:06","slug":"panairi-nderkombetar-turizmit-prag-holiday-world-2017-promovohet-turizmi-ulqinit","status":"publish","type":"post","link":"https:\/\/www.visit-ulcinj.com\/blog\/2017\/02\/17\/panairi-nderkombetar-turizmit-prag-holiday-world-2017-promovohet-turizmi-ulqinit\/","title":{"rendered":"Panairi Nd\u00ebrkomb\u00ebtar i Turizmit \u201cPrag Holiday World 2017  \u201d, promovohet turizmi i Ulqinit"},"content":{"rendered":"<p><strong><a href=\"http:\/\/www.visit-ulcinj.com\/blog\/wp-content\/uploads\/2017\/02\/Prag-Holiday-World-2017-TOU-OTU-Ulcinj-Ulqin-1.jpg\"><img loading=\"lazy\" class=\"alignleft wp-image-103030\" src=\"http:\/\/www.visit-ulcinj.com\/blog\/wp-content\/uploads\/2017\/02\/Prag-Holiday-World-2017-TOU-OTU-Ulcinj-Ulqin-1.jpg\" alt=\"Prag Holiday World 2017 TOU-OTU -Ulcinj-Ulqin-1\" width=\"508\" height=\"677\" srcset=\"https:\/\/www.visit-ulcinj.com\/blog\/wp-content\/uploads\/2017\/02\/Prag-Holiday-World-2017-TOU-OTU-Ulcinj-Ulqin-1.jpg 464w, https:\/\/www.visit-ulcinj.com\/blog\/wp-content\/uploads\/2017\/02\/Prag-Holiday-World-2017-TOU-OTU-Ulcinj-Ulqin-1-225x300.jpg 225w\" sizes=\"(max-width: 508px) 100vw, 508px\" \/><\/a>Panairi nd\u00ebrkomb\u00ebtar i turizmit n\u00eb Prag Holiday World 2017 <\/strong><strong>\u00a0(16-19.02.2017)<\/strong><\/p>\n<p>Panairi nd\u00ebrkomb\u00ebtar i turizmit n\u00eb Prag \u00ebsht\u00eb nj\u00eb manifestim tradicional n\u00eb t\u00eb cil\u00ebn Organizata Turistike e Ulqinit prezanton ofert\u00ebn e vet p\u00ebr tregun e \u00c7ekis\u00eb, prej t\u00eb cilit kemi nj\u00eb num\u00ebr t\u00eb konsideruesh\u00ebm t\u00eb turist\u00ebve. Bashk\u00ebpunimi i mir\u00eb me organizatat tjera lokale ka rezultuar me pjes\u00ebmarrjen e p\u00ebrbashk\u00ebt ne k\u00ebt\u00eb panair ku Organizata e Ulqinit po merr pjes\u00eb me OT t\u00eb Budv\u00ebs, Tivarit, Tivatit, Herceg Novit, Podgoric\u00ebs \u00a0dhe Kotorrit.<\/p>\n<p><a href=\"http:\/\/www.visit-ulcinj.com\/blog\/wp-content\/uploads\/2017\/02\/Prag-Holiday-World-2017-TOU-OTU-Ulcinj-Ulqin-2.jpg\"><img loading=\"lazy\" class=\"alignleft wp-image-103045\" src=\"http:\/\/www.visit-ulcinj.com\/blog\/wp-content\/uploads\/2017\/02\/Prag-Holiday-World-2017-TOU-OTU-Ulcinj-Ulqin-2.jpg\" alt=\"Prag-Holiday-World-2017-TOU-OTU-Ulcinj-Ulqin-2\" width=\"508\" height=\"286\" srcset=\"https:\/\/www.visit-ulcinj.com\/blog\/wp-content\/uploads\/2017\/02\/Prag-Holiday-World-2017-TOU-OTU-Ulcinj-Ulqin-2.jpg 960w, https:\/\/www.visit-ulcinj.com\/blog\/wp-content\/uploads\/2017\/02\/Prag-Holiday-World-2017-TOU-OTU-Ulcinj-Ulqin-2-300x169.jpg 300w, https:\/\/www.visit-ulcinj.com\/blog\/wp-content\/uploads\/2017\/02\/Prag-Holiday-World-2017-TOU-OTU-Ulcinj-Ulqin-2-768x432.jpg 768w\" sizes=\"(max-width: 508px) 100vw, 508px\" \/><\/a><\/p>\n<p>Dit\u00ebn e par\u00eb t\u00eb panairit jan\u00eb mbajtur takime me p\u00ebrfaq\u00ebsuesit e agjensioneve turistike dhe turoperater\u00ebve me t\u00eb cil\u00ebt do t\u00eb vazhdohet bashk\u00ebpunimi. Vizitor\u00ebve t\u00eb stend\u00ebs son\u00eb \u00ebsht\u00eb ofruar material i ndrysh\u00ebm promovues n\u00eb gjuh\u00ebn angleze dhe \u00e7ehe q\u00eb jan\u00eb informuar si p\u00ebr ofert\u00ebn turistike t\u00eb Ulqinit por edhe t\u00eb Malit t\u00eb Zi n\u00eb t\u00ebr\u00ebsi p\u00ebr vitin 2017. Interesimin m\u00eb t\u00eb madh e kan\u00eb patur p\u00ebr akomodimin privat por edhe t\u00eb hoteleve n\u00eb vendet bregdetare, por edhe p\u00ebr \u00e7mimet e sezonit veror p\u00ebr k\u00ebt\u00eb vit. Prej afarist\u00ebve n\u00eb panairin e Pragut jan\u00eb prezent Riviera e Ulqinit, .<\/p>\n<p>Dit\u00ebn e dyt\u00eb t\u00eb panairit me 17 shkurt \u00ebsht\u00eb e planifikuar press konferenca ku do t\u00eb marrin pjes\u00eb rreth 15 gazetar\u00eb t\u00eb ndrysh\u00ebm si\u00e7 jan\u00eb: Travel Trade Gazette, World Trend, Spigl, New Europe, The Economist, Gastro Report, Travel Proxy, Dorian Press, Urfart, Will Shows, CTP etj. Drejtori i OTU Mr Fuad Haxhibeti do t\u00eb ket\u00eb disa minuta n\u00eb dispozicion p\u00ebr t\u00eb prezantuar ofert\u00ebn turistike t\u00eb Ulqinit gazetar\u00ebve.<\/p>\n<p><a href=\"http:\/\/www.visit-ulcinj.com\/blog\/wp-content\/uploads\/2017\/02\/Prag-Holiday-World-2017-TOU-OTU-Ulcinj-Ulqin-3.jpg\"><img loading=\"lazy\" class=\"alignleft wp-image-103056\" src=\"http:\/\/www.visit-ulcinj.com\/blog\/wp-content\/uploads\/2017\/02\/Prag-Holiday-World-2017-TOU-OTU-Ulcinj-Ulqin-3.jpg\" alt=\"Prag-Holiday-World-2017-TOU-OTU-Ulcinj-Ulqin-3\" width=\"508\" height=\"305\" srcset=\"https:\/\/www.visit-ulcinj.com\/blog\/wp-content\/uploads\/2017\/02\/Prag-Holiday-World-2017-TOU-OTU-Ulcinj-Ulqin-3.jpg 1030w, https:\/\/www.visit-ulcinj.com\/blog\/wp-content\/uploads\/2017\/02\/Prag-Holiday-World-2017-TOU-OTU-Ulcinj-Ulqin-3-300x180.jpg 300w, https:\/\/www.visit-ulcinj.com\/blog\/wp-content\/uploads\/2017\/02\/Prag-Holiday-World-2017-TOU-OTU-Ulcinj-Ulqin-3-768x461.jpg 768w, https:\/\/www.visit-ulcinj.com\/blog\/wp-content\/uploads\/2017\/02\/Prag-Holiday-World-2017-TOU-OTU-Ulcinj-Ulqin-3-1024x614.jpg 1024w\" sizes=\"(max-width: 508px) 100vw, 508px\" \/><\/a><\/p>\n<p>N\u00eb panairin e 26 nd\u00ebrkomb\u00ebtar q\u00eb mbahet n\u00eb Prag marrin pjes\u00eb rreth 70 vende t\u00eb ndryshme me 800 ekspozues, dhe deri n\u00eb fund t\u00eb panairit priten rreth 35.000 vizitor.<\/p>\n<p>Sh\u00ebrbimi i OT Ulqin<\/p>\n<p><a href=\"http:\/\/www.visit-ulcinj.com\/blog\/wp-content\/uploads\/2017\/02\/Prag-Holiday-World-2017-TOU-OTU-Ulcinj-Ulqin.jpg\"><img loading=\"lazy\" class=\"alignleft wp-image-103031\" src=\"http:\/\/www.visit-ulcinj.com\/blog\/wp-content\/uploads\/2017\/02\/Prag-Holiday-World-2017-TOU-OTU-Ulcinj-Ulqin.jpg\" alt=\"Prag Holiday World 2017 TOU-OTU -Ulcinj-Ulqin\" width=\"508\" height=\"677\" srcset=\"https:\/\/www.visit-ulcinj.com\/blog\/wp-content\/uploads\/2017\/02\/Prag-Holiday-World-2017-TOU-OTU-Ulcinj-Ulqin.jpg 464w, https:\/\/www.visit-ulcinj.com\/blog\/wp-content\/uploads\/2017\/02\/Prag-Holiday-World-2017-TOU-OTU-Ulcinj-Ulqin-225x300.jpg 225w\" sizes=\"(max-width: 508px) 100vw, 508px\" \/><\/a><\/p>\n","protected":false},"excerpt":{"rendered":"<p>Panairi nd\u00ebrkomb\u00ebtar i turizmit n\u00eb Prag Holiday World 2017 \u00a0(16-19.02.2017) Panairi nd\u00ebrkomb\u00ebtar i turizmit n\u00eb Prag \u00ebsht\u00eb nj\u00eb manifestim tradicional n\u00eb t\u00eb cil\u00ebn Organizata Turistike e Ulqinit prezanton ofert\u00ebn e vet p\u00ebr tregun e \u00c7ekis\u00eb, prej t\u00eb cilit kemi nj\u00eb num\u00ebr t\u00eb konsideruesh\u00ebm t\u00eb turist\u00ebve. Bashk\u00ebpunimi i mir\u00eb me organizatat tjera lokale ka rezultuar me [&hellip;]<\/p>\n","protected":false},"author":1,"featured_media":0,"comment_status":"closed","ping_status":"closed","sticky":false,"template":"","format":"standard","meta":{"spay_email":"","jetpack_publicize_message":"","jetpack_is_tweetstorm":false,"jetpack_publicize_feature_enabled":true},"categories":[15],"tags":[],"jetpack_publicize_connections":[],"yoast_head":"<!-- This site is optimized with the Yoast SEO plugin v19.1 - https:\/\/yoast.com\/wordpress\/plugins\/seo\/ -->\n<title>Panairi Nd\u00ebrkomb\u00ebtar i Turizmit \u201cPrag Holiday World 2017 \u201d, promovohet turizmi i Ulqinit - Lajme nga Ulqini<\/title>\n<meta name=\"description\" content=\"Panairi nd\u00ebrkomb\u00ebtar i turizmit n\u00eb Prag Holiday World 2017 \u00a0(16-19.02.2017) Panairi nd\u00ebrkomb\u00ebtar i turizmit n\u00eb Prag \u00ebsht\u00eb nj\u00eb manifestim tradicional n\u00eb t\u00eb\" \/>\n<meta name=\"robots\" content=\"index, follow, max-snippet:-1, max-image-preview:large, max-video-preview:-1\" \/>\n<link rel=\"canonical\" href=\"https:\/\/www.visit-ulcinj.com\/blog\/2017\/02\/17\/panairi-nderkombetar-turizmit-prag-holiday-world-2017-promovohet-turizmi-ulqinit\/\" \/>\n<meta property=\"og:locale\" content=\"en_US\" \/>\n<meta property=\"og:type\" content=\"article\" \/>\n<meta property=\"og:title\" content=\"Panairi Nd\u00ebrkomb\u00ebtar i Turizmit \u201cPrag Holiday World 2017 \u201d, promovohet turizmi i Ulqinit - Lajme nga Ulqini\" \/>\n<meta property=\"og:description\" content=\"Panairi nd\u00ebrkomb\u00ebtar i turizmit n\u00eb Prag Holiday World 2017 \u00a0(16-19.02.2017) Panairi nd\u00ebrkomb\u00ebtar i turizmit n\u00eb Prag \u00ebsht\u00eb nj\u00eb manifestim tradicional n\u00eb t\u00eb\" \/>\n<meta property=\"og:url\" content=\"https:\/\/www.visit-ulcinj.com\/blog\/2017\/02\/17\/panairi-nderkombetar-turizmit-prag-holiday-world-2017-promovohet-turizmi-ulqinit\/\" \/>\n<meta property=\"og:site_name\" content=\"Lajme nga Ulqini\" \/>\n<meta property=\"article:published_time\" content=\"2017-02-17T09:38:12+00:00\" \/>\n<meta property=\"article:modified_time\" content=\"2017-02-17T14:21:06+00:00\" \/>\n<meta property=\"og:image\" content=\"http:\/\/www.visit-ulcinj.com\/blog\/wp-content\/uploads\/2017\/02\/Prag-Holiday-World-2017-TOU-OTU-Ulcinj-Ulqin-1.jpg\" \/>\n<meta name=\"twitter:label1\" content=\"Written by\" \/>\n\t<meta name=\"twitter:data1\" content=\"ulqini\" \/>\n\t<meta name=\"twitter:label2\" content=\"Est. reading time\" \/>\n\t<meta name=\"twitter:data2\" content=\"2 minutes\" \/>\n<script type=\"application\/ld+json\" class=\"yoast-schema-graph\">{\"@context\":\"https:\/\/schema.org\",\"@graph\":[{\"@type\":\"WebSite\",\"@id\":\"https:\/\/www.visit-ulcinj.com\/blog\/#website\",\"url\":\"https:\/\/www.visit-ulcinj.com\/blog\/\",\"name\":\"Lajme nga Ulqini\",\"description\":\"Lajme,Vijesti,Ulqini,Ulqin,Crna Gora,Mali i Zi\",\"potentialAction\":[{\"@type\":\"SearchAction\",\"target\":{\"@type\":\"EntryPoint\",\"urlTemplate\":\"https:\/\/www.visit-ulcinj.com\/blog\/?s={search_term_string}\"},\"query-input\":\"required name=search_term_string\"}],\"inLanguage\":\"en-US\"},{\"@type\":\"ImageObject\",\"inLanguage\":\"en-US\",\"@id\":\"https:\/\/www.visit-ulcinj.com\/blog\/2017\/02\/17\/panairi-nderkombetar-turizmit-prag-holiday-world-2017-promovohet-turizmi-ulqinit\/#primaryimage\",\"url\":\"https:\/\/www.visit-ulcinj.com\/blog\/wp-content\/uploads\/2017\/02\/Prag-Holiday-World-2017-TOU-OTU-Ulcinj-Ulqin-1.jpg\",\"contentUrl\":\"https:\/\/www.visit-ulcinj.com\/blog\/wp-content\/uploads\/2017\/02\/Prag-Holiday-World-2017-TOU-OTU-Ulcinj-Ulqin-1.jpg\",\"width\":464,\"height\":618},{\"@type\":\"WebPage\",\"@id\":\"https:\/\/www.visit-ulcinj.com\/blog\/2017\/02\/17\/panairi-nderkombetar-turizmit-prag-holiday-world-2017-promovohet-turizmi-ulqinit\/#webpage\",\"url\":\"https:\/\/www.visit-ulcinj.com\/blog\/2017\/02\/17\/panairi-nderkombetar-turizmit-prag-holiday-world-2017-promovohet-turizmi-ulqinit\/\",\"name\":\"Panairi Nd\u00ebrkomb\u00ebtar i Turizmit \u201cPrag Holiday World 2017 \u201d, promovohet turizmi i Ulqinit - Lajme nga Ulqini\",\"isPartOf\":{\"@id\":\"https:\/\/www.visit-ulcinj.com\/blog\/#website\"},\"primaryImageOfPage\":{\"@id\":\"https:\/\/www.visit-ulcinj.com\/blog\/2017\/02\/17\/panairi-nderkombetar-turizmit-prag-holiday-world-2017-promovohet-turizmi-ulqinit\/#primaryimage\"},\"datePublished\":\"2017-02-17T09:38:12+00:00\",\"dateModified\":\"2017-02-17T14:21:06+00:00\",\"author\":{\"@id\":\"https:\/\/www.visit-ulcinj.com\/blog\/#\/schema\/person\/dcab619c614d3038751c63bc2aadc06d\"},\"description\":\"Panairi nd\u00ebrkomb\u00ebtar i turizmit n\u00eb Prag Holiday World 2017 \u00a0(16-19.02.2017) Panairi nd\u00ebrkomb\u00ebtar i turizmit n\u00eb Prag \u00ebsht\u00eb nj\u00eb manifestim tradicional n\u00eb t\u00eb\",\"breadcrumb\":{\"@id\":\"https:\/\/www.visit-ulcinj.com\/blog\/2017\/02\/17\/panairi-nderkombetar-turizmit-prag-holiday-world-2017-promovohet-turizmi-ulqinit\/#breadcrumb\"},\"inLanguage\":\"en-US\",\"potentialAction\":[{\"@type\":\"ReadAction\",\"target\":[\"https:\/\/www.visit-ulcinj.com\/blog\/2017\/02\/17\/panairi-nderkombetar-turizmit-prag-holiday-world-2017-promovohet-turizmi-ulqinit\/\"]}]},{\"@type\":\"BreadcrumbList\",\"@id\":\"https:\/\/www.visit-ulcinj.com\/blog\/2017\/02\/17\/panairi-nderkombetar-turizmit-prag-holiday-world-2017-promovohet-turizmi-ulqinit\/#breadcrumb\",\"itemListElement\":[{\"@type\":\"ListItem\",\"position\":1,\"name\":\"Panairi Nd\u00ebrkomb\u00ebtar i Turizmit \u201cPrag Holiday World 2017 \u201d, promovohet turizmi i Ulqinit\"}]},{\"@type\":\"Person\",\"@id\":\"https:\/\/www.visit-ulcinj.com\/blog\/#\/schema\/person\/dcab619c614d3038751c63bc2aadc06d\",\"name\":\"ulqini\",\"sameAs\":[\"http:\/\/www.visit-ulcinj.com\"],\"url\":\"https:\/\/www.visit-ulcinj.com\/blog\/author\/admin\/\"}]}<\/script>\n<!-- \/ Yoast SEO plugin. -->","yoast_head_json":{"title":"Panairi Nd\u00ebrkomb\u00ebtar i Turizmit \u201cPrag Holiday World 2017 \u201d, promovohet turizmi i Ulqinit - Lajme nga Ulqini","description":"Panairi nd\u00ebrkomb\u00ebtar i turizmit n\u00eb Prag Holiday World 2017 \u00a0(16-19.02.2017) Panairi nd\u00ebrkomb\u00ebtar i turizmit n\u00eb Prag \u00ebsht\u00eb nj\u00eb manifestim tradicional n\u00eb t\u00eb","robots":{"index":"index","follow":"follow","max-snippet":"max-snippet:-1","max-image-preview":"max-image-preview:large","max-video-preview":"max-video-preview:-1"},"canonical":"https:\/\/www.visit-ulcinj.com\/blog\/2017\/02\/17\/panairi-nderkombetar-turizmit-prag-holiday-world-2017-promovohet-turizmi-ulqinit\/","og_locale":"en_US","og_type":"article","og_title":"Panairi Nd\u00ebrkomb\u00ebtar i Turizmit \u201cPrag Holiday World 2017 \u201d, promovohet turizmi i Ulqinit - Lajme nga Ulqini","og_description":"Panairi nd\u00ebrkomb\u00ebtar i turizmit n\u00eb Prag Holiday World 2017 \u00a0(16-19.02.2017) Panairi nd\u00ebrkomb\u00ebtar i turizmit n\u00eb Prag \u00ebsht\u00eb nj\u00eb manifestim tradicional n\u00eb t\u00eb","og_url":"https:\/\/www.visit-ulcinj.com\/blog\/2017\/02\/17\/panairi-nderkombetar-turizmit-prag-holiday-world-2017-promovohet-turizmi-ulqinit\/","og_site_name":"Lajme nga Ulqini","article_published_time":"2017-02-17T09:38:12+00:00","article_modified_time":"2017-02-17T14:21:06+00:00","og_image":[{"url":"http:\/\/www.visit-ulcinj.com\/blog\/wp-content\/uploads\/2017\/02\/Prag-Holiday-World-2017-TOU-OTU-Ulcinj-Ulqin-1.jpg"}],"twitter_misc":{"Written by":"ulqini","Est. reading time":"2 minutes"},"schema":{"@context":"https:\/\/schema.org","@graph":[{"@type":"WebSite","@id":"https:\/\/www.visit-ulcinj.com\/blog\/#website","url":"https:\/\/www.visit-ulcinj.com\/blog\/","name":"Lajme nga Ulqini","description":"Lajme,Vijesti,Ulqini,Ulqin,Crna Gora,Mali i Zi","potentialAction":[{"@type":"SearchAction","target":{"@type":"EntryPoint","urlTemplate":"https:\/\/www.visit-ulcinj.com\/blog\/?s={search_term_string}"},"query-input":"required name=search_term_string"}],"inLanguage":"en-US"},{"@type":"ImageObject","inLanguage":"en-US","@id":"https:\/\/www.visit-ulcinj.com\/blog\/2017\/02\/17\/panairi-nderkombetar-turizmit-prag-holiday-world-2017-promovohet-turizmi-ulqinit\/#primaryimage","url":"https:\/\/www.visit-ulcinj.com\/blog\/wp-content\/uploads\/2017\/02\/Prag-Holiday-World-2017-TOU-OTU-Ulcinj-Ulqin-1.jpg","contentUrl":"https:\/\/www.visit-ulcinj.com\/blog\/wp-content\/uploads\/2017\/02\/Prag-Holiday-World-2017-TOU-OTU-Ulcinj-Ulqin-1.jpg","width":464,"height":618},{"@type":"WebPage","@id":"https:\/\/www.visit-ulcinj.com\/blog\/2017\/02\/17\/panairi-nderkombetar-turizmit-prag-holiday-world-2017-promovohet-turizmi-ulqinit\/#webpage","url":"https:\/\/www.visit-ulcinj.com\/blog\/2017\/02\/17\/panairi-nderkombetar-turizmit-prag-holiday-world-2017-promovohet-turizmi-ulqinit\/","name":"Panairi Nd\u00ebrkomb\u00ebtar i Turizmit \u201cPrag Holiday World 2017 \u201d, promovohet turizmi i Ulqinit - Lajme nga Ulqini","isPartOf":{"@id":"https:\/\/www.visit-ulcinj.com\/blog\/#website"},"primaryImageOfPage":{"@id":"https:\/\/www.visit-ulcinj.com\/blog\/2017\/02\/17\/panairi-nderkombetar-turizmit-prag-holiday-world-2017-promovohet-turizmi-ulqinit\/#primaryimage"},"datePublished":"2017-02-17T09:38:12+00:00","dateModified":"2017-02-17T14:21:06+00:00","author":{"@id":"https:\/\/www.visit-ulcinj.com\/blog\/#\/schema\/person\/dcab619c614d3038751c63bc2aadc06d"},"description":"Panairi nd\u00ebrkomb\u00ebtar i turizmit n\u00eb Prag Holiday World 2017 \u00a0(16-19.02.2017) Panairi nd\u00ebrkomb\u00ebtar i turizmit n\u00eb Prag \u00ebsht\u00eb nj\u00eb manifestim tradicional n\u00eb t\u00eb","breadcrumb":{"@id":"https:\/\/www.visit-ulcinj.com\/blog\/2017\/02\/17\/panairi-nderkombetar-turizmit-prag-holiday-world-2017-promovohet-turizmi-ulqinit\/#breadcrumb"},"inLanguage":"en-US","potentialAction":[{"@type":"ReadAction","target":["https:\/\/www.visit-ulcinj.com\/blog\/2017\/02\/17\/panairi-nderkombetar-turizmit-prag-holiday-world-2017-promovohet-turizmi-ulqinit\/"]}]},{"@type":"BreadcrumbList","@id":"https:\/\/www.visit-ulcinj.com\/blog\/2017\/02\/17\/panairi-nderkombetar-turizmit-prag-holiday-world-2017-promovohet-turizmi-ulqinit\/#breadcrumb","itemListElement":[{"@type":"ListItem","position":1,"name":"Panairi Nd\u00ebrkomb\u00ebtar i Turizmit \u201cPrag Holiday World 2017 \u201d, promovohet turizmi i Ulqinit"}]},{"@type":"Person","@id":"https:\/\/www.visit-ulcinj.com\/blog\/#\/schema\/person\/dcab619c614d3038751c63bc2aadc06d","name":"ulqini","sameAs":["http:\/\/www.visit-ulcinj.com"],"url":"https:\/\/www.visit-ulcinj.com\/blog\/author\/admin\/"}]}},"jetpack_featured_media_url":"","jetpack_sharing_enabled":true,"jetpack_shortlink":"https:\/\/wp.me\/pe6lTn-qNL","_links":{"self":[{"href":"https:\/\/www.visit-ulcinj.com\/blog\/wp-json\/wp\/v2\/posts\/103029"}],"collection":[{"href":"https:\/\/www.visit-ulcinj.com\/blog\/wp-json\/wp\/v2\/posts"}],"about":[{"href":"https:\/\/www.visit-ulcinj.com\/blog\/wp-json\/wp\/v2\/types\/post"}],"author":[{"embeddable":true,"href":"https:\/\/www.visit-ulcinj.com\/blog\/wp-json\/wp\/v2\/users\/1"}],"replies":[{"embeddable":true,"href":"https:\/\/www.visit-ulcinj.com\/blog\/wp-json\/wp\/v2\/comments?post=103029"}],"version-history":[{"count":3,"href":"https:\/\/www.visit-ulcinj.com\/blog\/wp-json\/wp\/v2\/posts\/103029\/revisions"}],"predecessor-version":[{"id":103058,"href":"https:\/\/www.visit-ulcinj.com\/blog\/wp-json\/wp\/v2\/posts\/103029\/revisions\/103058"}],"wp:attachment":[{"href":"https:\/\/www.visit-ulcinj.com\/blog\/wp-json\/wp\/v2\/media?parent=103029"}],"wp:term":[{"taxonomy":"category","embeddable":true,"href":"https:\/\/www.visit-ulcinj.com\/blog\/wp-json\/wp\/v2\/categories?post=103029"},{"taxonomy":"post_tag","embeddable":true,"href":"https:\/\/www.visit-ulcinj.com\/blog\/wp-json\/wp\/v2\/tags?post=103029"}],"curies":[{"name":"wp","href":"https:\/\/api.w.org\/{rel}","templated":true}]}}