{"id":103036,"date":"2017-02-17T10:59:18","date_gmt":"2017-02-17T09:59:18","guid":{"rendered":"http:\/\/www.visit-ulcinj.com\/blog\/?p=103036"},"modified":"2017-02-17T10:59:48","modified_gmt":"2017-02-17T09:59:48","slug":"nika-mua-sma-ndien-per-tv-teute-te-forces-per-tv-vjesti-te-ures-dhe-per-informim-puplik-rrofshin-portalet","status":"publish","type":"post","link":"https:\/\/www.visit-ulcinj.com\/blog\/2017\/02\/17\/nika-mua-sma-ndien-per-tv-teute-te-forces-per-tv-vjesti-te-ures-dhe-per-informim-puplik-rrofshin-portalet\/","title":{"rendered":"Nika: Mua s\u2019ma ndien as p\u00ebr Tv-Teut\u00eb t\u00eb Forc\u00ebs as p\u00ebr Tv Vjesti t\u00eb Ur\u00ebs dhe as p\u00ebr informim puplik-rrofshin portalet?!"},"content":{"rendered":"<p><strong><em><a href=\"http:\/\/www.visit-ulcinj.com\/blog\/wp-content\/uploads\/2017\/02\/PORTALET-NE-ULQIN.jpg\"><img loading=\"lazy\" class=\"alignleft wp-image-103037\" src=\"http:\/\/www.visit-ulcinj.com\/blog\/wp-content\/uploads\/2017\/02\/PORTALET-NE-ULQIN.jpg\" alt=\"PORTALET NE ULQIN\" width=\"508\" height=\"252\" srcset=\"https:\/\/www.visit-ulcinj.com\/blog\/wp-content\/uploads\/2017\/02\/PORTALET-NE-ULQIN.jpg 703w, https:\/\/www.visit-ulcinj.com\/blog\/wp-content\/uploads\/2017\/02\/PORTALET-NE-ULQIN-300x149.jpg 300w\" sizes=\"(max-width: 508px) 100vw, 508px\" \/><\/a>Shkruan Muhamet Nika<\/em><\/strong><\/p>\n<p><strong><em>Shyqyr q\u00eb zbulimi i internetit na e hoqi terrin informativ dhe shyqyr q\u00eb nuk kemi qeveri t\u00eb cilat i bllokojn\u00eb faqet sociale- t\u00eb tjerat kollaj.<\/em><\/strong><br \/>\nN\u00eb lidhje me komentin p\u00ebr informim , t\u00eb UR\u00cbS \u00a0n\u00eb Ulqin q\u00eb qahet \u00a0se : \u201cSi media b\u00ebhet buletin njoftimi i nj\u00eb partie\u201d, duke ia hedhur \u00a0me k\u00ebt\u00eb \u00a0rast fajin TV Teut\u00ebs ,\u00a0 dhe \u00a0ku \u00a0\u00e7do gj\u00eb \u00a0\u00ebsht\u00eb e sakt\u00eb ..,por duhet th\u00ebn\u00eb\u00a0 p\u00ebr sqarim edhe kjo:<\/p>\n<ul>\n<li>A mos \u00ebsht\u00eb vet\u00eb p\u00ebrfaq\u00ebsuesi i Ur\u00ebs, p\u00ebr Ulqin Dritan Abazi , nj\u00eb prodhim i k\u00ebtij televizioni nga koha kur ky\u00a0 ishte z\u00ebdh\u00ebn\u00ebs i Forc\u00ebs dhe \u00a0si pionier \u00a0i informimit n\u00eb TV Teut\u00eb.<\/li>\n<li>TV Teuta edhe at\u00ebher\u00eb ashtu si sot ishte po ashtu n\u00ebn kontrollin e Forc\u00ebs- bile n\u00eb at\u00eb koh\u00eb p\u00ebrve\u00e7 tendenc\u00ebs informative\u00a0 dhe territ informativ e t\u00eb bunkerizuar i shtohej edhe mungesa profesionale n\u00eb informim \u00a0,q\u00eb p\u00ebr momentin nuk mund t\u00eb themi se mungon.<\/li>\n<li>A mos pret ndoshta Ura q\u00eb prap\u00eb si dikur t\u2019i vihen k\u00ebta t\u00eb TV \u2013Teut\u00ebs me kamera nga pas deri para VC-je&#8230;?! Pun\u00eb t\u00eb cil\u00ebn sot po ia kryen televizioni Vjesti , q\u00eb del e hyn\u00eb n\u00eb te si n\u00eb sht\u00ebpi t\u00eb vet .<\/li>\n<\/ul>\n<p>&nbsp;<\/p>\n<p>&nbsp;<\/p>\n<ul>\n<li>Po \u00e7far\u00eb kemi t\u00eb themi, p\u00ebr konstatimin e kryeministrit Gjukanoviq gjat\u00eb duelit verbal n\u00eb parlament me\u00a0 Dritanin t\u00eb cilin e cil\u00ebsoi si \u00a0prodhim i mafis\u00eb mediatike n\u00eb Mal t\u00eb Zi?!! E si do t\u00eb m\u00eb bindni n\u00eb t\u00eb kund\u00ebrt\u00ebn?!<\/li>\n<\/ul>\n<p>Dhe p\u00ebr fund si grup parlamentar q\u00eb ka 2 k\u00ebshilltar\u00eb n\u00eb kuvendin komunal, p\u00ebr se nuk mundohet t\u00eb zgjidh\u00eb problemin, duke i ndaluar financimin e pakontrolluar q\u00eb b\u00ebn\u00eb buxheti publik (xhepi i qytetar\u00ebve) TV -Teut\u00ebs , n\u00eb em\u00ebr t\u00eb sh\u00ebrbimeve informative dhe transmetimit t\u00eb seancave t\u00eb kuvendit ?!<\/p>\n<p>Duke mos dashur ta zgjas \u00a0po p\u00ebrfundoj me at\u00eb se edhe kur qahen k\u00ebshilltar\u00ebt se Teuta nuk ka sinjal t\u00eb mir\u00eb transmetimi dhe nuk d\u00ebgjohet(sepse vet\u00eb e prishin me direktiv\u00eb..) kryetari i kuvendit haptas deklaron.\u201d Ndasht\u00eb k\u00ebshtu duhet sepse ju sdini\u00a0 \u00e7ka flitni p\u00ebr \u00a0shum\u00eb \u00e7ka \u00a0e kjo nuk b\u00ebn\u00eb t\u00eb digjohet nga qytetar\u00ebt sepse \u00ebsht\u00eb m\u00eb mir\u00eb..\u201d ???!!!!!<\/p>\n<p>Mos harroni\u00a0 deri sa isha kryetar kuvendi nxor\u00ebm nj\u00eb vendim kuvendi , p\u00ebr formimin e TV Ulqinit. Po pse pengohet projekti i till\u00eb, kur Gjeka \u201c bani hall edhe do kamera&#8230;\u201d?!<\/p>\n<p>Nuk e di &#8230;ve\u00e7 po them \u00a0at\u00eb q\u00eb edhe ju e keni d\u00ebgjuar n\u00eb nj\u00eb film humoristik shqiptar : O\u00a0 n\u00ebne o n\u00ebne , k\u00ebtyre\u00a0 gjith\u00eb <strong><em>di\u00e7 u b\u00ebhet , po \u00e7far\u00eb u b\u00ebhet s\u2019 m\u00eb kujtohet&#8230;?!\u00a0 O sa inat m\u00eb vjen&#8230;, o sa inat m\u00eb vjen?!!<\/em><\/strong><\/p>\n","protected":false},"excerpt":{"rendered":"<p>Shkruan Muhamet Nika Shyqyr q\u00eb zbulimi i internetit na e hoqi terrin informativ dhe shyqyr q\u00eb nuk kemi qeveri t\u00eb cilat i bllokojn\u00eb faqet sociale- t\u00eb tjerat kollaj. N\u00eb lidhje me komentin p\u00ebr informim , t\u00eb UR\u00cbS \u00a0n\u00eb Ulqin q\u00eb qahet \u00a0se : \u201cSi media b\u00ebhet buletin njoftimi i nj\u00eb partie\u201d, duke ia hedhur \u00a0me [&hellip;]<\/p>\n","protected":false},"author":1,"featured_media":0,"comment_status":"closed","ping_status":"closed","sticky":false,"template":"","format":"standard","meta":{"spay_email":"","jetpack_publicize_message":"","jetpack_is_tweetstorm":false,"jetpack_publicize_feature_enabled":true},"categories":[14249],"tags":[],"jetpack_publicize_connections":[],"yoast_head":"<!-- This site is optimized with the Yoast SEO plugin v19.1 - https:\/\/yoast.com\/wordpress\/plugins\/seo\/ -->\n<title>Nika: Mua s\u2019ma ndien as p\u00ebr Tv-Teut\u00eb t\u00eb Forc\u00ebs as p\u00ebr Tv Vjesti t\u00eb Ur\u00ebs dhe as p\u00ebr informim puplik-rrofshin portalet?! - Lajme nga Ulqini<\/title>\n<meta name=\"description\" content=\"Shkruan Muhamet Nika Shyqyr q\u00eb zbulimi i internetit na e hoqi terrin informativ dhe shyqyr q\u00eb nuk kemi qeveri t\u00eb cilat i bllokojn\u00eb faqet sociale- t\u00eb\" \/>\n<meta name=\"robots\" content=\"index, follow, max-snippet:-1, max-image-preview:large, max-video-preview:-1\" \/>\n<link rel=\"canonical\" href=\"https:\/\/www.visit-ulcinj.com\/blog\/2017\/02\/17\/nika-mua-sma-ndien-per-tv-teute-te-forces-per-tv-vjesti-te-ures-dhe-per-informim-puplik-rrofshin-portalet\/\" \/>\n<meta property=\"og:locale\" content=\"en_US\" \/>\n<meta property=\"og:type\" content=\"article\" \/>\n<meta property=\"og:title\" content=\"Nika: Mua s\u2019ma ndien as p\u00ebr Tv-Teut\u00eb t\u00eb Forc\u00ebs as p\u00ebr Tv Vjesti t\u00eb Ur\u00ebs dhe as p\u00ebr informim puplik-rrofshin portalet?! - Lajme nga Ulqini\" \/>\n<meta property=\"og:description\" content=\"Shkruan Muhamet Nika Shyqyr q\u00eb zbulimi i internetit na e hoqi terrin informativ dhe shyqyr q\u00eb nuk kemi qeveri t\u00eb cilat i bllokojn\u00eb faqet sociale- t\u00eb\" \/>\n<meta property=\"og:url\" content=\"https:\/\/www.visit-ulcinj.com\/blog\/2017\/02\/17\/nika-mua-sma-ndien-per-tv-teute-te-forces-per-tv-vjesti-te-ures-dhe-per-informim-puplik-rrofshin-portalet\/\" \/>\n<meta property=\"og:site_name\" content=\"Lajme nga Ulqini\" \/>\n<meta property=\"article:published_time\" content=\"2017-02-17T09:59:18+00:00\" \/>\n<meta property=\"article:modified_time\" content=\"2017-02-17T09:59:48+00:00\" \/>\n<meta property=\"og:image\" content=\"http:\/\/www.visit-ulcinj.com\/blog\/wp-content\/uploads\/2017\/02\/PORTALET-NE-ULQIN.jpg\" \/>\n<meta name=\"twitter:label1\" content=\"Written by\" \/>\n\t<meta name=\"twitter:data1\" content=\"ulqini\" \/>\n\t<meta name=\"twitter:label2\" content=\"Est. reading time\" \/>\n\t<meta name=\"twitter:data2\" content=\"2 minutes\" \/>\n<script type=\"application\/ld+json\" class=\"yoast-schema-graph\">{\"@context\":\"https:\/\/schema.org\",\"@graph\":[{\"@type\":\"WebSite\",\"@id\":\"https:\/\/www.visit-ulcinj.com\/blog\/#website\",\"url\":\"https:\/\/www.visit-ulcinj.com\/blog\/\",\"name\":\"Lajme nga Ulqini\",\"description\":\"Lajme,Vijesti,Ulqini,Ulqin,Crna Gora,Mali i Zi\",\"potentialAction\":[{\"@type\":\"SearchAction\",\"target\":{\"@type\":\"EntryPoint\",\"urlTemplate\":\"https:\/\/www.visit-ulcinj.com\/blog\/?s={search_term_string}\"},\"query-input\":\"required name=search_term_string\"}],\"inLanguage\":\"en-US\"},{\"@type\":\"ImageObject\",\"inLanguage\":\"en-US\",\"@id\":\"https:\/\/www.visit-ulcinj.com\/blog\/2017\/02\/17\/nika-mua-sma-ndien-per-tv-teute-te-forces-per-tv-vjesti-te-ures-dhe-per-informim-puplik-rrofshin-portalet\/#primaryimage\",\"url\":\"https:\/\/www.visit-ulcinj.com\/blog\/wp-content\/uploads\/2017\/02\/PORTALET-NE-ULQIN.jpg\",\"contentUrl\":\"https:\/\/www.visit-ulcinj.com\/blog\/wp-content\/uploads\/2017\/02\/PORTALET-NE-ULQIN.jpg\",\"width\":703,\"height\":349},{\"@type\":\"WebPage\",\"@id\":\"https:\/\/www.visit-ulcinj.com\/blog\/2017\/02\/17\/nika-mua-sma-ndien-per-tv-teute-te-forces-per-tv-vjesti-te-ures-dhe-per-informim-puplik-rrofshin-portalet\/#webpage\",\"url\":\"https:\/\/www.visit-ulcinj.com\/blog\/2017\/02\/17\/nika-mua-sma-ndien-per-tv-teute-te-forces-per-tv-vjesti-te-ures-dhe-per-informim-puplik-rrofshin-portalet\/\",\"name\":\"Nika: Mua s\u2019ma ndien as p\u00ebr Tv-Teut\u00eb t\u00eb Forc\u00ebs as p\u00ebr Tv Vjesti t\u00eb Ur\u00ebs dhe as p\u00ebr informim puplik-rrofshin portalet?! - Lajme nga Ulqini\",\"isPartOf\":{\"@id\":\"https:\/\/www.visit-ulcinj.com\/blog\/#website\"},\"primaryImageOfPage\":{\"@id\":\"https:\/\/www.visit-ulcinj.com\/blog\/2017\/02\/17\/nika-mua-sma-ndien-per-tv-teute-te-forces-per-tv-vjesti-te-ures-dhe-per-informim-puplik-rrofshin-portalet\/#primaryimage\"},\"datePublished\":\"2017-02-17T09:59:18+00:00\",\"dateModified\":\"2017-02-17T09:59:48+00:00\",\"author\":{\"@id\":\"https:\/\/www.visit-ulcinj.com\/blog\/#\/schema\/person\/dcab619c614d3038751c63bc2aadc06d\"},\"description\":\"Shkruan Muhamet Nika Shyqyr q\u00eb zbulimi i internetit na e hoqi terrin informativ dhe shyqyr q\u00eb nuk kemi qeveri t\u00eb cilat i bllokojn\u00eb faqet sociale- t\u00eb\",\"breadcrumb\":{\"@id\":\"https:\/\/www.visit-ulcinj.com\/blog\/2017\/02\/17\/nika-mua-sma-ndien-per-tv-teute-te-forces-per-tv-vjesti-te-ures-dhe-per-informim-puplik-rrofshin-portalet\/#breadcrumb\"},\"inLanguage\":\"en-US\",\"potentialAction\":[{\"@type\":\"ReadAction\",\"target\":[\"https:\/\/www.visit-ulcinj.com\/blog\/2017\/02\/17\/nika-mua-sma-ndien-per-tv-teute-te-forces-per-tv-vjesti-te-ures-dhe-per-informim-puplik-rrofshin-portalet\/\"]}]},{\"@type\":\"BreadcrumbList\",\"@id\":\"https:\/\/www.visit-ulcinj.com\/blog\/2017\/02\/17\/nika-mua-sma-ndien-per-tv-teute-te-forces-per-tv-vjesti-te-ures-dhe-per-informim-puplik-rrofshin-portalet\/#breadcrumb\",\"itemListElement\":[{\"@type\":\"ListItem\",\"position\":1,\"name\":\"Nika: Mua s\u2019ma ndien as p\u00ebr Tv-Teut\u00eb t\u00eb Forc\u00ebs as p\u00ebr Tv Vjesti t\u00eb Ur\u00ebs dhe as p\u00ebr informim puplik-rrofshin portalet?!\"}]},{\"@type\":\"Person\",\"@id\":\"https:\/\/www.visit-ulcinj.com\/blog\/#\/schema\/person\/dcab619c614d3038751c63bc2aadc06d\",\"name\":\"ulqini\",\"sameAs\":[\"http:\/\/www.visit-ulcinj.com\"],\"url\":\"https:\/\/www.visit-ulcinj.com\/blog\/author\/admin\/\"}]}<\/script>\n<!-- \/ Yoast SEO plugin. -->","yoast_head_json":{"title":"Nika: Mua s\u2019ma ndien as p\u00ebr Tv-Teut\u00eb t\u00eb Forc\u00ebs as p\u00ebr Tv Vjesti t\u00eb Ur\u00ebs dhe as p\u00ebr informim puplik-rrofshin portalet?! - Lajme nga Ulqini","description":"Shkruan Muhamet Nika Shyqyr q\u00eb zbulimi i internetit na e hoqi terrin informativ dhe shyqyr q\u00eb nuk kemi qeveri t\u00eb cilat i bllokojn\u00eb faqet sociale- t\u00eb","robots":{"index":"index","follow":"follow","max-snippet":"max-snippet:-1","max-image-preview":"max-image-preview:large","max-video-preview":"max-video-preview:-1"},"canonical":"https:\/\/www.visit-ulcinj.com\/blog\/2017\/02\/17\/nika-mua-sma-ndien-per-tv-teute-te-forces-per-tv-vjesti-te-ures-dhe-per-informim-puplik-rrofshin-portalet\/","og_locale":"en_US","og_type":"article","og_title":"Nika: Mua s\u2019ma ndien as p\u00ebr Tv-Teut\u00eb t\u00eb Forc\u00ebs as p\u00ebr Tv Vjesti t\u00eb Ur\u00ebs dhe as p\u00ebr informim puplik-rrofshin portalet?! - Lajme nga Ulqini","og_description":"Shkruan Muhamet Nika Shyqyr q\u00eb zbulimi i internetit na e hoqi terrin informativ dhe shyqyr q\u00eb nuk kemi qeveri t\u00eb cilat i bllokojn\u00eb faqet sociale- t\u00eb","og_url":"https:\/\/www.visit-ulcinj.com\/blog\/2017\/02\/17\/nika-mua-sma-ndien-per-tv-teute-te-forces-per-tv-vjesti-te-ures-dhe-per-informim-puplik-rrofshin-portalet\/","og_site_name":"Lajme nga Ulqini","article_published_time":"2017-02-17T09:59:18+00:00","article_modified_time":"2017-02-17T09:59:48+00:00","og_image":[{"url":"http:\/\/www.visit-ulcinj.com\/blog\/wp-content\/uploads\/2017\/02\/PORTALET-NE-ULQIN.jpg"}],"twitter_misc":{"Written by":"ulqini","Est. reading time":"2 minutes"},"schema":{"@context":"https:\/\/schema.org","@graph":[{"@type":"WebSite","@id":"https:\/\/www.visit-ulcinj.com\/blog\/#website","url":"https:\/\/www.visit-ulcinj.com\/blog\/","name":"Lajme nga Ulqini","description":"Lajme,Vijesti,Ulqini,Ulqin,Crna Gora,Mali i Zi","potentialAction":[{"@type":"SearchAction","target":{"@type":"EntryPoint","urlTemplate":"https:\/\/www.visit-ulcinj.com\/blog\/?s={search_term_string}"},"query-input":"required name=search_term_string"}],"inLanguage":"en-US"},{"@type":"ImageObject","inLanguage":"en-US","@id":"https:\/\/www.visit-ulcinj.com\/blog\/2017\/02\/17\/nika-mua-sma-ndien-per-tv-teute-te-forces-per-tv-vjesti-te-ures-dhe-per-informim-puplik-rrofshin-portalet\/#primaryimage","url":"https:\/\/www.visit-ulcinj.com\/blog\/wp-content\/uploads\/2017\/02\/PORTALET-NE-ULQIN.jpg","contentUrl":"https:\/\/www.visit-ulcinj.com\/blog\/wp-content\/uploads\/2017\/02\/PORTALET-NE-ULQIN.jpg","width":703,"height":349},{"@type":"WebPage","@id":"https:\/\/www.visit-ulcinj.com\/blog\/2017\/02\/17\/nika-mua-sma-ndien-per-tv-teute-te-forces-per-tv-vjesti-te-ures-dhe-per-informim-puplik-rrofshin-portalet\/#webpage","url":"https:\/\/www.visit-ulcinj.com\/blog\/2017\/02\/17\/nika-mua-sma-ndien-per-tv-teute-te-forces-per-tv-vjesti-te-ures-dhe-per-informim-puplik-rrofshin-portalet\/","name":"Nika: Mua s\u2019ma ndien as p\u00ebr Tv-Teut\u00eb t\u00eb Forc\u00ebs as p\u00ebr Tv Vjesti t\u00eb Ur\u00ebs dhe as p\u00ebr informim puplik-rrofshin portalet?! - Lajme nga Ulqini","isPartOf":{"@id":"https:\/\/www.visit-ulcinj.com\/blog\/#website"},"primaryImageOfPage":{"@id":"https:\/\/www.visit-ulcinj.com\/blog\/2017\/02\/17\/nika-mua-sma-ndien-per-tv-teute-te-forces-per-tv-vjesti-te-ures-dhe-per-informim-puplik-rrofshin-portalet\/#primaryimage"},"datePublished":"2017-02-17T09:59:18+00:00","dateModified":"2017-02-17T09:59:48+00:00","author":{"@id":"https:\/\/www.visit-ulcinj.com\/blog\/#\/schema\/person\/dcab619c614d3038751c63bc2aadc06d"},"description":"Shkruan Muhamet Nika Shyqyr q\u00eb zbulimi i internetit na e hoqi terrin informativ dhe shyqyr q\u00eb nuk kemi qeveri t\u00eb cilat i bllokojn\u00eb faqet sociale- t\u00eb","breadcrumb":{"@id":"https:\/\/www.visit-ulcinj.com\/blog\/2017\/02\/17\/nika-mua-sma-ndien-per-tv-teute-te-forces-per-tv-vjesti-te-ures-dhe-per-informim-puplik-rrofshin-portalet\/#breadcrumb"},"inLanguage":"en-US","potentialAction":[{"@type":"ReadAction","target":["https:\/\/www.visit-ulcinj.com\/blog\/2017\/02\/17\/nika-mua-sma-ndien-per-tv-teute-te-forces-per-tv-vjesti-te-ures-dhe-per-informim-puplik-rrofshin-portalet\/"]}]},{"@type":"BreadcrumbList","@id":"https:\/\/www.visit-ulcinj.com\/blog\/2017\/02\/17\/nika-mua-sma-ndien-per-tv-teute-te-forces-per-tv-vjesti-te-ures-dhe-per-informim-puplik-rrofshin-portalet\/#breadcrumb","itemListElement":[{"@type":"ListItem","position":1,"name":"Nika: Mua s\u2019ma ndien as p\u00ebr Tv-Teut\u00eb t\u00eb Forc\u00ebs as p\u00ebr Tv Vjesti t\u00eb Ur\u00ebs dhe as p\u00ebr informim puplik-rrofshin portalet?!"}]},{"@type":"Person","@id":"https:\/\/www.visit-ulcinj.com\/blog\/#\/schema\/person\/dcab619c614d3038751c63bc2aadc06d","name":"ulqini","sameAs":["http:\/\/www.visit-ulcinj.com"],"url":"https:\/\/www.visit-ulcinj.com\/blog\/author\/admin\/"}]}},"jetpack_featured_media_url":"","jetpack_sharing_enabled":true,"jetpack_shortlink":"https:\/\/wp.me\/pe6lTn-qNS","_links":{"self":[{"href":"https:\/\/www.visit-ulcinj.com\/blog\/wp-json\/wp\/v2\/posts\/103036"}],"collection":[{"href":"https:\/\/www.visit-ulcinj.com\/blog\/wp-json\/wp\/v2\/posts"}],"about":[{"href":"https:\/\/www.visit-ulcinj.com\/blog\/wp-json\/wp\/v2\/types\/post"}],"author":[{"embeddable":true,"href":"https:\/\/www.visit-ulcinj.com\/blog\/wp-json\/wp\/v2\/users\/1"}],"replies":[{"embeddable":true,"href":"https:\/\/www.visit-ulcinj.com\/blog\/wp-json\/wp\/v2\/comments?post=103036"}],"version-history":[{"count":2,"href":"https:\/\/www.visit-ulcinj.com\/blog\/wp-json\/wp\/v2\/posts\/103036\/revisions"}],"predecessor-version":[{"id":103039,"href":"https:\/\/www.visit-ulcinj.com\/blog\/wp-json\/wp\/v2\/posts\/103036\/revisions\/103039"}],"wp:attachment":[{"href":"https:\/\/www.visit-ulcinj.com\/blog\/wp-json\/wp\/v2\/media?parent=103036"}],"wp:term":[{"taxonomy":"category","embeddable":true,"href":"https:\/\/www.visit-ulcinj.com\/blog\/wp-json\/wp\/v2\/categories?post=103036"},{"taxonomy":"post_tag","embeddable":true,"href":"https:\/\/www.visit-ulcinj.com\/blog\/wp-json\/wp\/v2\/tags?post=103036"}],"curies":[{"name":"wp","href":"https:\/\/api.w.org\/{rel}","templated":true}]}}