{"id":103059,"date":"2017-02-17T16:04:08","date_gmt":"2017-02-17T15:04:08","guid":{"rendered":"http:\/\/www.visit-ulcinj.com\/blog\/?p=103059"},"modified":"2017-02-17T16:04:08","modified_gmt":"2017-02-17T15:04:08","slug":"cungu-naci-nacin-za-pokretanje-proizvodnje-soli","status":"publish","type":"post","link":"https:\/\/www.visit-ulcinj.com\/blog\/2017\/02\/17\/cungu-naci-nacin-za-pokretanje-proizvodnje-soli\/","title":{"rendered":"Cungu: Na\u0107i na\u010din za pokretanje proizvodnje soli"},"content":{"rendered":"<p><strong><a href=\"http:\/\/www.visit-ulcinj.com\/blog\/wp-content\/uploads\/2017\/02\/Cungu-takon-drejtoreshen-e-NP-Parqet-nacionale-2.jpg\"><img loading=\"lazy\" class=\"alignleft wp-image-102977\" src=\"http:\/\/www.visit-ulcinj.com\/blog\/wp-content\/uploads\/2017\/02\/Cungu-takon-drejtoreshen-e-NP-Parqet-nacionale-2.jpg\" alt=\"Cungu takon drejtoreshen e NP-Parqet nacionale-2\" width=\"508\" height=\"336\" srcset=\"https:\/\/www.visit-ulcinj.com\/blog\/wp-content\/uploads\/2017\/02\/Cungu-takon-drejtoreshen-e-NP-Parqet-nacionale-2.jpg 960w, https:\/\/www.visit-ulcinj.com\/blog\/wp-content\/uploads\/2017\/02\/Cungu-takon-drejtoreshen-e-NP-Parqet-nacionale-2-300x198.jpg 300w, https:\/\/www.visit-ulcinj.com\/blog\/wp-content\/uploads\/2017\/02\/Cungu-takon-drejtoreshen-e-NP-Parqet-nacionale-2-768x508.jpg 768w\" sizes=\"(max-width: 508px) 100vw, 508px\" \/><\/a>Budu\u0107nost Ulcinjske Solane le\u017ei na proizvodnji soli, turisti\u010dkoj valorizaciji u medicinske i ornitolo\u0161ke svrhe i za\u0161titu na me\u0111unarodnom nivou, ocijenili su predsjednik Op\u0161tine, Nazif Cungu i direktorica JP Nacionalni parkovi, Azra Vukovi\u0107.<\/strong><\/p>\n<p><strong><\/strong><\/p>\n<p>\u201cNa sastanku je bilo rije\u010di o statusu Ulcinjske solane, smjernicama daljeg razvoja situacije, mogu\u0107nostima za\u0161tite i valorizacije ovog preduze\u0107a. JP \u201eNacionalni Parkovi\u201c po ugovoru pru\u017ea fizi\u010dku za\u0161titu prostora, upravljanje vodama, monitoring biodiverziteta i odr\u017eavanje pumpnog postrojenja koje su na\u017ealost u kriti\u010dnoj situaciji. Osim navedenog bitno je napomenuti da krajem pro\u0161le godine Ministarstvo odr\u017eivog razvoja i turizma odobrilo nov\u010danu pomo\u0107 za sanaciju i odr\u017eavanje pumpi kako bi se protok slane vode odr\u017eao aktivnim. Pokrenut je postupak me\u0111unarodne za\u0161tite RAMSAR koji bi ujedno i omogu\u0107io i pristup me\u0111unarodnim fondovima i grantovima koji su namijenjeni objektima ovakve vrste\u201d, navodi se u saop\u0161tenju.<\/p>\n<p><a href=\"http:\/\/www.visit-ulcinj.com\/blog\/wp-content\/uploads\/2017\/02\/Cungu-takon-drejtoreshen-e-NP-Parqet-nacionale-Vukovic-1.jpg\"><img loading=\"lazy\" class=\"alignleft wp-image-102978\" src=\"http:\/\/www.visit-ulcinj.com\/blog\/wp-content\/uploads\/2017\/02\/Cungu-takon-drejtoreshen-e-NP-Parqet-nacionale-Vukovic-1.jpg\" alt=\"Cungu takon drejtoreshen e NP-Parqet nacionale-Vukovic-1\" width=\"508\" height=\"336\" srcset=\"https:\/\/www.visit-ulcinj.com\/blog\/wp-content\/uploads\/2017\/02\/Cungu-takon-drejtoreshen-e-NP-Parqet-nacionale-Vukovic-1.jpg 960w, https:\/\/www.visit-ulcinj.com\/blog\/wp-content\/uploads\/2017\/02\/Cungu-takon-drejtoreshen-e-NP-Parqet-nacionale-Vukovic-1-300x198.jpg 300w, https:\/\/www.visit-ulcinj.com\/blog\/wp-content\/uploads\/2017\/02\/Cungu-takon-drejtoreshen-e-NP-Parqet-nacionale-Vukovic-1-768x508.jpg 768w\" sizes=\"(max-width: 508px) 100vw, 508px\" \/><\/a><\/p>\n<p>Op\u0161tina Ulcinj, kako se dodaje, ima ograni\u010dena ovla\u0161\u0107enja po ovom pitanju.<\/p>\n<p>\u201cCungu je, me\u0111utim, kazao da \u0107e lokalna uprava ulo\u017eiti potrebne napore da se ovoj teritoriji pru\u017ei adekvatna za\u0161tita i prona\u0111e na\u010din za ponovni po\u010detak procesa proizvodnje soli koji \u0107e jednim dijelom omogu\u0107iti stalno nastanjivanje ptica na toj teritoriji\u201d, zaklju\u010duje se u saop\u0161tenju.<\/p>\n<p>Izvor: TVCG<\/p>\n","protected":false},"excerpt":{"rendered":"<p>Budu\u0107nost Ulcinjske Solane le\u017ei na proizvodnji soli, turisti\u010dkoj valorizaciji u medicinske i ornitolo\u0161ke svrhe i za\u0161titu na me\u0111unarodnom nivou, ocijenili su predsjednik Op\u0161tine, Nazif Cungu i direktorica JP Nacionalni parkovi, Azra Vukovi\u0107. \u201cNa sastanku je bilo rije\u010di o statusu Ulcinjske solane, smjernicama daljeg razvoja situacije, mogu\u0107nostima za\u0161tite i valorizacije ovog preduze\u0107a. JP \u201eNacionalni Parkovi\u201c po [&hellip;]<\/p>\n","protected":false},"author":1,"featured_media":0,"comment_status":"closed","ping_status":"closed","sticky":false,"template":"","format":"standard","meta":{"spay_email":"","jetpack_publicize_message":"","jetpack_is_tweetstorm":false,"jetpack_publicize_feature_enabled":true},"categories":[6950],"tags":[],"jetpack_publicize_connections":[],"yoast_head":"<!-- This site is optimized with the Yoast SEO plugin v19.1 - https:\/\/yoast.com\/wordpress\/plugins\/seo\/ -->\n<title>Cungu: Na\u0107i na\u010din za pokretanje proizvodnje soli - Lajme nga Ulqini<\/title>\n<meta name=\"description\" content=\"Budu\u0107nost Ulcinjske Solane le\u017ei na proizvodnji soli, turisti\u010dkoj valorizaciji u medicinske i ornitolo\u0161ke svrhe i za\u0161titu na me\u0111unarodnom nivou, ocijenili\" \/>\n<meta name=\"robots\" content=\"index, follow, max-snippet:-1, max-image-preview:large, max-video-preview:-1\" \/>\n<link rel=\"canonical\" href=\"https:\/\/www.visit-ulcinj.com\/blog\/2017\/02\/17\/cungu-naci-nacin-za-pokretanje-proizvodnje-soli\/\" \/>\n<meta property=\"og:locale\" content=\"en_US\" \/>\n<meta property=\"og:type\" content=\"article\" \/>\n<meta property=\"og:title\" content=\"Cungu: Na\u0107i na\u010din za pokretanje proizvodnje soli - Lajme nga Ulqini\" \/>\n<meta property=\"og:description\" content=\"Budu\u0107nost Ulcinjske Solane le\u017ei na proizvodnji soli, turisti\u010dkoj valorizaciji u medicinske i ornitolo\u0161ke svrhe i za\u0161titu na me\u0111unarodnom nivou, ocijenili\" \/>\n<meta property=\"og:url\" content=\"https:\/\/www.visit-ulcinj.com\/blog\/2017\/02\/17\/cungu-naci-nacin-za-pokretanje-proizvodnje-soli\/\" \/>\n<meta property=\"og:site_name\" content=\"Lajme nga Ulqini\" \/>\n<meta property=\"article:published_time\" content=\"2017-02-17T15:04:08+00:00\" \/>\n<meta property=\"og:image\" content=\"http:\/\/www.visit-ulcinj.com\/blog\/wp-content\/uploads\/2017\/02\/Cungu-takon-drejtoreshen-e-NP-Parqet-nacionale-2.jpg\" \/>\n<meta name=\"twitter:label1\" content=\"Written by\" \/>\n\t<meta name=\"twitter:data1\" content=\"ulqini\" \/>\n\t<meta name=\"twitter:label2\" content=\"Est. reading time\" \/>\n\t<meta name=\"twitter:data2\" content=\"1 minute\" \/>\n<script type=\"application\/ld+json\" class=\"yoast-schema-graph\">{\"@context\":\"https:\/\/schema.org\",\"@graph\":[{\"@type\":\"WebSite\",\"@id\":\"https:\/\/www.visit-ulcinj.com\/blog\/#website\",\"url\":\"https:\/\/www.visit-ulcinj.com\/blog\/\",\"name\":\"Lajme nga Ulqini\",\"description\":\"Lajme,Vijesti,Ulqini,Ulqin,Crna Gora,Mali i Zi\",\"potentialAction\":[{\"@type\":\"SearchAction\",\"target\":{\"@type\":\"EntryPoint\",\"urlTemplate\":\"https:\/\/www.visit-ulcinj.com\/blog\/?s={search_term_string}\"},\"query-input\":\"required name=search_term_string\"}],\"inLanguage\":\"en-US\"},{\"@type\":\"ImageObject\",\"inLanguage\":\"en-US\",\"@id\":\"https:\/\/www.visit-ulcinj.com\/blog\/2017\/02\/17\/cungu-naci-nacin-za-pokretanje-proizvodnje-soli\/#primaryimage\",\"url\":\"https:\/\/www.visit-ulcinj.com\/blog\/wp-content\/uploads\/2017\/02\/Cungu-takon-drejtoreshen-e-NP-Parqet-nacionale-2.jpg\",\"contentUrl\":\"https:\/\/www.visit-ulcinj.com\/blog\/wp-content\/uploads\/2017\/02\/Cungu-takon-drejtoreshen-e-NP-Parqet-nacionale-2.jpg\",\"width\":960,\"height\":635},{\"@type\":\"WebPage\",\"@id\":\"https:\/\/www.visit-ulcinj.com\/blog\/2017\/02\/17\/cungu-naci-nacin-za-pokretanje-proizvodnje-soli\/#webpage\",\"url\":\"https:\/\/www.visit-ulcinj.com\/blog\/2017\/02\/17\/cungu-naci-nacin-za-pokretanje-proizvodnje-soli\/\",\"name\":\"Cungu: Na\u0107i na\u010din za pokretanje proizvodnje soli - Lajme nga Ulqini\",\"isPartOf\":{\"@id\":\"https:\/\/www.visit-ulcinj.com\/blog\/#website\"},\"primaryImageOfPage\":{\"@id\":\"https:\/\/www.visit-ulcinj.com\/blog\/2017\/02\/17\/cungu-naci-nacin-za-pokretanje-proizvodnje-soli\/#primaryimage\"},\"datePublished\":\"2017-02-17T15:04:08+00:00\",\"dateModified\":\"2017-02-17T15:04:08+00:00\",\"author\":{\"@id\":\"https:\/\/www.visit-ulcinj.com\/blog\/#\/schema\/person\/dcab619c614d3038751c63bc2aadc06d\"},\"description\":\"Budu\u0107nost Ulcinjske Solane le\u017ei na proizvodnji soli, turisti\u010dkoj valorizaciji u medicinske i ornitolo\u0161ke svrhe i za\u0161titu na me\u0111unarodnom nivou, ocijenili\",\"breadcrumb\":{\"@id\":\"https:\/\/www.visit-ulcinj.com\/blog\/2017\/02\/17\/cungu-naci-nacin-za-pokretanje-proizvodnje-soli\/#breadcrumb\"},\"inLanguage\":\"en-US\",\"potentialAction\":[{\"@type\":\"ReadAction\",\"target\":[\"https:\/\/www.visit-ulcinj.com\/blog\/2017\/02\/17\/cungu-naci-nacin-za-pokretanje-proizvodnje-soli\/\"]}]},{\"@type\":\"BreadcrumbList\",\"@id\":\"https:\/\/www.visit-ulcinj.com\/blog\/2017\/02\/17\/cungu-naci-nacin-za-pokretanje-proizvodnje-soli\/#breadcrumb\",\"itemListElement\":[{\"@type\":\"ListItem\",\"position\":1,\"name\":\"Cungu: Na\u0107i na\u010din za pokretanje proizvodnje soli\"}]},{\"@type\":\"Person\",\"@id\":\"https:\/\/www.visit-ulcinj.com\/blog\/#\/schema\/person\/dcab619c614d3038751c63bc2aadc06d\",\"name\":\"ulqini\",\"sameAs\":[\"http:\/\/www.visit-ulcinj.com\"],\"url\":\"https:\/\/www.visit-ulcinj.com\/blog\/author\/admin\/\"}]}<\/script>\n<!-- \/ Yoast SEO plugin. -->","yoast_head_json":{"title":"Cungu: Na\u0107i na\u010din za pokretanje proizvodnje soli - Lajme nga Ulqini","description":"Budu\u0107nost Ulcinjske Solane le\u017ei na proizvodnji soli, turisti\u010dkoj valorizaciji u medicinske i ornitolo\u0161ke svrhe i za\u0161titu na me\u0111unarodnom nivou, ocijenili","robots":{"index":"index","follow":"follow","max-snippet":"max-snippet:-1","max-image-preview":"max-image-preview:large","max-video-preview":"max-video-preview:-1"},"canonical":"https:\/\/www.visit-ulcinj.com\/blog\/2017\/02\/17\/cungu-naci-nacin-za-pokretanje-proizvodnje-soli\/","og_locale":"en_US","og_type":"article","og_title":"Cungu: Na\u0107i na\u010din za pokretanje proizvodnje soli - Lajme nga Ulqini","og_description":"Budu\u0107nost Ulcinjske Solane le\u017ei na proizvodnji soli, turisti\u010dkoj valorizaciji u medicinske i ornitolo\u0161ke svrhe i za\u0161titu na me\u0111unarodnom nivou, ocijenili","og_url":"https:\/\/www.visit-ulcinj.com\/blog\/2017\/02\/17\/cungu-naci-nacin-za-pokretanje-proizvodnje-soli\/","og_site_name":"Lajme nga Ulqini","article_published_time":"2017-02-17T15:04:08+00:00","og_image":[{"url":"http:\/\/www.visit-ulcinj.com\/blog\/wp-content\/uploads\/2017\/02\/Cungu-takon-drejtoreshen-e-NP-Parqet-nacionale-2.jpg"}],"twitter_misc":{"Written by":"ulqini","Est. reading time":"1 minute"},"schema":{"@context":"https:\/\/schema.org","@graph":[{"@type":"WebSite","@id":"https:\/\/www.visit-ulcinj.com\/blog\/#website","url":"https:\/\/www.visit-ulcinj.com\/blog\/","name":"Lajme nga Ulqini","description":"Lajme,Vijesti,Ulqini,Ulqin,Crna Gora,Mali i Zi","potentialAction":[{"@type":"SearchAction","target":{"@type":"EntryPoint","urlTemplate":"https:\/\/www.visit-ulcinj.com\/blog\/?s={search_term_string}"},"query-input":"required name=search_term_string"}],"inLanguage":"en-US"},{"@type":"ImageObject","inLanguage":"en-US","@id":"https:\/\/www.visit-ulcinj.com\/blog\/2017\/02\/17\/cungu-naci-nacin-za-pokretanje-proizvodnje-soli\/#primaryimage","url":"https:\/\/www.visit-ulcinj.com\/blog\/wp-content\/uploads\/2017\/02\/Cungu-takon-drejtoreshen-e-NP-Parqet-nacionale-2.jpg","contentUrl":"https:\/\/www.visit-ulcinj.com\/blog\/wp-content\/uploads\/2017\/02\/Cungu-takon-drejtoreshen-e-NP-Parqet-nacionale-2.jpg","width":960,"height":635},{"@type":"WebPage","@id":"https:\/\/www.visit-ulcinj.com\/blog\/2017\/02\/17\/cungu-naci-nacin-za-pokretanje-proizvodnje-soli\/#webpage","url":"https:\/\/www.visit-ulcinj.com\/blog\/2017\/02\/17\/cungu-naci-nacin-za-pokretanje-proizvodnje-soli\/","name":"Cungu: Na\u0107i na\u010din za pokretanje proizvodnje soli - Lajme nga Ulqini","isPartOf":{"@id":"https:\/\/www.visit-ulcinj.com\/blog\/#website"},"primaryImageOfPage":{"@id":"https:\/\/www.visit-ulcinj.com\/blog\/2017\/02\/17\/cungu-naci-nacin-za-pokretanje-proizvodnje-soli\/#primaryimage"},"datePublished":"2017-02-17T15:04:08+00:00","dateModified":"2017-02-17T15:04:08+00:00","author":{"@id":"https:\/\/www.visit-ulcinj.com\/blog\/#\/schema\/person\/dcab619c614d3038751c63bc2aadc06d"},"description":"Budu\u0107nost Ulcinjske Solane le\u017ei na proizvodnji soli, turisti\u010dkoj valorizaciji u medicinske i ornitolo\u0161ke svrhe i za\u0161titu na me\u0111unarodnom nivou, ocijenili","breadcrumb":{"@id":"https:\/\/www.visit-ulcinj.com\/blog\/2017\/02\/17\/cungu-naci-nacin-za-pokretanje-proizvodnje-soli\/#breadcrumb"},"inLanguage":"en-US","potentialAction":[{"@type":"ReadAction","target":["https:\/\/www.visit-ulcinj.com\/blog\/2017\/02\/17\/cungu-naci-nacin-za-pokretanje-proizvodnje-soli\/"]}]},{"@type":"BreadcrumbList","@id":"https:\/\/www.visit-ulcinj.com\/blog\/2017\/02\/17\/cungu-naci-nacin-za-pokretanje-proizvodnje-soli\/#breadcrumb","itemListElement":[{"@type":"ListItem","position":1,"name":"Cungu: Na\u0107i na\u010din za pokretanje proizvodnje soli"}]},{"@type":"Person","@id":"https:\/\/www.visit-ulcinj.com\/blog\/#\/schema\/person\/dcab619c614d3038751c63bc2aadc06d","name":"ulqini","sameAs":["http:\/\/www.visit-ulcinj.com"],"url":"https:\/\/www.visit-ulcinj.com\/blog\/author\/admin\/"}]}},"jetpack_featured_media_url":"","jetpack_sharing_enabled":true,"jetpack_shortlink":"https:\/\/wp.me\/pe6lTn-qOf","_links":{"self":[{"href":"https:\/\/www.visit-ulcinj.com\/blog\/wp-json\/wp\/v2\/posts\/103059"}],"collection":[{"href":"https:\/\/www.visit-ulcinj.com\/blog\/wp-json\/wp\/v2\/posts"}],"about":[{"href":"https:\/\/www.visit-ulcinj.com\/blog\/wp-json\/wp\/v2\/types\/post"}],"author":[{"embeddable":true,"href":"https:\/\/www.visit-ulcinj.com\/blog\/wp-json\/wp\/v2\/users\/1"}],"replies":[{"embeddable":true,"href":"https:\/\/www.visit-ulcinj.com\/blog\/wp-json\/wp\/v2\/comments?post=103059"}],"version-history":[{"count":1,"href":"https:\/\/www.visit-ulcinj.com\/blog\/wp-json\/wp\/v2\/posts\/103059\/revisions"}],"predecessor-version":[{"id":103060,"href":"https:\/\/www.visit-ulcinj.com\/blog\/wp-json\/wp\/v2\/posts\/103059\/revisions\/103060"}],"wp:attachment":[{"href":"https:\/\/www.visit-ulcinj.com\/blog\/wp-json\/wp\/v2\/media?parent=103059"}],"wp:term":[{"taxonomy":"category","embeddable":true,"href":"https:\/\/www.visit-ulcinj.com\/blog\/wp-json\/wp\/v2\/categories?post=103059"},{"taxonomy":"post_tag","embeddable":true,"href":"https:\/\/www.visit-ulcinj.com\/blog\/wp-json\/wp\/v2\/tags?post=103059"}],"curies":[{"name":"wp","href":"https:\/\/api.w.org\/{rel}","templated":true}]}}