{"id":103061,"date":"2017-02-17T16:45:01","date_gmt":"2017-02-17T15:45:01","guid":{"rendered":"http:\/\/www.visit-ulcinj.com\/blog\/?p=103061"},"modified":"2017-02-17T16:46:54","modified_gmt":"2017-02-17T15:46:54","slug":"dua-najostrije-osudujemo-prijetnje-upucene-vrijedanje-na-nacionalnoj-vjerskoj-svakoj-drugoj-razlicitosti","status":"publish","type":"post","link":"https:\/\/www.visit-ulcinj.com\/blog\/2017\/02\/17\/dua-najostrije-osudujemo-prijetnje-upucene-vrijedanje-na-nacionalnoj-vjerskoj-svakoj-drugoj-razlicitosti\/","title":{"rendered":"DUA: Najo\u0161trije osu\u0111ujemo prijetnje upu\u0107ene vrije\u0111anje na nacionalnoj, vjerskoj i svakoj drugoj razli\u010ditosti"},"content":{"rendered":"<p class=\"mom-sub-title\"><strong><a href=\"http:\/\/www.visit-ulcinj.com\/blog\/wp-content\/uploads\/2014\/01\/unioni-demokratik-te-shqiptareve-Ulqin.jpg\"><img loading=\"lazy\" class=\"alignleft wp-image-78658\" src=\"http:\/\/www.visit-ulcinj.com\/blog\/wp-content\/uploads\/2014\/01\/unioni-demokratik-te-shqiptareve-Ulqin.jpg\" alt=\"unioni-demokratik-te-shqiptareve-Ulqin\" width=\"508\" height=\"224\" srcset=\"https:\/\/www.visit-ulcinj.com\/blog\/wp-content\/uploads\/2014\/01\/unioni-demokratik-te-shqiptareve-Ulqin.jpg 960w, https:\/\/www.visit-ulcinj.com\/blog\/wp-content\/uploads\/2014\/01\/unioni-demokratik-te-shqiptareve-Ulqin-300x132.jpg 300w\" sizes=\"(max-width: 508px) 100vw, 508px\" \/><\/a>Posljednja de\u0161avanja u crnogorskom Parlamentu ne samo da ne prili\u010de demokratiji, ve\u0107 na\u017ealost nas Albance ponovo vra\u0107aju u neka vremena za koja smo mislili da su za nama, poru\u010duju iz Demokratske unije Albanaca.<\/strong><\/p>\n<p>Kako navode iz partije, ne mo\u017ee imati opravdanja i prosto je neshvatljivo da neko Visoki zakonodavni dom, koji bi trebao da bude simbol po\u0161tovanja demokratije i me\u0111usobnog uva\u017eavanja, pretvori u poligon nasilja, uvreda, nacionalne mr\u017enje i fizi\u010dkog nasrtanja.<\/p>\n<p>Dodaju i da je pora\u017eavaju\u0107a \u010dinjenica da legitimno izabrani predstavnici naroda ne mogu biti u ovom Domu amnestirani od uvreda i iskazane mr\u017enje na nacionalnoj osnovi od strane njihovih kolega.<\/p>\n<p>\u2013 <em><strong>Mi u Demokratskoj Uniji Albanaca nikome ne osporavamo pravo na artikulisanje svog politi\u010dkog i gra\u0111anskog nezadovoljstva na legitiman i dostojanstven na\u010din. Me\u0111utim, najo\u0161trije osu\u0111ujemo vrije\u0111anje na nacionalnoj, vjerskoj i svakoj drugoj razli\u010ditosti<\/strong> <\/em>\u2013 pi\u0161e u saop\u0161tenju DUA.<\/p>\n<p>Smatraju da niko nema pravo da svoje nezadovoljstvo i bijes iskazuje mr\u017enjom prema Albancima.<\/p>\n<p>\u2013 <em><strong>Vi\u0161e od pripadnika DF-a \u010dudi nas Albancac koji, i pored ovakvih scenarija, uporno nastavlja da pru\u017ea podr\u0161ku ovakvoj diskriminatorskoj politici i onima koji ne propu\u0161taju nijednu priliku da povrijede najvi\u0161e vrijednosti Albanaca. Dok u Skup\u0161tini njegovi partneri psuju i vrije\u0111aju Albanske majke, on im ispred Skup\u0161tine aplaudira<\/strong> <\/em>\u2013 stoji u saop\u0161tenju.<\/p>\n<p>Misljenja su da je sada svakome jasno za\u0161to Albanske nacionalne partije nisu uzeli u obzir koalicionu ponudu Demokratskog Fronta i ostalih opozicionih partija.<\/p>\n<p>Izvor: PINK M<\/p>\n","protected":false},"excerpt":{"rendered":"<p>Posljednja de\u0161avanja u crnogorskom Parlamentu ne samo da ne prili\u010de demokratiji, ve\u0107 na\u017ealost nas Albance ponovo vra\u0107aju u neka vremena za koja smo mislili da su za nama, poru\u010duju iz Demokratske unije Albanaca. Kako navode iz partije, ne mo\u017ee imati opravdanja i prosto je neshvatljivo da neko Visoki zakonodavni dom, koji bi trebao da bude [&hellip;]<\/p>\n","protected":false},"author":1,"featured_media":0,"comment_status":"closed","ping_status":"closed","sticky":false,"template":"","format":"standard","meta":{"spay_email":"","jetpack_publicize_message":"","jetpack_is_tweetstorm":false,"jetpack_publicize_feature_enabled":true},"categories":[6950],"tags":[],"jetpack_publicize_connections":[],"yoast_head":"<!-- This site is optimized with the Yoast SEO plugin v19.1 - https:\/\/yoast.com\/wordpress\/plugins\/seo\/ -->\n<title>DUA: Najo\u0161trije osu\u0111ujemo prijetnje upu\u0107ene vrije\u0111anje na nacionalnoj, vjerskoj i svakoj drugoj razli\u010ditosti - Lajme nga Ulqini<\/title>\n<meta name=\"description\" content=\"Posljednja de\u0161avanja u crnogorskom Parlamentu ne samo da ne prili\u010de demokratiji, ve\u0107 na\u017ealost nas Albance ponovo vra\u0107aju u neka vremena za koja smo\" \/>\n<meta name=\"robots\" content=\"index, follow, max-snippet:-1, max-image-preview:large, max-video-preview:-1\" \/>\n<link rel=\"canonical\" href=\"https:\/\/www.visit-ulcinj.com\/blog\/2017\/02\/17\/dua-najostrije-osudujemo-prijetnje-upucene-vrijedanje-na-nacionalnoj-vjerskoj-svakoj-drugoj-razlicitosti\/\" \/>\n<meta property=\"og:locale\" content=\"en_US\" \/>\n<meta property=\"og:type\" content=\"article\" \/>\n<meta property=\"og:title\" content=\"DUA: Najo\u0161trije osu\u0111ujemo prijetnje upu\u0107ene vrije\u0111anje na nacionalnoj, vjerskoj i svakoj drugoj razli\u010ditosti - Lajme nga Ulqini\" \/>\n<meta property=\"og:description\" content=\"Posljednja de\u0161avanja u crnogorskom Parlamentu ne samo da ne prili\u010de demokratiji, ve\u0107 na\u017ealost nas Albance ponovo vra\u0107aju u neka vremena za koja smo\" \/>\n<meta property=\"og:url\" content=\"https:\/\/www.visit-ulcinj.com\/blog\/2017\/02\/17\/dua-najostrije-osudujemo-prijetnje-upucene-vrijedanje-na-nacionalnoj-vjerskoj-svakoj-drugoj-razlicitosti\/\" \/>\n<meta property=\"og:site_name\" content=\"Lajme nga Ulqini\" \/>\n<meta property=\"article:published_time\" content=\"2017-02-17T15:45:01+00:00\" \/>\n<meta property=\"article:modified_time\" content=\"2017-02-17T15:46:54+00:00\" \/>\n<meta property=\"og:image\" content=\"http:\/\/www.visit-ulcinj.com\/blog\/wp-content\/uploads\/2014\/01\/unioni-demokratik-te-shqiptareve-Ulqin.jpg\" \/>\n<meta name=\"twitter:label1\" content=\"Written by\" \/>\n\t<meta name=\"twitter:data1\" content=\"ulqini\" \/>\n\t<meta name=\"twitter:label2\" content=\"Est. reading time\" \/>\n\t<meta name=\"twitter:data2\" content=\"1 minute\" \/>\n<script type=\"application\/ld+json\" class=\"yoast-schema-graph\">{\"@context\":\"https:\/\/schema.org\",\"@graph\":[{\"@type\":\"WebSite\",\"@id\":\"https:\/\/www.visit-ulcinj.com\/blog\/#website\",\"url\":\"https:\/\/www.visit-ulcinj.com\/blog\/\",\"name\":\"Lajme nga Ulqini\",\"description\":\"Lajme,Vijesti,Ulqini,Ulqin,Crna Gora,Mali i Zi\",\"potentialAction\":[{\"@type\":\"SearchAction\",\"target\":{\"@type\":\"EntryPoint\",\"urlTemplate\":\"https:\/\/www.visit-ulcinj.com\/blog\/?s={search_term_string}\"},\"query-input\":\"required name=search_term_string\"}],\"inLanguage\":\"en-US\"},{\"@type\":\"ImageObject\",\"inLanguage\":\"en-US\",\"@id\":\"https:\/\/www.visit-ulcinj.com\/blog\/2017\/02\/17\/dua-najostrije-osudujemo-prijetnje-upucene-vrijedanje-na-nacionalnoj-vjerskoj-svakoj-drugoj-razlicitosti\/#primaryimage\",\"url\":\"https:\/\/www.visit-ulcinj.com\/blog\/wp-content\/uploads\/2014\/01\/unioni-demokratik-te-shqiptareve-Ulqin.jpg\",\"contentUrl\":\"https:\/\/www.visit-ulcinj.com\/blog\/wp-content\/uploads\/2014\/01\/unioni-demokratik-te-shqiptareve-Ulqin.jpg\",\"width\":960,\"height\":424},{\"@type\":\"WebPage\",\"@id\":\"https:\/\/www.visit-ulcinj.com\/blog\/2017\/02\/17\/dua-najostrije-osudujemo-prijetnje-upucene-vrijedanje-na-nacionalnoj-vjerskoj-svakoj-drugoj-razlicitosti\/#webpage\",\"url\":\"https:\/\/www.visit-ulcinj.com\/blog\/2017\/02\/17\/dua-najostrije-osudujemo-prijetnje-upucene-vrijedanje-na-nacionalnoj-vjerskoj-svakoj-drugoj-razlicitosti\/\",\"name\":\"DUA: Najo\u0161trije osu\u0111ujemo prijetnje upu\u0107ene vrije\u0111anje na nacionalnoj, vjerskoj i svakoj drugoj razli\u010ditosti - Lajme nga Ulqini\",\"isPartOf\":{\"@id\":\"https:\/\/www.visit-ulcinj.com\/blog\/#website\"},\"primaryImageOfPage\":{\"@id\":\"https:\/\/www.visit-ulcinj.com\/blog\/2017\/02\/17\/dua-najostrije-osudujemo-prijetnje-upucene-vrijedanje-na-nacionalnoj-vjerskoj-svakoj-drugoj-razlicitosti\/#primaryimage\"},\"datePublished\":\"2017-02-17T15:45:01+00:00\",\"dateModified\":\"2017-02-17T15:46:54+00:00\",\"author\":{\"@id\":\"https:\/\/www.visit-ulcinj.com\/blog\/#\/schema\/person\/dcab619c614d3038751c63bc2aadc06d\"},\"description\":\"Posljednja de\u0161avanja u crnogorskom Parlamentu ne samo da ne prili\u010de demokratiji, ve\u0107 na\u017ealost nas Albance ponovo vra\u0107aju u neka vremena za koja smo\",\"breadcrumb\":{\"@id\":\"https:\/\/www.visit-ulcinj.com\/blog\/2017\/02\/17\/dua-najostrije-osudujemo-prijetnje-upucene-vrijedanje-na-nacionalnoj-vjerskoj-svakoj-drugoj-razlicitosti\/#breadcrumb\"},\"inLanguage\":\"en-US\",\"potentialAction\":[{\"@type\":\"ReadAction\",\"target\":[\"https:\/\/www.visit-ulcinj.com\/blog\/2017\/02\/17\/dua-najostrije-osudujemo-prijetnje-upucene-vrijedanje-na-nacionalnoj-vjerskoj-svakoj-drugoj-razlicitosti\/\"]}]},{\"@type\":\"BreadcrumbList\",\"@id\":\"https:\/\/www.visit-ulcinj.com\/blog\/2017\/02\/17\/dua-najostrije-osudujemo-prijetnje-upucene-vrijedanje-na-nacionalnoj-vjerskoj-svakoj-drugoj-razlicitosti\/#breadcrumb\",\"itemListElement\":[{\"@type\":\"ListItem\",\"position\":1,\"name\":\"DUA: Najo\u0161trije osu\u0111ujemo prijetnje upu\u0107ene vrije\u0111anje na nacionalnoj, vjerskoj i svakoj drugoj razli\u010ditosti\"}]},{\"@type\":\"Person\",\"@id\":\"https:\/\/www.visit-ulcinj.com\/blog\/#\/schema\/person\/dcab619c614d3038751c63bc2aadc06d\",\"name\":\"ulqini\",\"sameAs\":[\"http:\/\/www.visit-ulcinj.com\"],\"url\":\"https:\/\/www.visit-ulcinj.com\/blog\/author\/admin\/\"}]}<\/script>\n<!-- \/ Yoast SEO plugin. -->","yoast_head_json":{"title":"DUA: Najo\u0161trije osu\u0111ujemo prijetnje upu\u0107ene vrije\u0111anje na nacionalnoj, vjerskoj i svakoj drugoj razli\u010ditosti - Lajme nga Ulqini","description":"Posljednja de\u0161avanja u crnogorskom Parlamentu ne samo da ne prili\u010de demokratiji, ve\u0107 na\u017ealost nas Albance ponovo vra\u0107aju u neka vremena za koja smo","robots":{"index":"index","follow":"follow","max-snippet":"max-snippet:-1","max-image-preview":"max-image-preview:large","max-video-preview":"max-video-preview:-1"},"canonical":"https:\/\/www.visit-ulcinj.com\/blog\/2017\/02\/17\/dua-najostrije-osudujemo-prijetnje-upucene-vrijedanje-na-nacionalnoj-vjerskoj-svakoj-drugoj-razlicitosti\/","og_locale":"en_US","og_type":"article","og_title":"DUA: Najo\u0161trije osu\u0111ujemo prijetnje upu\u0107ene vrije\u0111anje na nacionalnoj, vjerskoj i svakoj drugoj razli\u010ditosti - Lajme nga Ulqini","og_description":"Posljednja de\u0161avanja u crnogorskom Parlamentu ne samo da ne prili\u010de demokratiji, ve\u0107 na\u017ealost nas Albance ponovo vra\u0107aju u neka vremena za koja smo","og_url":"https:\/\/www.visit-ulcinj.com\/blog\/2017\/02\/17\/dua-najostrije-osudujemo-prijetnje-upucene-vrijedanje-na-nacionalnoj-vjerskoj-svakoj-drugoj-razlicitosti\/","og_site_name":"Lajme nga Ulqini","article_published_time":"2017-02-17T15:45:01+00:00","article_modified_time":"2017-02-17T15:46:54+00:00","og_image":[{"url":"http:\/\/www.visit-ulcinj.com\/blog\/wp-content\/uploads\/2014\/01\/unioni-demokratik-te-shqiptareve-Ulqin.jpg"}],"twitter_misc":{"Written by":"ulqini","Est. reading time":"1 minute"},"schema":{"@context":"https:\/\/schema.org","@graph":[{"@type":"WebSite","@id":"https:\/\/www.visit-ulcinj.com\/blog\/#website","url":"https:\/\/www.visit-ulcinj.com\/blog\/","name":"Lajme nga Ulqini","description":"Lajme,Vijesti,Ulqini,Ulqin,Crna Gora,Mali i Zi","potentialAction":[{"@type":"SearchAction","target":{"@type":"EntryPoint","urlTemplate":"https:\/\/www.visit-ulcinj.com\/blog\/?s={search_term_string}"},"query-input":"required name=search_term_string"}],"inLanguage":"en-US"},{"@type":"ImageObject","inLanguage":"en-US","@id":"https:\/\/www.visit-ulcinj.com\/blog\/2017\/02\/17\/dua-najostrije-osudujemo-prijetnje-upucene-vrijedanje-na-nacionalnoj-vjerskoj-svakoj-drugoj-razlicitosti\/#primaryimage","url":"https:\/\/www.visit-ulcinj.com\/blog\/wp-content\/uploads\/2014\/01\/unioni-demokratik-te-shqiptareve-Ulqin.jpg","contentUrl":"https:\/\/www.visit-ulcinj.com\/blog\/wp-content\/uploads\/2014\/01\/unioni-demokratik-te-shqiptareve-Ulqin.jpg","width":960,"height":424},{"@type":"WebPage","@id":"https:\/\/www.visit-ulcinj.com\/blog\/2017\/02\/17\/dua-najostrije-osudujemo-prijetnje-upucene-vrijedanje-na-nacionalnoj-vjerskoj-svakoj-drugoj-razlicitosti\/#webpage","url":"https:\/\/www.visit-ulcinj.com\/blog\/2017\/02\/17\/dua-najostrije-osudujemo-prijetnje-upucene-vrijedanje-na-nacionalnoj-vjerskoj-svakoj-drugoj-razlicitosti\/","name":"DUA: Najo\u0161trije osu\u0111ujemo prijetnje upu\u0107ene vrije\u0111anje na nacionalnoj, vjerskoj i svakoj drugoj razli\u010ditosti - Lajme nga Ulqini","isPartOf":{"@id":"https:\/\/www.visit-ulcinj.com\/blog\/#website"},"primaryImageOfPage":{"@id":"https:\/\/www.visit-ulcinj.com\/blog\/2017\/02\/17\/dua-najostrije-osudujemo-prijetnje-upucene-vrijedanje-na-nacionalnoj-vjerskoj-svakoj-drugoj-razlicitosti\/#primaryimage"},"datePublished":"2017-02-17T15:45:01+00:00","dateModified":"2017-02-17T15:46:54+00:00","author":{"@id":"https:\/\/www.visit-ulcinj.com\/blog\/#\/schema\/person\/dcab619c614d3038751c63bc2aadc06d"},"description":"Posljednja de\u0161avanja u crnogorskom Parlamentu ne samo da ne prili\u010de demokratiji, ve\u0107 na\u017ealost nas Albance ponovo vra\u0107aju u neka vremena za koja smo","breadcrumb":{"@id":"https:\/\/www.visit-ulcinj.com\/blog\/2017\/02\/17\/dua-najostrije-osudujemo-prijetnje-upucene-vrijedanje-na-nacionalnoj-vjerskoj-svakoj-drugoj-razlicitosti\/#breadcrumb"},"inLanguage":"en-US","potentialAction":[{"@type":"ReadAction","target":["https:\/\/www.visit-ulcinj.com\/blog\/2017\/02\/17\/dua-najostrije-osudujemo-prijetnje-upucene-vrijedanje-na-nacionalnoj-vjerskoj-svakoj-drugoj-razlicitosti\/"]}]},{"@type":"BreadcrumbList","@id":"https:\/\/www.visit-ulcinj.com\/blog\/2017\/02\/17\/dua-najostrije-osudujemo-prijetnje-upucene-vrijedanje-na-nacionalnoj-vjerskoj-svakoj-drugoj-razlicitosti\/#breadcrumb","itemListElement":[{"@type":"ListItem","position":1,"name":"DUA: Najo\u0161trije osu\u0111ujemo prijetnje upu\u0107ene vrije\u0111anje na nacionalnoj, vjerskoj i svakoj drugoj razli\u010ditosti"}]},{"@type":"Person","@id":"https:\/\/www.visit-ulcinj.com\/blog\/#\/schema\/person\/dcab619c614d3038751c63bc2aadc06d","name":"ulqini","sameAs":["http:\/\/www.visit-ulcinj.com"],"url":"https:\/\/www.visit-ulcinj.com\/blog\/author\/admin\/"}]}},"jetpack_featured_media_url":"","jetpack_sharing_enabled":true,"jetpack_shortlink":"https:\/\/wp.me\/pe6lTn-qOh","_links":{"self":[{"href":"https:\/\/www.visit-ulcinj.com\/blog\/wp-json\/wp\/v2\/posts\/103061"}],"collection":[{"href":"https:\/\/www.visit-ulcinj.com\/blog\/wp-json\/wp\/v2\/posts"}],"about":[{"href":"https:\/\/www.visit-ulcinj.com\/blog\/wp-json\/wp\/v2\/types\/post"}],"author":[{"embeddable":true,"href":"https:\/\/www.visit-ulcinj.com\/blog\/wp-json\/wp\/v2\/users\/1"}],"replies":[{"embeddable":true,"href":"https:\/\/www.visit-ulcinj.com\/blog\/wp-json\/wp\/v2\/comments?post=103061"}],"version-history":[{"count":3,"href":"https:\/\/www.visit-ulcinj.com\/blog\/wp-json\/wp\/v2\/posts\/103061\/revisions"}],"predecessor-version":[{"id":103064,"href":"https:\/\/www.visit-ulcinj.com\/blog\/wp-json\/wp\/v2\/posts\/103061\/revisions\/103064"}],"wp:attachment":[{"href":"https:\/\/www.visit-ulcinj.com\/blog\/wp-json\/wp\/v2\/media?parent=103061"}],"wp:term":[{"taxonomy":"category","embeddable":true,"href":"https:\/\/www.visit-ulcinj.com\/blog\/wp-json\/wp\/v2\/categories?post=103061"},{"taxonomy":"post_tag","embeddable":true,"href":"https:\/\/www.visit-ulcinj.com\/blog\/wp-json\/wp\/v2\/tags?post=103061"}],"curies":[{"name":"wp","href":"https:\/\/api.w.org\/{rel}","templated":true}]}}