{"id":103065,"date":"2017-02-17T18:18:13","date_gmt":"2017-02-17T17:18:13","guid":{"rendered":"http:\/\/www.visit-ulcinj.com\/blog\/?p=103065"},"modified":"2017-02-18T17:48:25","modified_gmt":"2017-02-18T16:48:25","slug":"xhemal-xhemo-lanica-personalitet-shquar-ulqinit-veprimtaria-e-tij-nuk-njihte-kufij","status":"publish","type":"post","link":"https:\/\/www.visit-ulcinj.com\/blog\/2017\/02\/17\/xhemal-xhemo-lanica-personalitet-shquar-ulqinit-veprimtaria-e-tij-nuk-njihte-kufij\/","title":{"rendered":"Xhemal &#8211; Xhemo LANICA personalitet i shquar i Ulqinit, veprimtaria e tij nuk njihte kufij"},"content":{"rendered":"<p><a href=\"http:\/\/www.visit-ulcinj.com\/blog\/wp-content\/uploads\/2017\/02\/Xhemal-Xhemo-LANICA-personalitet-i-shquar-i-Ulqinit-1.jpg\"><img loading=\"lazy\" class=\"alignleft wp-image-103066\" src=\"http:\/\/www.visit-ulcinj.com\/blog\/wp-content\/uploads\/2017\/02\/Xhemal-Xhemo-LANICA-personalitet-i-shquar-i-Ulqinit-1.jpg\" alt=\"Xhemal - Xhemo LANICA personalitet i shquar i Ulqinit-1\" width=\"508\" height=\"569\" srcset=\"https:\/\/www.visit-ulcinj.com\/blog\/wp-content\/uploads\/2017\/02\/Xhemal-Xhemo-LANICA-personalitet-i-shquar-i-Ulqinit-1.jpg 537w, https:\/\/www.visit-ulcinj.com\/blog\/wp-content\/uploads\/2017\/02\/Xhemal-Xhemo-LANICA-personalitet-i-shquar-i-Ulqinit-1-268x300.jpg 268w\" sizes=\"(max-width: 508px) 100vw, 508px\" \/><\/a><strong><a id=\"js_u\" class=\"_hli\" href=\"https:\/\/www.facebook.com\/ismet.karamanaga\" data-hovercard=\"\/ajax\/hovercard\/user.php?id=1359492972\" data-hovercard-prefer-more-content-show=\"1\">Ismet Karamanaga<\/a> Facebook<\/strong><\/p>\n<p>Ka koh\u00eb q\u00eb ka ndrruaj jet\u00eb, mir\u00ebpo, gjithmon\u00eb kam pasur d\u00ebshir\u00eb ti shkruaj disa rrijeshta, p\u00ebr k\u00ebt\u00eb figur markante t\u00eb hoteleris\u00eb nga koha e art\u00eb e turizmit ton\u00eb, t\u00eb them\u00eb m\u00eb mir\u00eb \u00e7\u00eb nga fillimet e turizmit n\u00eb Ulqin dhe n\u00eb Mal t\u00eb Zi. Xhemal LANICA \u00ebsht\u00eb nj\u00ebri nga ato t\u00eb cil\u00ebt e kan\u00eb ngritur turizmin ton\u00eb n\u00eb nj\u00eb nivel jasht\u00ebzakonisht\u00eb t\u00eb lart\u00eb n\u00eb bot\u00ebn e turizmmit t\u00eb asaj kohe. Prandaj, edhe un\u00eb shkruaj p\u00ebr te me nj\u00eb nostalgji t\u00eb madhe, pasi q\u00eb e kam njohur at\u00eb dhe nj\u00eb plejade t\u00eb madhe t\u00eb cilat e kan\u00eb \u201cqendisur \u201c turizmin ton\u00eb t\u00eb asaj kohe.<br \/>\nKoh\u00ebn e fundit t\u00eb jet\u00ebs s\u00eb tij Xhemoja e ka kaluar n\u00eb hotelin \u201cMediteran\u201d si shef i sall\u00ebs s\u00eb madhe t\u00eb k\u00ebtij hoteli, ku \u00ebsht\u00eb dashur edhe ta p\u00ebrfundon\u00eb misionin e tij. Kurdoher\u00eb kur\u00eb kaloj rrug\u00ebs pran\u00eb k\u00ebtij hoteli, m\u00eb kujtohet figura e tij markante, dhe gjithmon\u00eb e hedh\u00eb nj\u00eb sy n\u00eb katin e tret\u00eb ku ka punuar Xhemoja.<br \/>\nAtij i ka pasur hije gjith\u00eb\u00e7ka, si\u00e7 thot\u00eb populli yn\u00eb. Ka qen\u00eb i pash\u00ebm, i bukur i rall\u00eb. Gjithmon\u00eb ka qen\u00eb i veshur n\u00eb m\u00ebnyr\u00eb elegante dhe ka sh\u00ebrbyer si shembull se si duhet t\u00eb duket nj\u00eb pun\u00ebtor n\u00eb heteleri, pasi q\u00eb kamarijeri dhe recepcionisti kan\u00eb qen\u00eb kontakti i par\u00eb dhe p\u00ebrshtypja e par\u00eb e mysafirit n\u00eb hotel. Xhemoja ka qen\u00eb, me t\u00eb v\u00ebrtet\u00eb i jasht\u00ebzakonsh\u00ebm, nd\u00ebr pun\u00ebtor\u00ebt t\u00eb par\u00eb t\u00eb turizmit n\u00eb Ulqin dhe n\u00eb Mal t\u00eb Zi, dhe pa dyshim ka l\u00ebn\u00eb gjurm\u00eb t\u00eb pashlyera. S\u00eb bashku me nj\u00eb plejad\u00eb pun\u00ebtor\u00ebsh turistik\u00eb, t\u00eb them\u00eb m\u00eb mir\u00eb artist\u00ebsh n\u00eb heteleri, si\u00e7 kan\u00eb qen\u00eb, Qazim Qaku Quku, Ismail Bushati, Bim Kahari, Fadil Sula, Qemal Resulbegu, Qamil Taipi, Andrija Qetkoviqi, dhe shum\u00eb t\u00eb tjer\u00eb, kan\u00eb qen\u00eb t\u00eb par\u00ebt q\u00eb kan\u00eb vendosur gurthemelet e hoteleris\u00eb te ne n\u00eb Ulqin.<\/p>\n<p><a href=\"http:\/\/www.visit-ulcinj.com\/blog\/wp-content\/uploads\/2017\/02\/Xhemal-Xhemo-LANICA-Qamil-Taipi-Ulqin.jpg\"><img loading=\"lazy\" class=\"alignleft wp-image-103067\" src=\"http:\/\/www.visit-ulcinj.com\/blog\/wp-content\/uploads\/2017\/02\/Xhemal-Xhemo-LANICA-Qamil-Taipi-Ulqin.jpg\" alt=\"Xhemal - Xhemo LANICA - Qamil Taipi -Ulqin\" width=\"508\" height=\"856\" srcset=\"https:\/\/www.visit-ulcinj.com\/blog\/wp-content\/uploads\/2017\/02\/Xhemal-Xhemo-LANICA-Qamil-Taipi-Ulqin.jpg 570w, https:\/\/www.visit-ulcinj.com\/blog\/wp-content\/uploads\/2017\/02\/Xhemal-Xhemo-LANICA-Qamil-Taipi-Ulqin-178x300.jpg 178w\" sizes=\"(max-width: 508px) 100vw, 508px\" \/><\/a><br \/>\nShum\u00eb nga k\u00ebto kan\u00eb nd\u00ebrruar jet\u00eb dhe nuk jetojn\u00eb m\u00eb, por ne duhet ti nxjerrim nga harresa, sepse ata jan\u00eb baza e fillimeve t\u00eb turizmit ton\u00eb, deri te n\u00eb vitet 90 t\u00eb shekullit t\u00eb kaluar.<br \/>\nEdhe Xhemoja, ashtu si t\u00eb tjer\u00ebt , ka filluar t\u00eb punoj\u00eb n\u00eb hoteleri n\u00eb e Ulqinit si i ri n\u00eb hotelerin\u00eb e Ulqinit, si kamarijer n\u00eb hotele t\u00eb njohura t\u00eb asaj kohe, si \u201cRepublika\u201d n\u00eb \u201cJadran\u201d dhe n\u00eb \u201cGaleb\u201d , dhe nuk \u00ebsht\u00eb rast\u00ebsi se edhe e ka p\u00ebrfunduar pun\u00ebn dhe karrijer\u00ebn etij pas kthimit nga Beogradi, n\u00eb hotelin \u201cMediteran\u201d, hotelin m\u00eb t\u00eb ri t\u00eb asaj kohe .<br \/>\nXhemoja ka kryer spezializimin n\u00eb Opati t\u00eb Kroacis\u00eb, qytetin m\u00eb t\u00eb njohur p\u00ebr turizmim n\u00eb Jugosllavin\u00eb e koh\u00ebs. N\u00eb k\u00ebt\u00eb qytet\u00eb kan\u00eb specializuar edhe shum\u00eb pun\u00ebtor\u00eb t\u00eb tjer\u00eb t\u00eb hoteleris\u00eb te ne. Opatia ka qen\u00eb qendra e turizmit t\u00eb Jugosllavis\u00eb s\u00eb dikurshme, vendi ku jan\u00eb shkolluar dhe kan\u00eb spezializuar kamarier\u00ebt dhe gjell\u00ebb\u00ebr\u00ebsit m\u00eb t\u00eb mir\u00eb t\u00eb turizmit t\u00eb Jugosllavis\u00eb. K\u00ebshtiu q\u00eb nuk \u00ebsht\u00eb e pa baz\u00eb mendimi se me nd\u00ebrprerjen e shkollimit t\u00eb pun\u00ebtor\u00ebve t\u00eb hoteleris\u00eb te ne n\u00eb qendra, si\u00e7 ka qen\u00eb Opatia, ka p\u00ebrfunduar edhe epoka e turizmit te ne. Vet\u00ebm ata kan\u00eb qen\u00eb dhe mund t\u00eb quhen profesionist\u00eb n\u00eb hoteleri. Mendoj, se sot n\u00eb turiz\u00ebm, n\u00eb hoteleri, si edhe n\u00eb t\u00ebr\u00eb shoq\u00ebrin\u00eb ton\u00eb n\u00eb p\u00ebrgjith\u00ebsi , kan\u00eb ndryshuar vlerat.<br \/>\nXhemal LANICA ka sh\u00ebrbyer shum\u00eb nga personazhet e njohura, t\u00eb cilat e kan\u00eb vizitur qytetin e Ulqinit, si\u00e7 ka qen\u00eb personalitetet e politik\u00ebs, kultur\u00ebs etj. Pa dyshim, m\u00eb i njohuri dhe m\u00eb i famshmi ka qen\u00eb ish kryetari i RSFJ s\u00eb Tito, i cili ka vizituar Ulqinin n\u00eb vitet 60 t\u00eb shekullit t\u00eb kaluar. N\u00eb ekipin cili e ka sh\u00ebrbyer Titon ka qen\u00eb edhe Xhemal Lanica.<\/p>\n<p><a href=\"http:\/\/www.visit-ulcinj.com\/blog\/wp-content\/uploads\/2017\/02\/Havaja-Mimi-Ismakic-Xhemo-Lanica-et-Filo-Leskovci..jpg\"><img loading=\"lazy\" class=\"alignleft wp-image-103072\" src=\"http:\/\/www.visit-ulcinj.com\/blog\/wp-content\/uploads\/2017\/02\/Havaja-Mimi-Ismakic-Xhemo-Lanica-et-Filo-Leskovci..jpg\" alt=\"Havaja Mimi Ismakic, Xhemo Lanica et Filo Leskovci.\" width=\"508\" height=\"915\" srcset=\"https:\/\/www.visit-ulcinj.com\/blog\/wp-content\/uploads\/2017\/02\/Havaja-Mimi-Ismakic-Xhemo-Lanica-et-Filo-Leskovci..jpg 533w, https:\/\/www.visit-ulcinj.com\/blog\/wp-content\/uploads\/2017\/02\/Havaja-Mimi-Ismakic-Xhemo-Lanica-et-Filo-Leskovci.-167x300.jpg 167w\" sizes=\"(max-width: 508px) 100vw, 508px\" \/><\/a><br \/>\nXhemoja, ka folur gjithmon\u00eb m\u00eb nj\u00eb nostalgji t\u00eb madhe p\u00ebr Jugosllavin\u00eb e dikurshme. Ka pasur mall t\u00eb madh p\u00ebr ato koh\u00ebt e arta t\u00eb turizmit n\u00eb Ulqin, kur, hotelet, sht\u00ebpit\u00eb, plazh\u00ebt dhe rrug\u00ebt tona kan\u00eb qen\u00eb plot me mysafir\u00eb t\u00eb huaj, sidomos nga Gjermania. Gjermani ka qen\u00eb mysafiri m\u00eb i mir\u00eb, kurse \u201cmarka\u201d ka qen\u00eb \u201cmbret\u00ebresha\u201d e pareve. Kemi punur shum\u00eb, rrogat i kemi pasur t\u00eb mira, \u201cbakshishin\u201d e mir\u00eb, \u00ebsht\u00eb shprehur shpesh Xhemoja.<br \/>\nUn\u00eb e kam njohur mir\u00eb. Koh\u00ebn e fundit e pun\u00ebs s\u00eb tij kemi biseduar shpesh n\u00eb hotelin \u201cMediteran\u201d pasi q\u00eb edhe un\u00eb e kam pasur zyren aty, si p\u00ebrfaq\u00ebsues i Agjensis\u00eb turistike \u201cKOMPAS\u201d nga Ljubjana, agjensis\u00eb m\u00eb t\u00eb madhe t\u00eb asaj kohe t\u00eb ish Jugosllavis\u00eb.<br \/>\nShum\u00eb nga qytetar\u00eb tan\u00eb nuk e din se Xhemal LANICA, nj\u00eb koh\u00eb , p\u00ebr afro 12 vite, nga viti 1959 deri n\u00eb vitin 1972, ka punuar si shef i sh\u00ebrbimit n\u00eb Ambasad\u00ebn e Italis\u00eb n\u00eb Beograd. M\u00eb duket se ajo koh\u00eb ka qen\u00eb koha m\u00eb e suksesshme n\u00eb jet\u00ebn e tij. Xhemalin e kan\u00eb dashur t\u00eb gjith\u00eb, duke filluar prej ambasadorit e deri te kryeministri i Italis\u00eb i asaj kohe Aldo MORO.<\/p>\n<p><a href=\"http:\/\/www.visit-ulcinj.com\/blog\/wp-content\/uploads\/2017\/02\/N\u00eb-foto-me-kryeministri-e-Italis\u00eb-Aldo-MORO-Xhemo-Lanica.jpg\"><img loading=\"lazy\" class=\"alignleft wp-image-103068\" src=\"http:\/\/www.visit-ulcinj.com\/blog\/wp-content\/uploads\/2017\/02\/N\u00eb-foto-me-kryeministri-e-Italis\u00eb-Aldo-MORO-Xhemo-Lanica.jpg\" alt=\"N\u00eb foto me kryeministri e Italis\u00eb Aldo MORO - Xhemo Lanica\" width=\"508\" height=\"903\" srcset=\"https:\/\/www.visit-ulcinj.com\/blog\/wp-content\/uploads\/2017\/02\/N\u00eb-foto-me-kryeministri-e-Italis\u00eb-Aldo-MORO-Xhemo-Lanica.jpg 540w, https:\/\/www.visit-ulcinj.com\/blog\/wp-content\/uploads\/2017\/02\/N\u00eb-foto-me-kryeministri-e-Italis\u00eb-Aldo-MORO-Xhemo-Lanica-169x300.jpg 169w\" sizes=\"(max-width: 508px) 100vw, 508px\" \/><\/a><br \/>\nM\u00eb von\u00eb, kur kemi biseduar n\u00eb hotelin \u201cMediteran\u201d, shpeshher\u00eb e kam p\u00ebrkujtuar n\u00eb k\u00ebt\u00eb epizod t\u00eb jet\u00ebs s\u00eb tij n\u00eb Beograd, pasi q\u00eb edhe un\u00eb nga nj\u00ebher\u00eb kam qen\u00eb d\u00ebshmitar i pun\u00ebs s\u00eb tij n\u00eb Beograd, gjat\u00eb viteve 70 t\u00eb shekullit t\u00eb kaluar, kur isha student n\u00eb Beograd. Me kush\u00ebririn tim t\u00eb ndjer\u00eb Basri Karamanaga, i cili n\u00eb at\u00eb koh\u00eb ka punuar n\u00eb anije n\u00eb lumin Sava, shpesh kemi shkuar deri tek Ambasada e Italis\u00eb p\u00ebr t\u00eb u takuar me Xhemon.<br \/>\nDuke fal\u00ebnderuar Xhemon dhe Basriun, edhe un\u00eb si student kam dal\u00eb n\u00eb restorantet dhe lokalet m\u00eb t\u00eb mir\u00eb t\u00eb Beogradit t\u00eb asaj kohe.<br \/>\nSi pun\u00ebtor i respektuar n\u00eb Ambasad\u00ebn e Italis\u00eb , Xhemali ka pasur rast t\u00eb njihet m\u00eb shum\u00eb njer\u00ebz nga politika dhe kultura e asaj kohe. Shum\u00eb ulqinak t\u00eb cil\u00ebt kan\u00eb pasur nevoj p\u00ebr ndihm\u00eb n\u00eb Ambasad\u00ebn e Italis\u00eb, kan\u00eb pasur gjithmon\u00eb ndihm\u00ebn m\u00eb t\u00eb madhe nga Xhemal Lanica. Shpeshher\u00eb ai i ka pritur dhe i ka p\u00ebrcjellur ulqinak\u00ebt n\u00eb stacionin e autobusave t\u00eb Beogradit, ku Xhemon e kan\u00eb njohur t\u00eb gjith\u00eb. Nj\u00eb shoq\u00ebri t\u00eb madhe ka pasur edhe m\u00eb t\u00eb ndjerin Xhemal TUL\u00cbN, i cili gjithashtu n\u00eb ato koh\u00eb ka jetuar dhe punuar n\u00eb Beograd.<br \/>\nP\u00ebr fund, edhe disa rreshta nga jeta e tij. Xhemal LANICA ka pasur nj\u00eb jet\u00eb interesante. Ka lindur n\u00eb Ran\u00eb t\u00eb Ulqinit, prandaj ka qen\u00eb \u201cRanacak\u201d, por edhe ka jetuar n\u00eb Kala af\u00ebr 10 vite, ku edhe kan\u00eb lindur dy djemt\u00eb e tij, k\u00ebshtu q\u00eb ka qen\u00eb edhe \u201cKalali\u201d.<br \/>\nKa nd\u00ebrruar jet\u00eb n\u00eb vitin 1995, kur \u00ebsht\u00eb dashur ta fitoj\u00eb penzionine e merituar. Inshalla shpirti i tij gjen prehje n\u00eb Xhehnet.<br \/>\nMendoj se \u00ebsht\u00eb mir\u00eb q\u00eb personazh\u00ebt, si\u00e7 ka qen\u00eb edhe Xhemal LANICA t,i sh\u00ebnojm\u00eb dhe t\u00eb mos i harrojm\u00eb, por ti nxjerrim nga harresa. \u00cbsht\u00eb mir\u00eb q\u00eb edhe gjeneratat e sotme t\u00eb njoftohen me k\u00ebto njer\u00ebz t\u00eb cilat e kan\u00eb shenuar qytetin e Ulqinit n\u00eb shekullin e kaluar. Ndoshta dikur edhe do ta g\u00ebzojn\u00eb vendin e merituar n\u00eb trash\u00ebgimin\u00eb ton\u00eb.<\/p>\n<p><a href=\"http:\/\/www.visit-ulcinj.com\/blog\/wp-content\/uploads\/2017\/02\/Xhemal-Xhemo-LANICA-personalitet-i-shquar-i-Ulqinit.jpg\"><img loading=\"lazy\" class=\"alignleft wp-image-103069\" src=\"http:\/\/www.visit-ulcinj.com\/blog\/wp-content\/uploads\/2017\/02\/Xhemal-Xhemo-LANICA-personalitet-i-shquar-i-Ulqinit.jpg\" alt=\"Xhemal - Xhemo LANICA personalitet i shquar i Ulqinit\" width=\"508\" height=\"903\" srcset=\"https:\/\/www.visit-ulcinj.com\/blog\/wp-content\/uploads\/2017\/02\/Xhemal-Xhemo-LANICA-personalitet-i-shquar-i-Ulqinit.jpg 540w, https:\/\/www.visit-ulcinj.com\/blog\/wp-content\/uploads\/2017\/02\/Xhemal-Xhemo-LANICA-personalitet-i-shquar-i-Ulqinit-169x300.jpg 169w\" sizes=\"(max-width: 508px) 100vw, 508px\" \/><\/a><\/p>\n","protected":false},"excerpt":{"rendered":"<p>Ismet Karamanaga Facebook Ka koh\u00eb q\u00eb ka ndrruaj jet\u00eb, mir\u00ebpo, gjithmon\u00eb kam pasur d\u00ebshir\u00eb ti shkruaj disa rrijeshta, p\u00ebr k\u00ebt\u00eb figur markante t\u00eb hoteleris\u00eb nga koha e art\u00eb e turizmit ton\u00eb, t\u00eb them\u00eb m\u00eb mir\u00eb \u00e7\u00eb nga fillimet e turizmit n\u00eb Ulqin dhe n\u00eb Mal t\u00eb Zi. Xhemal LANICA \u00ebsht\u00eb nj\u00ebri nga ato t\u00eb cil\u00ebt [&hellip;]<\/p>\n","protected":false},"author":1,"featured_media":0,"comment_status":"closed","ping_status":"closed","sticky":false,"template":"","format":"standard","meta":{"spay_email":"","jetpack_publicize_message":"","jetpack_is_tweetstorm":false,"jetpack_publicize_feature_enabled":true},"categories":[1,13],"tags":[],"jetpack_publicize_connections":[],"yoast_head":"<!-- This site is optimized with the Yoast SEO plugin v19.1 - https:\/\/yoast.com\/wordpress\/plugins\/seo\/ -->\n<title>Xhemal - Xhemo LANICA personalitet i shquar i Ulqinit, veprimtaria e tij nuk njihte kufij - Lajme nga Ulqini<\/title>\n<meta name=\"description\" content=\"Ismet Karamanaga Facebook Ka koh\u00eb q\u00eb ka ndrruaj jet\u00eb, mir\u00ebpo, gjithmon\u00eb kam pasur d\u00ebshir\u00eb ti shkruaj disa rrijeshta, p\u00ebr k\u00ebt\u00eb figur markante t\u00eb hoteleris\u00eb\" \/>\n<meta name=\"robots\" content=\"index, follow, max-snippet:-1, max-image-preview:large, max-video-preview:-1\" \/>\n<link rel=\"canonical\" href=\"https:\/\/www.visit-ulcinj.com\/blog\/2017\/02\/17\/xhemal-xhemo-lanica-personalitet-shquar-ulqinit-veprimtaria-e-tij-nuk-njihte-kufij\/\" \/>\n<meta property=\"og:locale\" content=\"en_US\" \/>\n<meta property=\"og:type\" content=\"article\" \/>\n<meta property=\"og:title\" content=\"Xhemal - Xhemo LANICA personalitet i shquar i Ulqinit, veprimtaria e tij nuk njihte kufij - Lajme nga Ulqini\" \/>\n<meta property=\"og:description\" content=\"Ismet Karamanaga Facebook Ka koh\u00eb q\u00eb ka ndrruaj jet\u00eb, mir\u00ebpo, gjithmon\u00eb kam pasur d\u00ebshir\u00eb ti shkruaj disa rrijeshta, p\u00ebr k\u00ebt\u00eb figur markante t\u00eb hoteleris\u00eb\" \/>\n<meta property=\"og:url\" content=\"https:\/\/www.visit-ulcinj.com\/blog\/2017\/02\/17\/xhemal-xhemo-lanica-personalitet-shquar-ulqinit-veprimtaria-e-tij-nuk-njihte-kufij\/\" \/>\n<meta property=\"og:site_name\" content=\"Lajme nga Ulqini\" \/>\n<meta property=\"article:published_time\" content=\"2017-02-17T17:18:13+00:00\" \/>\n<meta property=\"article:modified_time\" content=\"2017-02-18T16:48:25+00:00\" \/>\n<meta property=\"og:image\" content=\"http:\/\/www.visit-ulcinj.com\/blog\/wp-content\/uploads\/2017\/02\/Xhemal-Xhemo-LANICA-personalitet-i-shquar-i-Ulqinit-1.jpg\" \/>\n<meta name=\"twitter:label1\" content=\"Written by\" \/>\n\t<meta name=\"twitter:data1\" content=\"ulqini\" \/>\n\t<meta name=\"twitter:label2\" content=\"Est. reading time\" \/>\n\t<meta name=\"twitter:data2\" content=\"6 minutes\" \/>\n<script type=\"application\/ld+json\" class=\"yoast-schema-graph\">{\"@context\":\"https:\/\/schema.org\",\"@graph\":[{\"@type\":\"WebSite\",\"@id\":\"https:\/\/www.visit-ulcinj.com\/blog\/#website\",\"url\":\"https:\/\/www.visit-ulcinj.com\/blog\/\",\"name\":\"Lajme nga Ulqini\",\"description\":\"Lajme,Vijesti,Ulqini,Ulqin,Crna Gora,Mali i Zi\",\"potentialAction\":[{\"@type\":\"SearchAction\",\"target\":{\"@type\":\"EntryPoint\",\"urlTemplate\":\"https:\/\/www.visit-ulcinj.com\/blog\/?s={search_term_string}\"},\"query-input\":\"required name=search_term_string\"}],\"inLanguage\":\"en-US\"},{\"@type\":\"ImageObject\",\"inLanguage\":\"en-US\",\"@id\":\"https:\/\/www.visit-ulcinj.com\/blog\/2017\/02\/17\/xhemal-xhemo-lanica-personalitet-shquar-ulqinit-veprimtaria-e-tij-nuk-njihte-kufij\/#primaryimage\",\"url\":\"https:\/\/www.visit-ulcinj.com\/blog\/wp-content\/uploads\/2017\/02\/Xhemal-Xhemo-LANICA-personalitet-i-shquar-i-Ulqinit-1.jpg\",\"contentUrl\":\"https:\/\/www.visit-ulcinj.com\/blog\/wp-content\/uploads\/2017\/02\/Xhemal-Xhemo-LANICA-personalitet-i-shquar-i-Ulqinit-1.jpg\",\"width\":537,\"height\":601},{\"@type\":\"WebPage\",\"@id\":\"https:\/\/www.visit-ulcinj.com\/blog\/2017\/02\/17\/xhemal-xhemo-lanica-personalitet-shquar-ulqinit-veprimtaria-e-tij-nuk-njihte-kufij\/#webpage\",\"url\":\"https:\/\/www.visit-ulcinj.com\/blog\/2017\/02\/17\/xhemal-xhemo-lanica-personalitet-shquar-ulqinit-veprimtaria-e-tij-nuk-njihte-kufij\/\",\"name\":\"Xhemal - Xhemo LANICA personalitet i shquar i Ulqinit, veprimtaria e tij nuk njihte kufij - Lajme nga Ulqini\",\"isPartOf\":{\"@id\":\"https:\/\/www.visit-ulcinj.com\/blog\/#website\"},\"primaryImageOfPage\":{\"@id\":\"https:\/\/www.visit-ulcinj.com\/blog\/2017\/02\/17\/xhemal-xhemo-lanica-personalitet-shquar-ulqinit-veprimtaria-e-tij-nuk-njihte-kufij\/#primaryimage\"},\"datePublished\":\"2017-02-17T17:18:13+00:00\",\"dateModified\":\"2017-02-18T16:48:25+00:00\",\"author\":{\"@id\":\"https:\/\/www.visit-ulcinj.com\/blog\/#\/schema\/person\/dcab619c614d3038751c63bc2aadc06d\"},\"description\":\"Ismet Karamanaga Facebook Ka koh\u00eb q\u00eb ka ndrruaj jet\u00eb, mir\u00ebpo, gjithmon\u00eb kam pasur d\u00ebshir\u00eb ti shkruaj disa rrijeshta, p\u00ebr k\u00ebt\u00eb figur markante t\u00eb hoteleris\u00eb\",\"breadcrumb\":{\"@id\":\"https:\/\/www.visit-ulcinj.com\/blog\/2017\/02\/17\/xhemal-xhemo-lanica-personalitet-shquar-ulqinit-veprimtaria-e-tij-nuk-njihte-kufij\/#breadcrumb\"},\"inLanguage\":\"en-US\",\"potentialAction\":[{\"@type\":\"ReadAction\",\"target\":[\"https:\/\/www.visit-ulcinj.com\/blog\/2017\/02\/17\/xhemal-xhemo-lanica-personalitet-shquar-ulqinit-veprimtaria-e-tij-nuk-njihte-kufij\/\"]}]},{\"@type\":\"BreadcrumbList\",\"@id\":\"https:\/\/www.visit-ulcinj.com\/blog\/2017\/02\/17\/xhemal-xhemo-lanica-personalitet-shquar-ulqinit-veprimtaria-e-tij-nuk-njihte-kufij\/#breadcrumb\",\"itemListElement\":[{\"@type\":\"ListItem\",\"position\":1,\"name\":\"Xhemal &#8211; Xhemo LANICA personalitet i shquar i Ulqinit, veprimtaria e tij nuk njihte kufij\"}]},{\"@type\":\"Person\",\"@id\":\"https:\/\/www.visit-ulcinj.com\/blog\/#\/schema\/person\/dcab619c614d3038751c63bc2aadc06d\",\"name\":\"ulqini\",\"sameAs\":[\"http:\/\/www.visit-ulcinj.com\"],\"url\":\"https:\/\/www.visit-ulcinj.com\/blog\/author\/admin\/\"}]}<\/script>\n<!-- \/ Yoast SEO plugin. -->","yoast_head_json":{"title":"Xhemal - Xhemo LANICA personalitet i shquar i Ulqinit, veprimtaria e tij nuk njihte kufij - Lajme nga Ulqini","description":"Ismet Karamanaga Facebook Ka koh\u00eb q\u00eb ka ndrruaj jet\u00eb, mir\u00ebpo, gjithmon\u00eb kam pasur d\u00ebshir\u00eb ti shkruaj disa rrijeshta, p\u00ebr k\u00ebt\u00eb figur markante t\u00eb hoteleris\u00eb","robots":{"index":"index","follow":"follow","max-snippet":"max-snippet:-1","max-image-preview":"max-image-preview:large","max-video-preview":"max-video-preview:-1"},"canonical":"https:\/\/www.visit-ulcinj.com\/blog\/2017\/02\/17\/xhemal-xhemo-lanica-personalitet-shquar-ulqinit-veprimtaria-e-tij-nuk-njihte-kufij\/","og_locale":"en_US","og_type":"article","og_title":"Xhemal - Xhemo LANICA personalitet i shquar i Ulqinit, veprimtaria e tij nuk njihte kufij - Lajme nga Ulqini","og_description":"Ismet Karamanaga Facebook Ka koh\u00eb q\u00eb ka ndrruaj jet\u00eb, mir\u00ebpo, gjithmon\u00eb kam pasur d\u00ebshir\u00eb ti shkruaj disa rrijeshta, p\u00ebr k\u00ebt\u00eb figur markante t\u00eb hoteleris\u00eb","og_url":"https:\/\/www.visit-ulcinj.com\/blog\/2017\/02\/17\/xhemal-xhemo-lanica-personalitet-shquar-ulqinit-veprimtaria-e-tij-nuk-njihte-kufij\/","og_site_name":"Lajme nga Ulqini","article_published_time":"2017-02-17T17:18:13+00:00","article_modified_time":"2017-02-18T16:48:25+00:00","og_image":[{"url":"http:\/\/www.visit-ulcinj.com\/blog\/wp-content\/uploads\/2017\/02\/Xhemal-Xhemo-LANICA-personalitet-i-shquar-i-Ulqinit-1.jpg"}],"twitter_misc":{"Written by":"ulqini","Est. reading time":"6 minutes"},"schema":{"@context":"https:\/\/schema.org","@graph":[{"@type":"WebSite","@id":"https:\/\/www.visit-ulcinj.com\/blog\/#website","url":"https:\/\/www.visit-ulcinj.com\/blog\/","name":"Lajme nga Ulqini","description":"Lajme,Vijesti,Ulqini,Ulqin,Crna Gora,Mali i Zi","potentialAction":[{"@type":"SearchAction","target":{"@type":"EntryPoint","urlTemplate":"https:\/\/www.visit-ulcinj.com\/blog\/?s={search_term_string}"},"query-input":"required name=search_term_string"}],"inLanguage":"en-US"},{"@type":"ImageObject","inLanguage":"en-US","@id":"https:\/\/www.visit-ulcinj.com\/blog\/2017\/02\/17\/xhemal-xhemo-lanica-personalitet-shquar-ulqinit-veprimtaria-e-tij-nuk-njihte-kufij\/#primaryimage","url":"https:\/\/www.visit-ulcinj.com\/blog\/wp-content\/uploads\/2017\/02\/Xhemal-Xhemo-LANICA-personalitet-i-shquar-i-Ulqinit-1.jpg","contentUrl":"https:\/\/www.visit-ulcinj.com\/blog\/wp-content\/uploads\/2017\/02\/Xhemal-Xhemo-LANICA-personalitet-i-shquar-i-Ulqinit-1.jpg","width":537,"height":601},{"@type":"WebPage","@id":"https:\/\/www.visit-ulcinj.com\/blog\/2017\/02\/17\/xhemal-xhemo-lanica-personalitet-shquar-ulqinit-veprimtaria-e-tij-nuk-njihte-kufij\/#webpage","url":"https:\/\/www.visit-ulcinj.com\/blog\/2017\/02\/17\/xhemal-xhemo-lanica-personalitet-shquar-ulqinit-veprimtaria-e-tij-nuk-njihte-kufij\/","name":"Xhemal - Xhemo LANICA personalitet i shquar i Ulqinit, veprimtaria e tij nuk njihte kufij - Lajme nga Ulqini","isPartOf":{"@id":"https:\/\/www.visit-ulcinj.com\/blog\/#website"},"primaryImageOfPage":{"@id":"https:\/\/www.visit-ulcinj.com\/blog\/2017\/02\/17\/xhemal-xhemo-lanica-personalitet-shquar-ulqinit-veprimtaria-e-tij-nuk-njihte-kufij\/#primaryimage"},"datePublished":"2017-02-17T17:18:13+00:00","dateModified":"2017-02-18T16:48:25+00:00","author":{"@id":"https:\/\/www.visit-ulcinj.com\/blog\/#\/schema\/person\/dcab619c614d3038751c63bc2aadc06d"},"description":"Ismet Karamanaga Facebook Ka koh\u00eb q\u00eb ka ndrruaj jet\u00eb, mir\u00ebpo, gjithmon\u00eb kam pasur d\u00ebshir\u00eb ti shkruaj disa rrijeshta, p\u00ebr k\u00ebt\u00eb figur markante t\u00eb hoteleris\u00eb","breadcrumb":{"@id":"https:\/\/www.visit-ulcinj.com\/blog\/2017\/02\/17\/xhemal-xhemo-lanica-personalitet-shquar-ulqinit-veprimtaria-e-tij-nuk-njihte-kufij\/#breadcrumb"},"inLanguage":"en-US","potentialAction":[{"@type":"ReadAction","target":["https:\/\/www.visit-ulcinj.com\/blog\/2017\/02\/17\/xhemal-xhemo-lanica-personalitet-shquar-ulqinit-veprimtaria-e-tij-nuk-njihte-kufij\/"]}]},{"@type":"BreadcrumbList","@id":"https:\/\/www.visit-ulcinj.com\/blog\/2017\/02\/17\/xhemal-xhemo-lanica-personalitet-shquar-ulqinit-veprimtaria-e-tij-nuk-njihte-kufij\/#breadcrumb","itemListElement":[{"@type":"ListItem","position":1,"name":"Xhemal &#8211; Xhemo LANICA personalitet i shquar i Ulqinit, veprimtaria e tij nuk njihte kufij"}]},{"@type":"Person","@id":"https:\/\/www.visit-ulcinj.com\/blog\/#\/schema\/person\/dcab619c614d3038751c63bc2aadc06d","name":"ulqini","sameAs":["http:\/\/www.visit-ulcinj.com"],"url":"https:\/\/www.visit-ulcinj.com\/blog\/author\/admin\/"}]}},"jetpack_featured_media_url":"","jetpack_sharing_enabled":true,"jetpack_shortlink":"https:\/\/wp.me\/pe6lTn-qOl","_links":{"self":[{"href":"https:\/\/www.visit-ulcinj.com\/blog\/wp-json\/wp\/v2\/posts\/103065"}],"collection":[{"href":"https:\/\/www.visit-ulcinj.com\/blog\/wp-json\/wp\/v2\/posts"}],"about":[{"href":"https:\/\/www.visit-ulcinj.com\/blog\/wp-json\/wp\/v2\/types\/post"}],"author":[{"embeddable":true,"href":"https:\/\/www.visit-ulcinj.com\/blog\/wp-json\/wp\/v2\/users\/1"}],"replies":[{"embeddable":true,"href":"https:\/\/www.visit-ulcinj.com\/blog\/wp-json\/wp\/v2\/comments?post=103065"}],"version-history":[{"count":3,"href":"https:\/\/www.visit-ulcinj.com\/blog\/wp-json\/wp\/v2\/posts\/103065\/revisions"}],"predecessor-version":[{"id":103073,"href":"https:\/\/www.visit-ulcinj.com\/blog\/wp-json\/wp\/v2\/posts\/103065\/revisions\/103073"}],"wp:attachment":[{"href":"https:\/\/www.visit-ulcinj.com\/blog\/wp-json\/wp\/v2\/media?parent=103065"}],"wp:term":[{"taxonomy":"category","embeddable":true,"href":"https:\/\/www.visit-ulcinj.com\/blog\/wp-json\/wp\/v2\/categories?post=103065"},{"taxonomy":"post_tag","embeddable":true,"href":"https:\/\/www.visit-ulcinj.com\/blog\/wp-json\/wp\/v2\/tags?post=103065"}],"curies":[{"name":"wp","href":"https:\/\/api.w.org\/{rel}","templated":true}]}}