{"id":103074,"date":"2017-02-18T17:12:37","date_gmt":"2017-02-18T16:12:37","guid":{"rendered":"http:\/\/www.visit-ulcinj.com\/blog\/?p=103074"},"modified":"2017-02-19T19:09:13","modified_gmt":"2017-02-19T18:09:13","slug":"genjeshtra-ura-ka-reaguar-per-portalin-lajm","status":"publish","type":"post","link":"https:\/\/www.visit-ulcinj.com\/blog\/2017\/02\/18\/genjeshtra-ura-ka-reaguar-per-portalin-lajm\/","title":{"rendered":"G\u00ebnjeshtra: URA ka reaguar p\u00ebr portalin Lajm.me"},"content":{"rendered":"<p style=\"text-align: center;\"><strong><a href=\"http:\/\/www.visit-ulcinj.com\/blog\/wp-content\/uploads\/2017\/02\/Mjaft-m\u00eb-G\u00ebnjeshtra-URA-Ulqin.jpg\"><img loading=\"lazy\" class=\"alignleft wp-image-103075\" src=\"http:\/\/www.visit-ulcinj.com\/blog\/wp-content\/uploads\/2017\/02\/Mjaft-m\u00eb-G\u00ebnjeshtra-URA-Ulqin.jpg\" alt=\"Mjaft m\u00eb G\u00ebnjeshtra -URA Ulqin\" width=\"508\" height=\"677\" srcset=\"https:\/\/www.visit-ulcinj.com\/blog\/wp-content\/uploads\/2017\/02\/Mjaft-m\u00eb-G\u00ebnjeshtra-URA-Ulqin.jpg 720w, https:\/\/www.visit-ulcinj.com\/blog\/wp-content\/uploads\/2017\/02\/Mjaft-m\u00eb-G\u00ebnjeshtra-URA-Ulqin-225x300.jpg 225w\" sizes=\"(max-width: 508px) 100vw, 508px\" \/><\/a>URA: Mos u kompromitoni m\u00eb, kemi m\u00eb fakte<\/strong><\/p>\n<p>Nga fabrika e g\u00ebnjeshtrave dhe dezinformimeve t\u00eb Forc\u00ebs, e cila p\u00ebrfshin edhe nj\u00ebfar\u00eb portali Lajm.me \u00ebsht\u00eb konfirmuar sakt\u00ebsia e dokumentit q\u00eb kemi botuar. Dhe t\u00eb gjith\u00eb ata q\u00eb din t\u00eb lexojn\u00eb mund t\u00eb shohim qart\u00eb se \u00e7far\u00eb ata tashm\u00eb e din\u00eb. Ne vet\u00ebm ofruam fakte e, sa p\u00ebr dijenin\u00eb tuaj, posedojm\u00eb edhe fakte tjera.<\/p>\n<p>Ne e dim\u00eb se kjo ju dhemb shum\u00eb, por argumentet jan\u00eb t\u00eb v\u00ebshtir\u00eb p\u00ebr ju q\u00eb nuk ju p\u00eblqen e v\u00ebrteta.<\/p>\n<p>Pra, ju jeni n\u00eb telashe t\u00eb m\u00ebdha, zot\u00ebrinj, dhe \u00ebsht\u00eb m\u00eb mir\u00eb t\u00eb mos komprometoheni m\u00eb. Mos lejoni q\u00eb kumtesat t\u2019ju shkruajn\u00eb personat t\u00eb cil\u00ebt nuk e kan\u00eb p\u00ebrfunduar as shkoll\u00ebn e mesme! Ata nuk jan\u00eb n\u00eb gjendje p\u00ebr t\u00eb kuptuar tekstin m\u00eb t\u00eb thjesht\u00eb, e l\u00ebre ma t\u00eb drejtojn\u00eb politik\u00ebn e nj\u00eb mediumi.<br \/>\nDhe mos licitoni m\u00eb me emrat e njer\u00ebzve, t\u00eb pakt\u00ebn ju q\u00eb jeni krijuesit e listave t\u00eb turpshme \u201ct\u00eb zeza\u201d dhe \u201ct\u00eb bardha\u201d.<\/p>\n<p>N\u00ebse ju vazhdoni me degradimin tuaj at\u00ebher\u00eb ky skandal p\u00ebr \u00e7do dit\u00eb do t\u00eb jen\u00eb m\u00eb af\u00ebr me afer\u00ebn e famshme \u201cSnimak\u201d t\u00eb DPS-it, \u00e7ka edhe m\u00eb fort do t\u00eb lidh FORC\u00cbN me DPS, partner\u00ebt m\u00eb t\u00eb af\u00ebrt e koalicionit n\u00eb nivel lokal dhe shtet\u00ebror, e t\u00eb cil\u00ebt Dushko Markoviqi i ka instaluar n\u00eb pushtet n\u00eb Ulqin dhe n\u00eb k\u00ebt\u00eb m\u00ebnyr\u00eb e posht\u00ebroi qytetin me 2500 vjet histori t\u00eb shkruar.<\/p>\n<p><a href=\"http:\/\/www.visit-ulcinj.com\/blog\/wp-content\/uploads\/2017\/02\/Mjaft-m\u00eb-G\u00ebnjeshtra-URA-Ulqin-Lajm.me-1.jpg\"><img loading=\"lazy\" class=\"alignleft wp-image-103080\" src=\"http:\/\/www.visit-ulcinj.com\/blog\/wp-content\/uploads\/2017\/02\/Mjaft-m\u00eb-G\u00ebnjeshtra-URA-Ulqin-Lajm.me-1.jpg\" alt=\"Mjaft m\u00eb G\u00ebnjeshtra -URA Ulqin-Lajm.me-1\" width=\"508\" height=\"188\" \/><\/a><\/p>\n<div id=\"id_58a87082ef1614e47858474\" class=\"text_exposed_root text_exposed\"><strong><span class=\"text_exposed_show\">NE BLAMIRAJTE SE VI\u0160E, IMAMO JO\u0160 DOKAZA!<\/span><\/strong><\/div>\n<div class=\"text_exposed_root text_exposed\"><span class=\"text_exposed_show\"><br \/>\nI Iz fabrike la\u017ei i dezinformacija Force, u koji spada i nekakav portal Lajm.me, potvr\u0111ena je ta\u010dnost dokumenta koji smo objavili. I tu su svi oni koji znaju da \u010ditaju jasno mogli da vide ono \u0161to ve\u0107 znaju. Mi smo samo ponudili dokaze kojih, cisto da znate imamo jos. Znamo da vas je to stra\u0161no zaboljelo, ali \u010dinjenice su te\u0161ke za vas koji istinu ne volite. <\/span><\/div>\n<div class=\"text_exposed_root text_exposed\"><\/div>\n<div class=\"text_exposed_root text_exposed\"><span class=\"text_exposed_show\">Dakle, u velikoj ste nevolji, gospodo, i bolje je da se vi\u0161e ne blamirate. Ne dajte da vam saop\u0161tenja pi\u0161u nesvr\u0161eni srednjo\u0161kolci. Oni nijesu u stanju da razumiju ni najobi\u010dniji tekst, a kamoli da usmjeravaju politiku jedne medijske ku\u0107e. I ne licitirajte vi\u0161e imenima ljudi, barem vi koji ste kreatori sramnih \u201ecrnih\u201c i \u201ebijelih\u201c lista. <\/span><\/div>\n<div class=\"text_exposed_root text_exposed\"><\/div>\n<div class=\"text_exposed_root text_exposed\"><span class=\"text_exposed_show\">Ako nastavite da se ovako dalje poni\u017eavate onda \u0107e ovaj skandal dnevno biti bli\u017ei \u010duvenoj aferi \u201cSnimak\u201d DPS-a, odnosno jo\u0161 sna\u017enije povezati Forcu i DPS, najbli\u017ee koalicione partnere na lokalnom i dr\u017eavnom nivou, koje je Du\u0161ko Markovi\u0107 instalirao na vlast u Ulcinju i na taj na\u010din najstra\u0161nije ponizio grad sa 2.500 godina pisane istorije.<\/span><\/div>\n<div id=\"fbPhotoSnowliftProductsTagList\" class=\"pts fbPhotoProductsTagList\"><\/div>\n<div id=\"fbPhotoSnowliftLegacyTagList\" class=\"pts fbPhotoLegacyTagList\"><\/div>\n<div id=\"fbPhotoSnowliftOwnerButtons\" class=\"mvm fbPhotosPhotoOwnerButtons stat_elem\"><\/div>\n<h3 class=\"r\"><span class=\"text_exposed_show\">\u00a0<\/span><\/h3>\n","protected":false},"excerpt":{"rendered":"<p>URA: Mos u kompromitoni m\u00eb, kemi m\u00eb fakte Nga fabrika e g\u00ebnjeshtrave dhe dezinformimeve t\u00eb Forc\u00ebs, e cila p\u00ebrfshin edhe nj\u00ebfar\u00eb portali Lajm.me \u00ebsht\u00eb konfirmuar sakt\u00ebsia e dokumentit q\u00eb kemi botuar. Dhe t\u00eb gjith\u00eb ata q\u00eb din t\u00eb lexojn\u00eb mund t\u00eb shohim qart\u00eb se \u00e7far\u00eb ata tashm\u00eb e din\u00eb. Ne vet\u00ebm ofruam fakte e, sa [&hellip;]<\/p>\n","protected":false},"author":1,"featured_media":0,"comment_status":"closed","ping_status":"closed","sticky":false,"template":"","format":"standard","meta":{"spay_email":"","jetpack_publicize_message":"","jetpack_is_tweetstorm":false,"jetpack_publicize_feature_enabled":true},"categories":[1,6],"tags":[],"jetpack_publicize_connections":[],"yoast_head":"<!-- This site is optimized with the Yoast SEO plugin v19.1 - https:\/\/yoast.com\/wordpress\/plugins\/seo\/ -->\n<title>G\u00ebnjeshtra: URA ka reaguar p\u00ebr portalin Lajm.me - Lajme nga Ulqini<\/title>\n<meta name=\"description\" content=\"URA: Mos u kompromitoni m\u00eb, kemi m\u00eb fakte Nga fabrika e g\u00ebnjeshtrave dhe dezinformimeve t\u00eb Forc\u00ebs, e cila p\u00ebrfshin edhe nj\u00ebfar\u00eb portali Lajm.me \u00ebsht\u00eb\" \/>\n<meta name=\"robots\" content=\"index, follow, max-snippet:-1, max-image-preview:large, max-video-preview:-1\" \/>\n<link rel=\"canonical\" href=\"https:\/\/www.visit-ulcinj.com\/blog\/2017\/02\/18\/genjeshtra-ura-ka-reaguar-per-portalin-lajm\/\" \/>\n<meta property=\"og:locale\" content=\"en_US\" \/>\n<meta property=\"og:type\" content=\"article\" \/>\n<meta property=\"og:title\" content=\"G\u00ebnjeshtra: URA ka reaguar p\u00ebr portalin Lajm.me - Lajme nga Ulqini\" \/>\n<meta property=\"og:description\" content=\"URA: Mos u kompromitoni m\u00eb, kemi m\u00eb fakte Nga fabrika e g\u00ebnjeshtrave dhe dezinformimeve t\u00eb Forc\u00ebs, e cila p\u00ebrfshin edhe nj\u00ebfar\u00eb portali Lajm.me \u00ebsht\u00eb\" \/>\n<meta property=\"og:url\" content=\"https:\/\/www.visit-ulcinj.com\/blog\/2017\/02\/18\/genjeshtra-ura-ka-reaguar-per-portalin-lajm\/\" \/>\n<meta property=\"og:site_name\" content=\"Lajme nga Ulqini\" \/>\n<meta property=\"article:published_time\" content=\"2017-02-18T16:12:37+00:00\" \/>\n<meta property=\"article:modified_time\" content=\"2017-02-19T18:09:13+00:00\" \/>\n<meta name=\"twitter:label1\" content=\"Written by\" \/>\n\t<meta name=\"twitter:data1\" content=\"ulqini\" \/>\n\t<meta name=\"twitter:label2\" content=\"Est. reading time\" \/>\n\t<meta name=\"twitter:data2\" content=\"2 minutes\" \/>\n<script type=\"application\/ld+json\" class=\"yoast-schema-graph\">{\"@context\":\"https:\/\/schema.org\",\"@graph\":[{\"@type\":\"WebSite\",\"@id\":\"https:\/\/www.visit-ulcinj.com\/blog\/#website\",\"url\":\"https:\/\/www.visit-ulcinj.com\/blog\/\",\"name\":\"Lajme nga Ulqini\",\"description\":\"Lajme,Vijesti,Ulqini,Ulqin,Crna Gora,Mali i Zi\",\"potentialAction\":[{\"@type\":\"SearchAction\",\"target\":{\"@type\":\"EntryPoint\",\"urlTemplate\":\"https:\/\/www.visit-ulcinj.com\/blog\/?s={search_term_string}\"},\"query-input\":\"required name=search_term_string\"}],\"inLanguage\":\"en-US\"},{\"@type\":\"WebPage\",\"@id\":\"https:\/\/www.visit-ulcinj.com\/blog\/2017\/02\/18\/genjeshtra-ura-ka-reaguar-per-portalin-lajm\/#webpage\",\"url\":\"https:\/\/www.visit-ulcinj.com\/blog\/2017\/02\/18\/genjeshtra-ura-ka-reaguar-per-portalin-lajm\/\",\"name\":\"G\u00ebnjeshtra: URA ka reaguar p\u00ebr portalin Lajm.me - Lajme nga Ulqini\",\"isPartOf\":{\"@id\":\"https:\/\/www.visit-ulcinj.com\/blog\/#website\"},\"datePublished\":\"2017-02-18T16:12:37+00:00\",\"dateModified\":\"2017-02-19T18:09:13+00:00\",\"author\":{\"@id\":\"https:\/\/www.visit-ulcinj.com\/blog\/#\/schema\/person\/dcab619c614d3038751c63bc2aadc06d\"},\"description\":\"URA: Mos u kompromitoni m\u00eb, kemi m\u00eb fakte Nga fabrika e g\u00ebnjeshtrave dhe dezinformimeve t\u00eb Forc\u00ebs, e cila p\u00ebrfshin edhe nj\u00ebfar\u00eb portali Lajm.me \u00ebsht\u00eb\",\"breadcrumb\":{\"@id\":\"https:\/\/www.visit-ulcinj.com\/blog\/2017\/02\/18\/genjeshtra-ura-ka-reaguar-per-portalin-lajm\/#breadcrumb\"},\"inLanguage\":\"en-US\",\"potentialAction\":[{\"@type\":\"ReadAction\",\"target\":[\"https:\/\/www.visit-ulcinj.com\/blog\/2017\/02\/18\/genjeshtra-ura-ka-reaguar-per-portalin-lajm\/\"]}]},{\"@type\":\"BreadcrumbList\",\"@id\":\"https:\/\/www.visit-ulcinj.com\/blog\/2017\/02\/18\/genjeshtra-ura-ka-reaguar-per-portalin-lajm\/#breadcrumb\",\"itemListElement\":[{\"@type\":\"ListItem\",\"position\":1,\"name\":\"G\u00ebnjeshtra: URA ka reaguar p\u00ebr portalin Lajm.me\"}]},{\"@type\":\"Person\",\"@id\":\"https:\/\/www.visit-ulcinj.com\/blog\/#\/schema\/person\/dcab619c614d3038751c63bc2aadc06d\",\"name\":\"ulqini\",\"sameAs\":[\"http:\/\/www.visit-ulcinj.com\"],\"url\":\"https:\/\/www.visit-ulcinj.com\/blog\/author\/admin\/\"}]}<\/script>\n<!-- \/ Yoast SEO plugin. -->","yoast_head_json":{"title":"G\u00ebnjeshtra: URA ka reaguar p\u00ebr portalin Lajm.me - Lajme nga Ulqini","description":"URA: Mos u kompromitoni m\u00eb, kemi m\u00eb fakte Nga fabrika e g\u00ebnjeshtrave dhe dezinformimeve t\u00eb Forc\u00ebs, e cila p\u00ebrfshin edhe nj\u00ebfar\u00eb portali Lajm.me \u00ebsht\u00eb","robots":{"index":"index","follow":"follow","max-snippet":"max-snippet:-1","max-image-preview":"max-image-preview:large","max-video-preview":"max-video-preview:-1"},"canonical":"https:\/\/www.visit-ulcinj.com\/blog\/2017\/02\/18\/genjeshtra-ura-ka-reaguar-per-portalin-lajm\/","og_locale":"en_US","og_type":"article","og_title":"G\u00ebnjeshtra: URA ka reaguar p\u00ebr portalin Lajm.me - Lajme nga Ulqini","og_description":"URA: Mos u kompromitoni m\u00eb, kemi m\u00eb fakte Nga fabrika e g\u00ebnjeshtrave dhe dezinformimeve t\u00eb Forc\u00ebs, e cila p\u00ebrfshin edhe nj\u00ebfar\u00eb portali Lajm.me \u00ebsht\u00eb","og_url":"https:\/\/www.visit-ulcinj.com\/blog\/2017\/02\/18\/genjeshtra-ura-ka-reaguar-per-portalin-lajm\/","og_site_name":"Lajme nga Ulqini","article_published_time":"2017-02-18T16:12:37+00:00","article_modified_time":"2017-02-19T18:09:13+00:00","twitter_misc":{"Written by":"ulqini","Est. reading time":"2 minutes"},"schema":{"@context":"https:\/\/schema.org","@graph":[{"@type":"WebSite","@id":"https:\/\/www.visit-ulcinj.com\/blog\/#website","url":"https:\/\/www.visit-ulcinj.com\/blog\/","name":"Lajme nga Ulqini","description":"Lajme,Vijesti,Ulqini,Ulqin,Crna Gora,Mali i Zi","potentialAction":[{"@type":"SearchAction","target":{"@type":"EntryPoint","urlTemplate":"https:\/\/www.visit-ulcinj.com\/blog\/?s={search_term_string}"},"query-input":"required name=search_term_string"}],"inLanguage":"en-US"},{"@type":"WebPage","@id":"https:\/\/www.visit-ulcinj.com\/blog\/2017\/02\/18\/genjeshtra-ura-ka-reaguar-per-portalin-lajm\/#webpage","url":"https:\/\/www.visit-ulcinj.com\/blog\/2017\/02\/18\/genjeshtra-ura-ka-reaguar-per-portalin-lajm\/","name":"G\u00ebnjeshtra: URA ka reaguar p\u00ebr portalin Lajm.me - Lajme nga Ulqini","isPartOf":{"@id":"https:\/\/www.visit-ulcinj.com\/blog\/#website"},"datePublished":"2017-02-18T16:12:37+00:00","dateModified":"2017-02-19T18:09:13+00:00","author":{"@id":"https:\/\/www.visit-ulcinj.com\/blog\/#\/schema\/person\/dcab619c614d3038751c63bc2aadc06d"},"description":"URA: Mos u kompromitoni m\u00eb, kemi m\u00eb fakte Nga fabrika e g\u00ebnjeshtrave dhe dezinformimeve t\u00eb Forc\u00ebs, e cila p\u00ebrfshin edhe nj\u00ebfar\u00eb portali Lajm.me \u00ebsht\u00eb","breadcrumb":{"@id":"https:\/\/www.visit-ulcinj.com\/blog\/2017\/02\/18\/genjeshtra-ura-ka-reaguar-per-portalin-lajm\/#breadcrumb"},"inLanguage":"en-US","potentialAction":[{"@type":"ReadAction","target":["https:\/\/www.visit-ulcinj.com\/blog\/2017\/02\/18\/genjeshtra-ura-ka-reaguar-per-portalin-lajm\/"]}]},{"@type":"BreadcrumbList","@id":"https:\/\/www.visit-ulcinj.com\/blog\/2017\/02\/18\/genjeshtra-ura-ka-reaguar-per-portalin-lajm\/#breadcrumb","itemListElement":[{"@type":"ListItem","position":1,"name":"G\u00ebnjeshtra: URA ka reaguar p\u00ebr portalin Lajm.me"}]},{"@type":"Person","@id":"https:\/\/www.visit-ulcinj.com\/blog\/#\/schema\/person\/dcab619c614d3038751c63bc2aadc06d","name":"ulqini","sameAs":["http:\/\/www.visit-ulcinj.com"],"url":"https:\/\/www.visit-ulcinj.com\/blog\/author\/admin\/"}]}},"jetpack_featured_media_url":"","jetpack_sharing_enabled":true,"jetpack_shortlink":"https:\/\/wp.me\/pe6lTn-qOu","_links":{"self":[{"href":"https:\/\/www.visit-ulcinj.com\/blog\/wp-json\/wp\/v2\/posts\/103074"}],"collection":[{"href":"https:\/\/www.visit-ulcinj.com\/blog\/wp-json\/wp\/v2\/posts"}],"about":[{"href":"https:\/\/www.visit-ulcinj.com\/blog\/wp-json\/wp\/v2\/types\/post"}],"author":[{"embeddable":true,"href":"https:\/\/www.visit-ulcinj.com\/blog\/wp-json\/wp\/v2\/users\/1"}],"replies":[{"embeddable":true,"href":"https:\/\/www.visit-ulcinj.com\/blog\/wp-json\/wp\/v2\/comments?post=103074"}],"version-history":[{"count":3,"href":"https:\/\/www.visit-ulcinj.com\/blog\/wp-json\/wp\/v2\/posts\/103074\/revisions"}],"predecessor-version":[{"id":103083,"href":"https:\/\/www.visit-ulcinj.com\/blog\/wp-json\/wp\/v2\/posts\/103074\/revisions\/103083"}],"wp:attachment":[{"href":"https:\/\/www.visit-ulcinj.com\/blog\/wp-json\/wp\/v2\/media?parent=103074"}],"wp:term":[{"taxonomy":"category","embeddable":true,"href":"https:\/\/www.visit-ulcinj.com\/blog\/wp-json\/wp\/v2\/categories?post=103074"},{"taxonomy":"post_tag","embeddable":true,"href":"https:\/\/www.visit-ulcinj.com\/blog\/wp-json\/wp\/v2\/tags?post=103074"}],"curies":[{"name":"wp","href":"https:\/\/api.w.org\/{rel}","templated":true}]}}