{"id":103084,"date":"2017-02-18T18:18:09","date_gmt":"2017-02-18T17:18:09","guid":{"rendered":"http:\/\/www.visit-ulcinj.com\/blog\/?p=103084"},"modified":"2017-02-18T18:19:03","modified_gmt":"2017-02-18T17:19:03","slug":"keshilli-bashkesise-islame-ulqin-organizon-program-fetar-sonte-ne-1930","status":"publish","type":"post","link":"https:\/\/www.visit-ulcinj.com\/blog\/2017\/02\/18\/keshilli-bashkesise-islame-ulqin-organizon-program-fetar-sonte-ne-1930\/","title":{"rendered":"Keshilli i Bashkesise Islame Ulqin organizon program fetar sonte n\u00eb 19:30"},"content":{"rendered":"<p><strong>Keshilli i Bashkesise Islame Ulqin organizon program fetar ne Qendren per kulture<\/strong><\/p>\n<p><strong>\u00a0<\/strong><\/p>\n<p><a href=\"http:\/\/www.visit-ulcinj.com\/blog\/wp-content\/uploads\/2017\/02\/Keshilli-i-Bashkesise-Islame-Ulqin-organizon-program-fetar-sonte.jpg\"><img loading=\"lazy\" class=\"alignleft wp-image-103085\" src=\"http:\/\/www.visit-ulcinj.com\/blog\/wp-content\/uploads\/2017\/02\/Keshilli-i-Bashkesise-Islame-Ulqin-organizon-program-fetar-sonte.jpg\" alt=\"Keshilli i Bashkesise Islame Ulqin organizon program fetar sonte\" width=\"508\" height=\"719\" srcset=\"https:\/\/www.visit-ulcinj.com\/blog\/wp-content\/uploads\/2017\/02\/Keshilli-i-Bashkesise-Islame-Ulqin-organizon-program-fetar-sonte.jpg 480w, https:\/\/www.visit-ulcinj.com\/blog\/wp-content\/uploads\/2017\/02\/Keshilli-i-Bashkesise-Islame-Ulqin-organizon-program-fetar-sonte-212x300.jpg 212w\" sizes=\"(max-width: 508px) 100vw, 508px\" \/><\/a><strong>Mexhlisi i Bashk\u00ebsis\u00eb Islame n\u00eb Ulqin organizon program fetar<\/strong><\/p>\n<p>Ligj\u00ebruesit do t\u00eb jen\u00ebImam Muhamed Sytari ( Myfti i Shkodres ), Prof. Dr. Metin Izeti ( Univerziteti shtet\u00ebror Tetov\u00eb ), Egzon Ibrahimi ( Lexues Kurani Ilahi ), Kori Medreses Mehmed Fatih Podgoric\u00eb, Kopshti &#8220;Xixillonjat&#8221; Ulqin.<\/p>\n<p><strong>Programi do t\u00eb mbahet dit\u00ebn e shtun\u00ebn mrama, me 18.02.2017, ne Qendren per kulture ne Ulqin.<\/strong><\/p>\n<p><a href=\"http:\/\/www.visit-ulcinj.com\/blog\/wp-content\/uploads\/2017\/02\/Keshilli-i-Bashkesise-Islame-Ulqin-organizon-program-fetar-sonte-1.jpg\"><img loading=\"lazy\" class=\"alignleft wp-image-103086\" src=\"http:\/\/www.visit-ulcinj.com\/blog\/wp-content\/uploads\/2017\/02\/Keshilli-i-Bashkesise-Islame-Ulqin-organizon-program-fetar-sonte-1.jpg\" alt=\"Keshilli i Bashkesise Islame Ulqin organizon program fetar sonte-1\" width=\"508\" height=\"381\" srcset=\"https:\/\/www.visit-ulcinj.com\/blog\/wp-content\/uploads\/2017\/02\/Keshilli-i-Bashkesise-Islame-Ulqin-organizon-program-fetar-sonte-1.jpg 960w, https:\/\/www.visit-ulcinj.com\/blog\/wp-content\/uploads\/2017\/02\/Keshilli-i-Bashkesise-Islame-Ulqin-organizon-program-fetar-sonte-1-300x225.jpg 300w, https:\/\/www.visit-ulcinj.com\/blog\/wp-content\/uploads\/2017\/02\/Keshilli-i-Bashkesise-Islame-Ulqin-organizon-program-fetar-sonte-1-768x576.jpg 768w\" sizes=\"(max-width: 508px) 100vw, 508px\" \/><\/a><\/p>\n","protected":false},"excerpt":{"rendered":"<p>Keshilli i Bashkesise Islame Ulqin organizon program fetar ne Qendren per kulture \u00a0 Mexhlisi i Bashk\u00ebsis\u00eb Islame n\u00eb Ulqin organizon program fetar Ligj\u00ebruesit do t\u00eb jen\u00ebImam Muhamed Sytari ( Myfti i Shkodres ), Prof. Dr. Metin Izeti ( Univerziteti shtet\u00ebror Tetov\u00eb ), Egzon Ibrahimi ( Lexues Kurani Ilahi ), Kori Medreses Mehmed Fatih Podgoric\u00eb, Kopshti [&hellip;]<\/p>\n","protected":false},"author":1,"featured_media":0,"comment_status":"closed","ping_status":"closed","sticky":false,"template":"","format":"standard","meta":{"spay_email":"","jetpack_publicize_message":"","jetpack_is_tweetstorm":false,"jetpack_publicize_feature_enabled":true},"categories":[6950],"tags":[],"jetpack_publicize_connections":[],"yoast_head":"<!-- This site is optimized with the Yoast SEO plugin v19.1 - https:\/\/yoast.com\/wordpress\/plugins\/seo\/ -->\n<title>Keshilli i Bashkesise Islame Ulqin organizon program fetar sonte n\u00eb 19:30 - Lajme nga Ulqini<\/title>\n<meta name=\"description\" content=\"Keshilli i Bashkesise Islame Ulqin organizon program fetar ne Qendren per kulture \u00a0 Mexhlisi i Bashk\u00ebsis\u00eb Islame n\u00eb Ulqin organizon program fetar\" \/>\n<meta name=\"robots\" content=\"index, follow, max-snippet:-1, max-image-preview:large, max-video-preview:-1\" \/>\n<link rel=\"canonical\" href=\"https:\/\/www.visit-ulcinj.com\/blog\/2017\/02\/18\/keshilli-bashkesise-islame-ulqin-organizon-program-fetar-sonte-ne-1930\/\" \/>\n<meta property=\"og:locale\" content=\"en_US\" \/>\n<meta property=\"og:type\" content=\"article\" \/>\n<meta property=\"og:title\" content=\"Keshilli i Bashkesise Islame Ulqin organizon program fetar sonte n\u00eb 19:30 - Lajme nga Ulqini\" \/>\n<meta property=\"og:description\" content=\"Keshilli i Bashkesise Islame Ulqin organizon program fetar ne Qendren per kulture \u00a0 Mexhlisi i Bashk\u00ebsis\u00eb Islame n\u00eb Ulqin organizon program fetar\" \/>\n<meta property=\"og:url\" content=\"https:\/\/www.visit-ulcinj.com\/blog\/2017\/02\/18\/keshilli-bashkesise-islame-ulqin-organizon-program-fetar-sonte-ne-1930\/\" \/>\n<meta property=\"og:site_name\" content=\"Lajme nga Ulqini\" \/>\n<meta property=\"article:published_time\" content=\"2017-02-18T17:18:09+00:00\" \/>\n<meta property=\"article:modified_time\" content=\"2017-02-18T17:19:03+00:00\" \/>\n<meta property=\"og:image\" content=\"http:\/\/www.visit-ulcinj.com\/blog\/wp-content\/uploads\/2017\/02\/Keshilli-i-Bashkesise-Islame-Ulqin-organizon-program-fetar-sonte.jpg\" \/>\n<meta name=\"twitter:label1\" content=\"Written by\" \/>\n\t<meta name=\"twitter:data1\" content=\"ulqini\" \/>\n<script type=\"application\/ld+json\" class=\"yoast-schema-graph\">{\"@context\":\"https:\/\/schema.org\",\"@graph\":[{\"@type\":\"WebSite\",\"@id\":\"https:\/\/www.visit-ulcinj.com\/blog\/#website\",\"url\":\"https:\/\/www.visit-ulcinj.com\/blog\/\",\"name\":\"Lajme nga Ulqini\",\"description\":\"Lajme,Vijesti,Ulqini,Ulqin,Crna Gora,Mali i Zi\",\"potentialAction\":[{\"@type\":\"SearchAction\",\"target\":{\"@type\":\"EntryPoint\",\"urlTemplate\":\"https:\/\/www.visit-ulcinj.com\/blog\/?s={search_term_string}\"},\"query-input\":\"required name=search_term_string\"}],\"inLanguage\":\"en-US\"},{\"@type\":\"ImageObject\",\"inLanguage\":\"en-US\",\"@id\":\"https:\/\/www.visit-ulcinj.com\/blog\/2017\/02\/18\/keshilli-bashkesise-islame-ulqin-organizon-program-fetar-sonte-ne-1930\/#primaryimage\",\"url\":\"https:\/\/www.visit-ulcinj.com\/blog\/wp-content\/uploads\/2017\/02\/Keshilli-i-Bashkesise-Islame-Ulqin-organizon-program-fetar-sonte.jpg\",\"contentUrl\":\"https:\/\/www.visit-ulcinj.com\/blog\/wp-content\/uploads\/2017\/02\/Keshilli-i-Bashkesise-Islame-Ulqin-organizon-program-fetar-sonte.jpg\",\"width\":480,\"height\":679},{\"@type\":\"WebPage\",\"@id\":\"https:\/\/www.visit-ulcinj.com\/blog\/2017\/02\/18\/keshilli-bashkesise-islame-ulqin-organizon-program-fetar-sonte-ne-1930\/#webpage\",\"url\":\"https:\/\/www.visit-ulcinj.com\/blog\/2017\/02\/18\/keshilli-bashkesise-islame-ulqin-organizon-program-fetar-sonte-ne-1930\/\",\"name\":\"Keshilli i Bashkesise Islame Ulqin organizon program fetar sonte n\u00eb 19:30 - Lajme nga Ulqini\",\"isPartOf\":{\"@id\":\"https:\/\/www.visit-ulcinj.com\/blog\/#website\"},\"primaryImageOfPage\":{\"@id\":\"https:\/\/www.visit-ulcinj.com\/blog\/2017\/02\/18\/keshilli-bashkesise-islame-ulqin-organizon-program-fetar-sonte-ne-1930\/#primaryimage\"},\"datePublished\":\"2017-02-18T17:18:09+00:00\",\"dateModified\":\"2017-02-18T17:19:03+00:00\",\"author\":{\"@id\":\"https:\/\/www.visit-ulcinj.com\/blog\/#\/schema\/person\/dcab619c614d3038751c63bc2aadc06d\"},\"description\":\"Keshilli i Bashkesise Islame Ulqin organizon program fetar ne Qendren per kulture \u00a0 Mexhlisi i Bashk\u00ebsis\u00eb Islame n\u00eb Ulqin organizon program fetar\",\"breadcrumb\":{\"@id\":\"https:\/\/www.visit-ulcinj.com\/blog\/2017\/02\/18\/keshilli-bashkesise-islame-ulqin-organizon-program-fetar-sonte-ne-1930\/#breadcrumb\"},\"inLanguage\":\"en-US\",\"potentialAction\":[{\"@type\":\"ReadAction\",\"target\":[\"https:\/\/www.visit-ulcinj.com\/blog\/2017\/02\/18\/keshilli-bashkesise-islame-ulqin-organizon-program-fetar-sonte-ne-1930\/\"]}]},{\"@type\":\"BreadcrumbList\",\"@id\":\"https:\/\/www.visit-ulcinj.com\/blog\/2017\/02\/18\/keshilli-bashkesise-islame-ulqin-organizon-program-fetar-sonte-ne-1930\/#breadcrumb\",\"itemListElement\":[{\"@type\":\"ListItem\",\"position\":1,\"name\":\"Keshilli i Bashkesise Islame Ulqin organizon program fetar sonte n\u00eb 19:30\"}]},{\"@type\":\"Person\",\"@id\":\"https:\/\/www.visit-ulcinj.com\/blog\/#\/schema\/person\/dcab619c614d3038751c63bc2aadc06d\",\"name\":\"ulqini\",\"sameAs\":[\"http:\/\/www.visit-ulcinj.com\"],\"url\":\"https:\/\/www.visit-ulcinj.com\/blog\/author\/admin\/\"}]}<\/script>\n<!-- \/ Yoast SEO plugin. -->","yoast_head_json":{"title":"Keshilli i Bashkesise Islame Ulqin organizon program fetar sonte n\u00eb 19:30 - Lajme nga Ulqini","description":"Keshilli i Bashkesise Islame Ulqin organizon program fetar ne Qendren per kulture \u00a0 Mexhlisi i Bashk\u00ebsis\u00eb Islame n\u00eb Ulqin organizon program fetar","robots":{"index":"index","follow":"follow","max-snippet":"max-snippet:-1","max-image-preview":"max-image-preview:large","max-video-preview":"max-video-preview:-1"},"canonical":"https:\/\/www.visit-ulcinj.com\/blog\/2017\/02\/18\/keshilli-bashkesise-islame-ulqin-organizon-program-fetar-sonte-ne-1930\/","og_locale":"en_US","og_type":"article","og_title":"Keshilli i Bashkesise Islame Ulqin organizon program fetar sonte n\u00eb 19:30 - Lajme nga Ulqini","og_description":"Keshilli i Bashkesise Islame Ulqin organizon program fetar ne Qendren per kulture \u00a0 Mexhlisi i Bashk\u00ebsis\u00eb Islame n\u00eb Ulqin organizon program fetar","og_url":"https:\/\/www.visit-ulcinj.com\/blog\/2017\/02\/18\/keshilli-bashkesise-islame-ulqin-organizon-program-fetar-sonte-ne-1930\/","og_site_name":"Lajme nga Ulqini","article_published_time":"2017-02-18T17:18:09+00:00","article_modified_time":"2017-02-18T17:19:03+00:00","og_image":[{"url":"http:\/\/www.visit-ulcinj.com\/blog\/wp-content\/uploads\/2017\/02\/Keshilli-i-Bashkesise-Islame-Ulqin-organizon-program-fetar-sonte.jpg"}],"twitter_misc":{"Written by":"ulqini"},"schema":{"@context":"https:\/\/schema.org","@graph":[{"@type":"WebSite","@id":"https:\/\/www.visit-ulcinj.com\/blog\/#website","url":"https:\/\/www.visit-ulcinj.com\/blog\/","name":"Lajme nga Ulqini","description":"Lajme,Vijesti,Ulqini,Ulqin,Crna Gora,Mali i Zi","potentialAction":[{"@type":"SearchAction","target":{"@type":"EntryPoint","urlTemplate":"https:\/\/www.visit-ulcinj.com\/blog\/?s={search_term_string}"},"query-input":"required name=search_term_string"}],"inLanguage":"en-US"},{"@type":"ImageObject","inLanguage":"en-US","@id":"https:\/\/www.visit-ulcinj.com\/blog\/2017\/02\/18\/keshilli-bashkesise-islame-ulqin-organizon-program-fetar-sonte-ne-1930\/#primaryimage","url":"https:\/\/www.visit-ulcinj.com\/blog\/wp-content\/uploads\/2017\/02\/Keshilli-i-Bashkesise-Islame-Ulqin-organizon-program-fetar-sonte.jpg","contentUrl":"https:\/\/www.visit-ulcinj.com\/blog\/wp-content\/uploads\/2017\/02\/Keshilli-i-Bashkesise-Islame-Ulqin-organizon-program-fetar-sonte.jpg","width":480,"height":679},{"@type":"WebPage","@id":"https:\/\/www.visit-ulcinj.com\/blog\/2017\/02\/18\/keshilli-bashkesise-islame-ulqin-organizon-program-fetar-sonte-ne-1930\/#webpage","url":"https:\/\/www.visit-ulcinj.com\/blog\/2017\/02\/18\/keshilli-bashkesise-islame-ulqin-organizon-program-fetar-sonte-ne-1930\/","name":"Keshilli i Bashkesise Islame Ulqin organizon program fetar sonte n\u00eb 19:30 - Lajme nga Ulqini","isPartOf":{"@id":"https:\/\/www.visit-ulcinj.com\/blog\/#website"},"primaryImageOfPage":{"@id":"https:\/\/www.visit-ulcinj.com\/blog\/2017\/02\/18\/keshilli-bashkesise-islame-ulqin-organizon-program-fetar-sonte-ne-1930\/#primaryimage"},"datePublished":"2017-02-18T17:18:09+00:00","dateModified":"2017-02-18T17:19:03+00:00","author":{"@id":"https:\/\/www.visit-ulcinj.com\/blog\/#\/schema\/person\/dcab619c614d3038751c63bc2aadc06d"},"description":"Keshilli i Bashkesise Islame Ulqin organizon program fetar ne Qendren per kulture \u00a0 Mexhlisi i Bashk\u00ebsis\u00eb Islame n\u00eb Ulqin organizon program fetar","breadcrumb":{"@id":"https:\/\/www.visit-ulcinj.com\/blog\/2017\/02\/18\/keshilli-bashkesise-islame-ulqin-organizon-program-fetar-sonte-ne-1930\/#breadcrumb"},"inLanguage":"en-US","potentialAction":[{"@type":"ReadAction","target":["https:\/\/www.visit-ulcinj.com\/blog\/2017\/02\/18\/keshilli-bashkesise-islame-ulqin-organizon-program-fetar-sonte-ne-1930\/"]}]},{"@type":"BreadcrumbList","@id":"https:\/\/www.visit-ulcinj.com\/blog\/2017\/02\/18\/keshilli-bashkesise-islame-ulqin-organizon-program-fetar-sonte-ne-1930\/#breadcrumb","itemListElement":[{"@type":"ListItem","position":1,"name":"Keshilli i Bashkesise Islame Ulqin organizon program fetar sonte n\u00eb 19:30"}]},{"@type":"Person","@id":"https:\/\/www.visit-ulcinj.com\/blog\/#\/schema\/person\/dcab619c614d3038751c63bc2aadc06d","name":"ulqini","sameAs":["http:\/\/www.visit-ulcinj.com"],"url":"https:\/\/www.visit-ulcinj.com\/blog\/author\/admin\/"}]}},"jetpack_featured_media_url":"","jetpack_sharing_enabled":true,"jetpack_shortlink":"https:\/\/wp.me\/pe6lTn-qOE","_links":{"self":[{"href":"https:\/\/www.visit-ulcinj.com\/blog\/wp-json\/wp\/v2\/posts\/103084"}],"collection":[{"href":"https:\/\/www.visit-ulcinj.com\/blog\/wp-json\/wp\/v2\/posts"}],"about":[{"href":"https:\/\/www.visit-ulcinj.com\/blog\/wp-json\/wp\/v2\/types\/post"}],"author":[{"embeddable":true,"href":"https:\/\/www.visit-ulcinj.com\/blog\/wp-json\/wp\/v2\/users\/1"}],"replies":[{"embeddable":true,"href":"https:\/\/www.visit-ulcinj.com\/blog\/wp-json\/wp\/v2\/comments?post=103084"}],"version-history":[{"count":2,"href":"https:\/\/www.visit-ulcinj.com\/blog\/wp-json\/wp\/v2\/posts\/103084\/revisions"}],"predecessor-version":[{"id":103088,"href":"https:\/\/www.visit-ulcinj.com\/blog\/wp-json\/wp\/v2\/posts\/103084\/revisions\/103088"}],"wp:attachment":[{"href":"https:\/\/www.visit-ulcinj.com\/blog\/wp-json\/wp\/v2\/media?parent=103084"}],"wp:term":[{"taxonomy":"category","embeddable":true,"href":"https:\/\/www.visit-ulcinj.com\/blog\/wp-json\/wp\/v2\/categories?post=103084"},{"taxonomy":"post_tag","embeddable":true,"href":"https:\/\/www.visit-ulcinj.com\/blog\/wp-json\/wp\/v2\/tags?post=103084"}],"curies":[{"name":"wp","href":"https:\/\/api.w.org\/{rel}","templated":true}]}}