{"id":103092,"date":"2017-02-19T19:07:29","date_gmt":"2017-02-19T18:07:29","guid":{"rendered":"http:\/\/www.visit-ulcinj.com\/blog\/?p=103092"},"modified":"2017-02-20T08:08:43","modified_gmt":"2017-02-20T07:08:43","slug":"ura-depoziton-kallezime-pa-emer-per-lajm","status":"publish","type":"post","link":"https:\/\/www.visit-ulcinj.com\/blog\/2017\/02\/19\/ura-depoziton-kallezime-pa-emer-per-lajm\/","title":{"rendered":"URA depoziton kall\u00ebzime pa em\u00ebr p\u00ebr Lajm.me"},"content":{"rendered":"<p class=\"entry-title\"><strong><a href=\"http:\/\/www.visit-ulcinj.com\/blog\/wp-content\/uploads\/2017\/02\/Mediat-shkruajn-URA-n\u00ebnshkruan.jpg\"><img loading=\"lazy\" class=\"alignleft wp-image-103093\" src=\"http:\/\/www.visit-ulcinj.com\/blog\/wp-content\/uploads\/2017\/02\/Mediat-shkruajn-URA-n\u00ebnshkruan.jpg\" alt=\"Mediat shkruajn, URA n\u00ebnshkruan\" width=\"508\" height=\"204\" srcset=\"https:\/\/www.visit-ulcinj.com\/blog\/wp-content\/uploads\/2017\/02\/Mediat-shkruajn-URA-n\u00ebnshkruan.jpg 695w, https:\/\/www.visit-ulcinj.com\/blog\/wp-content\/uploads\/2017\/02\/Mediat-shkruajn-URA-n\u00ebnshkruan-300x120.jpg 300w\" sizes=\"(max-width: 508px) 100vw, 508px\" \/><\/a>Mediat shkruajn, URA n\u00ebnshkruan<\/strong><\/p>\n<p>L\u00ebvizja qyetare URA vazhdon t\u00eb posht\u00ebroj\u00eb\u00a0an\u00ebtar\u00ebt dhe simpatizant\u00ebt e saj me deklarata qesharake dhe shpallje fletushkash t\u00eb shkruara n\u00eb Word pa kurrfar\u00eb emri , n\u00ebnshkrimi, adrese, apo cfar\u00ebdo elementi q\u00eb mund t\u00eb konsiderohet si fakt. Dhe t\u00eb gjitha k\u00ebto me pretendimin se mund t\u00eb besohen. Kur kjo del aq qesharake sa p\u00ebsojn\u00eb reagime negative edhe nga vet\u00eb an\u00ebtar\u00ebt e tyre, at\u00ebher\u00eb fajin e ka portali lajm.me.<\/p>\n<p>Zot\u00ebrinj nga URA, keni publikuar nj\u00eb let\u00ebr pa asnj\u00eb element v\u00ebrtet\u00ebsie dhe po sillen sikur kan\u00eb zbuluar afer\u00ebn Watergate.<br \/>\nP\u00ebrg\u00ebnjeshtrimi jon\u00eb i k\u00ebsaj letre ishte lista e emrave q\u00eb mor\u00ebn pjes\u00eb n\u00eb emisionet q\u00eb <strong>VET\u00cb\u00a0<\/strong>ju i p\u00ebrcaktuat si t\u00eb \u201cdyshimta\u201d , \u00e7ka d\u00ebshmon p\u00ebr seriozitetin e k\u00ebtij \u201cdokumenti\u201d. Sikur t\u00eb jet\u00eb e v\u00ebrtet, \u00e7do em\u00ebr q\u00eb shkruan n\u00eb artikullin ton\u00eb, sipas jush, jan\u00eb an\u00ebtar\u00eb t\u00eb Forc\u00ebs, p\u00ebrfshir\u00eb k\u00ebtu edhe an\u00ebtar\u00ebt tuaj. Kjo e b\u00ebn k\u00ebt\u00eb v\u00ebrtet qesharake.<br \/>\nTekstet tuaja jo se jan\u00eb shum\u00eb t\u00eb kuptueshme, p\u00ebrvec asaj se kush i shkruan. Jan\u00eb t\u00eb gjitha t\u00eb shkruara nga nj\u00eb person dhe t\u00eb kuptueshme beh\u00ebn vet\u00ebm n\u00ebse lexohen n\u00eb gjuh\u00ebn malazeze, sepse ajo \u00ebsht\u00eb gjuha e tij, e as ju nuk dini ti p\u00ebrktheni shqip por paguani personin p\u00ebr ti p\u00ebrkthyer. Do t\u00eb kishte qen\u00eb mir ta kishit paguar edhe p\u00ebr \u201cfletushk\u00ebn\u201d n\u00eb Word, nuk do t\u00eb kishte pasur gjith\u00eb ato gabime. E \u00e7do gj\u00eb brenda zyrave t\u00eb redaksis\u00eb s\u00eb nj\u00eb portali. Kaq p\u00ebr moralin e medias s\u00eb pavarur q\u00eb mundoheni t\u00eb shitni.<br \/>\nSa i p\u00ebrket fakteve q\u00eb keni, ju lutemi publikoni \u00e7do gj\u00eb q\u00eb\u00a0keni n\u00eb dispozicion, nuk keni arsye pse ti mbani. Bile n\u00ebse jan\u00eb fakte t\u00eb mir\u00ebfillta do i publikojm\u00eb edhe ne, pavar\u00ebsisht k\u00ebnd d\u00ebmtojn\u00eb ose favorizojn\u00eb.<\/p>\n","protected":false},"excerpt":{"rendered":"<p>Mediat shkruajn, URA n\u00ebnshkruan L\u00ebvizja qyetare URA vazhdon t\u00eb posht\u00ebroj\u00eb\u00a0an\u00ebtar\u00ebt dhe simpatizant\u00ebt e saj me deklarata qesharake dhe shpallje fletushkash t\u00eb shkruara n\u00eb Word pa kurrfar\u00eb emri , n\u00ebnshkrimi, adrese, apo cfar\u00ebdo elementi q\u00eb mund t\u00eb konsiderohet si fakt. Dhe t\u00eb gjitha k\u00ebto me pretendimin se mund t\u00eb besohen. Kur kjo del aq qesharake sa [&hellip;]<\/p>\n","protected":false},"author":1,"featured_media":0,"comment_status":"closed","ping_status":"closed","sticky":false,"template":"","format":"standard","meta":{"spay_email":"","jetpack_publicize_message":"","jetpack_is_tweetstorm":false,"jetpack_publicize_feature_enabled":true},"categories":[1,11],"tags":[],"jetpack_publicize_connections":[],"yoast_head":"<!-- This site is optimized with the Yoast SEO plugin v19.1 - https:\/\/yoast.com\/wordpress\/plugins\/seo\/ -->\n<title>URA depoziton kall\u00ebzime pa em\u00ebr p\u00ebr Lajm.me - Lajme nga Ulqini<\/title>\n<meta name=\"description\" content=\"Mediat shkruajn, URA n\u00ebnshkruan L\u00ebvizja qyetare URA vazhdon t\u00eb posht\u00ebroj\u00eb\u00a0an\u00ebtar\u00ebt dhe simpatizant\u00ebt e saj me deklarata qesharake dhe shpallje fletushkash\" \/>\n<meta name=\"robots\" content=\"index, follow, max-snippet:-1, max-image-preview:large, max-video-preview:-1\" \/>\n<link rel=\"canonical\" href=\"https:\/\/www.visit-ulcinj.com\/blog\/2017\/02\/19\/ura-depoziton-kallezime-pa-emer-per-lajm\/\" \/>\n<meta property=\"og:locale\" content=\"en_US\" \/>\n<meta property=\"og:type\" content=\"article\" \/>\n<meta property=\"og:title\" content=\"URA depoziton kall\u00ebzime pa em\u00ebr p\u00ebr Lajm.me - Lajme nga Ulqini\" \/>\n<meta property=\"og:description\" content=\"Mediat shkruajn, URA n\u00ebnshkruan L\u00ebvizja qyetare URA vazhdon t\u00eb posht\u00ebroj\u00eb\u00a0an\u00ebtar\u00ebt dhe simpatizant\u00ebt e saj me deklarata qesharake dhe shpallje fletushkash\" \/>\n<meta property=\"og:url\" content=\"https:\/\/www.visit-ulcinj.com\/blog\/2017\/02\/19\/ura-depoziton-kallezime-pa-emer-per-lajm\/\" \/>\n<meta property=\"og:site_name\" content=\"Lajme nga Ulqini\" \/>\n<meta property=\"article:published_time\" content=\"2017-02-19T18:07:29+00:00\" \/>\n<meta property=\"article:modified_time\" content=\"2017-02-20T07:08:43+00:00\" \/>\n<meta name=\"twitter:label1\" content=\"Written by\" \/>\n\t<meta name=\"twitter:data1\" content=\"ulqini\" \/>\n\t<meta name=\"twitter:label2\" content=\"Est. reading time\" \/>\n\t<meta name=\"twitter:data2\" content=\"2 minutes\" \/>\n<script type=\"application\/ld+json\" class=\"yoast-schema-graph\">{\"@context\":\"https:\/\/schema.org\",\"@graph\":[{\"@type\":\"WebSite\",\"@id\":\"https:\/\/www.visit-ulcinj.com\/blog\/#website\",\"url\":\"https:\/\/www.visit-ulcinj.com\/blog\/\",\"name\":\"Lajme nga Ulqini\",\"description\":\"Lajme,Vijesti,Ulqini,Ulqin,Crna Gora,Mali i Zi\",\"potentialAction\":[{\"@type\":\"SearchAction\",\"target\":{\"@type\":\"EntryPoint\",\"urlTemplate\":\"https:\/\/www.visit-ulcinj.com\/blog\/?s={search_term_string}\"},\"query-input\":\"required name=search_term_string\"}],\"inLanguage\":\"en-US\"},{\"@type\":\"WebPage\",\"@id\":\"https:\/\/www.visit-ulcinj.com\/blog\/2017\/02\/19\/ura-depoziton-kallezime-pa-emer-per-lajm\/#webpage\",\"url\":\"https:\/\/www.visit-ulcinj.com\/blog\/2017\/02\/19\/ura-depoziton-kallezime-pa-emer-per-lajm\/\",\"name\":\"URA depoziton kall\u00ebzime pa em\u00ebr p\u00ebr Lajm.me - Lajme nga Ulqini\",\"isPartOf\":{\"@id\":\"https:\/\/www.visit-ulcinj.com\/blog\/#website\"},\"datePublished\":\"2017-02-19T18:07:29+00:00\",\"dateModified\":\"2017-02-20T07:08:43+00:00\",\"author\":{\"@id\":\"https:\/\/www.visit-ulcinj.com\/blog\/#\/schema\/person\/dcab619c614d3038751c63bc2aadc06d\"},\"description\":\"Mediat shkruajn, URA n\u00ebnshkruan L\u00ebvizja qyetare URA vazhdon t\u00eb posht\u00ebroj\u00eb\u00a0an\u00ebtar\u00ebt dhe simpatizant\u00ebt e saj me deklarata qesharake dhe shpallje fletushkash\",\"breadcrumb\":{\"@id\":\"https:\/\/www.visit-ulcinj.com\/blog\/2017\/02\/19\/ura-depoziton-kallezime-pa-emer-per-lajm\/#breadcrumb\"},\"inLanguage\":\"en-US\",\"potentialAction\":[{\"@type\":\"ReadAction\",\"target\":[\"https:\/\/www.visit-ulcinj.com\/blog\/2017\/02\/19\/ura-depoziton-kallezime-pa-emer-per-lajm\/\"]}]},{\"@type\":\"BreadcrumbList\",\"@id\":\"https:\/\/www.visit-ulcinj.com\/blog\/2017\/02\/19\/ura-depoziton-kallezime-pa-emer-per-lajm\/#breadcrumb\",\"itemListElement\":[{\"@type\":\"ListItem\",\"position\":1,\"name\":\"URA depoziton kall\u00ebzime pa em\u00ebr p\u00ebr Lajm.me\"}]},{\"@type\":\"Person\",\"@id\":\"https:\/\/www.visit-ulcinj.com\/blog\/#\/schema\/person\/dcab619c614d3038751c63bc2aadc06d\",\"name\":\"ulqini\",\"sameAs\":[\"http:\/\/www.visit-ulcinj.com\"],\"url\":\"https:\/\/www.visit-ulcinj.com\/blog\/author\/admin\/\"}]}<\/script>\n<!-- \/ Yoast SEO plugin. -->","yoast_head_json":{"title":"URA depoziton kall\u00ebzime pa em\u00ebr p\u00ebr Lajm.me - Lajme nga Ulqini","description":"Mediat shkruajn, URA n\u00ebnshkruan L\u00ebvizja qyetare URA vazhdon t\u00eb posht\u00ebroj\u00eb\u00a0an\u00ebtar\u00ebt dhe simpatizant\u00ebt e saj me deklarata qesharake dhe shpallje fletushkash","robots":{"index":"index","follow":"follow","max-snippet":"max-snippet:-1","max-image-preview":"max-image-preview:large","max-video-preview":"max-video-preview:-1"},"canonical":"https:\/\/www.visit-ulcinj.com\/blog\/2017\/02\/19\/ura-depoziton-kallezime-pa-emer-per-lajm\/","og_locale":"en_US","og_type":"article","og_title":"URA depoziton kall\u00ebzime pa em\u00ebr p\u00ebr Lajm.me - Lajme nga Ulqini","og_description":"Mediat shkruajn, URA n\u00ebnshkruan L\u00ebvizja qyetare URA vazhdon t\u00eb posht\u00ebroj\u00eb\u00a0an\u00ebtar\u00ebt dhe simpatizant\u00ebt e saj me deklarata qesharake dhe shpallje fletushkash","og_url":"https:\/\/www.visit-ulcinj.com\/blog\/2017\/02\/19\/ura-depoziton-kallezime-pa-emer-per-lajm\/","og_site_name":"Lajme nga Ulqini","article_published_time":"2017-02-19T18:07:29+00:00","article_modified_time":"2017-02-20T07:08:43+00:00","twitter_misc":{"Written by":"ulqini","Est. reading time":"2 minutes"},"schema":{"@context":"https:\/\/schema.org","@graph":[{"@type":"WebSite","@id":"https:\/\/www.visit-ulcinj.com\/blog\/#website","url":"https:\/\/www.visit-ulcinj.com\/blog\/","name":"Lajme nga Ulqini","description":"Lajme,Vijesti,Ulqini,Ulqin,Crna Gora,Mali i Zi","potentialAction":[{"@type":"SearchAction","target":{"@type":"EntryPoint","urlTemplate":"https:\/\/www.visit-ulcinj.com\/blog\/?s={search_term_string}"},"query-input":"required name=search_term_string"}],"inLanguage":"en-US"},{"@type":"WebPage","@id":"https:\/\/www.visit-ulcinj.com\/blog\/2017\/02\/19\/ura-depoziton-kallezime-pa-emer-per-lajm\/#webpage","url":"https:\/\/www.visit-ulcinj.com\/blog\/2017\/02\/19\/ura-depoziton-kallezime-pa-emer-per-lajm\/","name":"URA depoziton kall\u00ebzime pa em\u00ebr p\u00ebr Lajm.me - Lajme nga Ulqini","isPartOf":{"@id":"https:\/\/www.visit-ulcinj.com\/blog\/#website"},"datePublished":"2017-02-19T18:07:29+00:00","dateModified":"2017-02-20T07:08:43+00:00","author":{"@id":"https:\/\/www.visit-ulcinj.com\/blog\/#\/schema\/person\/dcab619c614d3038751c63bc2aadc06d"},"description":"Mediat shkruajn, URA n\u00ebnshkruan L\u00ebvizja qyetare URA vazhdon t\u00eb posht\u00ebroj\u00eb\u00a0an\u00ebtar\u00ebt dhe simpatizant\u00ebt e saj me deklarata qesharake dhe shpallje fletushkash","breadcrumb":{"@id":"https:\/\/www.visit-ulcinj.com\/blog\/2017\/02\/19\/ura-depoziton-kallezime-pa-emer-per-lajm\/#breadcrumb"},"inLanguage":"en-US","potentialAction":[{"@type":"ReadAction","target":["https:\/\/www.visit-ulcinj.com\/blog\/2017\/02\/19\/ura-depoziton-kallezime-pa-emer-per-lajm\/"]}]},{"@type":"BreadcrumbList","@id":"https:\/\/www.visit-ulcinj.com\/blog\/2017\/02\/19\/ura-depoziton-kallezime-pa-emer-per-lajm\/#breadcrumb","itemListElement":[{"@type":"ListItem","position":1,"name":"URA depoziton kall\u00ebzime pa em\u00ebr p\u00ebr Lajm.me"}]},{"@type":"Person","@id":"https:\/\/www.visit-ulcinj.com\/blog\/#\/schema\/person\/dcab619c614d3038751c63bc2aadc06d","name":"ulqini","sameAs":["http:\/\/www.visit-ulcinj.com"],"url":"https:\/\/www.visit-ulcinj.com\/blog\/author\/admin\/"}]}},"jetpack_featured_media_url":"","jetpack_sharing_enabled":true,"jetpack_shortlink":"https:\/\/wp.me\/pe6lTn-qOM","_links":{"self":[{"href":"https:\/\/www.visit-ulcinj.com\/blog\/wp-json\/wp\/v2\/posts\/103092"}],"collection":[{"href":"https:\/\/www.visit-ulcinj.com\/blog\/wp-json\/wp\/v2\/posts"}],"about":[{"href":"https:\/\/www.visit-ulcinj.com\/blog\/wp-json\/wp\/v2\/types\/post"}],"author":[{"embeddable":true,"href":"https:\/\/www.visit-ulcinj.com\/blog\/wp-json\/wp\/v2\/users\/1"}],"replies":[{"embeddable":true,"href":"https:\/\/www.visit-ulcinj.com\/blog\/wp-json\/wp\/v2\/comments?post=103092"}],"version-history":[{"count":1,"href":"https:\/\/www.visit-ulcinj.com\/blog\/wp-json\/wp\/v2\/posts\/103092\/revisions"}],"predecessor-version":[{"id":103094,"href":"https:\/\/www.visit-ulcinj.com\/blog\/wp-json\/wp\/v2\/posts\/103092\/revisions\/103094"}],"wp:attachment":[{"href":"https:\/\/www.visit-ulcinj.com\/blog\/wp-json\/wp\/v2\/media?parent=103092"}],"wp:term":[{"taxonomy":"category","embeddable":true,"href":"https:\/\/www.visit-ulcinj.com\/blog\/wp-json\/wp\/v2\/categories?post=103092"},{"taxonomy":"post_tag","embeddable":true,"href":"https:\/\/www.visit-ulcinj.com\/blog\/wp-json\/wp\/v2\/tags?post=103092"}],"curies":[{"name":"wp","href":"https:\/\/api.w.org\/{rel}","templated":true}]}}