{"id":103100,"date":"2017-02-19T20:04:31","date_gmt":"2017-02-19T19:04:31","guid":{"rendered":"http:\/\/www.visit-ulcinj.com\/blog\/?p=103100"},"modified":"2017-02-19T20:04:49","modified_gmt":"2017-02-19T19:04:49","slug":"mungesa-e-perspektives-zbraz-veriun-e-malit-te-zi-largohen-banoret-e-plaves-dhe-gucise","status":"publish","type":"post","link":"https:\/\/www.visit-ulcinj.com\/blog\/2017\/02\/19\/mungesa-e-perspektives-zbraz-veriun-e-malit-te-zi-largohen-banoret-e-plaves-dhe-gucise\/","title":{"rendered":"Mungesa e perspektiv\u00ebs zbraz veriun e Malit t\u00eb Zi, largohen banor\u00ebt e Plav\u00ebs dhe Gucis\u00eb"},"content":{"rendered":"<p><strong><a href=\"http:\/\/www.visit-ulcinj.com\/blog\/wp-content\/uploads\/2017\/02\/largohen-nga-Mali-i-zi.jpg\"><img loading=\"lazy\" class=\"alignleft wp-image-103101\" src=\"http:\/\/www.visit-ulcinj.com\/blog\/wp-content\/uploads\/2017\/02\/largohen-nga-Mali-i-zi.jpg\" alt=\"largohen nga Mali i zi\" width=\"508\" height=\"308\" srcset=\"https:\/\/www.visit-ulcinj.com\/blog\/wp-content\/uploads\/2017\/02\/largohen-nga-Mali-i-zi.jpg 587w, https:\/\/www.visit-ulcinj.com\/blog\/wp-content\/uploads\/2017\/02\/largohen-nga-Mali-i-zi-300x182.jpg 300w\" sizes=\"(max-width: 508px) 100vw, 508px\" \/><\/a>Nd\u00ebrsa nuk ka shifra t\u00eb sakta p\u00ebr numrin e banor\u00ebve t\u00eb cil\u00ebt e kan\u00eb braktisur Veriun, t\u00eb dh\u00ebnat e para flasin se mij\u00ebra banor\u00eb shp\u00ebrngulen n\u00eb vit<\/strong><\/p>\n<p class=\"selectionShareable\">PODGORIC\u00cb (AA) &#8211; Qytetet n\u00eb veriun e Malit t\u00eb Zi gjithnj\u00eb e m\u00eb shum\u00eb po zbrazen, nd\u00ebrsa trendi i shp\u00ebrnguljes s\u00eb banor\u00ebve nga 12 komunat t\u00eb vendosura n\u00eb veriun e vendit ka vazhduar edhe p\u00ebrgjat\u00eb vitit 2016.<\/p>\n<p class=\"selectionShareable\">Nd\u00ebrsa nuk ka shifra t\u00eb sakta p\u00ebr numrin e banor\u00ebve t\u00eb cil\u00ebt e kan\u00eb braktisur Veriun, t\u00eb dh\u00ebnat e para flasin se mij\u00ebra banor\u00eb shp\u00ebrngulen n\u00eb vit, shkruan Anadolu Agency (AA).<\/p>\n<p class=\"selectionShareable\">Gjendja e v\u00ebshtir\u00eb ekonomike, papun\u00ebsia, mungesa e investimeve t\u00eb m\u00ebdha, jan\u00eb vet\u00ebm disa nga arsyet q\u00eb ndikojn\u00eb tek qytetar\u00ebt e veriut t\u00eb cil\u00ebt p\u00ebr \u00e7do dit\u00eb largohen nga sht\u00ebpit\u00eb e tyre duke k\u00ebrkuar streh\u00eb n\u00eb Podgoric\u00eb dhe n\u00eb komunat bregdetare, nd\u00ebrkoh\u00eb q\u00eb nj\u00eb num\u00ebr i madh i atyre shkojn\u00eb p\u00ebrtej kufijve t\u00eb Malit t\u00eb Zi.<\/p>\n<p class=\"selectionShareable\">Vendet m\u00eb t\u00eb braktisura jan\u00eb Bjello Polje, Plevl\u00eb, Beran, Plav\u00eb dhe Guci. N\u00eb baz\u00eb t\u00eb t\u00eb dh\u00ebnave t\u00eb organizatave t\u00eb cilat b\u00ebjn\u00eb evidentimin e personave t\u00eb larguar n\u00eb baz\u00eb t\u00eb adresave t\u00eb nd\u00ebrruara, n\u00eb vitin 2016, 1088 banor\u00eb kan\u00eb braktisur komunat n\u00eb veriun e Malit t\u00eb Zi.<\/p>\n<p class=\"selectionShareable\">Numri m\u00eb i madh i banor\u00ebve shkon n\u00eb Podgoric\u00eb q\u00eb \u00ebsht\u00eb qendra administrative e Malit t\u00eb Zi ku vet\u00ebm gjat\u00eb vitit 2016 kan\u00eb ardhur 1854 banor\u00eb t\u00eb ri, por n\u00eb t\u00eb nj\u00ebjt\u00ebn koh\u00eb jan\u00eb shp\u00ebrngulur 864 banor\u00eb t\u00eb tij.<\/p>\n<p class=\"selectionShareable\">Banor\u00ebt e veriut t\u00eb Malit t\u00eb Zi parap\u00eblqejn\u00eb edhe komunat bregdetare Tivat, Budv\u00eb dhe Tivar.<\/p>\n<p class=\"selectionShareable\">Sipas t\u00eb dh\u00ebnave t\u00eb fundit, n\u00eb Mal t\u00eb Zi ka pak mbi 50.000 perona t\u00eb papun\u00eb, nga t\u00eb cil\u00ebt numri m\u00eb i madh \u00ebsht\u00eb n\u00eb veriun e vendit. Sipas hulumtimeve, shumica e njer\u00ebzve t\u00eb varf\u00ebr n\u00eb vend jetojn\u00eb pik\u00ebrisht n\u00eb k\u00ebt\u00eb rajon.<\/p>\n<p class=\"selectionShareable\"><strong>Banor\u00ebt e Plav\u00ebs dhe Gucis\u00eb shp\u00ebrngulen n\u00eb Amerik\u00eb<\/strong><\/p>\n<p class=\"selectionShareable\">Komunat Plav\u00eb dhe Guci t\u00eb cilat bashk\u00eb num\u00ebrojn\u00eb rreth 10.000 banor\u00eb, edhe n\u00eb t\u00eb kaluar\u00ebn jan\u00eb p\u00ebrballur me largim t\u00eb banor\u00ebve, por ndryshe nga at\u00ebher\u00eb kur arsyet kan\u00eb qen\u00eb konfliktet dhe luft\u00ebrat, sot banor\u00ebt braktisin vendlindjen n\u00eb pamund\u00ebsi p\u00ebr t\u00eb gjetur pun\u00eb atje.<\/p>\n<p class=\"selectionShareable\">Qytetar\u00ebt e k\u00ebtyre komunave shkojn\u00eb n\u00eb Podgoric\u00eb dhe n\u00eb jug t\u00eb Malit t\u00eb Zi, por edhe p\u00ebr Amerik\u00eb, atje ku jeton nj\u00eb diaspor\u00eb e konsiderueshme me prejardhje nga Plava dhe Gucia. Vet\u00ebm n\u00eb tre muajt e fundit, m\u00eb shum\u00eb se nj\u00ebqind t\u00eb rinj jan\u00eb nisur p\u00ebr n\u00eb Amerik\u00eb.<\/p>\n<p class=\"selectionShareable\">Kryetari i komun\u00ebs s\u00eb Plav\u00ebs, Orhan Shahmanovi\u00e7, p\u00ebr AA konfirmon seriozitetin e situat\u00ebs me shp\u00ebrnguljet, por si\u00e7 shprehet, Enti i Malit t\u00eb Zi p\u00ebr Statistika regjistron vet\u00ebm emigrimin brenda shtetit p\u00ebr t\u00eb shtuar se numri i atyre q\u00eb braktisin vatrat e tyre \u00ebsht\u00eb shum\u00eb m\u00eb i madh.<\/p>\n<p class=\"selectionShareable\">Besohet se shteti i ka kthyer shpin\u00ebn Veriut. \u201cArsyeja kryesore p\u00ebr shp\u00ebrnguljet nga Plava \u00ebsht\u00eb mungesa e perspektiv\u00ebs dhe pamund\u00ebsia p\u00ebr tu pun\u00ebsuar. Akoma m\u00eb e dhimbshme \u00ebsht\u00eb bllokada q\u00eb hasim nga drejtorit\u00eb lokale p\u00ebr tu hapur vende t\u00eb reja t\u00eb pun\u00ebs m\u00eb \u00e7ka do t\u00eb ndalnim largimin e t\u00eb rinjve. P\u00ebrs\u00ebris, problemi kryesor \u00ebsht\u00eb mungesa e zhvillimit dhe mosinteresimi i shtetit dhe i t\u00eb gjith\u00eb atyre t\u00eb cil\u00ebt do t\u00eb duhet t\u00eb ndihmojn\u00eb n\u00eb zhvillimin e Plav\u00ebs. Un\u00eb nuk shoh ndonj\u00eb projekt nga Qeveria, duket se nuk \u00ebsht\u00eb e interesuar q\u00eb ata njer\u00ebz t\u00eb q\u00ebndrojn\u00eb n\u00eb sht\u00ebpit\u00eb e tyre. Nuk ka indikacione se qeveria do t\u00eb krijoj\u00eb vende pune, nd\u00ebrsa e gjitha q\u00eb b\u00ebhet \u00ebsht\u00eb nga pushtetit lokal, i cili p\u00ebrballet me pengesa t\u00eb m\u00ebdha me ekzekutivin n\u00eb nivel qendror\u201d, thot\u00eb Shahmanovi\u00e7.<\/p>\n<p class=\"selectionShareable\"><strong>Vitin e kaluar azil n\u00eb Gjermani kan\u00eb k\u00ebrkuar 1.630 qytetar\u00eb<\/strong><\/p>\n<p class=\"selectionShareable\">Popullsia e veriut, p\u00ebrve\u00e7 se shkon n\u00eb Podgoric\u00eb n\u00eb k\u00ebrkim t\u00eb buk\u00ebs s\u00eb goj\u00ebs, ajo n\u00eb mas\u00eb t\u00eb madhe largohet edhe drejt Gjermanis\u00eb. Kjo \u00ebsht\u00eb konfirmuar nga Almer Meki\u00e7 nga OJQ &#8220;Euromost&#8221;, e cila ndjek l\u00ebvizjen e popullsis\u00eb nga veriu i vendit.<\/p>\n<p class=\"selectionShareable\">\u201cN\u00eb baz\u00eb t\u00eb t\u00eb dh\u00ebnave t\u00eb cilat i kemi marr\u00eb nga zyra Federale p\u00ebr Emigracion dhe Refugjat\u00eb, vitin 2016-t\u00eb, 1.630 qytetar\u00eb kan\u00eb parashtruar k\u00ebrkes\u00eb p\u00ebr azil n\u00eb Gjermani, pavar\u00ebsisht se Mali i Zi \u00ebsht\u00eb shpallur shtet i sigurt p\u00ebr jetes\u00eb. Gjithashtu 1.865 qytetar\u00eb t\u00eb Malit t\u00eb Zi t\u00eb cil\u00ebt n\u00eb vitin 2015 kan\u00eb k\u00ebrkuar azil n\u00eb Gjermani jan\u00eb kthyer vitin e kaluar nd\u00ebrsa Gjermani ka deportuar 142\u201d, thot\u00eb Meki\u00e7.<\/p>\n<p class=\"selectionShareable\"><strong>M\u00eb shum\u00eb sht\u00ebpi se banor\u00eb<\/strong><\/p>\n<p class=\"selectionShareable\">Sociologu Srxhan Vukadinovi\u00e7 thot\u00eb se n\u00eb Mal t\u00eb Zi \u00ebsht\u00eb ndezur alarmi i kuq nga shkaku se jan\u00eb mbyllur fabrikat t\u00eb cilat kan\u00eb l\u00ebn\u00eb pa pun\u00eb shum\u00eb pun\u00ebtor\u00eb. Ai thekson se veriu i vendit rrezikohet t\u00eb p\u00ebsoj\u00eb fatin e fshatrave t\u00eb Malit t\u00eb Zi t\u00eb cilat kan\u00eb mbetur pa banor\u00eb.<\/p>\n<p class=\"selectionShareable\">\u201cN\u00eb disa qytete do t\u00eb kemi m\u00eb shum\u00eb sht\u00ebpi se sa banor\u00eb. T\u00eb rinjt\u00eb po largohen p\u00ebr shkak se ata nuk shohin nj\u00eb t\u00eb ardhme. Q\u00eb banor\u00ebt t\u00eb mbeten n\u00eb Veri nevojiten shkolla, dhe jo t\u00eb nj\u00ebjtat t\u00eb mbyllen si\u00e7 \u00ebsht\u00eb rasti me mbylljen e fakultetit t\u00eb makineris\u00eb n\u00eb Plevle\u201d, thot\u00eb ai.<\/p>\n<p class=\"selectionShareable\">Sipas vler\u00ebsimeve t\u00eb Institutit Demografik Amerikan, n\u00eb vitin 2050-t\u00eb, Mali i Zi do t\u00eb ket\u00eb 10 -11 p\u00ebr qind m\u00eb pak banor\u00eb. Kjo do t\u00eb thot\u00eb se Mali i Zi do t\u00eb ket\u00eb 60 000 banor\u00eb m\u00eb pak.<\/p>\n<p class=\"selectionShareable\"><strong>Anadolu Agency<\/strong><\/p>\n","protected":false},"excerpt":{"rendered":"<p>Nd\u00ebrsa nuk ka shifra t\u00eb sakta p\u00ebr numrin e banor\u00ebve t\u00eb cil\u00ebt e kan\u00eb braktisur Veriun, t\u00eb dh\u00ebnat e para flasin se mij\u00ebra banor\u00eb shp\u00ebrngulen n\u00eb vit PODGORIC\u00cb (AA) &#8211; Qytetet n\u00eb veriun e Malit t\u00eb Zi gjithnj\u00eb e m\u00eb shum\u00eb po zbrazen, nd\u00ebrsa trendi i shp\u00ebrnguljes s\u00eb banor\u00ebve nga 12 komunat t\u00eb vendosura n\u00eb [&hellip;]<\/p>\n","protected":false},"author":1,"featured_media":0,"comment_status":"closed","ping_status":"closed","sticky":false,"template":"","format":"standard","meta":{"spay_email":"","jetpack_publicize_message":"","jetpack_is_tweetstorm":false,"jetpack_publicize_feature_enabled":true},"categories":[12],"tags":[],"jetpack_publicize_connections":[],"yoast_head":"<!-- This site is optimized with the Yoast SEO plugin v19.1 - https:\/\/yoast.com\/wordpress\/plugins\/seo\/ -->\n<title>Mungesa e perspektiv\u00ebs zbraz veriun e Malit t\u00eb Zi, largohen banor\u00ebt e Plav\u00ebs dhe Gucis\u00eb - Lajme nga Ulqini<\/title>\n<meta name=\"description\" content=\"Nd\u00ebrsa nuk ka shifra t\u00eb sakta p\u00ebr numrin e banor\u00ebve t\u00eb cil\u00ebt e kan\u00eb braktisur Veriun, t\u00eb dh\u00ebnat e para flasin se mij\u00ebra banor\u00eb shp\u00ebrngulen n\u00eb vit\" \/>\n<meta name=\"robots\" content=\"index, follow, max-snippet:-1, max-image-preview:large, max-video-preview:-1\" \/>\n<link rel=\"canonical\" href=\"https:\/\/www.visit-ulcinj.com\/blog\/2017\/02\/19\/mungesa-e-perspektives-zbraz-veriun-e-malit-te-zi-largohen-banoret-e-plaves-dhe-gucise\/\" \/>\n<meta property=\"og:locale\" content=\"en_US\" \/>\n<meta property=\"og:type\" content=\"article\" \/>\n<meta property=\"og:title\" content=\"Mungesa e perspektiv\u00ebs zbraz veriun e Malit t\u00eb Zi, largohen banor\u00ebt e Plav\u00ebs dhe Gucis\u00eb - Lajme nga Ulqini\" \/>\n<meta property=\"og:description\" content=\"Nd\u00ebrsa nuk ka shifra t\u00eb sakta p\u00ebr numrin e banor\u00ebve t\u00eb cil\u00ebt e kan\u00eb braktisur Veriun, t\u00eb dh\u00ebnat e para flasin se mij\u00ebra banor\u00eb shp\u00ebrngulen n\u00eb vit\" \/>\n<meta property=\"og:url\" content=\"https:\/\/www.visit-ulcinj.com\/blog\/2017\/02\/19\/mungesa-e-perspektives-zbraz-veriun-e-malit-te-zi-largohen-banoret-e-plaves-dhe-gucise\/\" \/>\n<meta property=\"og:site_name\" content=\"Lajme nga Ulqini\" \/>\n<meta property=\"article:published_time\" content=\"2017-02-19T19:04:31+00:00\" \/>\n<meta property=\"article:modified_time\" content=\"2017-02-19T19:04:49+00:00\" \/>\n<meta property=\"og:image\" content=\"http:\/\/www.visit-ulcinj.com\/blog\/wp-content\/uploads\/2017\/02\/largohen-nga-Mali-i-zi.jpg\" \/>\n<meta name=\"twitter:label1\" content=\"Written by\" \/>\n\t<meta name=\"twitter:data1\" content=\"ulqini\" \/>\n\t<meta name=\"twitter:label2\" content=\"Est. reading time\" \/>\n\t<meta name=\"twitter:data2\" content=\"5 minutes\" \/>\n<script type=\"application\/ld+json\" class=\"yoast-schema-graph\">{\"@context\":\"https:\/\/schema.org\",\"@graph\":[{\"@type\":\"WebSite\",\"@id\":\"https:\/\/www.visit-ulcinj.com\/blog\/#website\",\"url\":\"https:\/\/www.visit-ulcinj.com\/blog\/\",\"name\":\"Lajme nga Ulqini\",\"description\":\"Lajme,Vijesti,Ulqini,Ulqin,Crna Gora,Mali i Zi\",\"potentialAction\":[{\"@type\":\"SearchAction\",\"target\":{\"@type\":\"EntryPoint\",\"urlTemplate\":\"https:\/\/www.visit-ulcinj.com\/blog\/?s={search_term_string}\"},\"query-input\":\"required name=search_term_string\"}],\"inLanguage\":\"en-US\"},{\"@type\":\"ImageObject\",\"inLanguage\":\"en-US\",\"@id\":\"https:\/\/www.visit-ulcinj.com\/blog\/2017\/02\/19\/mungesa-e-perspektives-zbraz-veriun-e-malit-te-zi-largohen-banoret-e-plaves-dhe-gucise\/#primaryimage\",\"url\":\"https:\/\/www.visit-ulcinj.com\/blog\/wp-content\/uploads\/2017\/02\/largohen-nga-Mali-i-zi.jpg\",\"contentUrl\":\"https:\/\/www.visit-ulcinj.com\/blog\/wp-content\/uploads\/2017\/02\/largohen-nga-Mali-i-zi.jpg\",\"width\":587,\"height\":356},{\"@type\":\"WebPage\",\"@id\":\"https:\/\/www.visit-ulcinj.com\/blog\/2017\/02\/19\/mungesa-e-perspektives-zbraz-veriun-e-malit-te-zi-largohen-banoret-e-plaves-dhe-gucise\/#webpage\",\"url\":\"https:\/\/www.visit-ulcinj.com\/blog\/2017\/02\/19\/mungesa-e-perspektives-zbraz-veriun-e-malit-te-zi-largohen-banoret-e-plaves-dhe-gucise\/\",\"name\":\"Mungesa e perspektiv\u00ebs zbraz veriun e Malit t\u00eb Zi, largohen banor\u00ebt e Plav\u00ebs dhe Gucis\u00eb - Lajme nga Ulqini\",\"isPartOf\":{\"@id\":\"https:\/\/www.visit-ulcinj.com\/blog\/#website\"},\"primaryImageOfPage\":{\"@id\":\"https:\/\/www.visit-ulcinj.com\/blog\/2017\/02\/19\/mungesa-e-perspektives-zbraz-veriun-e-malit-te-zi-largohen-banoret-e-plaves-dhe-gucise\/#primaryimage\"},\"datePublished\":\"2017-02-19T19:04:31+00:00\",\"dateModified\":\"2017-02-19T19:04:49+00:00\",\"author\":{\"@id\":\"https:\/\/www.visit-ulcinj.com\/blog\/#\/schema\/person\/dcab619c614d3038751c63bc2aadc06d\"},\"description\":\"Nd\u00ebrsa nuk ka shifra t\u00eb sakta p\u00ebr numrin e banor\u00ebve t\u00eb cil\u00ebt e kan\u00eb braktisur Veriun, t\u00eb dh\u00ebnat e para flasin se mij\u00ebra banor\u00eb shp\u00ebrngulen n\u00eb vit\",\"breadcrumb\":{\"@id\":\"https:\/\/www.visit-ulcinj.com\/blog\/2017\/02\/19\/mungesa-e-perspektives-zbraz-veriun-e-malit-te-zi-largohen-banoret-e-plaves-dhe-gucise\/#breadcrumb\"},\"inLanguage\":\"en-US\",\"potentialAction\":[{\"@type\":\"ReadAction\",\"target\":[\"https:\/\/www.visit-ulcinj.com\/blog\/2017\/02\/19\/mungesa-e-perspektives-zbraz-veriun-e-malit-te-zi-largohen-banoret-e-plaves-dhe-gucise\/\"]}]},{\"@type\":\"BreadcrumbList\",\"@id\":\"https:\/\/www.visit-ulcinj.com\/blog\/2017\/02\/19\/mungesa-e-perspektives-zbraz-veriun-e-malit-te-zi-largohen-banoret-e-plaves-dhe-gucise\/#breadcrumb\",\"itemListElement\":[{\"@type\":\"ListItem\",\"position\":1,\"name\":\"Mungesa e perspektiv\u00ebs zbraz veriun e Malit t\u00eb Zi, largohen banor\u00ebt e Plav\u00ebs dhe Gucis\u00eb\"}]},{\"@type\":\"Person\",\"@id\":\"https:\/\/www.visit-ulcinj.com\/blog\/#\/schema\/person\/dcab619c614d3038751c63bc2aadc06d\",\"name\":\"ulqini\",\"sameAs\":[\"http:\/\/www.visit-ulcinj.com\"],\"url\":\"https:\/\/www.visit-ulcinj.com\/blog\/author\/admin\/\"}]}<\/script>\n<!-- \/ Yoast SEO plugin. -->","yoast_head_json":{"title":"Mungesa e perspektiv\u00ebs zbraz veriun e Malit t\u00eb Zi, largohen banor\u00ebt e Plav\u00ebs dhe Gucis\u00eb - Lajme nga Ulqini","description":"Nd\u00ebrsa nuk ka shifra t\u00eb sakta p\u00ebr numrin e banor\u00ebve t\u00eb cil\u00ebt e kan\u00eb braktisur Veriun, t\u00eb dh\u00ebnat e para flasin se mij\u00ebra banor\u00eb shp\u00ebrngulen n\u00eb vit","robots":{"index":"index","follow":"follow","max-snippet":"max-snippet:-1","max-image-preview":"max-image-preview:large","max-video-preview":"max-video-preview:-1"},"canonical":"https:\/\/www.visit-ulcinj.com\/blog\/2017\/02\/19\/mungesa-e-perspektives-zbraz-veriun-e-malit-te-zi-largohen-banoret-e-plaves-dhe-gucise\/","og_locale":"en_US","og_type":"article","og_title":"Mungesa e perspektiv\u00ebs zbraz veriun e Malit t\u00eb Zi, largohen banor\u00ebt e Plav\u00ebs dhe Gucis\u00eb - Lajme nga Ulqini","og_description":"Nd\u00ebrsa nuk ka shifra t\u00eb sakta p\u00ebr numrin e banor\u00ebve t\u00eb cil\u00ebt e kan\u00eb braktisur Veriun, t\u00eb dh\u00ebnat e para flasin se mij\u00ebra banor\u00eb shp\u00ebrngulen n\u00eb vit","og_url":"https:\/\/www.visit-ulcinj.com\/blog\/2017\/02\/19\/mungesa-e-perspektives-zbraz-veriun-e-malit-te-zi-largohen-banoret-e-plaves-dhe-gucise\/","og_site_name":"Lajme nga Ulqini","article_published_time":"2017-02-19T19:04:31+00:00","article_modified_time":"2017-02-19T19:04:49+00:00","og_image":[{"url":"http:\/\/www.visit-ulcinj.com\/blog\/wp-content\/uploads\/2017\/02\/largohen-nga-Mali-i-zi.jpg"}],"twitter_misc":{"Written by":"ulqini","Est. reading time":"5 minutes"},"schema":{"@context":"https:\/\/schema.org","@graph":[{"@type":"WebSite","@id":"https:\/\/www.visit-ulcinj.com\/blog\/#website","url":"https:\/\/www.visit-ulcinj.com\/blog\/","name":"Lajme nga Ulqini","description":"Lajme,Vijesti,Ulqini,Ulqin,Crna Gora,Mali i Zi","potentialAction":[{"@type":"SearchAction","target":{"@type":"EntryPoint","urlTemplate":"https:\/\/www.visit-ulcinj.com\/blog\/?s={search_term_string}"},"query-input":"required name=search_term_string"}],"inLanguage":"en-US"},{"@type":"ImageObject","inLanguage":"en-US","@id":"https:\/\/www.visit-ulcinj.com\/blog\/2017\/02\/19\/mungesa-e-perspektives-zbraz-veriun-e-malit-te-zi-largohen-banoret-e-plaves-dhe-gucise\/#primaryimage","url":"https:\/\/www.visit-ulcinj.com\/blog\/wp-content\/uploads\/2017\/02\/largohen-nga-Mali-i-zi.jpg","contentUrl":"https:\/\/www.visit-ulcinj.com\/blog\/wp-content\/uploads\/2017\/02\/largohen-nga-Mali-i-zi.jpg","width":587,"height":356},{"@type":"WebPage","@id":"https:\/\/www.visit-ulcinj.com\/blog\/2017\/02\/19\/mungesa-e-perspektives-zbraz-veriun-e-malit-te-zi-largohen-banoret-e-plaves-dhe-gucise\/#webpage","url":"https:\/\/www.visit-ulcinj.com\/blog\/2017\/02\/19\/mungesa-e-perspektives-zbraz-veriun-e-malit-te-zi-largohen-banoret-e-plaves-dhe-gucise\/","name":"Mungesa e perspektiv\u00ebs zbraz veriun e Malit t\u00eb Zi, largohen banor\u00ebt e Plav\u00ebs dhe Gucis\u00eb - Lajme nga Ulqini","isPartOf":{"@id":"https:\/\/www.visit-ulcinj.com\/blog\/#website"},"primaryImageOfPage":{"@id":"https:\/\/www.visit-ulcinj.com\/blog\/2017\/02\/19\/mungesa-e-perspektives-zbraz-veriun-e-malit-te-zi-largohen-banoret-e-plaves-dhe-gucise\/#primaryimage"},"datePublished":"2017-02-19T19:04:31+00:00","dateModified":"2017-02-19T19:04:49+00:00","author":{"@id":"https:\/\/www.visit-ulcinj.com\/blog\/#\/schema\/person\/dcab619c614d3038751c63bc2aadc06d"},"description":"Nd\u00ebrsa nuk ka shifra t\u00eb sakta p\u00ebr numrin e banor\u00ebve t\u00eb cil\u00ebt e kan\u00eb braktisur Veriun, t\u00eb dh\u00ebnat e para flasin se mij\u00ebra banor\u00eb shp\u00ebrngulen n\u00eb vit","breadcrumb":{"@id":"https:\/\/www.visit-ulcinj.com\/blog\/2017\/02\/19\/mungesa-e-perspektives-zbraz-veriun-e-malit-te-zi-largohen-banoret-e-plaves-dhe-gucise\/#breadcrumb"},"inLanguage":"en-US","potentialAction":[{"@type":"ReadAction","target":["https:\/\/www.visit-ulcinj.com\/blog\/2017\/02\/19\/mungesa-e-perspektives-zbraz-veriun-e-malit-te-zi-largohen-banoret-e-plaves-dhe-gucise\/"]}]},{"@type":"BreadcrumbList","@id":"https:\/\/www.visit-ulcinj.com\/blog\/2017\/02\/19\/mungesa-e-perspektives-zbraz-veriun-e-malit-te-zi-largohen-banoret-e-plaves-dhe-gucise\/#breadcrumb","itemListElement":[{"@type":"ListItem","position":1,"name":"Mungesa e perspektiv\u00ebs zbraz veriun e Malit t\u00eb Zi, largohen banor\u00ebt e Plav\u00ebs dhe Gucis\u00eb"}]},{"@type":"Person","@id":"https:\/\/www.visit-ulcinj.com\/blog\/#\/schema\/person\/dcab619c614d3038751c63bc2aadc06d","name":"ulqini","sameAs":["http:\/\/www.visit-ulcinj.com"],"url":"https:\/\/www.visit-ulcinj.com\/blog\/author\/admin\/"}]}},"jetpack_featured_media_url":"","jetpack_sharing_enabled":true,"jetpack_shortlink":"https:\/\/wp.me\/pe6lTn-qOU","_links":{"self":[{"href":"https:\/\/www.visit-ulcinj.com\/blog\/wp-json\/wp\/v2\/posts\/103100"}],"collection":[{"href":"https:\/\/www.visit-ulcinj.com\/blog\/wp-json\/wp\/v2\/posts"}],"about":[{"href":"https:\/\/www.visit-ulcinj.com\/blog\/wp-json\/wp\/v2\/types\/post"}],"author":[{"embeddable":true,"href":"https:\/\/www.visit-ulcinj.com\/blog\/wp-json\/wp\/v2\/users\/1"}],"replies":[{"embeddable":true,"href":"https:\/\/www.visit-ulcinj.com\/blog\/wp-json\/wp\/v2\/comments?post=103100"}],"version-history":[{"count":1,"href":"https:\/\/www.visit-ulcinj.com\/blog\/wp-json\/wp\/v2\/posts\/103100\/revisions"}],"predecessor-version":[{"id":103102,"href":"https:\/\/www.visit-ulcinj.com\/blog\/wp-json\/wp\/v2\/posts\/103100\/revisions\/103102"}],"wp:attachment":[{"href":"https:\/\/www.visit-ulcinj.com\/blog\/wp-json\/wp\/v2\/media?parent=103100"}],"wp:term":[{"taxonomy":"category","embeddable":true,"href":"https:\/\/www.visit-ulcinj.com\/blog\/wp-json\/wp\/v2\/categories?post=103100"},{"taxonomy":"post_tag","embeddable":true,"href":"https:\/\/www.visit-ulcinj.com\/blog\/wp-json\/wp\/v2\/tags?post=103100"}],"curies":[{"name":"wp","href":"https:\/\/api.w.org\/{rel}","templated":true}]}}