{"id":103105,"date":"2017-02-19T23:59:23","date_gmt":"2017-02-19T22:59:23","guid":{"rendered":"http:\/\/www.visit-ulcinj.com\/blog\/?p=103105"},"modified":"2017-02-25T08:45:08","modified_gmt":"2017-02-25T07:45:08","slug":"ne-ulqin-u-mbajt-manifestimi-fetar-e-kulturor-muhammedi-s-simbol-paqes","status":"publish","type":"post","link":"https:\/\/www.visit-ulcinj.com\/blog\/2017\/02\/19\/ne-ulqin-u-mbajt-manifestimi-fetar-e-kulturor-muhammedi-s-simbol-paqes\/","title":{"rendered":"N\u00eb Ulqin u mbajt manifestimi fetar e kulturor &#8220;Muhammedi a.s. \u2013 Simbol i paq\u00ebs&#8221; &#8211; Video"},"content":{"rendered":"<p><strong><a href=\"http:\/\/www.visit-ulcinj.com\/blog\/wp-content\/uploads\/2017\/02\/Program-fetar-Ulqin.jpg\"><img loading=\"lazy\" class=\"alignleft wp-image-103106\" src=\"http:\/\/www.visit-ulcinj.com\/blog\/wp-content\/uploads\/2017\/02\/Program-fetar-Ulqin.jpg\" alt=\"Program fetar-Ulqin\" width=\"508\" height=\"381\" srcset=\"https:\/\/www.visit-ulcinj.com\/blog\/wp-content\/uploads\/2017\/02\/Program-fetar-Ulqin.jpg 999w, https:\/\/www.visit-ulcinj.com\/blog\/wp-content\/uploads\/2017\/02\/Program-fetar-Ulqin-300x225.jpg 300w, https:\/\/www.visit-ulcinj.com\/blog\/wp-content\/uploads\/2017\/02\/Program-fetar-Ulqin-768x576.jpg 768w\" sizes=\"(max-width: 508px) 100vw, 508px\" \/><\/a>Manifestimi fetar e kulturor \u201cMuhammedi a.s. \u2013 Simbol i paq\u00ebs\u201d q\u00eb u mbajt t\u00eb shtun\u00ebn\u00a0 n\u00eb\u00a0 Qendren per kulture ne Ulqin \u00ebsht\u00eb nj\u00eb nd\u00ebr ngjarjet m\u00eb t\u00eb r\u00ebnd\u00ebsishme q\u00eb organizohen n\u00eb komun\u00ebn e Ulqinit<\/strong><\/p>\n<p>T\u00eb shtun\u00ebn me 18 shkurt, n\u00eb Qendr\u00ebn p\u00ebr kultur\u00eb n\u00eb Ulqin u mbajt program madh\u00ebshtor.<\/p>\n<p>N\u00eb sall\u00ebn, e cila ishte e vog\u00ebl p\u00ebr t\u00eb pranuar t\u00eb gjith\u00eb t\u00eb interesuarit, u organizua nga Bahsk\u00ebsia islame nj\u00eb program i begat\u00eb ku moren pjes\u00eb dy teolog\u00eb t\u00eb shquar t\u00eb trevave shqiptare: Imam Muhamed Sytari myfti i Shkodr\u00ebs dhe prof.dr. Metin Izeti.<\/p>\n<!--YouTube Error: bad URL entered-->\n<p>Programin e hapi me lexim Kur\u2019ani Egzon Ibrahimi i cili poashtu k\u00ebnaqi publikun me k\u00ebndim t\u00eb ilahive dhe pastaj vazhdun f\u00ebmij\u00ebt e Kop\u00ebshtit t\u00eb BI me p\u00ebrformans\u00ebn e tyre.<\/p>\n<p>Kryeimami mr. Ali ef. Bardhi p\u00ebrshendeti tubimin ku ceku r\u00ebnd\u00ebsin\u00eb e rolin t\u00eb prezantimit sa m\u00eb dinjitoz t\u00eb vlerave islame duke shtuar se q\u00ebllimi i k\u00ebtij organizimi \u00ebsht\u00eb pik\u00ebrisht nevoja p\u00ebr t\u00eb hedhur drit\u00eb mbi rolin e Muhammedit a.s. p\u00ebr paqe.<\/p>\n<p>Myftiu i Shkod\u00ebr Imam Sytari foli p\u00ebr filozofin\u00eb e paq\u00ebs nga k\u00ebndv\u00ebshtrimi i ajetit kur\u2019anor i cili flet p\u00ebr \u2018t\u00eb bindurit e t\u00eb Gjith\u00ebm\u00ebshirshmit\u2019 e q\u00eb jan\u00eb ata q\u00eb n\u00eb \u00e7do situat\u00eb promovojn\u00eb paq\u00ebn bile edhe kur etiketohen apo sulmohen nga njer\u00ebzit e ul\u00ebt.<\/p>\n<p>Myftiu poashtu ngjalli emocione t\u00eb ve\u00e7anta detajeve prek\u00ebse t\u00eb jet\u00ebs s\u00eb p\u00ebrditshme t\u00eb Muhammedit a.s. n\u00eb raport me \u00e7do njeri duke filluar nga moshat m\u00eb t\u00eb vogla e deri t\u00eb armiqt\u00eb m\u00eb t\u00eb ashp\u00ebr, ku Muhammedi a.s. me porosit\u00eb dhe sjelljen e tij fitonte zemrat e atyre q\u00eb e rrethonin duke i b\u00ebr\u00eb ambasador\u00eb t\u00eb paq\u00ebs n\u00eb viset ku i d\u00ebrgonte p\u00ebr t\u00eb p\u00ebr\u00e7uar mesazhin islam.<\/p>\n<p>Nga ana tjeter, prof.dr. Metin Izeti beri ne qasje fenomenologjike \u00e7eshtj\u00ebs n\u00eb fjal\u00eb duke p\u00ebrcjellur fenomenin islam q\u00eb nga Ebu Xhehli si arketip dhe paradigm\u00eb e s\u00eb keq\u00ebs p\u00ebrball\u00eb profetit Muhammed a.s. si bart\u00ebs i paq\u00ebs dhe dule vazhduar k\u00ebshtu me historin\u00eb u bujshme islame n\u00eb periudha t\u00eb ndryshme p\u00ebr t\u00eb arrir\u00eb n\u00eb koh\u00ebn ton\u00eb deri ne postmodern\u00eb ku Islami \u2013 n\u00eb teorin\u00eb e Huntingtonit \u2013 del n\u00eb an\u00ebn e kund\u00ebrt t\u00eb paq\u00ebs ndersa ky prezantim i shoq\u00ebris\u00eb mbar\u00eb njer\u00ebzore t\u00eb ndar\u00eb n\u00eb blloqe nuk \u00ebsht\u00eb gjendje reale por projekt i financuar nga q\u00ebndrat e m\u00ebdha t\u00eb cilat punojn\u00eb p\u00ebr rib\u00ebrjen e rendit t\u00eb ri bot\u00ebror.<\/p>\n<p>Bartja reale e paradigm\u00ebs profetike me parimet shpirtrore, intelektuale dhe morlae n\u00eb shoq\u00ebrin\u00eb ton\u00eb \u2013 dhe jo e form\u00ebs s\u00eb organizimit shoq\u00ebror t\u00eb shekullit t\u00eb VII \u2013 \u00a0dhe n\u00eb jet\u00ebn e p\u00ebrditshme do t\u00eb jet\u00eb nj\u00eb zgjidhje e shoq\u00ebrive muslimane drejt nje sistemi teocentrik \u2013 tha mes tjerash dr.Metin Izeti.<\/p>\n<p>Programin e hijeshoi edhe kori i medreses\u00eb Mehmed Fatih n\u00eb Podgoric\u00eb me k\u00ebndimin e ilahive.<\/p>\n<p><strong>Islam-Ul.com<\/strong><\/p>\n<p><a href=\"http:\/\/www.visit-ulcinj.com\/blog\/wp-content\/uploads\/2017\/02\/Program-fetar-Ulqin-2.jpg\"><img loading=\"lazy\" class=\"alignleft wp-image-103111\" src=\"http:\/\/www.visit-ulcinj.com\/blog\/wp-content\/uploads\/2017\/02\/Program-fetar-Ulqin-2.jpg\" alt=\"Program fetar-Ulqin-2\" width=\"508\" height=\"381\" srcset=\"https:\/\/www.visit-ulcinj.com\/blog\/wp-content\/uploads\/2017\/02\/Program-fetar-Ulqin-2.jpg 999w, https:\/\/www.visit-ulcinj.com\/blog\/wp-content\/uploads\/2017\/02\/Program-fetar-Ulqin-2-300x225.jpg 300w, https:\/\/www.visit-ulcinj.com\/blog\/wp-content\/uploads\/2017\/02\/Program-fetar-Ulqin-2-768x576.jpg 768w\" sizes=\"(max-width: 508px) 100vw, 508px\" \/><\/a><\/p>\n<p><a href=\"http:\/\/www.visit-ulcinj.com\/blog\/wp-content\/uploads\/2017\/02\/Program-fetar-Ulqin-3.jpg\"><img loading=\"lazy\" class=\"alignleft wp-image-103113\" src=\"http:\/\/www.visit-ulcinj.com\/blog\/wp-content\/uploads\/2017\/02\/Program-fetar-Ulqin-3.jpg\" alt=\"Program fetar-Ulqin-3\" width=\"508\" height=\"381\" srcset=\"https:\/\/www.visit-ulcinj.com\/blog\/wp-content\/uploads\/2017\/02\/Program-fetar-Ulqin-3.jpg 960w, https:\/\/www.visit-ulcinj.com\/blog\/wp-content\/uploads\/2017\/02\/Program-fetar-Ulqin-3-300x225.jpg 300w, https:\/\/www.visit-ulcinj.com\/blog\/wp-content\/uploads\/2017\/02\/Program-fetar-Ulqin-3-768x576.jpg 768w\" sizes=\"(max-width: 508px) 100vw, 508px\" \/><\/a><\/p>\n<p><a href=\"http:\/\/www.visit-ulcinj.com\/blog\/wp-content\/uploads\/2017\/02\/Program-fetar-Ulqin-4.jpg\"><img loading=\"lazy\" class=\"alignleft wp-image-103114\" src=\"http:\/\/www.visit-ulcinj.com\/blog\/wp-content\/uploads\/2017\/02\/Program-fetar-Ulqin-4.jpg\" alt=\"Program fetar-Ulqin-4\" width=\"508\" height=\"381\" srcset=\"https:\/\/www.visit-ulcinj.com\/blog\/wp-content\/uploads\/2017\/02\/Program-fetar-Ulqin-4.jpg 960w, https:\/\/www.visit-ulcinj.com\/blog\/wp-content\/uploads\/2017\/02\/Program-fetar-Ulqin-4-300x225.jpg 300w, https:\/\/www.visit-ulcinj.com\/blog\/wp-content\/uploads\/2017\/02\/Program-fetar-Ulqin-4-768x576.jpg 768w\" sizes=\"(max-width: 508px) 100vw, 508px\" \/><\/a><\/p>\n<p><a href=\"http:\/\/www.visit-ulcinj.com\/blog\/wp-content\/uploads\/2017\/02\/Program-fetar-Ulqin-5.jpg\"><img loading=\"lazy\" class=\"alignleft wp-image-103115\" src=\"http:\/\/www.visit-ulcinj.com\/blog\/wp-content\/uploads\/2017\/02\/Program-fetar-Ulqin-5.jpg\" alt=\"Program fetar-Ulqin-5\" width=\"508\" height=\"381\" srcset=\"https:\/\/www.visit-ulcinj.com\/blog\/wp-content\/uploads\/2017\/02\/Program-fetar-Ulqin-5.jpg 960w, https:\/\/www.visit-ulcinj.com\/blog\/wp-content\/uploads\/2017\/02\/Program-fetar-Ulqin-5-300x225.jpg 300w, https:\/\/www.visit-ulcinj.com\/blog\/wp-content\/uploads\/2017\/02\/Program-fetar-Ulqin-5-768x576.jpg 768w\" sizes=\"(max-width: 508px) 100vw, 508px\" \/><\/a><\/p>\n<p><a href=\"http:\/\/www.visit-ulcinj.com\/blog\/wp-content\/uploads\/2017\/02\/Program-fetar-Ulqin-6.jpg\"><img loading=\"lazy\" class=\"alignleft wp-image-103116\" src=\"http:\/\/www.visit-ulcinj.com\/blog\/wp-content\/uploads\/2017\/02\/Program-fetar-Ulqin-6.jpg\" alt=\"Program fetar-Ulqin-6\" width=\"508\" height=\"381\" srcset=\"https:\/\/www.visit-ulcinj.com\/blog\/wp-content\/uploads\/2017\/02\/Program-fetar-Ulqin-6.jpg 960w, https:\/\/www.visit-ulcinj.com\/blog\/wp-content\/uploads\/2017\/02\/Program-fetar-Ulqin-6-300x225.jpg 300w, https:\/\/www.visit-ulcinj.com\/blog\/wp-content\/uploads\/2017\/02\/Program-fetar-Ulqin-6-768x576.jpg 768w\" sizes=\"(max-width: 508px) 100vw, 508px\" \/><\/a><\/p>\n","protected":false},"excerpt":{"rendered":"<p>Manifestimi fetar e kulturor \u201cMuhammedi a.s. \u2013 Simbol i paq\u00ebs\u201d q\u00eb u mbajt t\u00eb shtun\u00ebn\u00a0 n\u00eb\u00a0 Qendren per kulture ne Ulqin \u00ebsht\u00eb nj\u00eb nd\u00ebr ngjarjet m\u00eb t\u00eb r\u00ebnd\u00ebsishme q\u00eb organizohen n\u00eb komun\u00ebn e Ulqinit T\u00eb shtun\u00ebn me 18 shkurt, n\u00eb Qendr\u00ebn p\u00ebr kultur\u00eb n\u00eb Ulqin u mbajt program madh\u00ebshtor. N\u00eb sall\u00ebn, e cila ishte e [&hellip;]<\/p>\n","protected":false},"author":1,"featured_media":0,"comment_status":"closed","ping_status":"closed","sticky":false,"template":"","format":"standard","meta":{"spay_email":"","jetpack_publicize_message":"","jetpack_is_tweetstorm":false,"jetpack_publicize_feature_enabled":true},"categories":[4,1],"tags":[],"jetpack_publicize_connections":[],"yoast_head":"<!-- This site is optimized with the Yoast SEO plugin v19.1 - https:\/\/yoast.com\/wordpress\/plugins\/seo\/ -->\n<title>N\u00eb Ulqin u mbajt manifestimi fetar e kulturor &quot;Muhammedi a.s. \u2013 Simbol i paq\u00ebs&quot; - Video - Lajme nga Ulqini<\/title>\n<meta name=\"description\" content=\"Manifestimi fetar e kulturor \u201cMuhammedi a.s. \u2013 Simbol i paq\u00ebs\u201d q\u00eb u mbajt t\u00eb shtun\u00ebn\u00a0 n\u00eb\u00a0 Qendren per kulture ne Ulqin \u00ebsht\u00eb nj\u00eb nd\u00ebr ngjarjet m\u00eb t\u00eb\" \/>\n<meta name=\"robots\" content=\"index, follow, max-snippet:-1, max-image-preview:large, max-video-preview:-1\" \/>\n<link rel=\"canonical\" href=\"https:\/\/www.visit-ulcinj.com\/blog\/2017\/02\/19\/ne-ulqin-u-mbajt-manifestimi-fetar-e-kulturor-muhammedi-s-simbol-paqes\/\" \/>\n<meta property=\"og:locale\" content=\"en_US\" \/>\n<meta property=\"og:type\" content=\"article\" \/>\n<meta property=\"og:title\" content=\"N\u00eb Ulqin u mbajt manifestimi fetar e kulturor &quot;Muhammedi a.s. \u2013 Simbol i paq\u00ebs&quot; - Video - Lajme nga Ulqini\" \/>\n<meta property=\"og:description\" content=\"Manifestimi fetar e kulturor \u201cMuhammedi a.s. \u2013 Simbol i paq\u00ebs\u201d q\u00eb u mbajt t\u00eb shtun\u00ebn\u00a0 n\u00eb\u00a0 Qendren per kulture ne Ulqin \u00ebsht\u00eb nj\u00eb nd\u00ebr ngjarjet m\u00eb t\u00eb\" \/>\n<meta property=\"og:url\" content=\"https:\/\/www.visit-ulcinj.com\/blog\/2017\/02\/19\/ne-ulqin-u-mbajt-manifestimi-fetar-e-kulturor-muhammedi-s-simbol-paqes\/\" \/>\n<meta property=\"og:site_name\" content=\"Lajme nga Ulqini\" \/>\n<meta property=\"article:published_time\" content=\"2017-02-19T22:59:23+00:00\" \/>\n<meta property=\"article:modified_time\" content=\"2017-02-25T07:45:08+00:00\" \/>\n<meta property=\"og:image\" content=\"http:\/\/www.visit-ulcinj.com\/blog\/wp-content\/uploads\/2017\/02\/Program-fetar-Ulqin.jpg\" \/>\n<meta name=\"twitter:label1\" content=\"Written by\" \/>\n\t<meta name=\"twitter:data1\" content=\"ulqini\" \/>\n\t<meta name=\"twitter:label2\" content=\"Est. reading time\" \/>\n\t<meta name=\"twitter:data2\" content=\"3 minutes\" \/>\n<script type=\"application\/ld+json\" class=\"yoast-schema-graph\">{\"@context\":\"https:\/\/schema.org\",\"@graph\":[{\"@type\":\"WebSite\",\"@id\":\"https:\/\/www.visit-ulcinj.com\/blog\/#website\",\"url\":\"https:\/\/www.visit-ulcinj.com\/blog\/\",\"name\":\"Lajme nga Ulqini\",\"description\":\"Lajme,Vijesti,Ulqini,Ulqin,Crna Gora,Mali i Zi\",\"potentialAction\":[{\"@type\":\"SearchAction\",\"target\":{\"@type\":\"EntryPoint\",\"urlTemplate\":\"https:\/\/www.visit-ulcinj.com\/blog\/?s={search_term_string}\"},\"query-input\":\"required name=search_term_string\"}],\"inLanguage\":\"en-US\"},{\"@type\":\"ImageObject\",\"inLanguage\":\"en-US\",\"@id\":\"https:\/\/www.visit-ulcinj.com\/blog\/2017\/02\/19\/ne-ulqin-u-mbajt-manifestimi-fetar-e-kulturor-muhammedi-s-simbol-paqes\/#primaryimage\",\"url\":\"https:\/\/www.visit-ulcinj.com\/blog\/wp-content\/uploads\/2017\/02\/Program-fetar-Ulqin.jpg\",\"contentUrl\":\"https:\/\/www.visit-ulcinj.com\/blog\/wp-content\/uploads\/2017\/02\/Program-fetar-Ulqin.jpg\",\"width\":999,\"height\":749},{\"@type\":\"WebPage\",\"@id\":\"https:\/\/www.visit-ulcinj.com\/blog\/2017\/02\/19\/ne-ulqin-u-mbajt-manifestimi-fetar-e-kulturor-muhammedi-s-simbol-paqes\/#webpage\",\"url\":\"https:\/\/www.visit-ulcinj.com\/blog\/2017\/02\/19\/ne-ulqin-u-mbajt-manifestimi-fetar-e-kulturor-muhammedi-s-simbol-paqes\/\",\"name\":\"N\u00eb Ulqin u mbajt manifestimi fetar e kulturor \\\"Muhammedi a.s. \u2013 Simbol i paq\u00ebs\\\" - Video - Lajme nga Ulqini\",\"isPartOf\":{\"@id\":\"https:\/\/www.visit-ulcinj.com\/blog\/#website\"},\"primaryImageOfPage\":{\"@id\":\"https:\/\/www.visit-ulcinj.com\/blog\/2017\/02\/19\/ne-ulqin-u-mbajt-manifestimi-fetar-e-kulturor-muhammedi-s-simbol-paqes\/#primaryimage\"},\"datePublished\":\"2017-02-19T22:59:23+00:00\",\"dateModified\":\"2017-02-25T07:45:08+00:00\",\"author\":{\"@id\":\"https:\/\/www.visit-ulcinj.com\/blog\/#\/schema\/person\/dcab619c614d3038751c63bc2aadc06d\"},\"description\":\"Manifestimi fetar e kulturor \u201cMuhammedi a.s. \u2013 Simbol i paq\u00ebs\u201d q\u00eb u mbajt t\u00eb shtun\u00ebn\u00a0 n\u00eb\u00a0 Qendren per kulture ne Ulqin \u00ebsht\u00eb nj\u00eb nd\u00ebr ngjarjet m\u00eb t\u00eb\",\"breadcrumb\":{\"@id\":\"https:\/\/www.visit-ulcinj.com\/blog\/2017\/02\/19\/ne-ulqin-u-mbajt-manifestimi-fetar-e-kulturor-muhammedi-s-simbol-paqes\/#breadcrumb\"},\"inLanguage\":\"en-US\",\"potentialAction\":[{\"@type\":\"ReadAction\",\"target\":[\"https:\/\/www.visit-ulcinj.com\/blog\/2017\/02\/19\/ne-ulqin-u-mbajt-manifestimi-fetar-e-kulturor-muhammedi-s-simbol-paqes\/\"]}]},{\"@type\":\"BreadcrumbList\",\"@id\":\"https:\/\/www.visit-ulcinj.com\/blog\/2017\/02\/19\/ne-ulqin-u-mbajt-manifestimi-fetar-e-kulturor-muhammedi-s-simbol-paqes\/#breadcrumb\",\"itemListElement\":[{\"@type\":\"ListItem\",\"position\":1,\"name\":\"N\u00eb Ulqin u mbajt manifestimi fetar e kulturor &#8220;Muhammedi a.s. \u2013 Simbol i paq\u00ebs&#8221; &#8211; Video\"}]},{\"@type\":\"Person\",\"@id\":\"https:\/\/www.visit-ulcinj.com\/blog\/#\/schema\/person\/dcab619c614d3038751c63bc2aadc06d\",\"name\":\"ulqini\",\"sameAs\":[\"http:\/\/www.visit-ulcinj.com\"],\"url\":\"https:\/\/www.visit-ulcinj.com\/blog\/author\/admin\/\"}]}<\/script>\n<!-- \/ Yoast SEO plugin. -->","yoast_head_json":{"title":"N\u00eb Ulqin u mbajt manifestimi fetar e kulturor \"Muhammedi a.s. \u2013 Simbol i paq\u00ebs\" - Video - Lajme nga Ulqini","description":"Manifestimi fetar e kulturor \u201cMuhammedi a.s. \u2013 Simbol i paq\u00ebs\u201d q\u00eb u mbajt t\u00eb shtun\u00ebn\u00a0 n\u00eb\u00a0 Qendren per kulture ne Ulqin \u00ebsht\u00eb nj\u00eb nd\u00ebr ngjarjet m\u00eb t\u00eb","robots":{"index":"index","follow":"follow","max-snippet":"max-snippet:-1","max-image-preview":"max-image-preview:large","max-video-preview":"max-video-preview:-1"},"canonical":"https:\/\/www.visit-ulcinj.com\/blog\/2017\/02\/19\/ne-ulqin-u-mbajt-manifestimi-fetar-e-kulturor-muhammedi-s-simbol-paqes\/","og_locale":"en_US","og_type":"article","og_title":"N\u00eb Ulqin u mbajt manifestimi fetar e kulturor \"Muhammedi a.s. \u2013 Simbol i paq\u00ebs\" - Video - Lajme nga Ulqini","og_description":"Manifestimi fetar e kulturor \u201cMuhammedi a.s. \u2013 Simbol i paq\u00ebs\u201d q\u00eb u mbajt t\u00eb shtun\u00ebn\u00a0 n\u00eb\u00a0 Qendren per kulture ne Ulqin \u00ebsht\u00eb nj\u00eb nd\u00ebr ngjarjet m\u00eb t\u00eb","og_url":"https:\/\/www.visit-ulcinj.com\/blog\/2017\/02\/19\/ne-ulqin-u-mbajt-manifestimi-fetar-e-kulturor-muhammedi-s-simbol-paqes\/","og_site_name":"Lajme nga Ulqini","article_published_time":"2017-02-19T22:59:23+00:00","article_modified_time":"2017-02-25T07:45:08+00:00","og_image":[{"url":"http:\/\/www.visit-ulcinj.com\/blog\/wp-content\/uploads\/2017\/02\/Program-fetar-Ulqin.jpg"}],"twitter_misc":{"Written by":"ulqini","Est. reading time":"3 minutes"},"schema":{"@context":"https:\/\/schema.org","@graph":[{"@type":"WebSite","@id":"https:\/\/www.visit-ulcinj.com\/blog\/#website","url":"https:\/\/www.visit-ulcinj.com\/blog\/","name":"Lajme nga Ulqini","description":"Lajme,Vijesti,Ulqini,Ulqin,Crna Gora,Mali i Zi","potentialAction":[{"@type":"SearchAction","target":{"@type":"EntryPoint","urlTemplate":"https:\/\/www.visit-ulcinj.com\/blog\/?s={search_term_string}"},"query-input":"required name=search_term_string"}],"inLanguage":"en-US"},{"@type":"ImageObject","inLanguage":"en-US","@id":"https:\/\/www.visit-ulcinj.com\/blog\/2017\/02\/19\/ne-ulqin-u-mbajt-manifestimi-fetar-e-kulturor-muhammedi-s-simbol-paqes\/#primaryimage","url":"https:\/\/www.visit-ulcinj.com\/blog\/wp-content\/uploads\/2017\/02\/Program-fetar-Ulqin.jpg","contentUrl":"https:\/\/www.visit-ulcinj.com\/blog\/wp-content\/uploads\/2017\/02\/Program-fetar-Ulqin.jpg","width":999,"height":749},{"@type":"WebPage","@id":"https:\/\/www.visit-ulcinj.com\/blog\/2017\/02\/19\/ne-ulqin-u-mbajt-manifestimi-fetar-e-kulturor-muhammedi-s-simbol-paqes\/#webpage","url":"https:\/\/www.visit-ulcinj.com\/blog\/2017\/02\/19\/ne-ulqin-u-mbajt-manifestimi-fetar-e-kulturor-muhammedi-s-simbol-paqes\/","name":"N\u00eb Ulqin u mbajt manifestimi fetar e kulturor \"Muhammedi a.s. \u2013 Simbol i paq\u00ebs\" - Video - Lajme nga Ulqini","isPartOf":{"@id":"https:\/\/www.visit-ulcinj.com\/blog\/#website"},"primaryImageOfPage":{"@id":"https:\/\/www.visit-ulcinj.com\/blog\/2017\/02\/19\/ne-ulqin-u-mbajt-manifestimi-fetar-e-kulturor-muhammedi-s-simbol-paqes\/#primaryimage"},"datePublished":"2017-02-19T22:59:23+00:00","dateModified":"2017-02-25T07:45:08+00:00","author":{"@id":"https:\/\/www.visit-ulcinj.com\/blog\/#\/schema\/person\/dcab619c614d3038751c63bc2aadc06d"},"description":"Manifestimi fetar e kulturor \u201cMuhammedi a.s. \u2013 Simbol i paq\u00ebs\u201d q\u00eb u mbajt t\u00eb shtun\u00ebn\u00a0 n\u00eb\u00a0 Qendren per kulture ne Ulqin \u00ebsht\u00eb nj\u00eb nd\u00ebr ngjarjet m\u00eb t\u00eb","breadcrumb":{"@id":"https:\/\/www.visit-ulcinj.com\/blog\/2017\/02\/19\/ne-ulqin-u-mbajt-manifestimi-fetar-e-kulturor-muhammedi-s-simbol-paqes\/#breadcrumb"},"inLanguage":"en-US","potentialAction":[{"@type":"ReadAction","target":["https:\/\/www.visit-ulcinj.com\/blog\/2017\/02\/19\/ne-ulqin-u-mbajt-manifestimi-fetar-e-kulturor-muhammedi-s-simbol-paqes\/"]}]},{"@type":"BreadcrumbList","@id":"https:\/\/www.visit-ulcinj.com\/blog\/2017\/02\/19\/ne-ulqin-u-mbajt-manifestimi-fetar-e-kulturor-muhammedi-s-simbol-paqes\/#breadcrumb","itemListElement":[{"@type":"ListItem","position":1,"name":"N\u00eb Ulqin u mbajt manifestimi fetar e kulturor &#8220;Muhammedi a.s. \u2013 Simbol i paq\u00ebs&#8221; &#8211; Video"}]},{"@type":"Person","@id":"https:\/\/www.visit-ulcinj.com\/blog\/#\/schema\/person\/dcab619c614d3038751c63bc2aadc06d","name":"ulqini","sameAs":["http:\/\/www.visit-ulcinj.com"],"url":"https:\/\/www.visit-ulcinj.com\/blog\/author\/admin\/"}]}},"jetpack_featured_media_url":"","jetpack_sharing_enabled":true,"jetpack_shortlink":"https:\/\/wp.me\/pe6lTn-qOZ","_links":{"self":[{"href":"https:\/\/www.visit-ulcinj.com\/blog\/wp-json\/wp\/v2\/posts\/103105"}],"collection":[{"href":"https:\/\/www.visit-ulcinj.com\/blog\/wp-json\/wp\/v2\/posts"}],"about":[{"href":"https:\/\/www.visit-ulcinj.com\/blog\/wp-json\/wp\/v2\/types\/post"}],"author":[{"embeddable":true,"href":"https:\/\/www.visit-ulcinj.com\/blog\/wp-json\/wp\/v2\/users\/1"}],"replies":[{"embeddable":true,"href":"https:\/\/www.visit-ulcinj.com\/blog\/wp-json\/wp\/v2\/comments?post=103105"}],"version-history":[{"count":5,"href":"https:\/\/www.visit-ulcinj.com\/blog\/wp-json\/wp\/v2\/posts\/103105\/revisions"}],"predecessor-version":[{"id":103248,"href":"https:\/\/www.visit-ulcinj.com\/blog\/wp-json\/wp\/v2\/posts\/103105\/revisions\/103248"}],"wp:attachment":[{"href":"https:\/\/www.visit-ulcinj.com\/blog\/wp-json\/wp\/v2\/media?parent=103105"}],"wp:term":[{"taxonomy":"category","embeddable":true,"href":"https:\/\/www.visit-ulcinj.com\/blog\/wp-json\/wp\/v2\/categories?post=103105"},{"taxonomy":"post_tag","embeddable":true,"href":"https:\/\/www.visit-ulcinj.com\/blog\/wp-json\/wp\/v2\/tags?post=103105"}],"curies":[{"name":"wp","href":"https:\/\/api.w.org\/{rel}","templated":true}]}}