{"id":103125,"date":"2017-02-21T06:57:54","date_gmt":"2017-02-21T05:57:54","guid":{"rendered":"http:\/\/www.visit-ulcinj.com\/blog\/?p=103125"},"modified":"2017-02-21T13:26:11","modified_gmt":"2017-02-21T12:26:11","slug":"replika-dhe-ironi-ja-si-iu-pergjigjet-ura-portalit-lajm","status":"publish","type":"post","link":"https:\/\/www.visit-ulcinj.com\/blog\/2017\/02\/21\/replika-dhe-ironi-ja-si-iu-pergjigjet-ura-portalit-lajm\/","title":{"rendered":"Replika dhe ironi, ja si iu p\u00ebrgjigjet URA portalit Lajm.me"},"content":{"rendered":"<p style=\"text-align: center;\"><a href=\"http:\/\/www.visit-ulcinj.com\/blog\/wp-content\/uploads\/2017\/02\/Replika-dhe-ironi-ja-si-iu-p\u00ebrgjigjet-URA-portalit-Lajm.me-Me-g\u00ebnjeshtra.jpg\"><img loading=\"lazy\" class=\"alignleft wp-image-103126\" src=\"http:\/\/www.visit-ulcinj.com\/blog\/wp-content\/uploads\/2017\/02\/Replika-dhe-ironi-ja-si-iu-p\u00ebrgjigjet-URA-portalit-Lajm.me-Me-g\u00ebnjeshtra.jpg\" alt=\"Replika dhe ironi, ja si iu p\u00ebrgjigjet URA portalit Lajm.me-Me g\u00ebnjeshtra\" width=\"508\" height=\"224\" srcset=\"https:\/\/www.visit-ulcinj.com\/blog\/wp-content\/uploads\/2017\/02\/Replika-dhe-ironi-ja-si-iu-p\u00ebrgjigjet-URA-portalit-Lajm.me-Me-g\u00ebnjeshtra.jpg 600w, https:\/\/www.visit-ulcinj.com\/blog\/wp-content\/uploads\/2017\/02\/Replika-dhe-ironi-ja-si-iu-p\u00ebrgjigjet-URA-portalit-Lajm.me-Me-g\u00ebnjeshtra-300x132.jpg 300w\" sizes=\"(max-width: 508px) 100vw, 508px\" \/><\/a><strong>URA: E mjer\u00eb \u00ebsht\u00eb Forca kur e mbron Informeri i Ulqinit<\/strong><\/p>\n<p>T\u00eb shpjegosh dhe t\u00eb kuptosh cinizmin e pal\u00ebs imagjinare \u00ebsht\u00eb me t\u00eb v\u00ebrtet v\u00ebshtir\u00eb dhe p\u00ebr k\u00ebt\u00eb gj\u00eb nuk kemi p\u00ebrgjigje, raporton portali Ul.info.<\/p>\n<p>Prandaj i k\u00ebrkojm\u00eb ndjes\u00eb opinionit, sepse edhe ne do t\u00eb donim t\u00eb dinim kush \u00e7ka deklaron, por, esencialisht, p\u00ebr k\u00ebt\u00eb polemik\u00eb, kjo nuk \u00ebsht\u00eb e r\u00ebnd\u00ebsishme. I t\u00ebr\u00eb Ulqini e din\u00eb p\u00ebr ke b\u00ebhet fjal\u00eb edhe pse tentojn\u00eb t\u00eb fshihen pas trek\u00ebnd\u00ebshit t\u00eb err\u00ebt: partis\u00eb dhe dy medieve, ku p\u00ebrfshihen Forca, televizioni dhe kuazi portali lajm.me ose, m\u00eb sakt\u00ebsisht, \u201cInformeri i Ulqinit\u201d, i cili, edhe pse i paftuar, sipas automatizmit ka marr\u00eb rolin e mbrojt\u00ebsit t\u00eb partis\u00eb. E pas k\u00ebsaj fshihet nj\u00eb q\u00ebllim i vet\u00ebm: mbrojtja e interesave personale. Dhe asgj\u00eb tjet\u00ebr! Dhe k\u00ebt\u00eb e din\u00eb i t\u00ebr\u00eb Ulqini, por ia vlen vazhdimisht t\u00eb p\u00ebrs\u00ebrit\u00ebt.<\/p>\n<p>Besoj q\u00eb e dini se ai q\u00eb fshihet thirret \u2013 frikacak. Nj\u00eb shkrimtar i njohur ka th\u00ebn\u00eb: \u201cEkzistojn\u00eb disa m\u00ebnyra t\u00eb mira t\u00eb mbrohemi nga tundimi, por m\u00eb e sigurta \u00ebsht\u00eb frikacak\u00ebria\u201d, ose \u201cT\u00eb g\u00ebnjyerit \u00ebsht\u00eb gjithmon\u00eb frikacak\u00ebri, e frikacak\u00ebria \u00ebsht\u00eb pasoj\u00eb e padijes\u201d. N\u00eb m\u00ebnyr\u00eb t\u00eb p\u00ebrkryer p\u00ebrshtateni n\u00eb k\u00ebto dy th\u00ebnie, fal Jush, e jo kurrsesi fal\u00a0nesh.<\/p>\n<p>Sa i p\u00ebrket dokumentit q\u00eb publikuam, e dini ju mir\u00eb besueshm\u00ebrin\u00eb e tij, m\u00eb mir\u00eb se ne, sepse ju as nuk e demantuat. E dini Ju mir\u00eb p\u00ebr cil\u00ebn periudh\u00eb ai referohet, kush e shkroi, kush e kontrolloi dhe kur u shkrua. Vet fakti q\u00eb ne edhe Ju e dim\u00eb autorin e dokumentit m\u00eb shum\u00eb flet p\u00ebr Ju, p\u00ebr padijen Tuaj, ose tentimin e mjer\u00eb t\u00eb fshehjes, e u kap\u00ebt n\u00eb flagranc\u00eb, si dhe p\u00ebr at\u00eb se sa t\u00eb aft\u00eb jeni t\u00eb drejtoni vet fushatat dhe t\u00eb thoni ose shkruani di\u00e7ka t\u00eb vlefshme. Por, sinqerisht, ne nuk habitemi p\u00ebr padijen Tuaj sepse jetojm\u00eb n\u00eb t\u00eb nj\u00ebjtin qytet, e rezultati i pun\u00ebs dhe (pa)dijes tuaj e shohim p\u00ebr \u00e7do dit\u00eb, n\u00eb \u00e7do hap. Pavar\u00ebsin\u00eb tuaj e kthyet atje ku gjithmon\u00eb ishte \u2013 n\u00eb PDS! Dhe k\u00ebt\u00eb tani t\u00eb gjith\u00eb e shohin qart\u00eb.<\/p>\n<p>Po ashtu, p\u00ebrmend\u00ebt edhe gjuh\u00ebn shqipe dhe malazeze, q\u00eb dim\u00eb m\u00eb mir\u00eb k\u00ebt\u00eb ose at\u00eb gjuh\u00eb, dhe t\u00eb ju p\u00ebrgjigjemi menj\u00ebher\u00eb: i dim\u00eb t\u00eb dy dhe i shfryt\u00ebzojm\u00eb t\u00eb dy p\u00ebr dallim nga kryekomunari i Juaj i instaluar i cili 95% t\u00eb vendimeve dhe shkresave zyrtare i shkruan vet\u00ebm n\u00eb gjuh\u00ebn malazeze, edhe pse gjuha shqipe, sipas Kushtetut\u00ebs, \u00ebsht\u00eb n\u00eb p\u00ebrdorim zyrtar. Kjo \u00ebsht\u00eb demagogjia e Juaj e famshme.<\/p>\n<p>Por, duke d\u00ebgjuar me vite demagogjin\u00eb, g\u00ebnjeshtrat dhe mashtrimet Tuaja, ne p\u00ebr \u00e7do vit jemi gjithnj\u00eb e m\u00eb pak. Vet\u00ebm k\u00ebt\u00eb dim\u00ebr mbi 300 qytetar\u00eb t\u00eb Ulqinit kan\u00eb l\u00ebshuar qytetin, gj\u00eb q\u00eb nuk ju intereson dhe me \u00e7ka Ju nuk merreni. Nuk mb\u00ebrrini nga interesat personale q\u00eb keni.<\/p>\n","protected":false},"excerpt":{"rendered":"<p>URA: E mjer\u00eb \u00ebsht\u00eb Forca kur e mbron Informeri i Ulqinit T\u00eb shpjegosh dhe t\u00eb kuptosh cinizmin e pal\u00ebs imagjinare \u00ebsht\u00eb me t\u00eb v\u00ebrtet v\u00ebshtir\u00eb dhe p\u00ebr k\u00ebt\u00eb gj\u00eb nuk kemi p\u00ebrgjigje, raporton portali Ul.info. Prandaj i k\u00ebrkojm\u00eb ndjes\u00eb opinionit, sepse edhe ne do t\u00eb donim t\u00eb dinim kush \u00e7ka deklaron, por, esencialisht, p\u00ebr k\u00ebt\u00eb [&hellip;]<\/p>\n","protected":false},"author":1,"featured_media":0,"comment_status":"closed","ping_status":"closed","sticky":false,"template":"","format":"standard","meta":{"spay_email":"","jetpack_publicize_message":"","jetpack_is_tweetstorm":false,"jetpack_publicize_feature_enabled":true},"categories":[1,11],"tags":[],"jetpack_publicize_connections":[],"yoast_head":"<!-- This site is optimized with the Yoast SEO plugin v19.1 - https:\/\/yoast.com\/wordpress\/plugins\/seo\/ -->\n<title>Replika dhe ironi, ja si iu p\u00ebrgjigjet URA portalit Lajm.me - Lajme nga Ulqini<\/title>\n<meta name=\"description\" content=\"URA: E mjer\u00eb \u00ebsht\u00eb Forca kur e mbron Informeri i Ulqinit T\u00eb shpjegosh dhe t\u00eb kuptosh cinizmin e pal\u00ebs imagjinare \u00ebsht\u00eb me t\u00eb v\u00ebrtet v\u00ebshtir\u00eb dhe p\u00ebr k\u00ebt\u00eb\" \/>\n<meta name=\"robots\" content=\"index, follow, max-snippet:-1, max-image-preview:large, max-video-preview:-1\" \/>\n<link rel=\"canonical\" href=\"https:\/\/www.visit-ulcinj.com\/blog\/2017\/02\/21\/replika-dhe-ironi-ja-si-iu-pergjigjet-ura-portalit-lajm\/\" \/>\n<meta property=\"og:locale\" content=\"en_US\" \/>\n<meta property=\"og:type\" content=\"article\" \/>\n<meta property=\"og:title\" content=\"Replika dhe ironi, ja si iu p\u00ebrgjigjet URA portalit Lajm.me - Lajme nga Ulqini\" \/>\n<meta property=\"og:description\" content=\"URA: E mjer\u00eb \u00ebsht\u00eb Forca kur e mbron Informeri i Ulqinit T\u00eb shpjegosh dhe t\u00eb kuptosh cinizmin e pal\u00ebs imagjinare \u00ebsht\u00eb me t\u00eb v\u00ebrtet v\u00ebshtir\u00eb dhe p\u00ebr k\u00ebt\u00eb\" \/>\n<meta property=\"og:url\" content=\"https:\/\/www.visit-ulcinj.com\/blog\/2017\/02\/21\/replika-dhe-ironi-ja-si-iu-pergjigjet-ura-portalit-lajm\/\" \/>\n<meta property=\"og:site_name\" content=\"Lajme nga Ulqini\" \/>\n<meta property=\"article:published_time\" content=\"2017-02-21T05:57:54+00:00\" \/>\n<meta property=\"article:modified_time\" content=\"2017-02-21T12:26:11+00:00\" \/>\n<meta name=\"twitter:label1\" content=\"Written by\" \/>\n\t<meta name=\"twitter:data1\" content=\"ulqini\" \/>\n\t<meta name=\"twitter:label2\" content=\"Est. reading time\" \/>\n\t<meta name=\"twitter:data2\" content=\"3 minutes\" \/>\n<script type=\"application\/ld+json\" class=\"yoast-schema-graph\">{\"@context\":\"https:\/\/schema.org\",\"@graph\":[{\"@type\":\"WebSite\",\"@id\":\"https:\/\/www.visit-ulcinj.com\/blog\/#website\",\"url\":\"https:\/\/www.visit-ulcinj.com\/blog\/\",\"name\":\"Lajme nga Ulqini\",\"description\":\"Lajme,Vijesti,Ulqini,Ulqin,Crna Gora,Mali i Zi\",\"potentialAction\":[{\"@type\":\"SearchAction\",\"target\":{\"@type\":\"EntryPoint\",\"urlTemplate\":\"https:\/\/www.visit-ulcinj.com\/blog\/?s={search_term_string}\"},\"query-input\":\"required name=search_term_string\"}],\"inLanguage\":\"en-US\"},{\"@type\":\"WebPage\",\"@id\":\"https:\/\/www.visit-ulcinj.com\/blog\/2017\/02\/21\/replika-dhe-ironi-ja-si-iu-pergjigjet-ura-portalit-lajm\/#webpage\",\"url\":\"https:\/\/www.visit-ulcinj.com\/blog\/2017\/02\/21\/replika-dhe-ironi-ja-si-iu-pergjigjet-ura-portalit-lajm\/\",\"name\":\"Replika dhe ironi, ja si iu p\u00ebrgjigjet URA portalit Lajm.me - Lajme nga Ulqini\",\"isPartOf\":{\"@id\":\"https:\/\/www.visit-ulcinj.com\/blog\/#website\"},\"datePublished\":\"2017-02-21T05:57:54+00:00\",\"dateModified\":\"2017-02-21T12:26:11+00:00\",\"author\":{\"@id\":\"https:\/\/www.visit-ulcinj.com\/blog\/#\/schema\/person\/dcab619c614d3038751c63bc2aadc06d\"},\"description\":\"URA: E mjer\u00eb \u00ebsht\u00eb Forca kur e mbron Informeri i Ulqinit T\u00eb shpjegosh dhe t\u00eb kuptosh cinizmin e pal\u00ebs imagjinare \u00ebsht\u00eb me t\u00eb v\u00ebrtet v\u00ebshtir\u00eb dhe p\u00ebr k\u00ebt\u00eb\",\"breadcrumb\":{\"@id\":\"https:\/\/www.visit-ulcinj.com\/blog\/2017\/02\/21\/replika-dhe-ironi-ja-si-iu-pergjigjet-ura-portalit-lajm\/#breadcrumb\"},\"inLanguage\":\"en-US\",\"potentialAction\":[{\"@type\":\"ReadAction\",\"target\":[\"https:\/\/www.visit-ulcinj.com\/blog\/2017\/02\/21\/replika-dhe-ironi-ja-si-iu-pergjigjet-ura-portalit-lajm\/\"]}]},{\"@type\":\"BreadcrumbList\",\"@id\":\"https:\/\/www.visit-ulcinj.com\/blog\/2017\/02\/21\/replika-dhe-ironi-ja-si-iu-pergjigjet-ura-portalit-lajm\/#breadcrumb\",\"itemListElement\":[{\"@type\":\"ListItem\",\"position\":1,\"name\":\"Replika dhe ironi, ja si iu p\u00ebrgjigjet URA portalit Lajm.me\"}]},{\"@type\":\"Person\",\"@id\":\"https:\/\/www.visit-ulcinj.com\/blog\/#\/schema\/person\/dcab619c614d3038751c63bc2aadc06d\",\"name\":\"ulqini\",\"sameAs\":[\"http:\/\/www.visit-ulcinj.com\"],\"url\":\"https:\/\/www.visit-ulcinj.com\/blog\/author\/admin\/\"}]}<\/script>\n<!-- \/ Yoast SEO plugin. -->","yoast_head_json":{"title":"Replika dhe ironi, ja si iu p\u00ebrgjigjet URA portalit Lajm.me - Lajme nga Ulqini","description":"URA: E mjer\u00eb \u00ebsht\u00eb Forca kur e mbron Informeri i Ulqinit T\u00eb shpjegosh dhe t\u00eb kuptosh cinizmin e pal\u00ebs imagjinare \u00ebsht\u00eb me t\u00eb v\u00ebrtet v\u00ebshtir\u00eb dhe p\u00ebr k\u00ebt\u00eb","robots":{"index":"index","follow":"follow","max-snippet":"max-snippet:-1","max-image-preview":"max-image-preview:large","max-video-preview":"max-video-preview:-1"},"canonical":"https:\/\/www.visit-ulcinj.com\/blog\/2017\/02\/21\/replika-dhe-ironi-ja-si-iu-pergjigjet-ura-portalit-lajm\/","og_locale":"en_US","og_type":"article","og_title":"Replika dhe ironi, ja si iu p\u00ebrgjigjet URA portalit Lajm.me - Lajme nga Ulqini","og_description":"URA: E mjer\u00eb \u00ebsht\u00eb Forca kur e mbron Informeri i Ulqinit T\u00eb shpjegosh dhe t\u00eb kuptosh cinizmin e pal\u00ebs imagjinare \u00ebsht\u00eb me t\u00eb v\u00ebrtet v\u00ebshtir\u00eb dhe p\u00ebr k\u00ebt\u00eb","og_url":"https:\/\/www.visit-ulcinj.com\/blog\/2017\/02\/21\/replika-dhe-ironi-ja-si-iu-pergjigjet-ura-portalit-lajm\/","og_site_name":"Lajme nga Ulqini","article_published_time":"2017-02-21T05:57:54+00:00","article_modified_time":"2017-02-21T12:26:11+00:00","twitter_misc":{"Written by":"ulqini","Est. reading time":"3 minutes"},"schema":{"@context":"https:\/\/schema.org","@graph":[{"@type":"WebSite","@id":"https:\/\/www.visit-ulcinj.com\/blog\/#website","url":"https:\/\/www.visit-ulcinj.com\/blog\/","name":"Lajme nga Ulqini","description":"Lajme,Vijesti,Ulqini,Ulqin,Crna Gora,Mali i Zi","potentialAction":[{"@type":"SearchAction","target":{"@type":"EntryPoint","urlTemplate":"https:\/\/www.visit-ulcinj.com\/blog\/?s={search_term_string}"},"query-input":"required name=search_term_string"}],"inLanguage":"en-US"},{"@type":"WebPage","@id":"https:\/\/www.visit-ulcinj.com\/blog\/2017\/02\/21\/replika-dhe-ironi-ja-si-iu-pergjigjet-ura-portalit-lajm\/#webpage","url":"https:\/\/www.visit-ulcinj.com\/blog\/2017\/02\/21\/replika-dhe-ironi-ja-si-iu-pergjigjet-ura-portalit-lajm\/","name":"Replika dhe ironi, ja si iu p\u00ebrgjigjet URA portalit Lajm.me - Lajme nga Ulqini","isPartOf":{"@id":"https:\/\/www.visit-ulcinj.com\/blog\/#website"},"datePublished":"2017-02-21T05:57:54+00:00","dateModified":"2017-02-21T12:26:11+00:00","author":{"@id":"https:\/\/www.visit-ulcinj.com\/blog\/#\/schema\/person\/dcab619c614d3038751c63bc2aadc06d"},"description":"URA: E mjer\u00eb \u00ebsht\u00eb Forca kur e mbron Informeri i Ulqinit T\u00eb shpjegosh dhe t\u00eb kuptosh cinizmin e pal\u00ebs imagjinare \u00ebsht\u00eb me t\u00eb v\u00ebrtet v\u00ebshtir\u00eb dhe p\u00ebr k\u00ebt\u00eb","breadcrumb":{"@id":"https:\/\/www.visit-ulcinj.com\/blog\/2017\/02\/21\/replika-dhe-ironi-ja-si-iu-pergjigjet-ura-portalit-lajm\/#breadcrumb"},"inLanguage":"en-US","potentialAction":[{"@type":"ReadAction","target":["https:\/\/www.visit-ulcinj.com\/blog\/2017\/02\/21\/replika-dhe-ironi-ja-si-iu-pergjigjet-ura-portalit-lajm\/"]}]},{"@type":"BreadcrumbList","@id":"https:\/\/www.visit-ulcinj.com\/blog\/2017\/02\/21\/replika-dhe-ironi-ja-si-iu-pergjigjet-ura-portalit-lajm\/#breadcrumb","itemListElement":[{"@type":"ListItem","position":1,"name":"Replika dhe ironi, ja si iu p\u00ebrgjigjet URA portalit Lajm.me"}]},{"@type":"Person","@id":"https:\/\/www.visit-ulcinj.com\/blog\/#\/schema\/person\/dcab619c614d3038751c63bc2aadc06d","name":"ulqini","sameAs":["http:\/\/www.visit-ulcinj.com"],"url":"https:\/\/www.visit-ulcinj.com\/blog\/author\/admin\/"}]}},"jetpack_featured_media_url":"","jetpack_sharing_enabled":true,"jetpack_shortlink":"https:\/\/wp.me\/pe6lTn-qPj","_links":{"self":[{"href":"https:\/\/www.visit-ulcinj.com\/blog\/wp-json\/wp\/v2\/posts\/103125"}],"collection":[{"href":"https:\/\/www.visit-ulcinj.com\/blog\/wp-json\/wp\/v2\/posts"}],"about":[{"href":"https:\/\/www.visit-ulcinj.com\/blog\/wp-json\/wp\/v2\/types\/post"}],"author":[{"embeddable":true,"href":"https:\/\/www.visit-ulcinj.com\/blog\/wp-json\/wp\/v2\/users\/1"}],"replies":[{"embeddable":true,"href":"https:\/\/www.visit-ulcinj.com\/blog\/wp-json\/wp\/v2\/comments?post=103125"}],"version-history":[{"count":1,"href":"https:\/\/www.visit-ulcinj.com\/blog\/wp-json\/wp\/v2\/posts\/103125\/revisions"}],"predecessor-version":[{"id":103127,"href":"https:\/\/www.visit-ulcinj.com\/blog\/wp-json\/wp\/v2\/posts\/103125\/revisions\/103127"}],"wp:attachment":[{"href":"https:\/\/www.visit-ulcinj.com\/blog\/wp-json\/wp\/v2\/media?parent=103125"}],"wp:term":[{"taxonomy":"category","embeddable":true,"href":"https:\/\/www.visit-ulcinj.com\/blog\/wp-json\/wp\/v2\/categories?post=103125"},{"taxonomy":"post_tag","embeddable":true,"href":"https:\/\/www.visit-ulcinj.com\/blog\/wp-json\/wp\/v2\/tags?post=103125"}],"curies":[{"name":"wp","href":"https:\/\/api.w.org\/{rel}","templated":true}]}}