{"id":103128,"date":"2017-02-21T07:18:21","date_gmt":"2017-02-21T06:18:21","guid":{"rendered":"http:\/\/www.visit-ulcinj.com\/blog\/?p=103128"},"modified":"2017-02-21T07:18:21","modified_gmt":"2017-02-21T06:18:21","slug":"deputeti-shqiptar-ne-mal-te-zi-luigj-shkreli-tregon-si-e-sulmuan-serbet","status":"publish","type":"post","link":"https:\/\/www.visit-ulcinj.com\/blog\/2017\/02\/21\/deputeti-shqiptar-ne-mal-te-zi-luigj-shkreli-tregon-si-e-sulmuan-serbet\/","title":{"rendered":"Deputeti shqiptar n\u00eb Mal t\u00eb Zi Luigj Shkreli, tregon si e sulmuan serb\u00ebt"},"content":{"rendered":"<p><a href=\"http:\/\/www.visit-ulcinj.com\/blog\/wp-content\/uploads\/2017\/02\/Deputeti-shqiptar-n\u00eb-Mal-t\u00eb-Zi-Luigj-Shkreli-1.jpg\"><img loading=\"lazy\" class=\"alignleft wp-image-103130\" src=\"http:\/\/www.visit-ulcinj.com\/blog\/wp-content\/uploads\/2017\/02\/Deputeti-shqiptar-n\u00eb-Mal-t\u00eb-Zi-Luigj-Shkreli-1.jpg\" alt=\"Deputeti shqiptar n\u00eb Mal t\u00eb Zi Luigj Shkreli-1\" width=\"508\" height=\"377\" srcset=\"https:\/\/www.visit-ulcinj.com\/blog\/wp-content\/uploads\/2017\/02\/Deputeti-shqiptar-n\u00eb-Mal-t\u00eb-Zi-Luigj-Shkreli-1.jpg 800w, https:\/\/www.visit-ulcinj.com\/blog\/wp-content\/uploads\/2017\/02\/Deputeti-shqiptar-n\u00eb-Mal-t\u00eb-Zi-Luigj-Shkreli-1-300x223.jpg 300w, https:\/\/www.visit-ulcinj.com\/blog\/wp-content\/uploads\/2017\/02\/Deputeti-shqiptar-n\u00eb-Mal-t\u00eb-Zi-Luigj-Shkreli-1-768x570.jpg 768w\" sizes=\"(max-width: 508px) 100vw, 508px\" \/><\/a>Deputeti shqiptar n\u00eb Mal t\u00eb Zi, Luigj Shkrela ka folur rreth sulmit q\u00eb i \u00ebsht\u00eb b\u00ebr\u00eb nga ana e deputet\u00ebve serb\u00eb t\u00eb Frontit Demokratik, njofton Klan Kosova.<\/p>\n<p>\u201cPa marr\u00eb parasysh q\u00eb kan\u00eb qen\u00eb sulme t\u00eb ashpra t\u00eb r\u00ebnda p\u00ebr mua nuk \u00ebsht\u00eb di\u00e7ka e re kjo pun\u00eb pasi kam qen\u00eb disa her\u00eb i sulmuar nga shum\u00eb subjekte\u201d.<\/p>\n<p>\u201cK\u00ebsaj here kam qen\u00eb i sulmuar si kryetar i K\u00ebshillit Administrativ q\u00eb i kam propozuar kuvendit n\u00eb baz\u00eb t\u00eb k\u00ebrkes\u00ebs t\u00eb organeve t\u00eb jurispodenc\u00ebs t\u00eb Malit t\u00eb Zi q\u00eb dy deputet\u00ebve t\u00eb list\u00ebs serbe t\u00eb cil\u00ebt bindsh\u00ebm promovojn\u00eb poltik\u00ebn e serbis\u00eb t\u2019u hiqet imuniteti dhe t\u00eb ju caktohet paraburgimi\u201d.<\/p>\n<p>\u201cKam pasur atake direkte pas seanc\u00ebs dhe deputet\u00ebt serb\u00eb m\u00eb kan\u00eb sulmuar verbalisht duke m\u00eb shar\u00eb si\u00e7 u ka hije atyre\u201d.<\/p>\n<p>\u201cQ\u00ebllimi kryesor i tyre ka qen\u00eb q\u00eb t\u00eb b\u00ebjn\u00eb ngat\u00ebrresa n\u00eb Parlament dhe t\u00eb thon\u00eb q\u00eb Mali i Zi nuk i ka plot\u00ebsuar kushtet p\u00ebr NATO\u201d, ka th\u00ebn\u00eb Shkrela n\u00eb Ball\u00eb p\u00ebr Ball\u00eb n\u00eb Klan Kosova.<\/p>\n","protected":false},"excerpt":{"rendered":"<p>Deputeti shqiptar n\u00eb Mal t\u00eb Zi, Luigj Shkrela ka folur rreth sulmit q\u00eb i \u00ebsht\u00eb b\u00ebr\u00eb nga ana e deputet\u00ebve serb\u00eb t\u00eb Frontit Demokratik, njofton Klan Kosova. \u201cPa marr\u00eb parasysh q\u00eb kan\u00eb qen\u00eb sulme t\u00eb ashpra t\u00eb r\u00ebnda p\u00ebr mua nuk \u00ebsht\u00eb di\u00e7ka e re kjo pun\u00eb pasi kam qen\u00eb disa her\u00eb i sulmuar nga [&hellip;]<\/p>\n","protected":false},"author":1,"featured_media":0,"comment_status":"closed","ping_status":"closed","sticky":false,"template":"","format":"standard","meta":{"spay_email":"","jetpack_publicize_message":"","jetpack_is_tweetstorm":false,"jetpack_publicize_feature_enabled":true},"categories":[12],"tags":[],"jetpack_publicize_connections":[],"yoast_head":"<!-- This site is optimized with the Yoast SEO plugin v19.1 - https:\/\/yoast.com\/wordpress\/plugins\/seo\/ -->\n<title>Deputeti shqiptar n\u00eb Mal t\u00eb Zi Luigj Shkreli, tregon si e sulmuan serb\u00ebt - Lajme nga Ulqini<\/title>\n<meta name=\"description\" content=\"Deputeti shqiptar n\u00eb Mal t\u00eb Zi, Luigj Shkrela ka folur rreth sulmit q\u00eb i \u00ebsht\u00eb b\u00ebr\u00eb nga ana e deputet\u00ebve serb\u00eb t\u00eb Frontit Demokratik, njofton Klan Kosova.\" \/>\n<meta name=\"robots\" content=\"index, follow, max-snippet:-1, max-image-preview:large, max-video-preview:-1\" \/>\n<link rel=\"canonical\" href=\"https:\/\/www.visit-ulcinj.com\/blog\/2017\/02\/21\/deputeti-shqiptar-ne-mal-te-zi-luigj-shkreli-tregon-si-e-sulmuan-serbet\/\" \/>\n<meta property=\"og:locale\" content=\"en_US\" \/>\n<meta property=\"og:type\" content=\"article\" \/>\n<meta property=\"og:title\" content=\"Deputeti shqiptar n\u00eb Mal t\u00eb Zi Luigj Shkreli, tregon si e sulmuan serb\u00ebt - Lajme nga Ulqini\" \/>\n<meta property=\"og:description\" content=\"Deputeti shqiptar n\u00eb Mal t\u00eb Zi, Luigj Shkrela ka folur rreth sulmit q\u00eb i \u00ebsht\u00eb b\u00ebr\u00eb nga ana e deputet\u00ebve serb\u00eb t\u00eb Frontit Demokratik, njofton Klan Kosova.\" \/>\n<meta property=\"og:url\" content=\"https:\/\/www.visit-ulcinj.com\/blog\/2017\/02\/21\/deputeti-shqiptar-ne-mal-te-zi-luigj-shkreli-tregon-si-e-sulmuan-serbet\/\" \/>\n<meta property=\"og:site_name\" content=\"Lajme nga Ulqini\" \/>\n<meta property=\"article:published_time\" content=\"2017-02-21T06:18:21+00:00\" \/>\n<meta name=\"twitter:label1\" content=\"Written by\" \/>\n\t<meta name=\"twitter:data1\" content=\"ulqini\" \/>\n\t<meta name=\"twitter:label2\" content=\"Est. reading time\" \/>\n\t<meta name=\"twitter:data2\" content=\"1 minute\" \/>\n<script type=\"application\/ld+json\" class=\"yoast-schema-graph\">{\"@context\":\"https:\/\/schema.org\",\"@graph\":[{\"@type\":\"WebSite\",\"@id\":\"https:\/\/www.visit-ulcinj.com\/blog\/#website\",\"url\":\"https:\/\/www.visit-ulcinj.com\/blog\/\",\"name\":\"Lajme nga Ulqini\",\"description\":\"Lajme,Vijesti,Ulqini,Ulqin,Crna Gora,Mali i Zi\",\"potentialAction\":[{\"@type\":\"SearchAction\",\"target\":{\"@type\":\"EntryPoint\",\"urlTemplate\":\"https:\/\/www.visit-ulcinj.com\/blog\/?s={search_term_string}\"},\"query-input\":\"required name=search_term_string\"}],\"inLanguage\":\"en-US\"},{\"@type\":\"WebPage\",\"@id\":\"https:\/\/www.visit-ulcinj.com\/blog\/2017\/02\/21\/deputeti-shqiptar-ne-mal-te-zi-luigj-shkreli-tregon-si-e-sulmuan-serbet\/#webpage\",\"url\":\"https:\/\/www.visit-ulcinj.com\/blog\/2017\/02\/21\/deputeti-shqiptar-ne-mal-te-zi-luigj-shkreli-tregon-si-e-sulmuan-serbet\/\",\"name\":\"Deputeti shqiptar n\u00eb Mal t\u00eb Zi Luigj Shkreli, tregon si e sulmuan serb\u00ebt - Lajme nga Ulqini\",\"isPartOf\":{\"@id\":\"https:\/\/www.visit-ulcinj.com\/blog\/#website\"},\"datePublished\":\"2017-02-21T06:18:21+00:00\",\"dateModified\":\"2017-02-21T06:18:21+00:00\",\"author\":{\"@id\":\"https:\/\/www.visit-ulcinj.com\/blog\/#\/schema\/person\/dcab619c614d3038751c63bc2aadc06d\"},\"description\":\"Deputeti shqiptar n\u00eb Mal t\u00eb Zi, Luigj Shkrela ka folur rreth sulmit q\u00eb i \u00ebsht\u00eb b\u00ebr\u00eb nga ana e deputet\u00ebve serb\u00eb t\u00eb Frontit Demokratik, njofton Klan Kosova.\",\"breadcrumb\":{\"@id\":\"https:\/\/www.visit-ulcinj.com\/blog\/2017\/02\/21\/deputeti-shqiptar-ne-mal-te-zi-luigj-shkreli-tregon-si-e-sulmuan-serbet\/#breadcrumb\"},\"inLanguage\":\"en-US\",\"potentialAction\":[{\"@type\":\"ReadAction\",\"target\":[\"https:\/\/www.visit-ulcinj.com\/blog\/2017\/02\/21\/deputeti-shqiptar-ne-mal-te-zi-luigj-shkreli-tregon-si-e-sulmuan-serbet\/\"]}]},{\"@type\":\"BreadcrumbList\",\"@id\":\"https:\/\/www.visit-ulcinj.com\/blog\/2017\/02\/21\/deputeti-shqiptar-ne-mal-te-zi-luigj-shkreli-tregon-si-e-sulmuan-serbet\/#breadcrumb\",\"itemListElement\":[{\"@type\":\"ListItem\",\"position\":1,\"name\":\"Deputeti shqiptar n\u00eb Mal t\u00eb Zi Luigj Shkreli, tregon si e sulmuan serb\u00ebt\"}]},{\"@type\":\"Person\",\"@id\":\"https:\/\/www.visit-ulcinj.com\/blog\/#\/schema\/person\/dcab619c614d3038751c63bc2aadc06d\",\"name\":\"ulqini\",\"sameAs\":[\"http:\/\/www.visit-ulcinj.com\"],\"url\":\"https:\/\/www.visit-ulcinj.com\/blog\/author\/admin\/\"}]}<\/script>\n<!-- \/ Yoast SEO plugin. -->","yoast_head_json":{"title":"Deputeti shqiptar n\u00eb Mal t\u00eb Zi Luigj Shkreli, tregon si e sulmuan serb\u00ebt - Lajme nga Ulqini","description":"Deputeti shqiptar n\u00eb Mal t\u00eb Zi, Luigj Shkrela ka folur rreth sulmit q\u00eb i \u00ebsht\u00eb b\u00ebr\u00eb nga ana e deputet\u00ebve serb\u00eb t\u00eb Frontit Demokratik, njofton Klan Kosova.","robots":{"index":"index","follow":"follow","max-snippet":"max-snippet:-1","max-image-preview":"max-image-preview:large","max-video-preview":"max-video-preview:-1"},"canonical":"https:\/\/www.visit-ulcinj.com\/blog\/2017\/02\/21\/deputeti-shqiptar-ne-mal-te-zi-luigj-shkreli-tregon-si-e-sulmuan-serbet\/","og_locale":"en_US","og_type":"article","og_title":"Deputeti shqiptar n\u00eb Mal t\u00eb Zi Luigj Shkreli, tregon si e sulmuan serb\u00ebt - Lajme nga Ulqini","og_description":"Deputeti shqiptar n\u00eb Mal t\u00eb Zi, Luigj Shkrela ka folur rreth sulmit q\u00eb i \u00ebsht\u00eb b\u00ebr\u00eb nga ana e deputet\u00ebve serb\u00eb t\u00eb Frontit Demokratik, njofton Klan Kosova.","og_url":"https:\/\/www.visit-ulcinj.com\/blog\/2017\/02\/21\/deputeti-shqiptar-ne-mal-te-zi-luigj-shkreli-tregon-si-e-sulmuan-serbet\/","og_site_name":"Lajme nga Ulqini","article_published_time":"2017-02-21T06:18:21+00:00","twitter_misc":{"Written by":"ulqini","Est. reading time":"1 minute"},"schema":{"@context":"https:\/\/schema.org","@graph":[{"@type":"WebSite","@id":"https:\/\/www.visit-ulcinj.com\/blog\/#website","url":"https:\/\/www.visit-ulcinj.com\/blog\/","name":"Lajme nga Ulqini","description":"Lajme,Vijesti,Ulqini,Ulqin,Crna Gora,Mali i Zi","potentialAction":[{"@type":"SearchAction","target":{"@type":"EntryPoint","urlTemplate":"https:\/\/www.visit-ulcinj.com\/blog\/?s={search_term_string}"},"query-input":"required name=search_term_string"}],"inLanguage":"en-US"},{"@type":"WebPage","@id":"https:\/\/www.visit-ulcinj.com\/blog\/2017\/02\/21\/deputeti-shqiptar-ne-mal-te-zi-luigj-shkreli-tregon-si-e-sulmuan-serbet\/#webpage","url":"https:\/\/www.visit-ulcinj.com\/blog\/2017\/02\/21\/deputeti-shqiptar-ne-mal-te-zi-luigj-shkreli-tregon-si-e-sulmuan-serbet\/","name":"Deputeti shqiptar n\u00eb Mal t\u00eb Zi Luigj Shkreli, tregon si e sulmuan serb\u00ebt - Lajme nga Ulqini","isPartOf":{"@id":"https:\/\/www.visit-ulcinj.com\/blog\/#website"},"datePublished":"2017-02-21T06:18:21+00:00","dateModified":"2017-02-21T06:18:21+00:00","author":{"@id":"https:\/\/www.visit-ulcinj.com\/blog\/#\/schema\/person\/dcab619c614d3038751c63bc2aadc06d"},"description":"Deputeti shqiptar n\u00eb Mal t\u00eb Zi, Luigj Shkrela ka folur rreth sulmit q\u00eb i \u00ebsht\u00eb b\u00ebr\u00eb nga ana e deputet\u00ebve serb\u00eb t\u00eb Frontit Demokratik, njofton Klan Kosova.","breadcrumb":{"@id":"https:\/\/www.visit-ulcinj.com\/blog\/2017\/02\/21\/deputeti-shqiptar-ne-mal-te-zi-luigj-shkreli-tregon-si-e-sulmuan-serbet\/#breadcrumb"},"inLanguage":"en-US","potentialAction":[{"@type":"ReadAction","target":["https:\/\/www.visit-ulcinj.com\/blog\/2017\/02\/21\/deputeti-shqiptar-ne-mal-te-zi-luigj-shkreli-tregon-si-e-sulmuan-serbet\/"]}]},{"@type":"BreadcrumbList","@id":"https:\/\/www.visit-ulcinj.com\/blog\/2017\/02\/21\/deputeti-shqiptar-ne-mal-te-zi-luigj-shkreli-tregon-si-e-sulmuan-serbet\/#breadcrumb","itemListElement":[{"@type":"ListItem","position":1,"name":"Deputeti shqiptar n\u00eb Mal t\u00eb Zi Luigj Shkreli, tregon si e sulmuan serb\u00ebt"}]},{"@type":"Person","@id":"https:\/\/www.visit-ulcinj.com\/blog\/#\/schema\/person\/dcab619c614d3038751c63bc2aadc06d","name":"ulqini","sameAs":["http:\/\/www.visit-ulcinj.com"],"url":"https:\/\/www.visit-ulcinj.com\/blog\/author\/admin\/"}]}},"jetpack_featured_media_url":"","jetpack_sharing_enabled":true,"jetpack_shortlink":"https:\/\/wp.me\/pe6lTn-qPm","_links":{"self":[{"href":"https:\/\/www.visit-ulcinj.com\/blog\/wp-json\/wp\/v2\/posts\/103128"}],"collection":[{"href":"https:\/\/www.visit-ulcinj.com\/blog\/wp-json\/wp\/v2\/posts"}],"about":[{"href":"https:\/\/www.visit-ulcinj.com\/blog\/wp-json\/wp\/v2\/types\/post"}],"author":[{"embeddable":true,"href":"https:\/\/www.visit-ulcinj.com\/blog\/wp-json\/wp\/v2\/users\/1"}],"replies":[{"embeddable":true,"href":"https:\/\/www.visit-ulcinj.com\/blog\/wp-json\/wp\/v2\/comments?post=103128"}],"version-history":[{"count":1,"href":"https:\/\/www.visit-ulcinj.com\/blog\/wp-json\/wp\/v2\/posts\/103128\/revisions"}],"predecessor-version":[{"id":103131,"href":"https:\/\/www.visit-ulcinj.com\/blog\/wp-json\/wp\/v2\/posts\/103128\/revisions\/103131"}],"wp:attachment":[{"href":"https:\/\/www.visit-ulcinj.com\/blog\/wp-json\/wp\/v2\/media?parent=103128"}],"wp:term":[{"taxonomy":"category","embeddable":true,"href":"https:\/\/www.visit-ulcinj.com\/blog\/wp-json\/wp\/v2\/categories?post=103128"},{"taxonomy":"post_tag","embeddable":true,"href":"https:\/\/www.visit-ulcinj.com\/blog\/wp-json\/wp\/v2\/tags?post=103128"}],"curies":[{"name":"wp","href":"https:\/\/api.w.org\/{rel}","templated":true}]}}