{"id":103132,"date":"2017-02-21T07:31:15","date_gmt":"2017-02-21T06:31:15","guid":{"rendered":"http:\/\/www.visit-ulcinj.com\/blog\/?p=103132"},"modified":"2017-02-21T07:33:32","modified_gmt":"2017-02-21T06:33:32","slug":"deputeti-shqiptar-malit-te-zi-luigj-shkreli-kerkon-te-rishikohet-ceshtja-e-demarkacionit","status":"publish","type":"post","link":"https:\/\/www.visit-ulcinj.com\/blog\/2017\/02\/21\/deputeti-shqiptar-malit-te-zi-luigj-shkreli-kerkon-te-rishikohet-ceshtja-e-demarkacionit\/","title":{"rendered":"Deputeti shqiptar i Malit t\u00eb Zi, Luigj Shkreli k\u00ebrkon t\u00eb rishikohet \u00e7\u00ebshtja e Demarkacionit"},"content":{"rendered":"<div class=\"single-full-content\">\n<div id=\"left_element\" class=\"is_stuck\"><a href=\"http:\/\/www.visit-ulcinj.com\/blog\/wp-content\/uploads\/2017\/02\/Deputeti-shqiptar-n\u00eb-Mal-t\u00eb-Zi-Luigj-Shkreli-2.jpg\"><img loading=\"lazy\" class=\"alignleft wp-image-103133\" src=\"http:\/\/www.visit-ulcinj.com\/blog\/wp-content\/uploads\/2017\/02\/Deputeti-shqiptar-n\u00eb-Mal-t\u00eb-Zi-Luigj-Shkreli-2.jpg\" alt=\"Deputeti shqiptar n\u00eb Mal t\u00eb Zi Luigj Shkreli-2\" width=\"508\" height=\"339\" srcset=\"https:\/\/www.visit-ulcinj.com\/blog\/wp-content\/uploads\/2017\/02\/Deputeti-shqiptar-n\u00eb-Mal-t\u00eb-Zi-Luigj-Shkreli-2.jpg 699w, https:\/\/www.visit-ulcinj.com\/blog\/wp-content\/uploads\/2017\/02\/Deputeti-shqiptar-n\u00eb-Mal-t\u00eb-Zi-Luigj-Shkreli-2-300x200.jpg 300w\" sizes=\"(max-width: 508px) 100vw, 508px\" \/><\/a>Deputeti shqiptar n\u00eb Mal t\u00eb Zi, Luigj Shkreli ka th\u00ebn\u00eb q\u00eb \u00e7\u00ebshtja e demarkacionit duhet t\u00eb rishikohet edhe nj\u00eb her\u00eb.<\/div>\n<div id=\"single-content\">\n<p>Sipas Shkrelit, duhet q\u00eb komisionet nd\u00ebrkomb\u00ebtare t\u00eb shqyrtojn\u00eb edhe nj\u00eb her\u00eb k\u00ebt\u00eb \u00e7\u00ebshtje n\u00eb \u201cm\u00ebnyr\u00eb q\u00eb t\u00eb mos jet\u00eb penges\u00eb n\u00eb t\u00eb ardhmen\u201d, ka th\u00ebn\u00eb Shkreli, n\u00eb emisionin Ball\u00eb p\u00ebr Ball\u00eb n\u00eb Klan Kosova<\/p>\n<p>\u201cKemi folur edhe p\u00ebr demarkacionin dhe ka pasur atmosfer\u00eb t\u00eb \u2018gufuar\u2019 p\u00ebr k\u00ebt\u00eb pun\u00eb, pasi q\u00eb \u00e7\u00ebshtja e demarkacionit po i vihet kusht Kosov\u00ebs q\u00eb t\u00eb ec p\u00ebrpara e pik\u00ebrisht kemi edhe liberalizimin e vizave\u201d, tha ai.<\/p>\n<p>\u201c\u00cbsht\u00eb interes i Ballkanit dhe interes i Kosov\u00ebs dhe Malit t\u00eb Zi q\u00eb t\u00eb mos ken\u00eb dilem\u00eb n\u00eb lidhje me \u00e7\u00ebshtjen e Demarkacionit. Duhet edhe nj\u00eb her\u00eb t\u00eb ulen komisionet me element nd\u00ebrkomb\u00ebtar amerikan dhe t\u00eb shqyrtohet t\u00eb gjitha dhe t\u00eb mos jet\u00eb kjo penges\u00eb n\u00eb t\u00eb ardhmen\u201d.<\/p>\n<p>Sipas tij, duhet t\u00eb rishikohet edhe nj\u00eb her\u00eb \u00e7\u00ebshtja e demarkacionit dhe duhet t\u00eb dalin me fakte t\u00eb sigurta.<\/p>\n<p>\u201cDuhet q\u00eb demarkacioni t\u00eb mos b\u00ebhet peng dhe \u00eb\u00ebshtje politike dhe t\u00eb mos i sh\u00ebrbej\u00eb si arma m\u00eb e fort\u00eb politike. Mali i Zi nuk ka asnj\u00eb arsye q\u00eb t\u00eb marr\u00eb teritor nga Kosova\u201d.<\/p>\n<p>\u201dN\u00eb Mal t\u00eb zi \u00ebsht\u00eb grupi i ekspert\u00ebve q\u00eb merret me k\u00ebt\u00eb pun\u00eb dhe mali i zi nuk e ka ngritur kaq n\u00eb nivel t\u00eb lart\u00eb c\u00ebshtjen e demarkacionit\u201d,ka th\u00ebn\u00eb deputeti Shkreli.<\/p>\n<p><a href=\"http:\/\/www.visit-ulcinj.com\/blog\/wp-content\/uploads\/2017\/02\/Deputeti-shqiptar-n\u00eb-Mal-t\u00eb-Zi-Luigj-Shkreli.png\"><img loading=\"lazy\" class=\"alignleft wp-image-103129\" src=\"http:\/\/www.visit-ulcinj.com\/blog\/wp-content\/uploads\/2017\/02\/Deputeti-shqiptar-n\u00eb-Mal-t\u00eb-Zi-Luigj-Shkreli.png\" alt=\"Deputeti shqiptar n\u00eb Mal t\u00eb Zi Luigj Shkreli\" width=\"508\" height=\"291\" srcset=\"https:\/\/www.visit-ulcinj.com\/blog\/wp-content\/uploads\/2017\/02\/Deputeti-shqiptar-n\u00eb-Mal-t\u00eb-Zi-Luigj-Shkreli.png 799w, https:\/\/www.visit-ulcinj.com\/blog\/wp-content\/uploads\/2017\/02\/Deputeti-shqiptar-n\u00eb-Mal-t\u00eb-Zi-Luigj-Shkreli-300x172.png 300w, https:\/\/www.visit-ulcinj.com\/blog\/wp-content\/uploads\/2017\/02\/Deputeti-shqiptar-n\u00eb-Mal-t\u00eb-Zi-Luigj-Shkreli-768x439.png 768w\" sizes=\"(max-width: 508px) 100vw, 508px\" \/><\/a><\/p>\n<\/div>\n<\/div>\n","protected":false},"excerpt":{"rendered":"<p>Deputeti shqiptar n\u00eb Mal t\u00eb Zi, Luigj Shkreli ka th\u00ebn\u00eb q\u00eb \u00e7\u00ebshtja e demarkacionit duhet t\u00eb rishikohet edhe nj\u00eb her\u00eb. Sipas Shkrelit, duhet q\u00eb komisionet nd\u00ebrkomb\u00ebtare t\u00eb shqyrtojn\u00eb edhe nj\u00eb her\u00eb k\u00ebt\u00eb \u00e7\u00ebshtje n\u00eb \u201cm\u00ebnyr\u00eb q\u00eb t\u00eb mos jet\u00eb penges\u00eb n\u00eb t\u00eb ardhmen\u201d, ka th\u00ebn\u00eb Shkreli, n\u00eb emisionin Ball\u00eb p\u00ebr Ball\u00eb n\u00eb Klan Kosova \u201cKemi [&hellip;]<\/p>\n","protected":false},"author":1,"featured_media":0,"comment_status":"closed","ping_status":"closed","sticky":false,"template":"","format":"standard","meta":{"spay_email":"","jetpack_publicize_message":"","jetpack_is_tweetstorm":false,"jetpack_publicize_feature_enabled":true},"categories":[6],"tags":[],"jetpack_publicize_connections":[],"yoast_head":"<!-- This site is optimized with the Yoast SEO plugin v19.1 - https:\/\/yoast.com\/wordpress\/plugins\/seo\/ -->\n<title>Deputeti shqiptar i Malit t\u00eb Zi, Luigj Shkreli k\u00ebrkon t\u00eb rishikohet \u00e7\u00ebshtja e Demarkacionit - Lajme nga Ulqini<\/title>\n<meta name=\"description\" content=\"Deputeti shqiptar n\u00eb Mal t\u00eb Zi, Luigj Shkreli ka th\u00ebn\u00eb q\u00eb \u00e7\u00ebshtja e demarkacionit duhet t\u00eb rishikohet edhe nj\u00eb her\u00eb. Sipas Shkrelit, duhet q\u00eb komisionet\" \/>\n<meta name=\"robots\" content=\"index, follow, max-snippet:-1, max-image-preview:large, max-video-preview:-1\" \/>\n<link rel=\"canonical\" href=\"https:\/\/www.visit-ulcinj.com\/blog\/2017\/02\/21\/deputeti-shqiptar-malit-te-zi-luigj-shkreli-kerkon-te-rishikohet-ceshtja-e-demarkacionit\/\" \/>\n<meta property=\"og:locale\" content=\"en_US\" \/>\n<meta property=\"og:type\" content=\"article\" \/>\n<meta property=\"og:title\" content=\"Deputeti shqiptar i Malit t\u00eb Zi, Luigj Shkreli k\u00ebrkon t\u00eb rishikohet \u00e7\u00ebshtja e Demarkacionit - Lajme nga Ulqini\" \/>\n<meta property=\"og:description\" content=\"Deputeti shqiptar n\u00eb Mal t\u00eb Zi, Luigj Shkreli ka th\u00ebn\u00eb q\u00eb \u00e7\u00ebshtja e demarkacionit duhet t\u00eb rishikohet edhe nj\u00eb her\u00eb. Sipas Shkrelit, duhet q\u00eb komisionet\" \/>\n<meta property=\"og:url\" content=\"https:\/\/www.visit-ulcinj.com\/blog\/2017\/02\/21\/deputeti-shqiptar-malit-te-zi-luigj-shkreli-kerkon-te-rishikohet-ceshtja-e-demarkacionit\/\" \/>\n<meta property=\"og:site_name\" content=\"Lajme nga Ulqini\" \/>\n<meta property=\"article:published_time\" content=\"2017-02-21T06:31:15+00:00\" \/>\n<meta property=\"article:modified_time\" content=\"2017-02-21T06:33:32+00:00\" \/>\n<meta name=\"twitter:label1\" content=\"Written by\" \/>\n\t<meta name=\"twitter:data1\" content=\"ulqini\" \/>\n\t<meta name=\"twitter:label2\" content=\"Est. reading time\" \/>\n\t<meta name=\"twitter:data2\" content=\"1 minute\" \/>\n<script type=\"application\/ld+json\" class=\"yoast-schema-graph\">{\"@context\":\"https:\/\/schema.org\",\"@graph\":[{\"@type\":\"WebSite\",\"@id\":\"https:\/\/www.visit-ulcinj.com\/blog\/#website\",\"url\":\"https:\/\/www.visit-ulcinj.com\/blog\/\",\"name\":\"Lajme nga Ulqini\",\"description\":\"Lajme,Vijesti,Ulqini,Ulqin,Crna Gora,Mali i Zi\",\"potentialAction\":[{\"@type\":\"SearchAction\",\"target\":{\"@type\":\"EntryPoint\",\"urlTemplate\":\"https:\/\/www.visit-ulcinj.com\/blog\/?s={search_term_string}\"},\"query-input\":\"required name=search_term_string\"}],\"inLanguage\":\"en-US\"},{\"@type\":\"WebPage\",\"@id\":\"https:\/\/www.visit-ulcinj.com\/blog\/2017\/02\/21\/deputeti-shqiptar-malit-te-zi-luigj-shkreli-kerkon-te-rishikohet-ceshtja-e-demarkacionit\/#webpage\",\"url\":\"https:\/\/www.visit-ulcinj.com\/blog\/2017\/02\/21\/deputeti-shqiptar-malit-te-zi-luigj-shkreli-kerkon-te-rishikohet-ceshtja-e-demarkacionit\/\",\"name\":\"Deputeti shqiptar i Malit t\u00eb Zi, Luigj Shkreli k\u00ebrkon t\u00eb rishikohet \u00e7\u00ebshtja e Demarkacionit - Lajme nga Ulqini\",\"isPartOf\":{\"@id\":\"https:\/\/www.visit-ulcinj.com\/blog\/#website\"},\"datePublished\":\"2017-02-21T06:31:15+00:00\",\"dateModified\":\"2017-02-21T06:33:32+00:00\",\"author\":{\"@id\":\"https:\/\/www.visit-ulcinj.com\/blog\/#\/schema\/person\/dcab619c614d3038751c63bc2aadc06d\"},\"description\":\"Deputeti shqiptar n\u00eb Mal t\u00eb Zi, Luigj Shkreli ka th\u00ebn\u00eb q\u00eb \u00e7\u00ebshtja e demarkacionit duhet t\u00eb rishikohet edhe nj\u00eb her\u00eb. Sipas Shkrelit, duhet q\u00eb komisionet\",\"breadcrumb\":{\"@id\":\"https:\/\/www.visit-ulcinj.com\/blog\/2017\/02\/21\/deputeti-shqiptar-malit-te-zi-luigj-shkreli-kerkon-te-rishikohet-ceshtja-e-demarkacionit\/#breadcrumb\"},\"inLanguage\":\"en-US\",\"potentialAction\":[{\"@type\":\"ReadAction\",\"target\":[\"https:\/\/www.visit-ulcinj.com\/blog\/2017\/02\/21\/deputeti-shqiptar-malit-te-zi-luigj-shkreli-kerkon-te-rishikohet-ceshtja-e-demarkacionit\/\"]}]},{\"@type\":\"BreadcrumbList\",\"@id\":\"https:\/\/www.visit-ulcinj.com\/blog\/2017\/02\/21\/deputeti-shqiptar-malit-te-zi-luigj-shkreli-kerkon-te-rishikohet-ceshtja-e-demarkacionit\/#breadcrumb\",\"itemListElement\":[{\"@type\":\"ListItem\",\"position\":1,\"name\":\"Deputeti shqiptar i Malit t\u00eb Zi, Luigj Shkreli k\u00ebrkon t\u00eb rishikohet \u00e7\u00ebshtja e Demarkacionit\"}]},{\"@type\":\"Person\",\"@id\":\"https:\/\/www.visit-ulcinj.com\/blog\/#\/schema\/person\/dcab619c614d3038751c63bc2aadc06d\",\"name\":\"ulqini\",\"sameAs\":[\"http:\/\/www.visit-ulcinj.com\"],\"url\":\"https:\/\/www.visit-ulcinj.com\/blog\/author\/admin\/\"}]}<\/script>\n<!-- \/ Yoast SEO plugin. -->","yoast_head_json":{"title":"Deputeti shqiptar i Malit t\u00eb Zi, Luigj Shkreli k\u00ebrkon t\u00eb rishikohet \u00e7\u00ebshtja e Demarkacionit - Lajme nga Ulqini","description":"Deputeti shqiptar n\u00eb Mal t\u00eb Zi, Luigj Shkreli ka th\u00ebn\u00eb q\u00eb \u00e7\u00ebshtja e demarkacionit duhet t\u00eb rishikohet edhe nj\u00eb her\u00eb. Sipas Shkrelit, duhet q\u00eb komisionet","robots":{"index":"index","follow":"follow","max-snippet":"max-snippet:-1","max-image-preview":"max-image-preview:large","max-video-preview":"max-video-preview:-1"},"canonical":"https:\/\/www.visit-ulcinj.com\/blog\/2017\/02\/21\/deputeti-shqiptar-malit-te-zi-luigj-shkreli-kerkon-te-rishikohet-ceshtja-e-demarkacionit\/","og_locale":"en_US","og_type":"article","og_title":"Deputeti shqiptar i Malit t\u00eb Zi, Luigj Shkreli k\u00ebrkon t\u00eb rishikohet \u00e7\u00ebshtja e Demarkacionit - Lajme nga Ulqini","og_description":"Deputeti shqiptar n\u00eb Mal t\u00eb Zi, Luigj Shkreli ka th\u00ebn\u00eb q\u00eb \u00e7\u00ebshtja e demarkacionit duhet t\u00eb rishikohet edhe nj\u00eb her\u00eb. Sipas Shkrelit, duhet q\u00eb komisionet","og_url":"https:\/\/www.visit-ulcinj.com\/blog\/2017\/02\/21\/deputeti-shqiptar-malit-te-zi-luigj-shkreli-kerkon-te-rishikohet-ceshtja-e-demarkacionit\/","og_site_name":"Lajme nga Ulqini","article_published_time":"2017-02-21T06:31:15+00:00","article_modified_time":"2017-02-21T06:33:32+00:00","twitter_misc":{"Written by":"ulqini","Est. reading time":"1 minute"},"schema":{"@context":"https:\/\/schema.org","@graph":[{"@type":"WebSite","@id":"https:\/\/www.visit-ulcinj.com\/blog\/#website","url":"https:\/\/www.visit-ulcinj.com\/blog\/","name":"Lajme nga Ulqini","description":"Lajme,Vijesti,Ulqini,Ulqin,Crna Gora,Mali i Zi","potentialAction":[{"@type":"SearchAction","target":{"@type":"EntryPoint","urlTemplate":"https:\/\/www.visit-ulcinj.com\/blog\/?s={search_term_string}"},"query-input":"required name=search_term_string"}],"inLanguage":"en-US"},{"@type":"WebPage","@id":"https:\/\/www.visit-ulcinj.com\/blog\/2017\/02\/21\/deputeti-shqiptar-malit-te-zi-luigj-shkreli-kerkon-te-rishikohet-ceshtja-e-demarkacionit\/#webpage","url":"https:\/\/www.visit-ulcinj.com\/blog\/2017\/02\/21\/deputeti-shqiptar-malit-te-zi-luigj-shkreli-kerkon-te-rishikohet-ceshtja-e-demarkacionit\/","name":"Deputeti shqiptar i Malit t\u00eb Zi, Luigj Shkreli k\u00ebrkon t\u00eb rishikohet \u00e7\u00ebshtja e Demarkacionit - Lajme nga Ulqini","isPartOf":{"@id":"https:\/\/www.visit-ulcinj.com\/blog\/#website"},"datePublished":"2017-02-21T06:31:15+00:00","dateModified":"2017-02-21T06:33:32+00:00","author":{"@id":"https:\/\/www.visit-ulcinj.com\/blog\/#\/schema\/person\/dcab619c614d3038751c63bc2aadc06d"},"description":"Deputeti shqiptar n\u00eb Mal t\u00eb Zi, Luigj Shkreli ka th\u00ebn\u00eb q\u00eb \u00e7\u00ebshtja e demarkacionit duhet t\u00eb rishikohet edhe nj\u00eb her\u00eb. Sipas Shkrelit, duhet q\u00eb komisionet","breadcrumb":{"@id":"https:\/\/www.visit-ulcinj.com\/blog\/2017\/02\/21\/deputeti-shqiptar-malit-te-zi-luigj-shkreli-kerkon-te-rishikohet-ceshtja-e-demarkacionit\/#breadcrumb"},"inLanguage":"en-US","potentialAction":[{"@type":"ReadAction","target":["https:\/\/www.visit-ulcinj.com\/blog\/2017\/02\/21\/deputeti-shqiptar-malit-te-zi-luigj-shkreli-kerkon-te-rishikohet-ceshtja-e-demarkacionit\/"]}]},{"@type":"BreadcrumbList","@id":"https:\/\/www.visit-ulcinj.com\/blog\/2017\/02\/21\/deputeti-shqiptar-malit-te-zi-luigj-shkreli-kerkon-te-rishikohet-ceshtja-e-demarkacionit\/#breadcrumb","itemListElement":[{"@type":"ListItem","position":1,"name":"Deputeti shqiptar i Malit t\u00eb Zi, Luigj Shkreli k\u00ebrkon t\u00eb rishikohet \u00e7\u00ebshtja e Demarkacionit"}]},{"@type":"Person","@id":"https:\/\/www.visit-ulcinj.com\/blog\/#\/schema\/person\/dcab619c614d3038751c63bc2aadc06d","name":"ulqini","sameAs":["http:\/\/www.visit-ulcinj.com"],"url":"https:\/\/www.visit-ulcinj.com\/blog\/author\/admin\/"}]}},"jetpack_featured_media_url":"","jetpack_sharing_enabled":true,"jetpack_shortlink":"https:\/\/wp.me\/pe6lTn-qPq","_links":{"self":[{"href":"https:\/\/www.visit-ulcinj.com\/blog\/wp-json\/wp\/v2\/posts\/103132"}],"collection":[{"href":"https:\/\/www.visit-ulcinj.com\/blog\/wp-json\/wp\/v2\/posts"}],"about":[{"href":"https:\/\/www.visit-ulcinj.com\/blog\/wp-json\/wp\/v2\/types\/post"}],"author":[{"embeddable":true,"href":"https:\/\/www.visit-ulcinj.com\/blog\/wp-json\/wp\/v2\/users\/1"}],"replies":[{"embeddable":true,"href":"https:\/\/www.visit-ulcinj.com\/blog\/wp-json\/wp\/v2\/comments?post=103132"}],"version-history":[{"count":2,"href":"https:\/\/www.visit-ulcinj.com\/blog\/wp-json\/wp\/v2\/posts\/103132\/revisions"}],"predecessor-version":[{"id":103135,"href":"https:\/\/www.visit-ulcinj.com\/blog\/wp-json\/wp\/v2\/posts\/103132\/revisions\/103135"}],"wp:attachment":[{"href":"https:\/\/www.visit-ulcinj.com\/blog\/wp-json\/wp\/v2\/media?parent=103132"}],"wp:term":[{"taxonomy":"category","embeddable":true,"href":"https:\/\/www.visit-ulcinj.com\/blog\/wp-json\/wp\/v2\/categories?post=103132"},{"taxonomy":"post_tag","embeddable":true,"href":"https:\/\/www.visit-ulcinj.com\/blog\/wp-json\/wp\/v2\/tags?post=103132"}],"curies":[{"name":"wp","href":"https:\/\/api.w.org\/{rel}","templated":true}]}}