{"id":103162,"date":"2017-02-21T19:56:57","date_gmt":"2017-02-21T18:56:57","guid":{"rendered":"http:\/\/www.visit-ulcinj.com\/blog\/?p=103162"},"modified":"2017-03-03T19:55:32","modified_gmt":"2017-03-03T18:55:32","slug":"ribari-s-ulcinja-uloviligrdobinu-zastrasujuce-bice-iz-morskih-dubina","status":"publish","type":"post","link":"https:\/\/www.visit-ulcinj.com\/blog\/2017\/02\/21\/ribari-s-ulcinja-uloviligrdobinu-zastrasujuce-bice-iz-morskih-dubina\/","title":{"rendered":"Ribari s Ulcinja ulovili&#8221;Grdobinu&#8221; zastra\u0161uju\u0107e bi\u0107e iz morskih dubina"},"content":{"rendered":"<p><strong><a href=\"http:\/\/www.visit-ulcinj.com\/blog\/wp-content\/uploads\/2017\/02\/Milan-i-Reshit-pristan-ulcinj-Ulqin.jpg\"><img loading=\"lazy\" class=\"alignleft wp-image-103163\" src=\"http:\/\/www.visit-ulcinj.com\/blog\/wp-content\/uploads\/2017\/02\/Milan-i-Reshit-pristan-ulcinj-Ulqin.jpg\" alt=\"Milan i Reshit-pristan-ulcinj-Ulqin\" width=\"508\" height=\"677\" srcset=\"https:\/\/www.visit-ulcinj.com\/blog\/wp-content\/uploads\/2017\/02\/Milan-i-Reshit-pristan-ulcinj-Ulqin.jpg 720w, https:\/\/www.visit-ulcinj.com\/blog\/wp-content\/uploads\/2017\/02\/Milan-i-Reshit-pristan-ulcinj-Ulqin-225x300.jpg 225w\" sizes=\"(max-width: 508px) 100vw, 508px\" \/><\/a>Danas na Pristanu. More i njegove tajne&#8230;<\/strong><\/p>\n<p><strong>&#8220;GRDOBINA&#8221;,&#8221;LOFI&#8221;,&#8221;SEETEUFEL&#8221; Lophius<\/strong><\/p>\n<div class=\"text_exposed_show\">\n<p>Ponekad je \u010dovjeku potrebna i sre\u0107a, da u pravo vrijeme, bude na pravom mjestu. Sasvim sam se slu\u010dajno u poslijepodnevne sate, na\u0161ao na Pristanu, kada su nai\u0161li MILAN i RE\u0160IT, veliki prijatelji i vrsni ribari, u \u010dijim se kolima nalazila ogromna &#8220;Grdobina&#8221;. Rijedak, rekao bih nevjerovatan ulov ove morske grabljivice. &#8220;Grdobine&#8221; u narodu nazvane &#8220;Grdoba&#8221;. Internet ka\u017ee, da je ova &#8220;a\u017edaja&#8221; jedna podvrsta &#8220;Grdobine&#8221;, obzirom da je ovoliki primjerak rijetkost. Ulovljena je mre\u017eom, &#8221; velikog oka&#8221;, na dubini od skoro pedesetak metara.<\/p>\n<p><iframe loading=\"lazy\" src=\"https:\/\/www.facebook.com\/plugins\/video.php?href=https%3A%2F%2Fwww.facebook.com%2FNTDTelevision%2Fvideos%2F1514134625295309%2F&#038;show_text=0&#038;width=508\" width=\"508\" height=\"335\" style=\"border:none;overflow:hidden\" scrolling=\"no\" frameborder=\"0\" allowTransparency=\"true\" allowFullScreen=\"true\"><\/iframe><\/p>\n<p><a href=\"http:\/\/www.visit-ulcinj.com\/blog\/wp-content\/uploads\/2017\/02\/Milan-i-Reshit-pristan-ulcinj-Ulqin-1.jpg\"><img loading=\"lazy\" class=\"alignleft wp-image-103164\" src=\"http:\/\/www.visit-ulcinj.com\/blog\/wp-content\/uploads\/2017\/02\/Milan-i-Reshit-pristan-ulcinj-Ulqin-1.jpg\" alt=\"Milan i Reshit-pristan-ulcinj-Ulqin-1\" width=\"508\" height=\"381\" srcset=\"https:\/\/www.visit-ulcinj.com\/blog\/wp-content\/uploads\/2017\/02\/Milan-i-Reshit-pristan-ulcinj-Ulqin-1.jpg 960w, https:\/\/www.visit-ulcinj.com\/blog\/wp-content\/uploads\/2017\/02\/Milan-i-Reshit-pristan-ulcinj-Ulqin-1-300x225.jpg 300w, https:\/\/www.visit-ulcinj.com\/blog\/wp-content\/uploads\/2017\/02\/Milan-i-Reshit-pristan-ulcinj-Ulqin-1-768x576.jpg 768w\" sizes=\"(max-width: 508px) 100vw, 508px\" \/><\/a><br \/>\nNaravno, za \u010das se na Pristanu okupilo mno\u0161tvo mje\u0161tana, mornara, ribara, turista i znati\u017eeljnika. Nakon fotografisanja, telefonski pozivi poznatih restorana i &#8220;Grdobina&#8221; je ubrzo na\u0161la kupca u Baru. Bi\u0107e to najbolji &#8220;brodet&#8221; za one koji mogu sebe da priu\u0161te ovakva zadovoljstva..<\/p>\n<p><strong><a id=\"js_49\" class=\"_hli\" href=\"https:\/\/www.facebook.com\/ismet.karamanaga\" data-hovercard=\"\/ajax\/hovercard\/user.php?id=1359492972\" data-hovercard-prefer-more-content-show=\"1\">Ismet Karamanaga <\/a>Facebook<\/strong><\/p>\n<\/div>\n","protected":false},"excerpt":{"rendered":"<p>Danas na Pristanu. More i njegove tajne&#8230; &#8220;GRDOBINA&#8221;,&#8221;LOFI&#8221;,&#8221;SEETEUFEL&#8221; Lophius Ponekad je \u010dovjeku potrebna i sre\u0107a, da u pravo vrijeme, bude na pravom mjestu. Sasvim sam se slu\u010dajno u poslijepodnevne sate, na\u0161ao na Pristanu, kada su nai\u0161li MILAN i RE\u0160IT, veliki prijatelji i vrsni ribari, u \u010dijim se kolima nalazila ogromna &#8220;Grdobina&#8221;. Rijedak, rekao bih nevjerovatan [&hellip;]<\/p>\n","protected":false},"author":1,"featured_media":0,"comment_status":"closed","ping_status":"closed","sticky":false,"template":"","format":"standard","meta":{"spay_email":"","jetpack_publicize_message":"","jetpack_is_tweetstorm":false,"jetpack_publicize_feature_enabled":true},"categories":[8,8337],"tags":[],"jetpack_publicize_connections":[],"yoast_head":"<!-- This site is optimized with the Yoast SEO plugin v19.1 - https:\/\/yoast.com\/wordpress\/plugins\/seo\/ -->\n<title>Ribari s Ulcinja ulovili&quot;Grdobinu&quot; zastra\u0161uju\u0107e bi\u0107e iz morskih dubina - Lajme nga Ulqini<\/title>\n<meta name=\"description\" content=\"Danas na Pristanu. More i njegove tajne... &quot;GRDOBINA&quot;,&quot;LOFI&quot;,&quot;SEETEUFEL&quot; Lophius Ponekad je \u010dovjeku potrebna i sre\u0107a, da u pravo vrijeme, bude na pravom\" \/>\n<meta name=\"robots\" content=\"index, follow, max-snippet:-1, max-image-preview:large, max-video-preview:-1\" \/>\n<link rel=\"canonical\" href=\"https:\/\/www.visit-ulcinj.com\/blog\/2017\/02\/21\/ribari-s-ulcinja-uloviligrdobinu-zastrasujuce-bice-iz-morskih-dubina\/\" \/>\n<meta property=\"og:locale\" content=\"en_US\" \/>\n<meta property=\"og:type\" content=\"article\" \/>\n<meta property=\"og:title\" content=\"Ribari s Ulcinja ulovili&quot;Grdobinu&quot; zastra\u0161uju\u0107e bi\u0107e iz morskih dubina - Lajme nga Ulqini\" \/>\n<meta property=\"og:description\" content=\"Danas na Pristanu. More i njegove tajne... &quot;GRDOBINA&quot;,&quot;LOFI&quot;,&quot;SEETEUFEL&quot; Lophius Ponekad je \u010dovjeku potrebna i sre\u0107a, da u pravo vrijeme, bude na pravom\" \/>\n<meta property=\"og:url\" content=\"https:\/\/www.visit-ulcinj.com\/blog\/2017\/02\/21\/ribari-s-ulcinja-uloviligrdobinu-zastrasujuce-bice-iz-morskih-dubina\/\" \/>\n<meta property=\"og:site_name\" content=\"Lajme nga Ulqini\" \/>\n<meta property=\"article:published_time\" content=\"2017-02-21T18:56:57+00:00\" \/>\n<meta property=\"article:modified_time\" content=\"2017-03-03T18:55:32+00:00\" \/>\n<meta property=\"og:image\" content=\"http:\/\/www.visit-ulcinj.com\/blog\/wp-content\/uploads\/2017\/02\/Milan-i-Reshit-pristan-ulcinj-Ulqin.jpg\" \/>\n<meta name=\"twitter:label1\" content=\"Written by\" \/>\n\t<meta name=\"twitter:data1\" content=\"ulqini\" \/>\n\t<meta name=\"twitter:label2\" content=\"Est. reading time\" \/>\n\t<meta name=\"twitter:data2\" content=\"1 minute\" \/>\n<script type=\"application\/ld+json\" class=\"yoast-schema-graph\">{\"@context\":\"https:\/\/schema.org\",\"@graph\":[{\"@type\":\"WebSite\",\"@id\":\"https:\/\/www.visit-ulcinj.com\/blog\/#website\",\"url\":\"https:\/\/www.visit-ulcinj.com\/blog\/\",\"name\":\"Lajme nga Ulqini\",\"description\":\"Lajme,Vijesti,Ulqini,Ulqin,Crna Gora,Mali i Zi\",\"potentialAction\":[{\"@type\":\"SearchAction\",\"target\":{\"@type\":\"EntryPoint\",\"urlTemplate\":\"https:\/\/www.visit-ulcinj.com\/blog\/?s={search_term_string}\"},\"query-input\":\"required name=search_term_string\"}],\"inLanguage\":\"en-US\"},{\"@type\":\"ImageObject\",\"inLanguage\":\"en-US\",\"@id\":\"https:\/\/www.visit-ulcinj.com\/blog\/2017\/02\/21\/ribari-s-ulcinja-uloviligrdobinu-zastrasujuce-bice-iz-morskih-dubina\/#primaryimage\",\"url\":\"https:\/\/www.visit-ulcinj.com\/blog\/wp-content\/uploads\/2017\/02\/Milan-i-Reshit-pristan-ulcinj-Ulqin.jpg\",\"contentUrl\":\"https:\/\/www.visit-ulcinj.com\/blog\/wp-content\/uploads\/2017\/02\/Milan-i-Reshit-pristan-ulcinj-Ulqin.jpg\",\"width\":720,\"height\":960},{\"@type\":\"WebPage\",\"@id\":\"https:\/\/www.visit-ulcinj.com\/blog\/2017\/02\/21\/ribari-s-ulcinja-uloviligrdobinu-zastrasujuce-bice-iz-morskih-dubina\/#webpage\",\"url\":\"https:\/\/www.visit-ulcinj.com\/blog\/2017\/02\/21\/ribari-s-ulcinja-uloviligrdobinu-zastrasujuce-bice-iz-morskih-dubina\/\",\"name\":\"Ribari s Ulcinja ulovili\\\"Grdobinu\\\" zastra\u0161uju\u0107e bi\u0107e iz morskih dubina - Lajme nga Ulqini\",\"isPartOf\":{\"@id\":\"https:\/\/www.visit-ulcinj.com\/blog\/#website\"},\"primaryImageOfPage\":{\"@id\":\"https:\/\/www.visit-ulcinj.com\/blog\/2017\/02\/21\/ribari-s-ulcinja-uloviligrdobinu-zastrasujuce-bice-iz-morskih-dubina\/#primaryimage\"},\"datePublished\":\"2017-02-21T18:56:57+00:00\",\"dateModified\":\"2017-03-03T18:55:32+00:00\",\"author\":{\"@id\":\"https:\/\/www.visit-ulcinj.com\/blog\/#\/schema\/person\/dcab619c614d3038751c63bc2aadc06d\"},\"description\":\"Danas na Pristanu. More i njegove tajne... \\\"GRDOBINA\\\",\\\"LOFI\\\",\\\"SEETEUFEL\\\" Lophius Ponekad je \u010dovjeku potrebna i sre\u0107a, da u pravo vrijeme, bude na pravom\",\"breadcrumb\":{\"@id\":\"https:\/\/www.visit-ulcinj.com\/blog\/2017\/02\/21\/ribari-s-ulcinja-uloviligrdobinu-zastrasujuce-bice-iz-morskih-dubina\/#breadcrumb\"},\"inLanguage\":\"en-US\",\"potentialAction\":[{\"@type\":\"ReadAction\",\"target\":[\"https:\/\/www.visit-ulcinj.com\/blog\/2017\/02\/21\/ribari-s-ulcinja-uloviligrdobinu-zastrasujuce-bice-iz-morskih-dubina\/\"]}]},{\"@type\":\"BreadcrumbList\",\"@id\":\"https:\/\/www.visit-ulcinj.com\/blog\/2017\/02\/21\/ribari-s-ulcinja-uloviligrdobinu-zastrasujuce-bice-iz-morskih-dubina\/#breadcrumb\",\"itemListElement\":[{\"@type\":\"ListItem\",\"position\":1,\"name\":\"Ribari s Ulcinja ulovili&#8221;Grdobinu&#8221; zastra\u0161uju\u0107e bi\u0107e iz morskih dubina\"}]},{\"@type\":\"Person\",\"@id\":\"https:\/\/www.visit-ulcinj.com\/blog\/#\/schema\/person\/dcab619c614d3038751c63bc2aadc06d\",\"name\":\"ulqini\",\"sameAs\":[\"http:\/\/www.visit-ulcinj.com\"],\"url\":\"https:\/\/www.visit-ulcinj.com\/blog\/author\/admin\/\"}]}<\/script>\n<!-- \/ Yoast SEO plugin. -->","yoast_head_json":{"title":"Ribari s Ulcinja ulovili\"Grdobinu\" zastra\u0161uju\u0107e bi\u0107e iz morskih dubina - Lajme nga Ulqini","description":"Danas na Pristanu. More i njegove tajne... \"GRDOBINA\",\"LOFI\",\"SEETEUFEL\" Lophius Ponekad je \u010dovjeku potrebna i sre\u0107a, da u pravo vrijeme, bude na pravom","robots":{"index":"index","follow":"follow","max-snippet":"max-snippet:-1","max-image-preview":"max-image-preview:large","max-video-preview":"max-video-preview:-1"},"canonical":"https:\/\/www.visit-ulcinj.com\/blog\/2017\/02\/21\/ribari-s-ulcinja-uloviligrdobinu-zastrasujuce-bice-iz-morskih-dubina\/","og_locale":"en_US","og_type":"article","og_title":"Ribari s Ulcinja ulovili\"Grdobinu\" zastra\u0161uju\u0107e bi\u0107e iz morskih dubina - Lajme nga Ulqini","og_description":"Danas na Pristanu. More i njegove tajne... \"GRDOBINA\",\"LOFI\",\"SEETEUFEL\" Lophius Ponekad je \u010dovjeku potrebna i sre\u0107a, da u pravo vrijeme, bude na pravom","og_url":"https:\/\/www.visit-ulcinj.com\/blog\/2017\/02\/21\/ribari-s-ulcinja-uloviligrdobinu-zastrasujuce-bice-iz-morskih-dubina\/","og_site_name":"Lajme nga Ulqini","article_published_time":"2017-02-21T18:56:57+00:00","article_modified_time":"2017-03-03T18:55:32+00:00","og_image":[{"url":"http:\/\/www.visit-ulcinj.com\/blog\/wp-content\/uploads\/2017\/02\/Milan-i-Reshit-pristan-ulcinj-Ulqin.jpg"}],"twitter_misc":{"Written by":"ulqini","Est. reading time":"1 minute"},"schema":{"@context":"https:\/\/schema.org","@graph":[{"@type":"WebSite","@id":"https:\/\/www.visit-ulcinj.com\/blog\/#website","url":"https:\/\/www.visit-ulcinj.com\/blog\/","name":"Lajme nga Ulqini","description":"Lajme,Vijesti,Ulqini,Ulqin,Crna Gora,Mali i Zi","potentialAction":[{"@type":"SearchAction","target":{"@type":"EntryPoint","urlTemplate":"https:\/\/www.visit-ulcinj.com\/blog\/?s={search_term_string}"},"query-input":"required name=search_term_string"}],"inLanguage":"en-US"},{"@type":"ImageObject","inLanguage":"en-US","@id":"https:\/\/www.visit-ulcinj.com\/blog\/2017\/02\/21\/ribari-s-ulcinja-uloviligrdobinu-zastrasujuce-bice-iz-morskih-dubina\/#primaryimage","url":"https:\/\/www.visit-ulcinj.com\/blog\/wp-content\/uploads\/2017\/02\/Milan-i-Reshit-pristan-ulcinj-Ulqin.jpg","contentUrl":"https:\/\/www.visit-ulcinj.com\/blog\/wp-content\/uploads\/2017\/02\/Milan-i-Reshit-pristan-ulcinj-Ulqin.jpg","width":720,"height":960},{"@type":"WebPage","@id":"https:\/\/www.visit-ulcinj.com\/blog\/2017\/02\/21\/ribari-s-ulcinja-uloviligrdobinu-zastrasujuce-bice-iz-morskih-dubina\/#webpage","url":"https:\/\/www.visit-ulcinj.com\/blog\/2017\/02\/21\/ribari-s-ulcinja-uloviligrdobinu-zastrasujuce-bice-iz-morskih-dubina\/","name":"Ribari s Ulcinja ulovili\"Grdobinu\" zastra\u0161uju\u0107e bi\u0107e iz morskih dubina - Lajme nga Ulqini","isPartOf":{"@id":"https:\/\/www.visit-ulcinj.com\/blog\/#website"},"primaryImageOfPage":{"@id":"https:\/\/www.visit-ulcinj.com\/blog\/2017\/02\/21\/ribari-s-ulcinja-uloviligrdobinu-zastrasujuce-bice-iz-morskih-dubina\/#primaryimage"},"datePublished":"2017-02-21T18:56:57+00:00","dateModified":"2017-03-03T18:55:32+00:00","author":{"@id":"https:\/\/www.visit-ulcinj.com\/blog\/#\/schema\/person\/dcab619c614d3038751c63bc2aadc06d"},"description":"Danas na Pristanu. More i njegove tajne... \"GRDOBINA\",\"LOFI\",\"SEETEUFEL\" Lophius Ponekad je \u010dovjeku potrebna i sre\u0107a, da u pravo vrijeme, bude na pravom","breadcrumb":{"@id":"https:\/\/www.visit-ulcinj.com\/blog\/2017\/02\/21\/ribari-s-ulcinja-uloviligrdobinu-zastrasujuce-bice-iz-morskih-dubina\/#breadcrumb"},"inLanguage":"en-US","potentialAction":[{"@type":"ReadAction","target":["https:\/\/www.visit-ulcinj.com\/blog\/2017\/02\/21\/ribari-s-ulcinja-uloviligrdobinu-zastrasujuce-bice-iz-morskih-dubina\/"]}]},{"@type":"BreadcrumbList","@id":"https:\/\/www.visit-ulcinj.com\/blog\/2017\/02\/21\/ribari-s-ulcinja-uloviligrdobinu-zastrasujuce-bice-iz-morskih-dubina\/#breadcrumb","itemListElement":[{"@type":"ListItem","position":1,"name":"Ribari s Ulcinja ulovili&#8221;Grdobinu&#8221; zastra\u0161uju\u0107e bi\u0107e iz morskih dubina"}]},{"@type":"Person","@id":"https:\/\/www.visit-ulcinj.com\/blog\/#\/schema\/person\/dcab619c614d3038751c63bc2aadc06d","name":"ulqini","sameAs":["http:\/\/www.visit-ulcinj.com"],"url":"https:\/\/www.visit-ulcinj.com\/blog\/author\/admin\/"}]}},"jetpack_featured_media_url":"","jetpack_sharing_enabled":true,"jetpack_shortlink":"https:\/\/wp.me\/pe6lTn-qPU","_links":{"self":[{"href":"https:\/\/www.visit-ulcinj.com\/blog\/wp-json\/wp\/v2\/posts\/103162"}],"collection":[{"href":"https:\/\/www.visit-ulcinj.com\/blog\/wp-json\/wp\/v2\/posts"}],"about":[{"href":"https:\/\/www.visit-ulcinj.com\/blog\/wp-json\/wp\/v2\/types\/post"}],"author":[{"embeddable":true,"href":"https:\/\/www.visit-ulcinj.com\/blog\/wp-json\/wp\/v2\/users\/1"}],"replies":[{"embeddable":true,"href":"https:\/\/www.visit-ulcinj.com\/blog\/wp-json\/wp\/v2\/comments?post=103162"}],"version-history":[{"count":4,"href":"https:\/\/www.visit-ulcinj.com\/blog\/wp-json\/wp\/v2\/posts\/103162\/revisions"}],"predecessor-version":[{"id":103356,"href":"https:\/\/www.visit-ulcinj.com\/blog\/wp-json\/wp\/v2\/posts\/103162\/revisions\/103356"}],"wp:attachment":[{"href":"https:\/\/www.visit-ulcinj.com\/blog\/wp-json\/wp\/v2\/media?parent=103162"}],"wp:term":[{"taxonomy":"category","embeddable":true,"href":"https:\/\/www.visit-ulcinj.com\/blog\/wp-json\/wp\/v2\/categories?post=103162"},{"taxonomy":"post_tag","embeddable":true,"href":"https:\/\/www.visit-ulcinj.com\/blog\/wp-json\/wp\/v2\/tags?post=103162"}],"curies":[{"name":"wp","href":"https:\/\/api.w.org\/{rel}","templated":true}]}}