{"id":103168,"date":"2017-02-21T20:22:00","date_gmt":"2017-02-21T19:22:00","guid":{"rendered":"http:\/\/www.visit-ulcinj.com\/blog\/?p=103168"},"modified":"2017-03-03T19:57:20","modified_gmt":"2017-03-03T18:57:20","slug":"ne-ulqin-kapet-peshku-lofi-nga-milani-dhe-reshiti","status":"publish","type":"post","link":"https:\/\/www.visit-ulcinj.com\/blog\/2017\/02\/21\/ne-ulqin-kapet-peshku-lofi-nga-milani-dhe-reshiti\/","title":{"rendered":"N\u00eb Ulqin kapet peshku&#8221; Lofi&#8221; nga Milani dhe Reshiti"},"content":{"rendered":"<p><strong><a href=\"http:\/\/www.visit-ulcinj.com\/blog\/wp-content\/uploads\/2017\/02\/Milan-i-Reshit-pristan-ulcinj-Ulqin.jpg\"><img loading=\"lazy\" class=\"alignleft wp-image-103163\" src=\"http:\/\/www.visit-ulcinj.com\/blog\/wp-content\/uploads\/2017\/02\/Milan-i-Reshit-pristan-ulcinj-Ulqin.jpg\" alt=\"Milan i Reshit-pristan-ulcinj-Ulqin\" width=\"508\" height=\"677\" srcset=\"https:\/\/www.visit-ulcinj.com\/blog\/wp-content\/uploads\/2017\/02\/Milan-i-Reshit-pristan-ulcinj-Ulqin.jpg 720w, https:\/\/www.visit-ulcinj.com\/blog\/wp-content\/uploads\/2017\/02\/Milan-i-Reshit-pristan-ulcinj-Ulqin-225x300.jpg 225w\" sizes=\"(max-width: 508px) 100vw, 508px\" \/><\/a><a href=\"https:\/\/ro.wikipedia.org\/wiki\/Lophius\">LOFI, n\u00eb popull quhet &#8220;Grdoba&#8221; &#8220;<i>Lophius&#8221; <\/i><\/a><\/strong>\u00ebsht\u00eb nj\u00eb egzemplar i rall\u00eb i nj\u00eb peshku i cili jeton edhe n\u00eb uj\u00ebrat tona. MILANI dhe RESHITI sot n\u00eb or\u00ebt e pasdit\u00ebs kan\u00eb pasur fat, dhe nga nj\u00eb kthellt\u00ebsi af\u00ebr 50 m. e kan\u00eb nxjerr\u00eb nga deti. \u00cbsht\u00eb e rall\u00eb kaq\u00eb e madhe, por edhe n\u00eb p\u00ebrgjith\u00ebsi rall xehet, pasi q\u00eb jeton n\u00eb kthellt\u00ebsi t\u00eb madhe.<\/p>\n<p>Mua, por edhe shum\u00eb t\u00eb tjer\u00ebve nga Rana, Kalaja, por edhe atyre t\u00eb cil\u00ebt merren me peshkim, nuk i kujtohet nj\u00eb ekzemplar i till\u00eb. \u00cbsht\u00eb peshk i qualitetit t\u00eb lart\u00eb, dhe mund t\u00eb p\u00ebrgaditen n\u00eb shum\u00eb m\u00ebnyr\u00eb. M\u00eb s\u00eb mirit kapama &#8220;brodet&#8221;.<br \/>\n<iframe loading=\"lazy\" src=\"https:\/\/www.facebook.com\/plugins\/video.php?href=https%3A%2F%2Fwww.facebook.com%2FNTDTelevision%2Fvideos%2F1514134625295309%2F&#038;show_text=0&#038;width=508\" width=\"508\" height=\"335\" style=\"border:none;overflow:hidden\" scrolling=\"no\" frameborder=\"0\" allowTransparency=\"true\" allowFullScreen=\"true\"><\/iframe><\/p>\n<p id=\"js_2l\" class=\"_5pbw _5vra\" data-ft=\"{&quot;tn&quot;:&quot;C&quot;}\"><strong><span class=\"fwn fcg\"><span class=\"fcg\"><span class=\"fwb\"><a id=\"js_4c\" class=\"profileLink\" href=\"https:\/\/www.facebook.com\/ismet.karamanaga?hc_ref=NEWSFEED\" data-ft=\"{&quot;tn&quot;:&quot;l&quot;}\" data-hovercard=\"\/ajax\/hovercard\/user.php?id=1359492972&amp;extragetparams=%7B%22hc_ref%22%3A%22NEWSFEED%22%7D\" data-hovercard-prefer-more-content-show=\"1\">Ismet Karamanaga<\/a><\/span> Facebook <\/span><\/span><\/strong><\/p>\n<p><a href=\"http:\/\/www.visit-ulcinj.com\/blog\/wp-content\/uploads\/2017\/02\/Milan-i-Reshit-pristan-ulcinj-Ulqin-1.jpg\"><img loading=\"lazy\" class=\"alignleft wp-image-103164\" src=\"http:\/\/www.visit-ulcinj.com\/blog\/wp-content\/uploads\/2017\/02\/Milan-i-Reshit-pristan-ulcinj-Ulqin-1.jpg\" alt=\"Milan i Reshit-pristan-ulcinj-Ulqin-1\" width=\"508\" height=\"381\" srcset=\"https:\/\/www.visit-ulcinj.com\/blog\/wp-content\/uploads\/2017\/02\/Milan-i-Reshit-pristan-ulcinj-Ulqin-1.jpg 960w, https:\/\/www.visit-ulcinj.com\/blog\/wp-content\/uploads\/2017\/02\/Milan-i-Reshit-pristan-ulcinj-Ulqin-1-300x225.jpg 300w, https:\/\/www.visit-ulcinj.com\/blog\/wp-content\/uploads\/2017\/02\/Milan-i-Reshit-pristan-ulcinj-Ulqin-1-768x576.jpg 768w\" sizes=\"(max-width: 508px) 100vw, 508px\" \/><\/a><\/p>\n","protected":false},"excerpt":{"rendered":"<p>LOFI, n\u00eb popull quhet &#8220;Grdoba&#8221; &#8220;Lophius&#8221; \u00ebsht\u00eb nj\u00eb egzemplar i rall\u00eb i nj\u00eb peshku i cili jeton edhe n\u00eb uj\u00ebrat tona. MILANI dhe RESHITI sot n\u00eb or\u00ebt e pasdit\u00ebs kan\u00eb pasur fat, dhe nga nj\u00eb kthellt\u00ebsi af\u00ebr 50 m. e kan\u00eb nxjerr\u00eb nga deti. \u00cbsht\u00eb e rall\u00eb kaq\u00eb e madhe, por edhe n\u00eb p\u00ebrgjith\u00ebsi rall [&hellip;]<\/p>\n","protected":false},"author":1,"featured_media":0,"comment_status":"closed","ping_status":"closed","sticky":false,"template":"","format":"standard","meta":{"spay_email":"","jetpack_publicize_message":"","jetpack_is_tweetstorm":false,"jetpack_publicize_feature_enabled":true},"categories":[1,13],"tags":[],"jetpack_publicize_connections":[],"yoast_head":"<!-- This site is optimized with the Yoast SEO plugin v19.1 - https:\/\/yoast.com\/wordpress\/plugins\/seo\/ -->\n<title>N\u00eb Ulqin kapet peshku&quot; Lofi&quot; nga Milani dhe Reshiti - Lajme nga Ulqini<\/title>\n<meta name=\"description\" content=\"LOFI, n\u00eb popull quhet &quot;Grdoba&quot; &quot;Lophius&quot; \u00ebsht\u00eb nj\u00eb egzemplar i rall\u00eb i nj\u00eb peshku i cili jeton edhe n\u00eb uj\u00ebrat tona. MILANI dhe RESHITI sot n\u00eb or\u00ebt e\" \/>\n<meta name=\"robots\" content=\"index, follow, max-snippet:-1, max-image-preview:large, max-video-preview:-1\" \/>\n<link rel=\"canonical\" href=\"https:\/\/www.visit-ulcinj.com\/blog\/2017\/02\/21\/ne-ulqin-kapet-peshku-lofi-nga-milani-dhe-reshiti\/\" \/>\n<meta property=\"og:locale\" content=\"en_US\" \/>\n<meta property=\"og:type\" content=\"article\" \/>\n<meta property=\"og:title\" content=\"N\u00eb Ulqin kapet peshku&quot; Lofi&quot; nga Milani dhe Reshiti - Lajme nga Ulqini\" \/>\n<meta property=\"og:description\" content=\"LOFI, n\u00eb popull quhet &quot;Grdoba&quot; &quot;Lophius&quot; \u00ebsht\u00eb nj\u00eb egzemplar i rall\u00eb i nj\u00eb peshku i cili jeton edhe n\u00eb uj\u00ebrat tona. MILANI dhe RESHITI sot n\u00eb or\u00ebt e\" \/>\n<meta property=\"og:url\" content=\"https:\/\/www.visit-ulcinj.com\/blog\/2017\/02\/21\/ne-ulqin-kapet-peshku-lofi-nga-milani-dhe-reshiti\/\" \/>\n<meta property=\"og:site_name\" content=\"Lajme nga Ulqini\" \/>\n<meta property=\"article:published_time\" content=\"2017-02-21T19:22:00+00:00\" \/>\n<meta property=\"article:modified_time\" content=\"2017-03-03T18:57:20+00:00\" \/>\n<meta property=\"og:image\" content=\"http:\/\/www.visit-ulcinj.com\/blog\/wp-content\/uploads\/2017\/02\/Milan-i-Reshit-pristan-ulcinj-Ulqin.jpg\" \/>\n<meta name=\"twitter:label1\" content=\"Written by\" \/>\n\t<meta name=\"twitter:data1\" content=\"ulqini\" \/>\n\t<meta name=\"twitter:label2\" content=\"Est. reading time\" \/>\n\t<meta name=\"twitter:data2\" content=\"1 minute\" \/>\n<script type=\"application\/ld+json\" class=\"yoast-schema-graph\">{\"@context\":\"https:\/\/schema.org\",\"@graph\":[{\"@type\":\"WebSite\",\"@id\":\"https:\/\/www.visit-ulcinj.com\/blog\/#website\",\"url\":\"https:\/\/www.visit-ulcinj.com\/blog\/\",\"name\":\"Lajme nga Ulqini\",\"description\":\"Lajme,Vijesti,Ulqini,Ulqin,Crna Gora,Mali i Zi\",\"potentialAction\":[{\"@type\":\"SearchAction\",\"target\":{\"@type\":\"EntryPoint\",\"urlTemplate\":\"https:\/\/www.visit-ulcinj.com\/blog\/?s={search_term_string}\"},\"query-input\":\"required name=search_term_string\"}],\"inLanguage\":\"en-US\"},{\"@type\":\"ImageObject\",\"inLanguage\":\"en-US\",\"@id\":\"https:\/\/www.visit-ulcinj.com\/blog\/2017\/02\/21\/ne-ulqin-kapet-peshku-lofi-nga-milani-dhe-reshiti\/#primaryimage\",\"url\":\"https:\/\/www.visit-ulcinj.com\/blog\/wp-content\/uploads\/2017\/02\/Milan-i-Reshit-pristan-ulcinj-Ulqin.jpg\",\"contentUrl\":\"https:\/\/www.visit-ulcinj.com\/blog\/wp-content\/uploads\/2017\/02\/Milan-i-Reshit-pristan-ulcinj-Ulqin.jpg\",\"width\":720,\"height\":960},{\"@type\":\"WebPage\",\"@id\":\"https:\/\/www.visit-ulcinj.com\/blog\/2017\/02\/21\/ne-ulqin-kapet-peshku-lofi-nga-milani-dhe-reshiti\/#webpage\",\"url\":\"https:\/\/www.visit-ulcinj.com\/blog\/2017\/02\/21\/ne-ulqin-kapet-peshku-lofi-nga-milani-dhe-reshiti\/\",\"name\":\"N\u00eb Ulqin kapet peshku\\\" Lofi\\\" nga Milani dhe Reshiti - Lajme nga Ulqini\",\"isPartOf\":{\"@id\":\"https:\/\/www.visit-ulcinj.com\/blog\/#website\"},\"primaryImageOfPage\":{\"@id\":\"https:\/\/www.visit-ulcinj.com\/blog\/2017\/02\/21\/ne-ulqin-kapet-peshku-lofi-nga-milani-dhe-reshiti\/#primaryimage\"},\"datePublished\":\"2017-02-21T19:22:00+00:00\",\"dateModified\":\"2017-03-03T18:57:20+00:00\",\"author\":{\"@id\":\"https:\/\/www.visit-ulcinj.com\/blog\/#\/schema\/person\/dcab619c614d3038751c63bc2aadc06d\"},\"description\":\"LOFI, n\u00eb popull quhet \\\"Grdoba\\\" \\\"Lophius\\\" \u00ebsht\u00eb nj\u00eb egzemplar i rall\u00eb i nj\u00eb peshku i cili jeton edhe n\u00eb uj\u00ebrat tona. MILANI dhe RESHITI sot n\u00eb or\u00ebt e\",\"breadcrumb\":{\"@id\":\"https:\/\/www.visit-ulcinj.com\/blog\/2017\/02\/21\/ne-ulqin-kapet-peshku-lofi-nga-milani-dhe-reshiti\/#breadcrumb\"},\"inLanguage\":\"en-US\",\"potentialAction\":[{\"@type\":\"ReadAction\",\"target\":[\"https:\/\/www.visit-ulcinj.com\/blog\/2017\/02\/21\/ne-ulqin-kapet-peshku-lofi-nga-milani-dhe-reshiti\/\"]}]},{\"@type\":\"BreadcrumbList\",\"@id\":\"https:\/\/www.visit-ulcinj.com\/blog\/2017\/02\/21\/ne-ulqin-kapet-peshku-lofi-nga-milani-dhe-reshiti\/#breadcrumb\",\"itemListElement\":[{\"@type\":\"ListItem\",\"position\":1,\"name\":\"N\u00eb Ulqin kapet peshku&#8221; Lofi&#8221; nga Milani dhe Reshiti\"}]},{\"@type\":\"Person\",\"@id\":\"https:\/\/www.visit-ulcinj.com\/blog\/#\/schema\/person\/dcab619c614d3038751c63bc2aadc06d\",\"name\":\"ulqini\",\"sameAs\":[\"http:\/\/www.visit-ulcinj.com\"],\"url\":\"https:\/\/www.visit-ulcinj.com\/blog\/author\/admin\/\"}]}<\/script>\n<!-- \/ Yoast SEO plugin. -->","yoast_head_json":{"title":"N\u00eb Ulqin kapet peshku\" Lofi\" nga Milani dhe Reshiti - Lajme nga Ulqini","description":"LOFI, n\u00eb popull quhet \"Grdoba\" \"Lophius\" \u00ebsht\u00eb nj\u00eb egzemplar i rall\u00eb i nj\u00eb peshku i cili jeton edhe n\u00eb uj\u00ebrat tona. MILANI dhe RESHITI sot n\u00eb or\u00ebt e","robots":{"index":"index","follow":"follow","max-snippet":"max-snippet:-1","max-image-preview":"max-image-preview:large","max-video-preview":"max-video-preview:-1"},"canonical":"https:\/\/www.visit-ulcinj.com\/blog\/2017\/02\/21\/ne-ulqin-kapet-peshku-lofi-nga-milani-dhe-reshiti\/","og_locale":"en_US","og_type":"article","og_title":"N\u00eb Ulqin kapet peshku\" Lofi\" nga Milani dhe Reshiti - Lajme nga Ulqini","og_description":"LOFI, n\u00eb popull quhet \"Grdoba\" \"Lophius\" \u00ebsht\u00eb nj\u00eb egzemplar i rall\u00eb i nj\u00eb peshku i cili jeton edhe n\u00eb uj\u00ebrat tona. MILANI dhe RESHITI sot n\u00eb or\u00ebt e","og_url":"https:\/\/www.visit-ulcinj.com\/blog\/2017\/02\/21\/ne-ulqin-kapet-peshku-lofi-nga-milani-dhe-reshiti\/","og_site_name":"Lajme nga Ulqini","article_published_time":"2017-02-21T19:22:00+00:00","article_modified_time":"2017-03-03T18:57:20+00:00","og_image":[{"url":"http:\/\/www.visit-ulcinj.com\/blog\/wp-content\/uploads\/2017\/02\/Milan-i-Reshit-pristan-ulcinj-Ulqin.jpg"}],"twitter_misc":{"Written by":"ulqini","Est. reading time":"1 minute"},"schema":{"@context":"https:\/\/schema.org","@graph":[{"@type":"WebSite","@id":"https:\/\/www.visit-ulcinj.com\/blog\/#website","url":"https:\/\/www.visit-ulcinj.com\/blog\/","name":"Lajme nga Ulqini","description":"Lajme,Vijesti,Ulqini,Ulqin,Crna Gora,Mali i Zi","potentialAction":[{"@type":"SearchAction","target":{"@type":"EntryPoint","urlTemplate":"https:\/\/www.visit-ulcinj.com\/blog\/?s={search_term_string}"},"query-input":"required name=search_term_string"}],"inLanguage":"en-US"},{"@type":"ImageObject","inLanguage":"en-US","@id":"https:\/\/www.visit-ulcinj.com\/blog\/2017\/02\/21\/ne-ulqin-kapet-peshku-lofi-nga-milani-dhe-reshiti\/#primaryimage","url":"https:\/\/www.visit-ulcinj.com\/blog\/wp-content\/uploads\/2017\/02\/Milan-i-Reshit-pristan-ulcinj-Ulqin.jpg","contentUrl":"https:\/\/www.visit-ulcinj.com\/blog\/wp-content\/uploads\/2017\/02\/Milan-i-Reshit-pristan-ulcinj-Ulqin.jpg","width":720,"height":960},{"@type":"WebPage","@id":"https:\/\/www.visit-ulcinj.com\/blog\/2017\/02\/21\/ne-ulqin-kapet-peshku-lofi-nga-milani-dhe-reshiti\/#webpage","url":"https:\/\/www.visit-ulcinj.com\/blog\/2017\/02\/21\/ne-ulqin-kapet-peshku-lofi-nga-milani-dhe-reshiti\/","name":"N\u00eb Ulqin kapet peshku\" Lofi\" nga Milani dhe Reshiti - Lajme nga Ulqini","isPartOf":{"@id":"https:\/\/www.visit-ulcinj.com\/blog\/#website"},"primaryImageOfPage":{"@id":"https:\/\/www.visit-ulcinj.com\/blog\/2017\/02\/21\/ne-ulqin-kapet-peshku-lofi-nga-milani-dhe-reshiti\/#primaryimage"},"datePublished":"2017-02-21T19:22:00+00:00","dateModified":"2017-03-03T18:57:20+00:00","author":{"@id":"https:\/\/www.visit-ulcinj.com\/blog\/#\/schema\/person\/dcab619c614d3038751c63bc2aadc06d"},"description":"LOFI, n\u00eb popull quhet \"Grdoba\" \"Lophius\" \u00ebsht\u00eb nj\u00eb egzemplar i rall\u00eb i nj\u00eb peshku i cili jeton edhe n\u00eb uj\u00ebrat tona. MILANI dhe RESHITI sot n\u00eb or\u00ebt e","breadcrumb":{"@id":"https:\/\/www.visit-ulcinj.com\/blog\/2017\/02\/21\/ne-ulqin-kapet-peshku-lofi-nga-milani-dhe-reshiti\/#breadcrumb"},"inLanguage":"en-US","potentialAction":[{"@type":"ReadAction","target":["https:\/\/www.visit-ulcinj.com\/blog\/2017\/02\/21\/ne-ulqin-kapet-peshku-lofi-nga-milani-dhe-reshiti\/"]}]},{"@type":"BreadcrumbList","@id":"https:\/\/www.visit-ulcinj.com\/blog\/2017\/02\/21\/ne-ulqin-kapet-peshku-lofi-nga-milani-dhe-reshiti\/#breadcrumb","itemListElement":[{"@type":"ListItem","position":1,"name":"N\u00eb Ulqin kapet peshku&#8221; Lofi&#8221; nga Milani dhe Reshiti"}]},{"@type":"Person","@id":"https:\/\/www.visit-ulcinj.com\/blog\/#\/schema\/person\/dcab619c614d3038751c63bc2aadc06d","name":"ulqini","sameAs":["http:\/\/www.visit-ulcinj.com"],"url":"https:\/\/www.visit-ulcinj.com\/blog\/author\/admin\/"}]}},"jetpack_featured_media_url":"","jetpack_sharing_enabled":true,"jetpack_shortlink":"https:\/\/wp.me\/pe6lTn-qQ0","_links":{"self":[{"href":"https:\/\/www.visit-ulcinj.com\/blog\/wp-json\/wp\/v2\/posts\/103168"}],"collection":[{"href":"https:\/\/www.visit-ulcinj.com\/blog\/wp-json\/wp\/v2\/posts"}],"about":[{"href":"https:\/\/www.visit-ulcinj.com\/blog\/wp-json\/wp\/v2\/types\/post"}],"author":[{"embeddable":true,"href":"https:\/\/www.visit-ulcinj.com\/blog\/wp-json\/wp\/v2\/users\/1"}],"replies":[{"embeddable":true,"href":"https:\/\/www.visit-ulcinj.com\/blog\/wp-json\/wp\/v2\/comments?post=103168"}],"version-history":[{"count":2,"href":"https:\/\/www.visit-ulcinj.com\/blog\/wp-json\/wp\/v2\/posts\/103168\/revisions"}],"predecessor-version":[{"id":103357,"href":"https:\/\/www.visit-ulcinj.com\/blog\/wp-json\/wp\/v2\/posts\/103168\/revisions\/103357"}],"wp:attachment":[{"href":"https:\/\/www.visit-ulcinj.com\/blog\/wp-json\/wp\/v2\/media?parent=103168"}],"wp:term":[{"taxonomy":"category","embeddable":true,"href":"https:\/\/www.visit-ulcinj.com\/blog\/wp-json\/wp\/v2\/categories?post=103168"},{"taxonomy":"post_tag","embeddable":true,"href":"https:\/\/www.visit-ulcinj.com\/blog\/wp-json\/wp\/v2\/tags?post=103168"}],"curies":[{"name":"wp","href":"https:\/\/api.w.org\/{rel}","templated":true}]}}