{"id":103170,"date":"2017-02-22T10:16:31","date_gmt":"2017-02-22T09:16:31","guid":{"rendered":"http:\/\/www.visit-ulcinj.com\/blog\/?p=103170"},"modified":"2017-02-22T10:17:14","modified_gmt":"2017-02-22T09:17:14","slug":"jakupi-cungu-do-te-jete-kryetari-me-i-keq-ne-historine-e-ulqinit","status":"publish","type":"post","link":"https:\/\/www.visit-ulcinj.com\/blog\/2017\/02\/22\/jakupi-cungu-do-te-jete-kryetari-me-i-keq-ne-historine-e-ulqinit\/","title":{"rendered":"Jakupi: Cungu do t\u00eb jet\u00eb Kryetari m\u00eb i keq n\u00eb historin\u00eb e Ulqinit"},"content":{"rendered":"<p><strong><a href=\"http:\/\/www.visit-ulcinj.com\/blog\/wp-content\/uploads\/2017\/02\/Isat-Jakupi.jpg\"><img loading=\"lazy\" class=\"alignleft wp-image-103172\" src=\"http:\/\/www.visit-ulcinj.com\/blog\/wp-content\/uploads\/2017\/02\/Isat-Jakupi.jpg\" alt=\"Isat-Jakupi\" width=\"508\" height=\"500\" srcset=\"https:\/\/www.visit-ulcinj.com\/blog\/wp-content\/uploads\/2017\/02\/Isat-Jakupi.jpg 539w, https:\/\/www.visit-ulcinj.com\/blog\/wp-content\/uploads\/2017\/02\/Isat-Jakupi-300x296.jpg 300w\" sizes=\"(max-width: 508px) 100vw, 508px\" \/><\/a>N\u00eb kumtes\u00ebn p\u00ebr media t\u00eb l\u00ebshuar nga lideri i Partis\u00eb Qytetare Shqiptare per Integrime ( <span class=\"st\">PQSHI ) n\u00eb Ulqin transmetuar portalit informativ Ul.info lidhur me monitorimin e pun\u00ebs s\u00eb kryetarit t\u00eb komun\u00ebs s\u00eb Ulqinit Nazif Cungut.<br \/>\n<\/span><\/strong><br \/>\nUn\u00eb nuk e kuptoj pse arroganc\u00eb t\u00eb till\u00eb n\u00eb nj\u00eb deklarat\u00eb t\u00eb z.Cungut n\u00eb qoft\u00eb se ne e dim\u00eb se ai \u00ebsht\u00eb kryetari m\u00eb i keq n\u00eb historin\u00eb e Ulqinit, un\u00eb mendoj nga t\u00eb gjitha kriter\u00ebt.<\/p>\n<p>N\u00eb 2 mandate ai nuk ka b\u00ebr\u00eb asgj\u00eb t\u00eb mir\u00eb p\u00ebr qytetin dhe qytetar\u00ebt, p\u00ebrve\u00e7 p\u00ebr vete dhe familjen e tij.<\/p>\n<p>Besoni, p\u00ebr mua \u00ebsht\u00eb n\u00ebn\u00e7mim ta p\u00ebrmend emrin e tij p\u00ebr shkak se ai \u00ebsht\u00eb p\u00ebrmendur n\u00eb shum\u00eb skandale, dhe t\u00eb gjith\u00eb qytetar\u00ebve e din mir\u00eb, si dhe zogjt\u00eb n\u00eb deg\u00eb.<\/p>\n<p>Duhet t\u00eb themi se ai \u00ebsht\u00eb p\u00ebrmendur nga ana e partnerit aktual t\u00eb koalicionit kur ka jetuar n\u00eb Zvic\u00ebr, dhe n\u00eb afera Shas, Parking, Otrantkomerc, Copyright. ..<\/p>\n<p>Disa biznesmen\u00eb t\u00eb af\u00ebrt me te shkuan n\u00eb falimentim, si\u00e7 thon\u00eb ata, fal\u00eb Cungut.<\/p>\n<p>T\u00eb gjitha q\u00eb ju keni b\u00ebr\u00eb \u00ebsht\u00eb vet\u00ebm n\u00eb favorin tuaj, n\u00eb krahasim me mua q\u00eb nga viti 1993 nj\u00eb cent nga politika nuk e kam marr\u00eb. Un\u00eb gjithmon\u00eb para vehtes e kam v\u00ebn\u00eb interesin e qytetar\u00ebve dhe jo karrig\u00ebn e vet. \u00c7do gj\u00eb q\u00eb kam b\u00ebr\u00eb, kam arritur me djers\u00eb t\u00eb madhe dhe askush nuk m\u00eb dha asgj\u00eb. Dhe gjithmon\u00eb humanist, jo si ju \u201cbiznesmen\u00eb\u201d t\u00eb pashpirt. \u00c7do gj\u00eb mund t\u00eb shkat\u00ebrroni dhe nuk brengoseni fare.<\/p>\n<p>Cungu \u00ebsht\u00eb n\u00eb nokdaund t\u00eb r\u00ebnd\u00eb, dhe z. Dushko Markoviqi i cili e ka vendosur n\u00eb at\u00eb pozit\u00eb ja num\u00ebron dit\u00ebt. Sikur t\u00eb mos ishim un\u00eb dhe Partia ime, kush e di se \u00e7far\u00eb do t\u00eb kishte ndodhur deri sot. Sigurisht, nuk m\u00eb kishin numeruar dit\u00ebt si juve.<\/p>\n<p>Ti je b\u00ebr\u00eb, te themi simbolikisht, si ai qeni i keq q\u00eb \u00e7on ujkun te vatha me dele, por ke harruar se kur ujku i ha delet do ti v\u00ebrsulet edhe qenit.<\/p>\n<p>Zoti i ndihmoft qytetin tim dhe qytetar\u00ebt e Ulqinit nga kryetari m\u00eb i dob\u00ebt n\u00eb histori.<\/p>\n","protected":false},"excerpt":{"rendered":"<p>N\u00eb kumtes\u00ebn p\u00ebr media t\u00eb l\u00ebshuar nga lideri i Partis\u00eb Qytetare Shqiptare per Integrime ( PQSHI ) n\u00eb Ulqin transmetuar portalit informativ Ul.info lidhur me monitorimin e pun\u00ebs s\u00eb kryetarit t\u00eb komun\u00ebs s\u00eb Ulqinit Nazif Cungut. Un\u00eb nuk e kuptoj pse arroganc\u00eb t\u00eb till\u00eb n\u00eb nj\u00eb deklarat\u00eb t\u00eb z.Cungut n\u00eb qoft\u00eb se ne e dim\u00eb [&hellip;]<\/p>\n","protected":false},"author":1,"featured_media":0,"comment_status":"closed","ping_status":"closed","sticky":false,"template":"","format":"standard","meta":{"spay_email":"","jetpack_publicize_message":"","jetpack_is_tweetstorm":false,"jetpack_publicize_feature_enabled":true},"categories":[6],"tags":[],"jetpack_publicize_connections":[],"yoast_head":"<!-- This site is optimized with the Yoast SEO plugin v19.1 - https:\/\/yoast.com\/wordpress\/plugins\/seo\/ -->\n<title>Jakupi: Cungu do t\u00eb jet\u00eb Kryetari m\u00eb i keq n\u00eb historin\u00eb e Ulqinit - Lajme nga Ulqini<\/title>\n<meta name=\"description\" content=\"N\u00eb kumtes\u00ebn p\u00ebr media t\u00eb l\u00ebshuar nga lideri i Partis\u00eb Qytetare Shqiptare per Integrime ( PQSHI ) n\u00eb Ulqin transmetuar portalit informativ Ul.info lidhur\" \/>\n<meta name=\"robots\" content=\"index, follow, max-snippet:-1, max-image-preview:large, max-video-preview:-1\" \/>\n<link rel=\"canonical\" href=\"https:\/\/www.visit-ulcinj.com\/blog\/2017\/02\/22\/jakupi-cungu-do-te-jete-kryetari-me-i-keq-ne-historine-e-ulqinit\/\" \/>\n<meta property=\"og:locale\" content=\"en_US\" \/>\n<meta property=\"og:type\" content=\"article\" \/>\n<meta property=\"og:title\" content=\"Jakupi: Cungu do t\u00eb jet\u00eb Kryetari m\u00eb i keq n\u00eb historin\u00eb e Ulqinit - Lajme nga Ulqini\" \/>\n<meta property=\"og:description\" content=\"N\u00eb kumtes\u00ebn p\u00ebr media t\u00eb l\u00ebshuar nga lideri i Partis\u00eb Qytetare Shqiptare per Integrime ( PQSHI ) n\u00eb Ulqin transmetuar portalit informativ Ul.info lidhur\" \/>\n<meta property=\"og:url\" content=\"https:\/\/www.visit-ulcinj.com\/blog\/2017\/02\/22\/jakupi-cungu-do-te-jete-kryetari-me-i-keq-ne-historine-e-ulqinit\/\" \/>\n<meta property=\"og:site_name\" content=\"Lajme nga Ulqini\" \/>\n<meta property=\"article:published_time\" content=\"2017-02-22T09:16:31+00:00\" \/>\n<meta property=\"article:modified_time\" content=\"2017-02-22T09:17:14+00:00\" \/>\n<meta property=\"og:image\" content=\"http:\/\/www.visit-ulcinj.com\/blog\/wp-content\/uploads\/2017\/02\/Isat-Jakupi.jpg\" \/>\n<meta name=\"twitter:label1\" content=\"Written by\" \/>\n\t<meta name=\"twitter:data1\" content=\"ulqini\" \/>\n\t<meta name=\"twitter:label2\" content=\"Est. reading time\" \/>\n\t<meta name=\"twitter:data2\" content=\"2 minutes\" \/>\n<script type=\"application\/ld+json\" class=\"yoast-schema-graph\">{\"@context\":\"https:\/\/schema.org\",\"@graph\":[{\"@type\":\"WebSite\",\"@id\":\"https:\/\/www.visit-ulcinj.com\/blog\/#website\",\"url\":\"https:\/\/www.visit-ulcinj.com\/blog\/\",\"name\":\"Lajme nga Ulqini\",\"description\":\"Lajme,Vijesti,Ulqini,Ulqin,Crna Gora,Mali i Zi\",\"potentialAction\":[{\"@type\":\"SearchAction\",\"target\":{\"@type\":\"EntryPoint\",\"urlTemplate\":\"https:\/\/www.visit-ulcinj.com\/blog\/?s={search_term_string}\"},\"query-input\":\"required name=search_term_string\"}],\"inLanguage\":\"en-US\"},{\"@type\":\"ImageObject\",\"inLanguage\":\"en-US\",\"@id\":\"https:\/\/www.visit-ulcinj.com\/blog\/2017\/02\/22\/jakupi-cungu-do-te-jete-kryetari-me-i-keq-ne-historine-e-ulqinit\/#primaryimage\",\"url\":\"https:\/\/www.visit-ulcinj.com\/blog\/wp-content\/uploads\/2017\/02\/Isat-Jakupi.jpg\",\"contentUrl\":\"https:\/\/www.visit-ulcinj.com\/blog\/wp-content\/uploads\/2017\/02\/Isat-Jakupi.jpg\",\"width\":539,\"height\":531},{\"@type\":\"WebPage\",\"@id\":\"https:\/\/www.visit-ulcinj.com\/blog\/2017\/02\/22\/jakupi-cungu-do-te-jete-kryetari-me-i-keq-ne-historine-e-ulqinit\/#webpage\",\"url\":\"https:\/\/www.visit-ulcinj.com\/blog\/2017\/02\/22\/jakupi-cungu-do-te-jete-kryetari-me-i-keq-ne-historine-e-ulqinit\/\",\"name\":\"Jakupi: Cungu do t\u00eb jet\u00eb Kryetari m\u00eb i keq n\u00eb historin\u00eb e Ulqinit - Lajme nga Ulqini\",\"isPartOf\":{\"@id\":\"https:\/\/www.visit-ulcinj.com\/blog\/#website\"},\"primaryImageOfPage\":{\"@id\":\"https:\/\/www.visit-ulcinj.com\/blog\/2017\/02\/22\/jakupi-cungu-do-te-jete-kryetari-me-i-keq-ne-historine-e-ulqinit\/#primaryimage\"},\"datePublished\":\"2017-02-22T09:16:31+00:00\",\"dateModified\":\"2017-02-22T09:17:14+00:00\",\"author\":{\"@id\":\"https:\/\/www.visit-ulcinj.com\/blog\/#\/schema\/person\/dcab619c614d3038751c63bc2aadc06d\"},\"description\":\"N\u00eb kumtes\u00ebn p\u00ebr media t\u00eb l\u00ebshuar nga lideri i Partis\u00eb Qytetare Shqiptare per Integrime ( PQSHI ) n\u00eb Ulqin transmetuar portalit informativ Ul.info lidhur\",\"breadcrumb\":{\"@id\":\"https:\/\/www.visit-ulcinj.com\/blog\/2017\/02\/22\/jakupi-cungu-do-te-jete-kryetari-me-i-keq-ne-historine-e-ulqinit\/#breadcrumb\"},\"inLanguage\":\"en-US\",\"potentialAction\":[{\"@type\":\"ReadAction\",\"target\":[\"https:\/\/www.visit-ulcinj.com\/blog\/2017\/02\/22\/jakupi-cungu-do-te-jete-kryetari-me-i-keq-ne-historine-e-ulqinit\/\"]}]},{\"@type\":\"BreadcrumbList\",\"@id\":\"https:\/\/www.visit-ulcinj.com\/blog\/2017\/02\/22\/jakupi-cungu-do-te-jete-kryetari-me-i-keq-ne-historine-e-ulqinit\/#breadcrumb\",\"itemListElement\":[{\"@type\":\"ListItem\",\"position\":1,\"name\":\"Jakupi: Cungu do t\u00eb jet\u00eb Kryetari m\u00eb i keq n\u00eb historin\u00eb e Ulqinit\"}]},{\"@type\":\"Person\",\"@id\":\"https:\/\/www.visit-ulcinj.com\/blog\/#\/schema\/person\/dcab619c614d3038751c63bc2aadc06d\",\"name\":\"ulqini\",\"sameAs\":[\"http:\/\/www.visit-ulcinj.com\"],\"url\":\"https:\/\/www.visit-ulcinj.com\/blog\/author\/admin\/\"}]}<\/script>\n<!-- \/ Yoast SEO plugin. -->","yoast_head_json":{"title":"Jakupi: Cungu do t\u00eb jet\u00eb Kryetari m\u00eb i keq n\u00eb historin\u00eb e Ulqinit - Lajme nga Ulqini","description":"N\u00eb kumtes\u00ebn p\u00ebr media t\u00eb l\u00ebshuar nga lideri i Partis\u00eb Qytetare Shqiptare per Integrime ( PQSHI ) n\u00eb Ulqin transmetuar portalit informativ Ul.info lidhur","robots":{"index":"index","follow":"follow","max-snippet":"max-snippet:-1","max-image-preview":"max-image-preview:large","max-video-preview":"max-video-preview:-1"},"canonical":"https:\/\/www.visit-ulcinj.com\/blog\/2017\/02\/22\/jakupi-cungu-do-te-jete-kryetari-me-i-keq-ne-historine-e-ulqinit\/","og_locale":"en_US","og_type":"article","og_title":"Jakupi: Cungu do t\u00eb jet\u00eb Kryetari m\u00eb i keq n\u00eb historin\u00eb e Ulqinit - Lajme nga Ulqini","og_description":"N\u00eb kumtes\u00ebn p\u00ebr media t\u00eb l\u00ebshuar nga lideri i Partis\u00eb Qytetare Shqiptare per Integrime ( PQSHI ) n\u00eb Ulqin transmetuar portalit informativ Ul.info lidhur","og_url":"https:\/\/www.visit-ulcinj.com\/blog\/2017\/02\/22\/jakupi-cungu-do-te-jete-kryetari-me-i-keq-ne-historine-e-ulqinit\/","og_site_name":"Lajme nga Ulqini","article_published_time":"2017-02-22T09:16:31+00:00","article_modified_time":"2017-02-22T09:17:14+00:00","og_image":[{"url":"http:\/\/www.visit-ulcinj.com\/blog\/wp-content\/uploads\/2017\/02\/Isat-Jakupi.jpg"}],"twitter_misc":{"Written by":"ulqini","Est. reading time":"2 minutes"},"schema":{"@context":"https:\/\/schema.org","@graph":[{"@type":"WebSite","@id":"https:\/\/www.visit-ulcinj.com\/blog\/#website","url":"https:\/\/www.visit-ulcinj.com\/blog\/","name":"Lajme nga Ulqini","description":"Lajme,Vijesti,Ulqini,Ulqin,Crna Gora,Mali i Zi","potentialAction":[{"@type":"SearchAction","target":{"@type":"EntryPoint","urlTemplate":"https:\/\/www.visit-ulcinj.com\/blog\/?s={search_term_string}"},"query-input":"required name=search_term_string"}],"inLanguage":"en-US"},{"@type":"ImageObject","inLanguage":"en-US","@id":"https:\/\/www.visit-ulcinj.com\/blog\/2017\/02\/22\/jakupi-cungu-do-te-jete-kryetari-me-i-keq-ne-historine-e-ulqinit\/#primaryimage","url":"https:\/\/www.visit-ulcinj.com\/blog\/wp-content\/uploads\/2017\/02\/Isat-Jakupi.jpg","contentUrl":"https:\/\/www.visit-ulcinj.com\/blog\/wp-content\/uploads\/2017\/02\/Isat-Jakupi.jpg","width":539,"height":531},{"@type":"WebPage","@id":"https:\/\/www.visit-ulcinj.com\/blog\/2017\/02\/22\/jakupi-cungu-do-te-jete-kryetari-me-i-keq-ne-historine-e-ulqinit\/#webpage","url":"https:\/\/www.visit-ulcinj.com\/blog\/2017\/02\/22\/jakupi-cungu-do-te-jete-kryetari-me-i-keq-ne-historine-e-ulqinit\/","name":"Jakupi: Cungu do t\u00eb jet\u00eb Kryetari m\u00eb i keq n\u00eb historin\u00eb e Ulqinit - Lajme nga Ulqini","isPartOf":{"@id":"https:\/\/www.visit-ulcinj.com\/blog\/#website"},"primaryImageOfPage":{"@id":"https:\/\/www.visit-ulcinj.com\/blog\/2017\/02\/22\/jakupi-cungu-do-te-jete-kryetari-me-i-keq-ne-historine-e-ulqinit\/#primaryimage"},"datePublished":"2017-02-22T09:16:31+00:00","dateModified":"2017-02-22T09:17:14+00:00","author":{"@id":"https:\/\/www.visit-ulcinj.com\/blog\/#\/schema\/person\/dcab619c614d3038751c63bc2aadc06d"},"description":"N\u00eb kumtes\u00ebn p\u00ebr media t\u00eb l\u00ebshuar nga lideri i Partis\u00eb Qytetare Shqiptare per Integrime ( PQSHI ) n\u00eb Ulqin transmetuar portalit informativ Ul.info lidhur","breadcrumb":{"@id":"https:\/\/www.visit-ulcinj.com\/blog\/2017\/02\/22\/jakupi-cungu-do-te-jete-kryetari-me-i-keq-ne-historine-e-ulqinit\/#breadcrumb"},"inLanguage":"en-US","potentialAction":[{"@type":"ReadAction","target":["https:\/\/www.visit-ulcinj.com\/blog\/2017\/02\/22\/jakupi-cungu-do-te-jete-kryetari-me-i-keq-ne-historine-e-ulqinit\/"]}]},{"@type":"BreadcrumbList","@id":"https:\/\/www.visit-ulcinj.com\/blog\/2017\/02\/22\/jakupi-cungu-do-te-jete-kryetari-me-i-keq-ne-historine-e-ulqinit\/#breadcrumb","itemListElement":[{"@type":"ListItem","position":1,"name":"Jakupi: Cungu do t\u00eb jet\u00eb Kryetari m\u00eb i keq n\u00eb historin\u00eb e Ulqinit"}]},{"@type":"Person","@id":"https:\/\/www.visit-ulcinj.com\/blog\/#\/schema\/person\/dcab619c614d3038751c63bc2aadc06d","name":"ulqini","sameAs":["http:\/\/www.visit-ulcinj.com"],"url":"https:\/\/www.visit-ulcinj.com\/blog\/author\/admin\/"}]}},"jetpack_featured_media_url":"","jetpack_sharing_enabled":true,"jetpack_shortlink":"https:\/\/wp.me\/pe6lTn-qQ2","_links":{"self":[{"href":"https:\/\/www.visit-ulcinj.com\/blog\/wp-json\/wp\/v2\/posts\/103170"}],"collection":[{"href":"https:\/\/www.visit-ulcinj.com\/blog\/wp-json\/wp\/v2\/posts"}],"about":[{"href":"https:\/\/www.visit-ulcinj.com\/blog\/wp-json\/wp\/v2\/types\/post"}],"author":[{"embeddable":true,"href":"https:\/\/www.visit-ulcinj.com\/blog\/wp-json\/wp\/v2\/users\/1"}],"replies":[{"embeddable":true,"href":"https:\/\/www.visit-ulcinj.com\/blog\/wp-json\/wp\/v2\/comments?post=103170"}],"version-history":[{"count":2,"href":"https:\/\/www.visit-ulcinj.com\/blog\/wp-json\/wp\/v2\/posts\/103170\/revisions"}],"predecessor-version":[{"id":103174,"href":"https:\/\/www.visit-ulcinj.com\/blog\/wp-json\/wp\/v2\/posts\/103170\/revisions\/103174"}],"wp:attachment":[{"href":"https:\/\/www.visit-ulcinj.com\/blog\/wp-json\/wp\/v2\/media?parent=103170"}],"wp:term":[{"taxonomy":"category","embeddable":true,"href":"https:\/\/www.visit-ulcinj.com\/blog\/wp-json\/wp\/v2\/categories?post=103170"},{"taxonomy":"post_tag","embeddable":true,"href":"https:\/\/www.visit-ulcinj.com\/blog\/wp-json\/wp\/v2\/tags?post=103170"}],"curies":[{"name":"wp","href":"https:\/\/api.w.org\/{rel}","templated":true}]}}