{"id":103175,"date":"2017-02-22T10:42:52","date_gmt":"2017-02-22T09:42:52","guid":{"rendered":"http:\/\/www.visit-ulcinj.com\/blog\/?p=103175"},"modified":"2017-02-22T10:42:52","modified_gmt":"2017-02-22T09:42:52","slug":"zoran-pazin-sa-saradnicima-boravio-u-radnoj-posjeti-ulcinju-foto","status":"publish","type":"post","link":"https:\/\/www.visit-ulcinj.com\/blog\/2017\/02\/22\/zoran-pazin-sa-saradnicima-boravio-u-radnoj-posjeti-ulcinju-foto\/","title":{"rendered":"Zoran Pa\u017ein sa saradnicima boravio u radnoj posjeti Ulcinju + Foto"},"content":{"rendered":"<p><a href=\"http:\/\/www.visit-ulcinj.com\/blog\/wp-content\/uploads\/2017\/02\/Ministri-Pazhin-mir\u00ebpritet-nga-Nazif-Cungu.jpg\"><img loading=\"lazy\" class=\"alignleft wp-image-103137\" src=\"http:\/\/www.visit-ulcinj.com\/blog\/wp-content\/uploads\/2017\/02\/Ministri-Pazhin-mir\u00ebpritet-nga-Nazif-Cungu.jpg\" alt=\"Ministri Pazhin, mir\u00ebpritet nga Nazif Cungu\" width=\"508\" height=\"339\" srcset=\"https:\/\/www.visit-ulcinj.com\/blog\/wp-content\/uploads\/2017\/02\/Ministri-Pazhin-mir\u00ebpritet-nga-Nazif-Cungu.jpg 927w, https:\/\/www.visit-ulcinj.com\/blog\/wp-content\/uploads\/2017\/02\/Ministri-Pazhin-mir\u00ebpritet-nga-Nazif-Cungu-300x200.jpg 300w, https:\/\/www.visit-ulcinj.com\/blog\/wp-content\/uploads\/2017\/02\/Ministri-Pazhin-mir\u00ebpritet-nga-Nazif-Cungu-768x512.jpg 768w\" sizes=\"(max-width: 508px) 100vw, 508px\" \/><\/a>Delegacija Vlade Crne Gore predvo\u0111ena potpredsjednikom Zoranom Pa\u017einom, u \u010dijem sastavu su bili ministar odr\u017eivog razvoja i turizma Pavle Radulovi\u0107, ministar unutra\u0161njih poslova Mevludin Nuhod\u017ei\u0107, ministar za ljudska i manjinska prava Mehmet Zenka, sekretarka ministarstva pravde Nada Stani\u0161i\u0107, generalna direktorica Direktorata za planiranje prostora Dragana \u010ceni\u0107, generalni direktor Direktorata za gra\u0111evinarstvo Danilo Gvozdenovi\u0107 i \u0161efica Kabineta ministra odr\u017eivog razvoja i turizma Milena Luki\u0107, boravila je ju\u010de u radnoj posjeti Op\u0161tini Ulcinj.<\/p>\n<p>Posjeta je po\u010dela sastankom sa predsjednikom Op\u0161tine Nazifom Cunguom, predsjednikom Skup\u0161tine Op\u0161tine Ljorom Nreki\u0107em i potpredsjednicima najju\u017enije Op\u0161tine.<\/p>\n<p>Devastacija prostora nanosi ozbiljnu \u0161tetu nacionalnim resursima i strate\u0161kom opredjeljenju da resursi budu valorizovani za dobrobit kako gra\u0111ana Ulcinja, tako i gra\u0111ana Crne Gore, pa je zbog toga neophodno, u \u0161to kra\u0107em vremenskom periodu, preduzeti adekvatne mjere prema svim akterima procesa divlje gradnje, kako bi se za\u0161titio prostor i fenomen nelegalne gradnje zaustavio, uz po\u0161tovanje na\u010dela pravne dr\u017eave i za\u0161tite javnog interesa.<\/p>\n<p>Potpredsjednik Pa\u017ein je istakao da op\u0161tina Ulcinj ima ogroman razvojni potencijal i da gra\u0111ani treba da budu najve\u0107i beneficijari tog resursa. Vlada Crne Gore je spremna da u partnerstvu sa lokalnom samoupravom, svim pravnim sredstvima, sprije\u010di one koji iz bahatosti i sebi\u010dnih interesa naru\u0161avaju javni interes, a treba odrediti prag ili minimum toleranicije prema onima koji grade na svom zemlji\u0161tu radi rje\u0161avanja egzistencijalnih potreba, naglasio je Pa\u017ein. On je podsjetio da je Vlada na pro\u0161loj sjednici usvojila prostorno urbanisti\u010dki plan i njime su stvoreni svi preduslovi da se uz va\u017ee\u0107e zakonske propise reguli\u0161e oblast nelegalno izgra\u0111enih objekata i po\u010dne rje\u0161avanje tog problema.<\/p>\n<p>&nbsp;<\/p>\n<p>Predsjednik Op\u0161tine Nazif Cungu je u ime gra\u0111ana Ulcinja izrazio zahvalnost Vladi Crne Gore, posebno ministru odr\u017eivog razvoja i turizma, koji je ulo\u017eio velike napore u cilju usvajanja prostorno urbanisti\u0161kog plana za teritoriju Op\u0161tine Ulcinj. Dodao je da \u0107e ovaj dokument poslu\u017eiti kao polazna ta\u010dka za dalji razvoj grada, priliv investicija i za\u0161titu prostora. Izrazio je spremnost da se \u0161to prije u\u0111e u rje\u0161avanje problema nelegalne gradnje i zbog toga se posebno zahvalio Vladi Crne Gore koja \u0107e u tome pomo\u0107i. Predsjednik Cungu je istakao da Ulcinj ima ogromne potencijale koje je neophodno sa\u010duvati i pametno valorizovati, kako bi gra\u0111ani Ulcinja imali najbolju korist od njih.<\/p>\n<p>U\u010desnici sastanka su se saglasili da se objekti koji se nalaze u za\u0161ti\u0107enim zonama, na energetskim trasama, saobra\u0107ajnicama i drugim lokacijama od javnog interesa moraju imati najve\u0107i prioritet u ovom procesu, uz nultu toleranciju za ovaj vid devastacije prostora.<\/p>\n<p>Osim nelegalne gradnje, na sastanku je bilo rije\u010di i o infrastrukturnim projektima, putnoj infrastrukturi,\u00a0 projektima vodosnadbijevanja, kanalizacije, grani\u010dnih prelaza i drugim projektima od javnog interesa za koje je Vlada Crne Gore izrazila maksimalnu podr\u0161ku u cilju realizacije istih. Tako\u0111e, bilo je rije\u010di i o potencijalnim investicijama u oblasti turizma i dogovoreni su osnovi za saradnju u cilju animiranja stranih investitora za ulaganja na teritoriji Op\u0161tine Ulcinj.<\/p>\n<p>Nakon sastanka delegacija je obi\u0161la \u010detiri lokaliteta &#8211; Valdanos, Malu i Veliku Pla\u017eu i \u0160toj, prilikom koje je imala priliku da vidi nelegalno izgra\u0111ene objekte i na kojim mjestima se oni nalaze.<\/p>\n<p>Inspektori za\u0161tite prostora pristupili su ju\u010de uklanjanju privremenih objekata na Bojani za koje vlasnici nemaju odgovaraju\u0107a odobrenja i 3 objekata sagra\u0111ena u maslinjacima su zape\u010da\u0107ena i donijeta su rje\u0161enja o ru\u0161enju.<\/p>\n<p>Ovo je ujedno prva radna posjeta potpredsjednika Pa\u017eina kojeg je Vlada zadu\u017eila da sa saradnicima iz resornih ministarstava sagleda ukupnu situaciju i preduzme konkretne mjere i aktivnosti u odnosu na problem izgradnje nelegalnih objekata u Crnoj Gori.<\/p>\n\n\t\t<style type=\"text\/css\">\n\t\t\t#gallery-1 {\n\t\t\t\tmargin: auto;\n\t\t\t}\n\t\t\t#gallery-1 .gallery-item {\n\t\t\t\tfloat: left;\n\t\t\t\tmargin-top: 10px;\n\t\t\t\ttext-align: center;\n\t\t\t\twidth: 33%;\n\t\t\t}\n\t\t\t#gallery-1 img {\n\t\t\t\tborder: 2px solid #cfcfcf;\n\t\t\t}\n\t\t\t#gallery-1 .gallery-caption {\n\t\t\t\tmargin-left: 0;\n\t\t\t}\n\t\t\t\/* see gallery_shortcode() in wp-includes\/media.php *\/\n\t\t<\/style>\n\t\t<div id='gallery-1' class='gallery galleryid-103175 gallery-columns-3 gallery-size-thumbnail'><dl class='gallery-item'>\n\t\t\t<dt class='gallery-icon landscape'>\n\t\t\t\t<a href='https:\/\/www.visit-ulcinj.com\/blog\/2017\/02\/21\/delegacioni-i-qeverise-se-malit-te-zi-kryesuar-nga-ministri-pazhin-mirepritet-nga-cungu-foto\/ministri-pazhin-mirepritet-nga-nazif-cungu-mehmet-zenka-2\/'><img width=\"150\" height=\"150\" src=\"https:\/\/www.visit-ulcinj.com\/blog\/wp-content\/uploads\/2017\/02\/Ministri-Pazhin-mir\u00ebpritet-nga-Nazif-Cungu-Mehmet-Zenka-2-150x150.jpg\" class=\"attachment-thumbnail size-thumbnail\" alt=\"\" loading=\"lazy\" \/><\/a>\n\t\t\t<\/dt><\/dl><dl class='gallery-item'>\n\t\t\t<dt class='gallery-icon landscape'>\n\t\t\t\t<a href='https:\/\/www.visit-ulcinj.com\/blog\/2017\/02\/21\/delegacioni-i-qeverise-se-malit-te-zi-kryesuar-nga-ministri-pazhin-mirepritet-nga-cungu-foto\/ministri-pazhin-mirepritet-nga-nazif-cungu-mehmet-zenka-1\/'><img width=\"150\" height=\"150\" src=\"https:\/\/www.visit-ulcinj.com\/blog\/wp-content\/uploads\/2017\/02\/Ministri-Pazhin-mir\u00ebpritet-nga-Nazif-Cungu-Mehmet-Zenka-1-150x150.jpg\" class=\"attachment-thumbnail size-thumbnail\" alt=\"\" loading=\"lazy\" \/><\/a>\n\t\t\t<\/dt><\/dl><dl class='gallery-item'>\n\t\t\t<dt class='gallery-icon landscape'>\n\t\t\t\t<a href='https:\/\/www.visit-ulcinj.com\/blog\/2017\/02\/21\/delegacioni-i-qeverise-se-malit-te-zi-kryesuar-nga-ministri-pazhin-mirepritet-nga-cungu-foto\/ministri-pazhin-mirepritet-nga-nazif-cungu-mehmet-zenka\/'><img width=\"150\" height=\"150\" src=\"https:\/\/www.visit-ulcinj.com\/blog\/wp-content\/uploads\/2017\/02\/Ministri-Pazhin-mir\u00ebpritet-nga-Nazif-Cungu-Mehmet-Zenka-150x150.jpg\" class=\"attachment-thumbnail size-thumbnail\" alt=\"\" loading=\"lazy\" \/><\/a>\n\t\t\t<\/dt><\/dl><br style=\"clear: both\" \/><dl class='gallery-item'>\n\t\t\t<dt class='gallery-icon landscape'>\n\t\t\t\t<a href='https:\/\/www.visit-ulcinj.com\/blog\/2017\/02\/21\/delegacioni-i-qeverise-se-malit-te-zi-kryesuar-nga-ministri-pazhin-mirepritet-nga-cungu-foto\/ministri-pazhin-mirepritet-nga-nazif-cungu-7\/'><img width=\"150\" height=\"150\" src=\"https:\/\/www.visit-ulcinj.com\/blog\/wp-content\/uploads\/2017\/02\/Ministri-Pazhin-mir\u00ebpritet-nga-Nazif-Cungu-7-150x150.jpg\" class=\"attachment-thumbnail size-thumbnail\" alt=\"\" loading=\"lazy\" \/><\/a>\n\t\t\t<\/dt><\/dl><dl class='gallery-item'>\n\t\t\t<dt class='gallery-icon landscape'>\n\t\t\t\t<a href='https:\/\/www.visit-ulcinj.com\/blog\/2017\/02\/21\/delegacioni-i-qeverise-se-malit-te-zi-kryesuar-nga-ministri-pazhin-mirepritet-nga-cungu-foto\/ministri-pazhin-mirepritet-nga-nazif-cungu-6\/'><img width=\"150\" height=\"150\" src=\"https:\/\/www.visit-ulcinj.com\/blog\/wp-content\/uploads\/2017\/02\/Ministri-Pazhin-mir\u00ebpritet-nga-Nazif-Cungu-6-150x150.jpg\" class=\"attachment-thumbnail size-thumbnail\" alt=\"\" loading=\"lazy\" \/><\/a>\n\t\t\t<\/dt><\/dl><dl class='gallery-item'>\n\t\t\t<dt class='gallery-icon landscape'>\n\t\t\t\t<a href='https:\/\/www.visit-ulcinj.com\/blog\/2017\/02\/21\/delegacioni-i-qeverise-se-malit-te-zi-kryesuar-nga-ministri-pazhin-mirepritet-nga-cungu-foto\/ministri-pazhin-mirepritet-nga-nazif-cungu-5\/'><img width=\"150\" height=\"150\" src=\"https:\/\/www.visit-ulcinj.com\/blog\/wp-content\/uploads\/2017\/02\/Ministri-Pazhin-mir\u00ebpritet-nga-Nazif-Cungu-5-150x150.jpg\" class=\"attachment-thumbnail size-thumbnail\" alt=\"\" loading=\"lazy\" \/><\/a>\n\t\t\t<\/dt><\/dl><br style=\"clear: both\" \/><dl class='gallery-item'>\n\t\t\t<dt class='gallery-icon landscape'>\n\t\t\t\t<a href='https:\/\/www.visit-ulcinj.com\/blog\/2017\/02\/21\/delegacioni-i-qeverise-se-malit-te-zi-kryesuar-nga-ministri-pazhin-mirepritet-nga-cungu-foto\/ministri-pazhin-mirepritet-nga-nazif-cungu-4\/'><img width=\"150\" height=\"150\" src=\"https:\/\/www.visit-ulcinj.com\/blog\/wp-content\/uploads\/2017\/02\/Ministri-Pazhin-mir\u00ebpritet-nga-Nazif-Cungu-4-150x150.jpg\" class=\"attachment-thumbnail size-thumbnail\" alt=\"\" loading=\"lazy\" \/><\/a>\n\t\t\t<\/dt><\/dl><dl class='gallery-item'>\n\t\t\t<dt class='gallery-icon landscape'>\n\t\t\t\t<a href='https:\/\/www.visit-ulcinj.com\/blog\/2017\/02\/21\/delegacioni-i-qeverise-se-malit-te-zi-kryesuar-nga-ministri-pazhin-mirepritet-nga-cungu-foto\/ministri-pazhin-mirepritet-nga-nazif-cungu-3\/'><img width=\"150\" height=\"150\" src=\"https:\/\/www.visit-ulcinj.com\/blog\/wp-content\/uploads\/2017\/02\/Ministri-Pazhin-mir\u00ebpritet-nga-Nazif-Cungu-3-150x150.jpg\" class=\"attachment-thumbnail size-thumbnail\" alt=\"\" loading=\"lazy\" \/><\/a>\n\t\t\t<\/dt><\/dl><dl class='gallery-item'>\n\t\t\t<dt class='gallery-icon landscape'>\n\t\t\t\t<a href='https:\/\/www.visit-ulcinj.com\/blog\/2017\/02\/21\/delegacioni-i-qeverise-se-malit-te-zi-kryesuar-nga-ministri-pazhin-mirepritet-nga-cungu-foto\/ministri-pazhin-mirepritet-nga-nazif-cungu-2\/'><img width=\"150\" height=\"150\" src=\"https:\/\/www.visit-ulcinj.com\/blog\/wp-content\/uploads\/2017\/02\/Ministri-Pazhin-mir\u00ebpritet-nga-Nazif-Cungu-2-150x150.jpg\" class=\"attachment-thumbnail size-thumbnail\" alt=\"\" loading=\"lazy\" \/><\/a>\n\t\t\t<\/dt><\/dl><br style=\"clear: both\" \/><dl class='gallery-item'>\n\t\t\t<dt class='gallery-icon landscape'>\n\t\t\t\t<a href='https:\/\/www.visit-ulcinj.com\/blog\/2017\/02\/21\/delegacioni-i-qeverise-se-malit-te-zi-kryesuar-nga-ministri-pazhin-mirepritet-nga-cungu-foto\/ministri-pazhin-mirepritet-nga-nazif-cungu-1\/'><img width=\"150\" height=\"150\" src=\"https:\/\/www.visit-ulcinj.com\/blog\/wp-content\/uploads\/2017\/02\/Ministri-Pazhin-mir\u00ebpritet-nga-Nazif-Cungu-1-150x150.jpg\" class=\"attachment-thumbnail size-thumbnail\" alt=\"\" loading=\"lazy\" \/><\/a>\n\t\t\t<\/dt><\/dl><dl class='gallery-item'>\n\t\t\t<dt class='gallery-icon landscape'>\n\t\t\t\t<a href='https:\/\/www.visit-ulcinj.com\/blog\/2017\/02\/21\/delegacioni-i-qeverise-se-malit-te-zi-kryesuar-nga-ministri-pazhin-mirepritet-nga-cungu-foto\/ministri-pazhin-mirepritet-nga-nazif-cungu\/'><img width=\"150\" height=\"150\" src=\"https:\/\/www.visit-ulcinj.com\/blog\/wp-content\/uploads\/2017\/02\/Ministri-Pazhin-mir\u00ebpritet-nga-Nazif-Cungu-150x150.jpg\" class=\"attachment-thumbnail size-thumbnail\" alt=\"\" loading=\"lazy\" \/><\/a>\n\t\t\t<\/dt><\/dl>\n\t\t\t<br style='clear: both' \/>\n\t\t<\/div>\n\n<div class=\"clearfix\"><\/div>\n","protected":false},"excerpt":{"rendered":"<p>Delegacija Vlade Crne Gore predvo\u0111ena potpredsjednikom Zoranom Pa\u017einom, u \u010dijem sastavu su bili ministar odr\u017eivog razvoja i turizma Pavle Radulovi\u0107, ministar unutra\u0161njih poslova Mevludin Nuhod\u017ei\u0107, ministar za ljudska i manjinska prava Mehmet Zenka, sekretarka ministarstva pravde Nada Stani\u0161i\u0107, generalna direktorica Direktorata za planiranje prostora Dragana \u010ceni\u0107, generalni direktor Direktorata za gra\u0111evinarstvo Danilo Gvozdenovi\u0107 i \u0161efica [&hellip;]<\/p>\n","protected":false},"author":1,"featured_media":0,"comment_status":"closed","ping_status":"closed","sticky":false,"template":"","format":"standard","meta":{"spay_email":"","jetpack_publicize_message":"","jetpack_is_tweetstorm":false,"jetpack_publicize_feature_enabled":true},"categories":[6950],"tags":[],"jetpack_publicize_connections":[],"yoast_head":"<!-- This site is optimized with the Yoast SEO plugin v19.1 - https:\/\/yoast.com\/wordpress\/plugins\/seo\/ -->\n<title>Zoran Pa\u017ein sa saradnicima boravio u radnoj posjeti Ulcinju + Foto - Lajme nga Ulqini<\/title>\n<meta name=\"description\" content=\"Delegacija Vlade Crne Gore predvo\u0111ena potpredsjednikom Zoranom Pa\u017einom, u \u010dijem sastavu su bili ministar odr\u017eivog razvoja i turizma Pavle Radulovi\u0107,\" \/>\n<meta name=\"robots\" content=\"index, follow, max-snippet:-1, max-image-preview:large, max-video-preview:-1\" \/>\n<link rel=\"canonical\" href=\"https:\/\/www.visit-ulcinj.com\/blog\/2017\/02\/22\/zoran-pazin-sa-saradnicima-boravio-u-radnoj-posjeti-ulcinju-foto\/\" \/>\n<meta property=\"og:locale\" content=\"en_US\" \/>\n<meta property=\"og:type\" content=\"article\" \/>\n<meta property=\"og:title\" content=\"Zoran Pa\u017ein sa saradnicima boravio u radnoj posjeti Ulcinju + Foto - Lajme nga Ulqini\" \/>\n<meta property=\"og:description\" content=\"Delegacija Vlade Crne Gore predvo\u0111ena potpredsjednikom Zoranom Pa\u017einom, u \u010dijem sastavu su bili ministar odr\u017eivog razvoja i turizma Pavle Radulovi\u0107,\" \/>\n<meta property=\"og:url\" content=\"https:\/\/www.visit-ulcinj.com\/blog\/2017\/02\/22\/zoran-pazin-sa-saradnicima-boravio-u-radnoj-posjeti-ulcinju-foto\/\" \/>\n<meta property=\"og:site_name\" content=\"Lajme nga Ulqini\" \/>\n<meta property=\"article:published_time\" content=\"2017-02-22T09:42:52+00:00\" \/>\n<meta property=\"og:image\" content=\"https:\/\/www.visit-ulcinj.com\/blog\/wp-content\/uploads\/2017\/02\/Ministri-Pazhin-mir\u00ebpritet-nga-Nazif-Cungu-Mehmet-Zenka-2-150x150.jpg\" \/>\n<meta name=\"twitter:label1\" content=\"Written by\" \/>\n\t<meta name=\"twitter:data1\" content=\"ulqini\" \/>\n\t<meta name=\"twitter:label2\" content=\"Est. reading time\" \/>\n\t<meta name=\"twitter:data2\" content=\"3 minutes\" \/>\n<script type=\"application\/ld+json\" class=\"yoast-schema-graph\">{\"@context\":\"https:\/\/schema.org\",\"@graph\":[{\"@type\":\"WebSite\",\"@id\":\"https:\/\/www.visit-ulcinj.com\/blog\/#website\",\"url\":\"https:\/\/www.visit-ulcinj.com\/blog\/\",\"name\":\"Lajme nga Ulqini\",\"description\":\"Lajme,Vijesti,Ulqini,Ulqin,Crna Gora,Mali i Zi\",\"potentialAction\":[{\"@type\":\"SearchAction\",\"target\":{\"@type\":\"EntryPoint\",\"urlTemplate\":\"https:\/\/www.visit-ulcinj.com\/blog\/?s={search_term_string}\"},\"query-input\":\"required name=search_term_string\"}],\"inLanguage\":\"en-US\"},{\"@type\":\"WebPage\",\"@id\":\"https:\/\/www.visit-ulcinj.com\/blog\/2017\/02\/22\/zoran-pazin-sa-saradnicima-boravio-u-radnoj-posjeti-ulcinju-foto\/#webpage\",\"url\":\"https:\/\/www.visit-ulcinj.com\/blog\/2017\/02\/22\/zoran-pazin-sa-saradnicima-boravio-u-radnoj-posjeti-ulcinju-foto\/\",\"name\":\"Zoran Pa\u017ein sa saradnicima boravio u radnoj posjeti Ulcinju + Foto - Lajme nga Ulqini\",\"isPartOf\":{\"@id\":\"https:\/\/www.visit-ulcinj.com\/blog\/#website\"},\"datePublished\":\"2017-02-22T09:42:52+00:00\",\"dateModified\":\"2017-02-22T09:42:52+00:00\",\"author\":{\"@id\":\"https:\/\/www.visit-ulcinj.com\/blog\/#\/schema\/person\/dcab619c614d3038751c63bc2aadc06d\"},\"description\":\"Delegacija Vlade Crne Gore predvo\u0111ena potpredsjednikom Zoranom Pa\u017einom, u \u010dijem sastavu su bili ministar odr\u017eivog razvoja i turizma Pavle Radulovi\u0107,\",\"breadcrumb\":{\"@id\":\"https:\/\/www.visit-ulcinj.com\/blog\/2017\/02\/22\/zoran-pazin-sa-saradnicima-boravio-u-radnoj-posjeti-ulcinju-foto\/#breadcrumb\"},\"inLanguage\":\"en-US\",\"potentialAction\":[{\"@type\":\"ReadAction\",\"target\":[\"https:\/\/www.visit-ulcinj.com\/blog\/2017\/02\/22\/zoran-pazin-sa-saradnicima-boravio-u-radnoj-posjeti-ulcinju-foto\/\"]}]},{\"@type\":\"BreadcrumbList\",\"@id\":\"https:\/\/www.visit-ulcinj.com\/blog\/2017\/02\/22\/zoran-pazin-sa-saradnicima-boravio-u-radnoj-posjeti-ulcinju-foto\/#breadcrumb\",\"itemListElement\":[{\"@type\":\"ListItem\",\"position\":1,\"name\":\"Zoran Pa\u017ein sa saradnicima boravio u radnoj posjeti Ulcinju + Foto\"}]},{\"@type\":\"Person\",\"@id\":\"https:\/\/www.visit-ulcinj.com\/blog\/#\/schema\/person\/dcab619c614d3038751c63bc2aadc06d\",\"name\":\"ulqini\",\"sameAs\":[\"http:\/\/www.visit-ulcinj.com\"],\"url\":\"https:\/\/www.visit-ulcinj.com\/blog\/author\/admin\/\"}]}<\/script>\n<!-- \/ Yoast SEO plugin. -->","yoast_head_json":{"title":"Zoran Pa\u017ein sa saradnicima boravio u radnoj posjeti Ulcinju + Foto - Lajme nga Ulqini","description":"Delegacija Vlade Crne Gore predvo\u0111ena potpredsjednikom Zoranom Pa\u017einom, u \u010dijem sastavu su bili ministar odr\u017eivog razvoja i turizma Pavle Radulovi\u0107,","robots":{"index":"index","follow":"follow","max-snippet":"max-snippet:-1","max-image-preview":"max-image-preview:large","max-video-preview":"max-video-preview:-1"},"canonical":"https:\/\/www.visit-ulcinj.com\/blog\/2017\/02\/22\/zoran-pazin-sa-saradnicima-boravio-u-radnoj-posjeti-ulcinju-foto\/","og_locale":"en_US","og_type":"article","og_title":"Zoran Pa\u017ein sa saradnicima boravio u radnoj posjeti Ulcinju + Foto - Lajme nga Ulqini","og_description":"Delegacija Vlade Crne Gore predvo\u0111ena potpredsjednikom Zoranom Pa\u017einom, u \u010dijem sastavu su bili ministar odr\u017eivog razvoja i turizma Pavle Radulovi\u0107,","og_url":"https:\/\/www.visit-ulcinj.com\/blog\/2017\/02\/22\/zoran-pazin-sa-saradnicima-boravio-u-radnoj-posjeti-ulcinju-foto\/","og_site_name":"Lajme nga Ulqini","article_published_time":"2017-02-22T09:42:52+00:00","og_image":[{"url":"https:\/\/www.visit-ulcinj.com\/blog\/wp-content\/uploads\/2017\/02\/Ministri-Pazhin-mir\u00ebpritet-nga-Nazif-Cungu-Mehmet-Zenka-2-150x150.jpg"}],"twitter_misc":{"Written by":"ulqini","Est. reading time":"3 minutes"},"schema":{"@context":"https:\/\/schema.org","@graph":[{"@type":"WebSite","@id":"https:\/\/www.visit-ulcinj.com\/blog\/#website","url":"https:\/\/www.visit-ulcinj.com\/blog\/","name":"Lajme nga Ulqini","description":"Lajme,Vijesti,Ulqini,Ulqin,Crna Gora,Mali i Zi","potentialAction":[{"@type":"SearchAction","target":{"@type":"EntryPoint","urlTemplate":"https:\/\/www.visit-ulcinj.com\/blog\/?s={search_term_string}"},"query-input":"required name=search_term_string"}],"inLanguage":"en-US"},{"@type":"WebPage","@id":"https:\/\/www.visit-ulcinj.com\/blog\/2017\/02\/22\/zoran-pazin-sa-saradnicima-boravio-u-radnoj-posjeti-ulcinju-foto\/#webpage","url":"https:\/\/www.visit-ulcinj.com\/blog\/2017\/02\/22\/zoran-pazin-sa-saradnicima-boravio-u-radnoj-posjeti-ulcinju-foto\/","name":"Zoran Pa\u017ein sa saradnicima boravio u radnoj posjeti Ulcinju + Foto - Lajme nga Ulqini","isPartOf":{"@id":"https:\/\/www.visit-ulcinj.com\/blog\/#website"},"datePublished":"2017-02-22T09:42:52+00:00","dateModified":"2017-02-22T09:42:52+00:00","author":{"@id":"https:\/\/www.visit-ulcinj.com\/blog\/#\/schema\/person\/dcab619c614d3038751c63bc2aadc06d"},"description":"Delegacija Vlade Crne Gore predvo\u0111ena potpredsjednikom Zoranom Pa\u017einom, u \u010dijem sastavu su bili ministar odr\u017eivog razvoja i turizma Pavle Radulovi\u0107,","breadcrumb":{"@id":"https:\/\/www.visit-ulcinj.com\/blog\/2017\/02\/22\/zoran-pazin-sa-saradnicima-boravio-u-radnoj-posjeti-ulcinju-foto\/#breadcrumb"},"inLanguage":"en-US","potentialAction":[{"@type":"ReadAction","target":["https:\/\/www.visit-ulcinj.com\/blog\/2017\/02\/22\/zoran-pazin-sa-saradnicima-boravio-u-radnoj-posjeti-ulcinju-foto\/"]}]},{"@type":"BreadcrumbList","@id":"https:\/\/www.visit-ulcinj.com\/blog\/2017\/02\/22\/zoran-pazin-sa-saradnicima-boravio-u-radnoj-posjeti-ulcinju-foto\/#breadcrumb","itemListElement":[{"@type":"ListItem","position":1,"name":"Zoran Pa\u017ein sa saradnicima boravio u radnoj posjeti Ulcinju + Foto"}]},{"@type":"Person","@id":"https:\/\/www.visit-ulcinj.com\/blog\/#\/schema\/person\/dcab619c614d3038751c63bc2aadc06d","name":"ulqini","sameAs":["http:\/\/www.visit-ulcinj.com"],"url":"https:\/\/www.visit-ulcinj.com\/blog\/author\/admin\/"}]}},"jetpack_featured_media_url":"","jetpack_sharing_enabled":true,"jetpack_shortlink":"https:\/\/wp.me\/pe6lTn-qQ7","_links":{"self":[{"href":"https:\/\/www.visit-ulcinj.com\/blog\/wp-json\/wp\/v2\/posts\/103175"}],"collection":[{"href":"https:\/\/www.visit-ulcinj.com\/blog\/wp-json\/wp\/v2\/posts"}],"about":[{"href":"https:\/\/www.visit-ulcinj.com\/blog\/wp-json\/wp\/v2\/types\/post"}],"author":[{"embeddable":true,"href":"https:\/\/www.visit-ulcinj.com\/blog\/wp-json\/wp\/v2\/users\/1"}],"replies":[{"embeddable":true,"href":"https:\/\/www.visit-ulcinj.com\/blog\/wp-json\/wp\/v2\/comments?post=103175"}],"version-history":[{"count":1,"href":"https:\/\/www.visit-ulcinj.com\/blog\/wp-json\/wp\/v2\/posts\/103175\/revisions"}],"predecessor-version":[{"id":103176,"href":"https:\/\/www.visit-ulcinj.com\/blog\/wp-json\/wp\/v2\/posts\/103175\/revisions\/103176"}],"wp:attachment":[{"href":"https:\/\/www.visit-ulcinj.com\/blog\/wp-json\/wp\/v2\/media?parent=103175"}],"wp:term":[{"taxonomy":"category","embeddable":true,"href":"https:\/\/www.visit-ulcinj.com\/blog\/wp-json\/wp\/v2\/categories?post=103175"},{"taxonomy":"post_tag","embeddable":true,"href":"https:\/\/www.visit-ulcinj.com\/blog\/wp-json\/wp\/v2\/tags?post=103175"}],"curies":[{"name":"wp","href":"https:\/\/api.w.org\/{rel}","templated":true}]}}