{"id":103177,"date":"2017-02-22T12:38:01","date_gmt":"2017-02-22T11:38:01","guid":{"rendered":"http:\/\/www.visit-ulcinj.com\/blog\/?p=103177"},"modified":"2017-02-22T12:38:01","modified_gmt":"2017-02-22T11:38:01","slug":"nika-duhet-te-paditet-pushteti-lokal-per-diskriminim-nacional","status":"publish","type":"post","link":"https:\/\/www.visit-ulcinj.com\/blog\/2017\/02\/22\/nika-duhet-te-paditet-pushteti-lokal-per-diskriminim-nacional\/","title":{"rendered":"Nika: Duhet t\u00eb paditet pushteti lokal p\u00ebr diskriminim nacional"},"content":{"rendered":"<p><strong><em>Muhamet Nika<\/em><\/strong><\/p>\n<p><strong><em>\u00a0Qe pse p\u00ebrnjimend duhet t\u00eb paditet pushteti lokal\u00a0 p\u00ebr diskriminim nacional<\/em><\/strong><\/p>\n<p>Sot n\u00eb Ulqin , mbase edhe nes\u00ebr&#8230;., materiali p\u00ebr kuvend \u00a0i sekretariateve shkon pa t\u00eb keq vet\u00ebm \u00a0n\u00eb nj\u00eb gjuh\u00eb- Shih dhe krahaso Statutin n\u00eb fuqi i shkruar shqip dhe \u00a0CD-n\u00eb\u00a0 e projektit\u00a0 p\u00ebr \u00a0kanalizim &#8230;, si\u00a0 material p\u00ebr k\u00ebshilltar\u00eb i porositur nga sekretariati komunal dhe \u00a0i punuara nga dy kompani tjera q\u00eb shkon vet\u00ebm \u00a0n\u00eb nj\u00eb gjuh\u00eb-serbe p\u00ebr \u00a0miratim!<\/p>\n<p><a href=\"http:\/\/www.visit-ulcinj.com\/blog\/wp-content\/uploads\/2017\/02\/FLAYERI-DISKRIMINIMI-I-GJUHESH-NE-ULQIN.jpg\"><img loading=\"lazy\" class=\"alignleft wp-image-103178\" src=\"http:\/\/www.visit-ulcinj.com\/blog\/wp-content\/uploads\/2017\/02\/FLAYERI-DISKRIMINIMI-I-GJUHESH-NE-ULQIN.jpg\" alt=\"FLAYERI-DISKRIMINIMI I GJUHESH NE ULQIN\" width=\"508\" height=\"392\" srcset=\"https:\/\/www.visit-ulcinj.com\/blog\/wp-content\/uploads\/2017\/02\/FLAYERI-DISKRIMINIMI-I-GJUHESH-NE-ULQIN.jpg 580w, https:\/\/www.visit-ulcinj.com\/blog\/wp-content\/uploads\/2017\/02\/FLAYERI-DISKRIMINIMI-I-GJUHESH-NE-ULQIN-300x232.jpg 300w\" sizes=\"(max-width: 508px) 100vw, 508px\" \/><\/a><\/p>\n<p>Jasht\u00eb Statutit shohim\u00a0 q\u00eb \u00a0p\u00ebrdorimi i shqipes n\u00eb administrat\u00ebn \u00a0lokale \u00a0t\u00eb \u00a0\u00e7ohet brenda nat\u00ebs &#8230;?!<\/p>\n<p>Kujtoj q\u00eb n\u00eb nj\u00eb takim\u00a0 t\u00eb cilin e pat\u00ebn subjektet politike shqiptare me t\u00eb huajt i pyet\u00ebn se\u00a0 n\u00eb cil\u00ebn gjuh\u00eb u vin\u00eb faturat e telefonit ,rrym\u00ebs etj. Kupto &#8211; shqip e serbisht ?!<\/p>\n<p>K\u00ebta pa t\u00eb keq\u00a0 shprehen habin\u00eb n\u00eb k\u00ebt\u00eb pyetje t\u00eb tyre , dhe mbase n\u00eb vete than\u00eb: Po si t\u00eb akuzojn\u00eb shtetin , kur edhe neve nuk\u00a0 na \u00a0ndien p\u00ebr k\u00ebt\u00eb pun\u00eb&#8230;?!<\/p>\n<p>Andaj kot se Luigj Shkreli k\u00ebrkon \u00a0koh\u00eb pas kohe nga sekretar\u00ebt t\u00eb flasin shqip, kur kryetari i kuvendit Loro Ndrekiq, pas k\u00ebsaj v\u00ebrejtje t\u00eb dh\u00ebn\u00eb ai\u201d krenohej\u201d me paraqitjen e radh\u00ebs..\u201d me serbishten e Osmanviqit\u00a0 me fjal\u00ebt: \u201d Da , da &#8211; Ti ipak bolje pri\u010da\u0161 srpski&#8230;\u201c , sikur donte t ia fuste Lubos, ose \u00a0t\u00eb\u00a0 v\u00ebrtetonte \u00a0me k\u00ebt\u00eb edhe \u00a0at\u00eb malazez\u00ebn , kur na u drejtoheshin \u201e pri\u010daj srpski da te ratumije ceo svet..\u201c ?!!<\/p>\n<p><strong><em>Zot \u2013 po ke gjet\u00ebn\u00a0 dhe \u00a0\u00a0u takoi t\u00eb pyesin t\u00eb huajt n\u00eb komun\u00eb se si na vin\u00eb fakturat e shkruara&#8230;?!! <\/em><\/strong><\/p>\n<p>Shtoj, si p\u00ebrfundim: Kam \u00a0ndjenj\u00ebn se sot n\u00eb komun\u00eb \u00ebsht\u00eb kthyer komunizmi , koha ku statuti i Ulqinit \u00a0niste\u00a0 me \u00a0nenin nj\u00eb t\u00eb tijin dhe shkruante se\u00a0 gjuh\u00ebt jan\u00eb t\u00eb barabarta- por kur Gjylaver Avdiu , k\u00ebrkoi q\u00eb materiali i kuvendit t\u00eb shkoj\u00eb n\u00eb dy gjuh\u00eb &#8211; Soji \u00a0po duket i k\u00ebtyre q\u00eb jan\u00eb n\u00eb pushtet e padit\u00ebn \u00a0\u00a0dhe e fut\u00ebn n\u00eb burg&#8230;?!!!<\/p>\n<p>O ZOT \u00c7 PO\u00a0 NDODH\u00cb \u00a0K\u00cbSHTU\u00a0 ME \u00a0NE SOT&#8230;?!<\/p>\n","protected":false},"excerpt":{"rendered":"<p>Muhamet Nika \u00a0Qe pse p\u00ebrnjimend duhet t\u00eb paditet pushteti lokal\u00a0 p\u00ebr diskriminim nacional Sot n\u00eb Ulqin , mbase edhe nes\u00ebr&#8230;., materiali p\u00ebr kuvend \u00a0i sekretariateve shkon pa t\u00eb keq vet\u00ebm \u00a0n\u00eb nj\u00eb gjuh\u00eb- Shih dhe krahaso Statutin n\u00eb fuqi i shkruar shqip dhe \u00a0CD-n\u00eb\u00a0 e projektit\u00a0 p\u00ebr \u00a0kanalizim &#8230;, si\u00a0 material p\u00ebr k\u00ebshilltar\u00eb i porositur [&hellip;]<\/p>\n","protected":false},"author":1,"featured_media":0,"comment_status":"closed","ping_status":"closed","sticky":false,"template":"","format":"standard","meta":{"spay_email":"","jetpack_publicize_message":"","jetpack_is_tweetstorm":false,"jetpack_publicize_feature_enabled":true},"categories":[14249],"tags":[],"jetpack_publicize_connections":[],"yoast_head":"<!-- This site is optimized with the Yoast SEO plugin v19.1 - https:\/\/yoast.com\/wordpress\/plugins\/seo\/ -->\n<title>Nika: Duhet t\u00eb paditet pushteti lokal p\u00ebr diskriminim nacional - Lajme nga Ulqini<\/title>\n<meta name=\"description\" content=\"Muhamet Nika \u00a0Qe pse p\u00ebrnjimend duhet t\u00eb paditet pushteti lokal\u00a0 p\u00ebr diskriminim nacional Sot n\u00eb Ulqin , mbase edhe nes\u00ebr...., materiali p\u00ebr kuvend \u00a0i\" \/>\n<meta name=\"robots\" content=\"index, follow, max-snippet:-1, max-image-preview:large, max-video-preview:-1\" \/>\n<link rel=\"canonical\" href=\"https:\/\/www.visit-ulcinj.com\/blog\/2017\/02\/22\/nika-duhet-te-paditet-pushteti-lokal-per-diskriminim-nacional\/\" \/>\n<meta property=\"og:locale\" content=\"en_US\" \/>\n<meta property=\"og:type\" content=\"article\" \/>\n<meta property=\"og:title\" content=\"Nika: Duhet t\u00eb paditet pushteti lokal p\u00ebr diskriminim nacional - Lajme nga Ulqini\" \/>\n<meta property=\"og:description\" content=\"Muhamet Nika \u00a0Qe pse p\u00ebrnjimend duhet t\u00eb paditet pushteti lokal\u00a0 p\u00ebr diskriminim nacional Sot n\u00eb Ulqin , mbase edhe nes\u00ebr...., materiali p\u00ebr kuvend \u00a0i\" \/>\n<meta property=\"og:url\" content=\"https:\/\/www.visit-ulcinj.com\/blog\/2017\/02\/22\/nika-duhet-te-paditet-pushteti-lokal-per-diskriminim-nacional\/\" \/>\n<meta property=\"og:site_name\" content=\"Lajme nga Ulqini\" \/>\n<meta property=\"article:published_time\" content=\"2017-02-22T11:38:01+00:00\" \/>\n<meta property=\"og:image\" content=\"http:\/\/www.visit-ulcinj.com\/blog\/wp-content\/uploads\/2017\/02\/FLAYERI-DISKRIMINIMI-I-GJUHESH-NE-ULQIN.jpg\" \/>\n<meta name=\"twitter:label1\" content=\"Written by\" \/>\n\t<meta name=\"twitter:data1\" content=\"ulqini\" \/>\n\t<meta name=\"twitter:label2\" content=\"Est. reading time\" \/>\n\t<meta name=\"twitter:data2\" content=\"2 minutes\" \/>\n<script type=\"application\/ld+json\" class=\"yoast-schema-graph\">{\"@context\":\"https:\/\/schema.org\",\"@graph\":[{\"@type\":\"WebSite\",\"@id\":\"https:\/\/www.visit-ulcinj.com\/blog\/#website\",\"url\":\"https:\/\/www.visit-ulcinj.com\/blog\/\",\"name\":\"Lajme nga Ulqini\",\"description\":\"Lajme,Vijesti,Ulqini,Ulqin,Crna Gora,Mali i Zi\",\"potentialAction\":[{\"@type\":\"SearchAction\",\"target\":{\"@type\":\"EntryPoint\",\"urlTemplate\":\"https:\/\/www.visit-ulcinj.com\/blog\/?s={search_term_string}\"},\"query-input\":\"required name=search_term_string\"}],\"inLanguage\":\"en-US\"},{\"@type\":\"ImageObject\",\"inLanguage\":\"en-US\",\"@id\":\"https:\/\/www.visit-ulcinj.com\/blog\/2017\/02\/22\/nika-duhet-te-paditet-pushteti-lokal-per-diskriminim-nacional\/#primaryimage\",\"url\":\"https:\/\/www.visit-ulcinj.com\/blog\/wp-content\/uploads\/2017\/02\/FLAYERI-DISKRIMINIMI-I-GJUHESH-NE-ULQIN.jpg\",\"contentUrl\":\"https:\/\/www.visit-ulcinj.com\/blog\/wp-content\/uploads\/2017\/02\/FLAYERI-DISKRIMINIMI-I-GJUHESH-NE-ULQIN.jpg\",\"width\":580,\"height\":448},{\"@type\":\"WebPage\",\"@id\":\"https:\/\/www.visit-ulcinj.com\/blog\/2017\/02\/22\/nika-duhet-te-paditet-pushteti-lokal-per-diskriminim-nacional\/#webpage\",\"url\":\"https:\/\/www.visit-ulcinj.com\/blog\/2017\/02\/22\/nika-duhet-te-paditet-pushteti-lokal-per-diskriminim-nacional\/\",\"name\":\"Nika: Duhet t\u00eb paditet pushteti lokal p\u00ebr diskriminim nacional - Lajme nga Ulqini\",\"isPartOf\":{\"@id\":\"https:\/\/www.visit-ulcinj.com\/blog\/#website\"},\"primaryImageOfPage\":{\"@id\":\"https:\/\/www.visit-ulcinj.com\/blog\/2017\/02\/22\/nika-duhet-te-paditet-pushteti-lokal-per-diskriminim-nacional\/#primaryimage\"},\"datePublished\":\"2017-02-22T11:38:01+00:00\",\"dateModified\":\"2017-02-22T11:38:01+00:00\",\"author\":{\"@id\":\"https:\/\/www.visit-ulcinj.com\/blog\/#\/schema\/person\/dcab619c614d3038751c63bc2aadc06d\"},\"description\":\"Muhamet Nika \u00a0Qe pse p\u00ebrnjimend duhet t\u00eb paditet pushteti lokal\u00a0 p\u00ebr diskriminim nacional Sot n\u00eb Ulqin , mbase edhe nes\u00ebr...., materiali p\u00ebr kuvend \u00a0i\",\"breadcrumb\":{\"@id\":\"https:\/\/www.visit-ulcinj.com\/blog\/2017\/02\/22\/nika-duhet-te-paditet-pushteti-lokal-per-diskriminim-nacional\/#breadcrumb\"},\"inLanguage\":\"en-US\",\"potentialAction\":[{\"@type\":\"ReadAction\",\"target\":[\"https:\/\/www.visit-ulcinj.com\/blog\/2017\/02\/22\/nika-duhet-te-paditet-pushteti-lokal-per-diskriminim-nacional\/\"]}]},{\"@type\":\"BreadcrumbList\",\"@id\":\"https:\/\/www.visit-ulcinj.com\/blog\/2017\/02\/22\/nika-duhet-te-paditet-pushteti-lokal-per-diskriminim-nacional\/#breadcrumb\",\"itemListElement\":[{\"@type\":\"ListItem\",\"position\":1,\"name\":\"Nika: Duhet t\u00eb paditet pushteti lokal p\u00ebr diskriminim nacional\"}]},{\"@type\":\"Person\",\"@id\":\"https:\/\/www.visit-ulcinj.com\/blog\/#\/schema\/person\/dcab619c614d3038751c63bc2aadc06d\",\"name\":\"ulqini\",\"sameAs\":[\"http:\/\/www.visit-ulcinj.com\"],\"url\":\"https:\/\/www.visit-ulcinj.com\/blog\/author\/admin\/\"}]}<\/script>\n<!-- \/ Yoast SEO plugin. -->","yoast_head_json":{"title":"Nika: Duhet t\u00eb paditet pushteti lokal p\u00ebr diskriminim nacional - Lajme nga Ulqini","description":"Muhamet Nika \u00a0Qe pse p\u00ebrnjimend duhet t\u00eb paditet pushteti lokal\u00a0 p\u00ebr diskriminim nacional Sot n\u00eb Ulqin , mbase edhe nes\u00ebr...., materiali p\u00ebr kuvend \u00a0i","robots":{"index":"index","follow":"follow","max-snippet":"max-snippet:-1","max-image-preview":"max-image-preview:large","max-video-preview":"max-video-preview:-1"},"canonical":"https:\/\/www.visit-ulcinj.com\/blog\/2017\/02\/22\/nika-duhet-te-paditet-pushteti-lokal-per-diskriminim-nacional\/","og_locale":"en_US","og_type":"article","og_title":"Nika: Duhet t\u00eb paditet pushteti lokal p\u00ebr diskriminim nacional - Lajme nga Ulqini","og_description":"Muhamet Nika \u00a0Qe pse p\u00ebrnjimend duhet t\u00eb paditet pushteti lokal\u00a0 p\u00ebr diskriminim nacional Sot n\u00eb Ulqin , mbase edhe nes\u00ebr...., materiali p\u00ebr kuvend \u00a0i","og_url":"https:\/\/www.visit-ulcinj.com\/blog\/2017\/02\/22\/nika-duhet-te-paditet-pushteti-lokal-per-diskriminim-nacional\/","og_site_name":"Lajme nga Ulqini","article_published_time":"2017-02-22T11:38:01+00:00","og_image":[{"url":"http:\/\/www.visit-ulcinj.com\/blog\/wp-content\/uploads\/2017\/02\/FLAYERI-DISKRIMINIMI-I-GJUHESH-NE-ULQIN.jpg"}],"twitter_misc":{"Written by":"ulqini","Est. reading time":"2 minutes"},"schema":{"@context":"https:\/\/schema.org","@graph":[{"@type":"WebSite","@id":"https:\/\/www.visit-ulcinj.com\/blog\/#website","url":"https:\/\/www.visit-ulcinj.com\/blog\/","name":"Lajme nga Ulqini","description":"Lajme,Vijesti,Ulqini,Ulqin,Crna Gora,Mali i Zi","potentialAction":[{"@type":"SearchAction","target":{"@type":"EntryPoint","urlTemplate":"https:\/\/www.visit-ulcinj.com\/blog\/?s={search_term_string}"},"query-input":"required name=search_term_string"}],"inLanguage":"en-US"},{"@type":"ImageObject","inLanguage":"en-US","@id":"https:\/\/www.visit-ulcinj.com\/blog\/2017\/02\/22\/nika-duhet-te-paditet-pushteti-lokal-per-diskriminim-nacional\/#primaryimage","url":"https:\/\/www.visit-ulcinj.com\/blog\/wp-content\/uploads\/2017\/02\/FLAYERI-DISKRIMINIMI-I-GJUHESH-NE-ULQIN.jpg","contentUrl":"https:\/\/www.visit-ulcinj.com\/blog\/wp-content\/uploads\/2017\/02\/FLAYERI-DISKRIMINIMI-I-GJUHESH-NE-ULQIN.jpg","width":580,"height":448},{"@type":"WebPage","@id":"https:\/\/www.visit-ulcinj.com\/blog\/2017\/02\/22\/nika-duhet-te-paditet-pushteti-lokal-per-diskriminim-nacional\/#webpage","url":"https:\/\/www.visit-ulcinj.com\/blog\/2017\/02\/22\/nika-duhet-te-paditet-pushteti-lokal-per-diskriminim-nacional\/","name":"Nika: Duhet t\u00eb paditet pushteti lokal p\u00ebr diskriminim nacional - Lajme nga Ulqini","isPartOf":{"@id":"https:\/\/www.visit-ulcinj.com\/blog\/#website"},"primaryImageOfPage":{"@id":"https:\/\/www.visit-ulcinj.com\/blog\/2017\/02\/22\/nika-duhet-te-paditet-pushteti-lokal-per-diskriminim-nacional\/#primaryimage"},"datePublished":"2017-02-22T11:38:01+00:00","dateModified":"2017-02-22T11:38:01+00:00","author":{"@id":"https:\/\/www.visit-ulcinj.com\/blog\/#\/schema\/person\/dcab619c614d3038751c63bc2aadc06d"},"description":"Muhamet Nika \u00a0Qe pse p\u00ebrnjimend duhet t\u00eb paditet pushteti lokal\u00a0 p\u00ebr diskriminim nacional Sot n\u00eb Ulqin , mbase edhe nes\u00ebr...., materiali p\u00ebr kuvend \u00a0i","breadcrumb":{"@id":"https:\/\/www.visit-ulcinj.com\/blog\/2017\/02\/22\/nika-duhet-te-paditet-pushteti-lokal-per-diskriminim-nacional\/#breadcrumb"},"inLanguage":"en-US","potentialAction":[{"@type":"ReadAction","target":["https:\/\/www.visit-ulcinj.com\/blog\/2017\/02\/22\/nika-duhet-te-paditet-pushteti-lokal-per-diskriminim-nacional\/"]}]},{"@type":"BreadcrumbList","@id":"https:\/\/www.visit-ulcinj.com\/blog\/2017\/02\/22\/nika-duhet-te-paditet-pushteti-lokal-per-diskriminim-nacional\/#breadcrumb","itemListElement":[{"@type":"ListItem","position":1,"name":"Nika: Duhet t\u00eb paditet pushteti lokal p\u00ebr diskriminim nacional"}]},{"@type":"Person","@id":"https:\/\/www.visit-ulcinj.com\/blog\/#\/schema\/person\/dcab619c614d3038751c63bc2aadc06d","name":"ulqini","sameAs":["http:\/\/www.visit-ulcinj.com"],"url":"https:\/\/www.visit-ulcinj.com\/blog\/author\/admin\/"}]}},"jetpack_featured_media_url":"","jetpack_sharing_enabled":true,"jetpack_shortlink":"https:\/\/wp.me\/pe6lTn-qQ9","_links":{"self":[{"href":"https:\/\/www.visit-ulcinj.com\/blog\/wp-json\/wp\/v2\/posts\/103177"}],"collection":[{"href":"https:\/\/www.visit-ulcinj.com\/blog\/wp-json\/wp\/v2\/posts"}],"about":[{"href":"https:\/\/www.visit-ulcinj.com\/blog\/wp-json\/wp\/v2\/types\/post"}],"author":[{"embeddable":true,"href":"https:\/\/www.visit-ulcinj.com\/blog\/wp-json\/wp\/v2\/users\/1"}],"replies":[{"embeddable":true,"href":"https:\/\/www.visit-ulcinj.com\/blog\/wp-json\/wp\/v2\/comments?post=103177"}],"version-history":[{"count":1,"href":"https:\/\/www.visit-ulcinj.com\/blog\/wp-json\/wp\/v2\/posts\/103177\/revisions"}],"predecessor-version":[{"id":103179,"href":"https:\/\/www.visit-ulcinj.com\/blog\/wp-json\/wp\/v2\/posts\/103177\/revisions\/103179"}],"wp:attachment":[{"href":"https:\/\/www.visit-ulcinj.com\/blog\/wp-json\/wp\/v2\/media?parent=103177"}],"wp:term":[{"taxonomy":"category","embeddable":true,"href":"https:\/\/www.visit-ulcinj.com\/blog\/wp-json\/wp\/v2\/categories?post=103177"},{"taxonomy":"post_tag","embeddable":true,"href":"https:\/\/www.visit-ulcinj.com\/blog\/wp-json\/wp\/v2\/tags?post=103177"}],"curies":[{"name":"wp","href":"https:\/\/api.w.org\/{rel}","templated":true}]}}