{"id":103200,"date":"2017-02-23T15:32:51","date_gmt":"2017-02-23T14:32:51","guid":{"rendered":"http:\/\/www.visit-ulcinj.com\/blog\/?p=103200"},"modified":"2017-02-24T15:48:55","modified_gmt":"2017-02-24T14:48:55","slug":"kryetari-cungu-premton-rrugen-krythe-ulqin-dhe-investime-kapitale","status":"publish","type":"post","link":"https:\/\/www.visit-ulcinj.com\/blog\/2017\/02\/23\/kryetari-cungu-premton-rrugen-krythe-ulqin-dhe-investime-kapitale\/","title":{"rendered":"Kryetari Cungu premton rrug\u00ebn Kryth\u00eb-Ulqin dhe investime kapitale"},"content":{"rendered":"<p><a href=\"http:\/\/www.visit-ulcinj.com\/blog\/wp-content\/uploads\/2017\/02\/Nazif-Cungu-premtoj\u00eb-ne-Katerkolle-.jpg\"><img loading=\"lazy\" class=\"alignleft wp-image-103201\" src=\"http:\/\/www.visit-ulcinj.com\/blog\/wp-content\/uploads\/2017\/02\/Nazif-Cungu-premtoj\u00eb-ne-Katerkolle-.jpg\" alt=\"Nazif Cungu premtoj\u00eb ne Katerkolle-\" width=\"508\" height=\"381\" srcset=\"https:\/\/www.visit-ulcinj.com\/blog\/wp-content\/uploads\/2017\/02\/Nazif-Cungu-premtoj\u00eb-ne-Katerkolle-.jpg 960w, https:\/\/www.visit-ulcinj.com\/blog\/wp-content\/uploads\/2017\/02\/Nazif-Cungu-premtoj\u00eb-ne-Katerkolle--300x225.jpg 300w, https:\/\/www.visit-ulcinj.com\/blog\/wp-content\/uploads\/2017\/02\/Nazif-Cungu-premtoj\u00eb-ne-Katerkolle--768x576.jpg 768w\" sizes=\"(max-width: 508px) 100vw, 508px\" \/><\/a>Sot me 23 shkurt 2017 u b\u00eb nj\u00eb takim i Bashk\u00ebsis\u00eb Lokale Katerkoll\u00eb me Kryetarin e komunes z.Nazif Cungu,ku p\u00ebr baz\u00eb ishte biseda rreth tregut t\u00eb gjelb\u00ebrt n\u00eb Katerkoll\u00eb,qendres s\u00eb sportit n\u00eb An\u00eb t\u00eb Malit,renovimi i qendres p\u00ebr kultur\u00eb n\u00eb Katerkoll\u00eb si dhe hapja e muzeut tradicional tek shkolla e vjeter n\u00eb Katerkoll\u00eb.<br \/>\nNga kryetari i Komunes u nd\u00ebgju edhe premtimi i rrug\u00ebs Kryth\u00eb-Ulqin!<br \/>\nPropozim nga BKA dhe Bashk\u00ebsija Lokale e Katerkoll\u00ebs ishte q\u00eb mbas 30 dit\u00ebve te jepet raporti i realizimit t\u00eb premtive t\u00eb sot\u00ebm, thuhet n\u00eb faqen e Facebookut t\u00eb<\/p>\n<p class=\"_5pbw _5vra\" data-ft=\"{&quot;tn&quot;:&quot;C&quot;}\"><strong><span class=\"fwn fcg\"><span class=\"fcg\"><span class=\"fwb\"><a id=\"js_7s\" class=\"profileLink\" href=\"https:\/\/www.facebook.com\/profile.php?id=100012619335797&amp;hc_ref=NEWSFEED\" data-ft=\"{&quot;tn&quot;:&quot;l&quot;}\" data-hovercard=\"\/ajax\/hovercard\/user.php?id=100012619335797&amp;extragetparams=%7B%22hc_ref%22%3A%22NEWSFEED%22%7D\" data-hovercard-prefer-more-content-show=\"1\">Ana Malit Problem&#8217;s Facebook.<\/a><\/span> <\/span><\/span><\/strong><\/p>\n<p><a href=\"http:\/\/www.visit-ulcinj.com\/blog\/wp-content\/uploads\/2017\/02\/Nazif-Cungu-premtoj\u00eb-ne-Katerkolle-1.jpg\"><img loading=\"lazy\" class=\"alignleft wp-image-103202\" src=\"http:\/\/www.visit-ulcinj.com\/blog\/wp-content\/uploads\/2017\/02\/Nazif-Cungu-premtoj\u00eb-ne-Katerkolle-1.jpg\" alt=\"Nazif Cungu premtoj\u00eb ne Katerkolle-1\" width=\"508\" height=\"381\" srcset=\"https:\/\/www.visit-ulcinj.com\/blog\/wp-content\/uploads\/2017\/02\/Nazif-Cungu-premtoj\u00eb-ne-Katerkolle-1.jpg 960w, https:\/\/www.visit-ulcinj.com\/blog\/wp-content\/uploads\/2017\/02\/Nazif-Cungu-premtoj\u00eb-ne-Katerkolle-1-300x225.jpg 300w, https:\/\/www.visit-ulcinj.com\/blog\/wp-content\/uploads\/2017\/02\/Nazif-Cungu-premtoj\u00eb-ne-Katerkolle-1-768x576.jpg 768w\" sizes=\"(max-width: 508px) 100vw, 508px\" \/><\/a><\/p>\n<p><strong>Komuna revitalizon tregun e Kat\u00ebrkoll\u00ebs<\/strong><\/p>\n<p>Kryetari i Komun\u00ebs s\u00eb Ulqinit Nazif Cungu vizitoi sot An\u00ebn e Malit, gjegj\u00ebsisht bashk\u00ebsit\u00eb lokale t\u00eb Kat\u00ebrkoll\u00ebs dhe Sukubin\u00ebs ku v\u00ebshtroi nga af\u00ebr ecurin\u00eb e aktiviteteve n\u00eb k\u00ebto zona.<\/p>\n<p>Gjat\u00eb vizit\u00ebs n\u00eb bashk\u00ebsin\u00eb lokale t\u00eb Kat\u00ebrkoll\u00ebs u n\u00ebnshkrua marr\u00ebveshja me familjen Salaj, pronar\u00ebt e tok\u00ebs ku ndodhet edhe pazari. Me famljen u dakordua q\u00eb pazari t\u00eb p\u00ebrdoret nga qytetar\u00ebt t\u00eb cil\u00ebt deri sot produktet e veta i kan\u00eb shitur ne vende t\u00eb cilat nuk jane adekuate p\u00ebr shitje.Prej sot, mund t\u00eb thohet se banor\u00ebt e Kat\u00ebrkoll\u00ebs dhe fshatrave tjera p\u00ebrreth do pajisen me pazarin adekuat i cili do mir\u00ebmbahet nga NP \u201cVeprimtarit\u00eb Komunale\u201d.<\/p>\n<p><a href=\"http:\/\/www.visit-ulcinj.com\/blog\/wp-content\/uploads\/2017\/02\/Nazif-Cungu-premtoj\u00eb-ne-Katerkolle-3.jpg\"><img loading=\"lazy\" class=\"alignleft wp-image-103214\" src=\"http:\/\/www.visit-ulcinj.com\/blog\/wp-content\/uploads\/2017\/02\/Nazif-Cungu-premtoj\u00eb-ne-Katerkolle-3.jpg\" alt=\"Nazif Cungu premtoj\u00eb ne Katerkolle-3\" width=\"508\" height=\"336\" srcset=\"https:\/\/www.visit-ulcinj.com\/blog\/wp-content\/uploads\/2017\/02\/Nazif-Cungu-premtoj\u00eb-ne-Katerkolle-3.jpg 933w, https:\/\/www.visit-ulcinj.com\/blog\/wp-content\/uploads\/2017\/02\/Nazif-Cungu-premtoj\u00eb-ne-Katerkolle-3-300x199.jpg 300w, https:\/\/www.visit-ulcinj.com\/blog\/wp-content\/uploads\/2017\/02\/Nazif-Cungu-premtoj\u00eb-ne-Katerkolle-3-768x509.jpg 768w\" sizes=\"(max-width: 508px) 100vw, 508px\" \/><\/a><\/p>\n<p>Kryetari Cungu d\u00ebgjoi nevojat e tjera t\u00eb bashk\u00ebsive lokale dhe si prioritare u caktuan rruga Kryth\u00eb \u2013 Ulqin p\u00ebr t\u00eb cil\u00ebn \u00ebsht\u00eb p\u00ebrfunduar procesi i tenderimit, realizimi i qendr\u00ebs sportive me disa fusha p\u00ebr sporte t\u00eb ndryshme, projektimi i rregullimit t\u00eb sall\u00ebs s\u00eb kultur\u00ebs dhe aktivitete t\u00eb tjera t\u00eb r\u00ebnd\u00ebsishme p\u00ebr banor\u00ebt e k\u00ebtij teritori.<\/p>\n<p>Gjat\u00eb vizit\u00ebs n\u00eb Kat\u00ebrkoll\u00eb delegacionit t\u00eb Komun\u00ebs s\u00eb Ulqinit iu bashkangjit\u00ebn edhe p\u00ebrfaq\u00ebsuesit e Biznes Klubit Ana e Malit t\u00eb cil\u00ebt shprehen k\u00ebnaq\u00ebsin\u00eb e vet p\u00ebr projektet t\u00eb cilat po realizohen duke inkurajuar udh\u00ebheq\u00ebsit komunal q\u00eb t\u00eb vazhdojn\u00eb aktivitetet e tyre n\u00eb realizimin e projekteve me interes publik. Kryetari i BKA Kabil Kurti theksoi se subjekti q\u00eb p\u00ebrfaq\u00ebson ai do jet\u00eb gjithmon\u00eb partner n\u00eb realizimin e projekteve konkrete q\u00eb jan\u00eb t\u00eb r\u00ebnd\u00ebsishme p\u00ebr banor\u00ebt e k\u00ebsaj zone.<\/p>\n<p><a href=\"http:\/\/www.visit-ulcinj.com\/blog\/wp-content\/uploads\/2017\/02\/Nazif-Cungu-premtoj\u00eb-ne-Katerkolle-2.jpg\"><img loading=\"lazy\" class=\"alignleft wp-image-103213\" src=\"http:\/\/www.visit-ulcinj.com\/blog\/wp-content\/uploads\/2017\/02\/Nazif-Cungu-premtoj\u00eb-ne-Katerkolle-2.jpg\" alt=\"Nazif Cungu premtoj\u00eb ne Katerkolle-2\" width=\"508\" height=\"336\" srcset=\"https:\/\/www.visit-ulcinj.com\/blog\/wp-content\/uploads\/2017\/02\/Nazif-Cungu-premtoj\u00eb-ne-Katerkolle-2.jpg 933w, https:\/\/www.visit-ulcinj.com\/blog\/wp-content\/uploads\/2017\/02\/Nazif-Cungu-premtoj\u00eb-ne-Katerkolle-2-300x199.jpg 300w, https:\/\/www.visit-ulcinj.com\/blog\/wp-content\/uploads\/2017\/02\/Nazif-Cungu-premtoj\u00eb-ne-Katerkolle-2-768x509.jpg 768w\" sizes=\"(max-width: 508px) 100vw, 508px\" \/><\/a><\/p>\n<p>N\u00eb vazhdim t\u00eb agjend\u00ebs s\u00eb Kryetarit Cungu dhe bashk\u00ebpun\u00ebtor\u00ebve t\u00eb tij u gjet edhe vizita e punimeve te shkolla e Sukubin\u00ebs investim i cili po realizohet n\u00eb partneritet me diaspor\u00ebn dhe Ministrin\u00eb e Arsimit t\u00eb Malit t\u00eb Zi.<\/p>\n<p>Pranish\u00ebm ishte edhe drejtori i shkoll\u00ebs \u201cBedri Elezaga\u201d z. Qemal Bajri i cili vler\u00ebsoi realizimin e k\u00ebtij projekti si nj\u00eb nd\u00ebr projektet m\u00eb t\u00eb m\u00ebdha q\u00eb po realizohen ne pjes\u00ebn e An\u00ebs s\u00eb Malit. Kryetari Cungu vler\u00ebsoi projektin i cili po realizohet edhe n\u00eb aspektin e afirmimit t\u00eb banor\u00ebve t\u00eb k\u00ebsaj zone q\u00eb t\u00eb mos largohen nga vendbanimet e tyre dhe theksoi se do merren masat e nevojshme q\u00eb t\u00eb gjith\u00eb partner\u00ebt ti kryejn\u00eb obligimet e veta dhe viti i ardhsh\u00ebm shkollor t\u00eb jet\u00eb edhe fillimi i pun\u00ebs s\u00eb shkoll\u00ebs s\u00eb Sukubin\u00ebs. P\u00ebrfaq\u00ebsuesit e firm\u00ebs Artek dhe GenCon t\u00eb cil\u00ebt jan\u00eb edhe realizuesit e projektit vler\u00ebsuan shum\u00eb pun\u00ebn q\u00eb po realizon pushteti lokal ne kryerjen e obligimeve t\u00eb veta dhe shpresojn\u00eb q\u00eb investimi t\u00eb realizohet p\u00ebrfundimisht deri para fillimit t\u00eb vitit t\u00eb ri shkollor.<\/p>\n<p>N\u00eb fund u vizitua edhe nd\u00ebrtesa e bashk\u00ebsis\u00eb lokale t\u00eb Sukubin\u00ebs ku kryetari Cungu siguroi kryetarin e bashk\u00ebsis\u00eb lokale t\u00eb Sukubin\u00ebs se do ken\u00eb p\u00ebrkrahjen e nevojshme n\u00eb rekonstruimin e nd\u00ebrtes\u00ebs i siguroi q\u00eb do ken\u00eb ndihmat e nevojshme n\u00eb fillimin e pun\u00ebs s\u00eb tyre<\/p>\n<p><a href=\"http:\/\/www.visit-ulcinj.com\/blog\/wp-content\/uploads\/2017\/02\/Nazif-Cungu-premtoj\u00eb-ne-Katerkolle-4.jpg\"><img loading=\"lazy\" class=\"alignleft wp-image-103216\" src=\"http:\/\/www.visit-ulcinj.com\/blog\/wp-content\/uploads\/2017\/02\/Nazif-Cungu-premtoj\u00eb-ne-Katerkolle-4.jpg\" alt=\"Nazif Cungu premtoj\u00eb ne Katerkolle-4\" width=\"508\" height=\"336\" srcset=\"https:\/\/www.visit-ulcinj.com\/blog\/wp-content\/uploads\/2017\/02\/Nazif-Cungu-premtoj\u00eb-ne-Katerkolle-4.jpg 933w, https:\/\/www.visit-ulcinj.com\/blog\/wp-content\/uploads\/2017\/02\/Nazif-Cungu-premtoj\u00eb-ne-Katerkolle-4-300x199.jpg 300w, https:\/\/www.visit-ulcinj.com\/blog\/wp-content\/uploads\/2017\/02\/Nazif-Cungu-premtoj\u00eb-ne-Katerkolle-4-768x509.jpg 768w\" sizes=\"(max-width: 508px) 100vw, 508px\" \/><\/a><\/p>\n","protected":false},"excerpt":{"rendered":"<p>Sot me 23 shkurt 2017 u b\u00eb nj\u00eb takim i Bashk\u00ebsis\u00eb Lokale Katerkoll\u00eb me Kryetarin e komunes z.Nazif Cungu,ku p\u00ebr baz\u00eb ishte biseda rreth tregut t\u00eb gjelb\u00ebrt n\u00eb Katerkoll\u00eb,qendres s\u00eb sportit n\u00eb An\u00eb t\u00eb Malit,renovimi i qendres p\u00ebr kultur\u00eb n\u00eb Katerkoll\u00eb si dhe hapja e muzeut tradicional tek shkolla e vjeter n\u00eb Katerkoll\u00eb. Nga kryetari [&hellip;]<\/p>\n","protected":false},"author":1,"featured_media":0,"comment_status":"closed","ping_status":"closed","sticky":false,"template":"","format":"standard","meta":{"spay_email":"","jetpack_publicize_message":"","jetpack_is_tweetstorm":false,"jetpack_publicize_feature_enabled":true},"categories":[1,13],"tags":[],"jetpack_publicize_connections":[],"yoast_head":"<!-- This site is optimized with the Yoast SEO plugin v19.1 - https:\/\/yoast.com\/wordpress\/plugins\/seo\/ -->\n<title>Kryetari Cungu premton rrug\u00ebn Kryth\u00eb-Ulqin dhe investime kapitale - Lajme nga Ulqini<\/title>\n<meta name=\"description\" content=\"Sot me 23 shkurt 2017 u b\u00eb nj\u00eb takim i Bashk\u00ebsis\u00eb Lokale Katerkoll\u00eb me Kryetarin e komunes z.Nazif Cungu,ku p\u00ebr baz\u00eb ishte biseda rreth tregut t\u00eb gjelb\u00ebrt\" \/>\n<meta name=\"robots\" content=\"index, follow, max-snippet:-1, max-image-preview:large, max-video-preview:-1\" \/>\n<link rel=\"canonical\" href=\"https:\/\/www.visit-ulcinj.com\/blog\/2017\/02\/23\/kryetari-cungu-premton-rrugen-krythe-ulqin-dhe-investime-kapitale\/\" \/>\n<meta property=\"og:locale\" content=\"en_US\" \/>\n<meta property=\"og:type\" content=\"article\" \/>\n<meta property=\"og:title\" content=\"Kryetari Cungu premton rrug\u00ebn Kryth\u00eb-Ulqin dhe investime kapitale - Lajme nga Ulqini\" \/>\n<meta property=\"og:description\" content=\"Sot me 23 shkurt 2017 u b\u00eb nj\u00eb takim i Bashk\u00ebsis\u00eb Lokale Katerkoll\u00eb me Kryetarin e komunes z.Nazif Cungu,ku p\u00ebr baz\u00eb ishte biseda rreth tregut t\u00eb gjelb\u00ebrt\" \/>\n<meta property=\"og:url\" content=\"https:\/\/www.visit-ulcinj.com\/blog\/2017\/02\/23\/kryetari-cungu-premton-rrugen-krythe-ulqin-dhe-investime-kapitale\/\" \/>\n<meta property=\"og:site_name\" content=\"Lajme nga Ulqini\" \/>\n<meta property=\"article:published_time\" content=\"2017-02-23T14:32:51+00:00\" \/>\n<meta property=\"article:modified_time\" content=\"2017-02-24T14:48:55+00:00\" \/>\n<meta name=\"twitter:label1\" content=\"Written by\" \/>\n\t<meta name=\"twitter:data1\" content=\"ulqini\" \/>\n\t<meta name=\"twitter:label2\" content=\"Est. reading time\" \/>\n\t<meta name=\"twitter:data2\" content=\"3 minutes\" \/>\n<script type=\"application\/ld+json\" class=\"yoast-schema-graph\">{\"@context\":\"https:\/\/schema.org\",\"@graph\":[{\"@type\":\"WebSite\",\"@id\":\"https:\/\/www.visit-ulcinj.com\/blog\/#website\",\"url\":\"https:\/\/www.visit-ulcinj.com\/blog\/\",\"name\":\"Lajme nga Ulqini\",\"description\":\"Lajme,Vijesti,Ulqini,Ulqin,Crna Gora,Mali i Zi\",\"potentialAction\":[{\"@type\":\"SearchAction\",\"target\":{\"@type\":\"EntryPoint\",\"urlTemplate\":\"https:\/\/www.visit-ulcinj.com\/blog\/?s={search_term_string}\"},\"query-input\":\"required name=search_term_string\"}],\"inLanguage\":\"en-US\"},{\"@type\":\"WebPage\",\"@id\":\"https:\/\/www.visit-ulcinj.com\/blog\/2017\/02\/23\/kryetari-cungu-premton-rrugen-krythe-ulqin-dhe-investime-kapitale\/#webpage\",\"url\":\"https:\/\/www.visit-ulcinj.com\/blog\/2017\/02\/23\/kryetari-cungu-premton-rrugen-krythe-ulqin-dhe-investime-kapitale\/\",\"name\":\"Kryetari Cungu premton rrug\u00ebn Kryth\u00eb-Ulqin dhe investime kapitale - Lajme nga Ulqini\",\"isPartOf\":{\"@id\":\"https:\/\/www.visit-ulcinj.com\/blog\/#website\"},\"datePublished\":\"2017-02-23T14:32:51+00:00\",\"dateModified\":\"2017-02-24T14:48:55+00:00\",\"author\":{\"@id\":\"https:\/\/www.visit-ulcinj.com\/blog\/#\/schema\/person\/dcab619c614d3038751c63bc2aadc06d\"},\"description\":\"Sot me 23 shkurt 2017 u b\u00eb nj\u00eb takim i Bashk\u00ebsis\u00eb Lokale Katerkoll\u00eb me Kryetarin e komunes z.Nazif Cungu,ku p\u00ebr baz\u00eb ishte biseda rreth tregut t\u00eb gjelb\u00ebrt\",\"breadcrumb\":{\"@id\":\"https:\/\/www.visit-ulcinj.com\/blog\/2017\/02\/23\/kryetari-cungu-premton-rrugen-krythe-ulqin-dhe-investime-kapitale\/#breadcrumb\"},\"inLanguage\":\"en-US\",\"potentialAction\":[{\"@type\":\"ReadAction\",\"target\":[\"https:\/\/www.visit-ulcinj.com\/blog\/2017\/02\/23\/kryetari-cungu-premton-rrugen-krythe-ulqin-dhe-investime-kapitale\/\"]}]},{\"@type\":\"BreadcrumbList\",\"@id\":\"https:\/\/www.visit-ulcinj.com\/blog\/2017\/02\/23\/kryetari-cungu-premton-rrugen-krythe-ulqin-dhe-investime-kapitale\/#breadcrumb\",\"itemListElement\":[{\"@type\":\"ListItem\",\"position\":1,\"name\":\"Kryetari Cungu premton rrug\u00ebn Kryth\u00eb-Ulqin dhe investime kapitale\"}]},{\"@type\":\"Person\",\"@id\":\"https:\/\/www.visit-ulcinj.com\/blog\/#\/schema\/person\/dcab619c614d3038751c63bc2aadc06d\",\"name\":\"ulqini\",\"sameAs\":[\"http:\/\/www.visit-ulcinj.com\"],\"url\":\"https:\/\/www.visit-ulcinj.com\/blog\/author\/admin\/\"}]}<\/script>\n<!-- \/ Yoast SEO plugin. -->","yoast_head_json":{"title":"Kryetari Cungu premton rrug\u00ebn Kryth\u00eb-Ulqin dhe investime kapitale - Lajme nga Ulqini","description":"Sot me 23 shkurt 2017 u b\u00eb nj\u00eb takim i Bashk\u00ebsis\u00eb Lokale Katerkoll\u00eb me Kryetarin e komunes z.Nazif Cungu,ku p\u00ebr baz\u00eb ishte biseda rreth tregut t\u00eb gjelb\u00ebrt","robots":{"index":"index","follow":"follow","max-snippet":"max-snippet:-1","max-image-preview":"max-image-preview:large","max-video-preview":"max-video-preview:-1"},"canonical":"https:\/\/www.visit-ulcinj.com\/blog\/2017\/02\/23\/kryetari-cungu-premton-rrugen-krythe-ulqin-dhe-investime-kapitale\/","og_locale":"en_US","og_type":"article","og_title":"Kryetari Cungu premton rrug\u00ebn Kryth\u00eb-Ulqin dhe investime kapitale - Lajme nga Ulqini","og_description":"Sot me 23 shkurt 2017 u b\u00eb nj\u00eb takim i Bashk\u00ebsis\u00eb Lokale Katerkoll\u00eb me Kryetarin e komunes z.Nazif Cungu,ku p\u00ebr baz\u00eb ishte biseda rreth tregut t\u00eb gjelb\u00ebrt","og_url":"https:\/\/www.visit-ulcinj.com\/blog\/2017\/02\/23\/kryetari-cungu-premton-rrugen-krythe-ulqin-dhe-investime-kapitale\/","og_site_name":"Lajme nga Ulqini","article_published_time":"2017-02-23T14:32:51+00:00","article_modified_time":"2017-02-24T14:48:55+00:00","twitter_misc":{"Written by":"ulqini","Est. reading time":"3 minutes"},"schema":{"@context":"https:\/\/schema.org","@graph":[{"@type":"WebSite","@id":"https:\/\/www.visit-ulcinj.com\/blog\/#website","url":"https:\/\/www.visit-ulcinj.com\/blog\/","name":"Lajme nga Ulqini","description":"Lajme,Vijesti,Ulqini,Ulqin,Crna Gora,Mali i Zi","potentialAction":[{"@type":"SearchAction","target":{"@type":"EntryPoint","urlTemplate":"https:\/\/www.visit-ulcinj.com\/blog\/?s={search_term_string}"},"query-input":"required name=search_term_string"}],"inLanguage":"en-US"},{"@type":"WebPage","@id":"https:\/\/www.visit-ulcinj.com\/blog\/2017\/02\/23\/kryetari-cungu-premton-rrugen-krythe-ulqin-dhe-investime-kapitale\/#webpage","url":"https:\/\/www.visit-ulcinj.com\/blog\/2017\/02\/23\/kryetari-cungu-premton-rrugen-krythe-ulqin-dhe-investime-kapitale\/","name":"Kryetari Cungu premton rrug\u00ebn Kryth\u00eb-Ulqin dhe investime kapitale - Lajme nga Ulqini","isPartOf":{"@id":"https:\/\/www.visit-ulcinj.com\/blog\/#website"},"datePublished":"2017-02-23T14:32:51+00:00","dateModified":"2017-02-24T14:48:55+00:00","author":{"@id":"https:\/\/www.visit-ulcinj.com\/blog\/#\/schema\/person\/dcab619c614d3038751c63bc2aadc06d"},"description":"Sot me 23 shkurt 2017 u b\u00eb nj\u00eb takim i Bashk\u00ebsis\u00eb Lokale Katerkoll\u00eb me Kryetarin e komunes z.Nazif Cungu,ku p\u00ebr baz\u00eb ishte biseda rreth tregut t\u00eb gjelb\u00ebrt","breadcrumb":{"@id":"https:\/\/www.visit-ulcinj.com\/blog\/2017\/02\/23\/kryetari-cungu-premton-rrugen-krythe-ulqin-dhe-investime-kapitale\/#breadcrumb"},"inLanguage":"en-US","potentialAction":[{"@type":"ReadAction","target":["https:\/\/www.visit-ulcinj.com\/blog\/2017\/02\/23\/kryetari-cungu-premton-rrugen-krythe-ulqin-dhe-investime-kapitale\/"]}]},{"@type":"BreadcrumbList","@id":"https:\/\/www.visit-ulcinj.com\/blog\/2017\/02\/23\/kryetari-cungu-premton-rrugen-krythe-ulqin-dhe-investime-kapitale\/#breadcrumb","itemListElement":[{"@type":"ListItem","position":1,"name":"Kryetari Cungu premton rrug\u00ebn Kryth\u00eb-Ulqin dhe investime kapitale"}]},{"@type":"Person","@id":"https:\/\/www.visit-ulcinj.com\/blog\/#\/schema\/person\/dcab619c614d3038751c63bc2aadc06d","name":"ulqini","sameAs":["http:\/\/www.visit-ulcinj.com"],"url":"https:\/\/www.visit-ulcinj.com\/blog\/author\/admin\/"}]}},"jetpack_featured_media_url":"","jetpack_sharing_enabled":true,"jetpack_shortlink":"https:\/\/wp.me\/pe6lTn-qQw","_links":{"self":[{"href":"https:\/\/www.visit-ulcinj.com\/blog\/wp-json\/wp\/v2\/posts\/103200"}],"collection":[{"href":"https:\/\/www.visit-ulcinj.com\/blog\/wp-json\/wp\/v2\/posts"}],"about":[{"href":"https:\/\/www.visit-ulcinj.com\/blog\/wp-json\/wp\/v2\/types\/post"}],"author":[{"embeddable":true,"href":"https:\/\/www.visit-ulcinj.com\/blog\/wp-json\/wp\/v2\/users\/1"}],"replies":[{"embeddable":true,"href":"https:\/\/www.visit-ulcinj.com\/blog\/wp-json\/wp\/v2\/comments?post=103200"}],"version-history":[{"count":5,"href":"https:\/\/www.visit-ulcinj.com\/blog\/wp-json\/wp\/v2\/posts\/103200\/revisions"}],"predecessor-version":[{"id":103217,"href":"https:\/\/www.visit-ulcinj.com\/blog\/wp-json\/wp\/v2\/posts\/103200\/revisions\/103217"}],"wp:attachment":[{"href":"https:\/\/www.visit-ulcinj.com\/blog\/wp-json\/wp\/v2\/media?parent=103200"}],"wp:term":[{"taxonomy":"category","embeddable":true,"href":"https:\/\/www.visit-ulcinj.com\/blog\/wp-json\/wp\/v2\/categories?post=103200"},{"taxonomy":"post_tag","embeddable":true,"href":"https:\/\/www.visit-ulcinj.com\/blog\/wp-json\/wp\/v2\/tags?post=103200"}],"curies":[{"name":"wp","href":"https:\/\/api.w.org\/{rel}","templated":true}]}}