{"id":103204,"date":"2017-02-23T18:34:20","date_gmt":"2017-02-23T17:34:20","guid":{"rendered":"http:\/\/www.visit-ulcinj.com\/blog\/?p=103204"},"modified":"2017-02-23T18:37:38","modified_gmt":"2017-02-23T17:37:38","slug":"reagon-redaksia-e-tv-teuta-ja-e-verteta-e-akuzave-video","status":"publish","type":"post","link":"https:\/\/www.visit-ulcinj.com\/blog\/2017\/02\/23\/reagon-redaksia-e-tv-teuta-ja-e-verteta-e-akuzave-video\/","title":{"rendered":"Reagon redaksia e TV Teuta, ja e v\u00ebrteta e akuzave &#8211; Video"},"content":{"rendered":"<p><strong><a href=\"http:\/\/www.visit-ulcinj.com\/blog\/wp-content\/uploads\/2017\/02\/Reagon-gazetarja-e-TV-Teuta-Lika.jpg\"><img loading=\"lazy\" class=\"alignleft wp-image-103205\" src=\"http:\/\/www.visit-ulcinj.com\/blog\/wp-content\/uploads\/2017\/02\/Reagon-gazetarja-e-TV-Teuta-Lika.jpg\" alt=\"Reagon gazetarja e TV Teuta-Lika\" width=\"508\" height=\"243\" srcset=\"https:\/\/www.visit-ulcinj.com\/blog\/wp-content\/uploads\/2017\/02\/Reagon-gazetarja-e-TV-Teuta-Lika.jpg 702w, https:\/\/www.visit-ulcinj.com\/blog\/wp-content\/uploads\/2017\/02\/Reagon-gazetarja-e-TV-Teuta-Lika-300x144.jpg 300w\" sizes=\"(max-width: 508px) 100vw, 508px\" \/><\/a>T\u00eb nderuar shikues t\u00eb TV Teuta, d\u00ebgjues t\u00eb Radio Teut\u00ebs dhe lexues t\u00eb\u00a0 Portalit dygjuh\u00ebsor t\u00eb Radio Televizionit Teuta,<\/strong><\/p>\n<p>Duke respektuar n\u00eb pafund\u00ebsi lojalitetin tuaj ndaj mediumit ton\u00eb, p\u00ebr hir t\u00eb\u00a0 v\u00ebrrtet\u00ebs dhe p\u00ebr hir t\u00eb pun\u00ebs ton\u00eb t\u00eb p\u00ebrditshme t\u00eb cil\u00ebn ne e b\u00ebjm\u00eb n\u00eb m\u00ebnyr\u00eb\u00a0 profesionale p\u00ebr t\u00eb ofruar informacionet m\u00eb t\u00eb sakta dhe objektive n\u00eb koh\u00eb reale, e shohim t\u00eb arsyeshme q\u00eb t\u00eb sjellim nj\u00eb reagim ndaj disa shkresave t\u00eb cilat k\u00ebto dit\u00eb po paraqiten n\u00ebp\u00ebr kvazi portale dhe rrjete sociale, nga disa subjekte politike dhe grupacione t\u00eb\u00a0 vogla t\u00eb njer\u00ebzve me interesa t\u00eb\u00a0 caktuara dhe q\u00ebllimk\u00ebqija.<\/p>\n<p>Stafi i Radio Televizionit\u00a0 Teuta\u00a0 n\u00eb asnj\u00eb nga t\u00eb\u00a0 gjitha k\u00ebto publikime nuk e gjen veten t\u00eb inkuadruar, aq m\u00eb pak kur \u00ebsht\u00eb n\u00eb pyetje dezinformimi partiako-propagandistik ose filtrimi i lajmeve ditore, sepse stafi profesionist i RTV Teuta n\u00eb\u00a0 m\u00ebnyr\u00eb objektive, t\u00eb sakt\u00eb\u00a0 dhe\u00a0 t\u00eb\u00a0 gjithanshme i p\u00ebrgatit t\u00eb\u00a0 gjitha materjalet t\u00eb cilat shkojn\u00eb n\u00eb\u00a0 eter dhe t\u00eb cilat p\u00ebrb\u00ebjn\u00eb nj\u00eb programacion 24 or\u00ebsh me nj\u00eb\u00a0 p\u00ebrkushtim dhe seriozitet t\u00eb\u00a0 pun\u00ebs, duke ju inkuadruar edhe ju t\u00eb gjith\u00ebve si pjes\u00eb\u00a0 e k\u00ebtyre emisioneve, p\u00ebr dallim nga ju dhe grupi juaj t\u00eb kvazi intelektual\u00ebve, kvazi\u00a0 gazetar\u00ebve dhe kvazi mediumeve t\u00eb cil\u00ebt i kontrollojn\u00eb mentor\u00ebt e juaj t\u00eb cil\u00ebt tashm\u00eb \u00a0qytetar\u00ebt i kan\u00eb t\u00eb njohur.<\/p>\n<p>Ne jemi t\u00eb vet\u00ebdish\u00ebm se po afrohet koha e zgjedhjeve lokale dhe na befasojn\u00eb\u00a0 k\u00ebto sjellje t\u00eb\u00a0 secilit nga ju, ku na k\u00ebrc\u00ebnoni me nj\u00eb let\u00ebr\u00a0 wordi e cila nuk ka t\u00eb b\u00ebj\u00eb\u00a0 me skemen ton\u00eb\u00a0 programore aq me tep\u00ebr me skem\u00ebn redaktoriale t\u00eb emisioneve t\u00eb\u00a0 p\u00ebrmendura, t\u00eb cilat punohen me nj\u00eb\u00a0 p\u00ebrkushtim profesional\u00a0 duke inkuadruar mysafir\u00ebt dhe miqt\u00eb e televizionit\u00a0 t\u00eb cil\u00ebt i prezantojn\u00eb\u00a0 opinionit t\u00eb\u00a0 gjer\u00eb\u00a0 veprimtarit\u00eb\u00a0 dhe aktivitetet e veta.<\/p>\n<p>Ne nuk lejojm\u00eb q\u00eb dikush t\u00eb merret me udh\u00ebheqjen redaktoriale t\u00eb mediumeve tona, sepse at\u00eb e b\u00ebjm\u00eb\u00a0 brenda\u00a0 televizionit\u00a0 n\u00eb\u00a0 kuad\u00ebr\u00a0 t\u00eb stafit ton\u00eb\u00a0 profesional .\u00a0 Ju politikan,\u00a0 aktiv apo pasiv, merruni\u00a0 me pun\u00ebt e veta dhe me premtimet t\u00eb cilat ju keni\u00a0 b\u00ebr\u00eb\u00a0 qytetar\u00ebve, sepse p\u00ebrmes nesh dhe degradimit t\u00eb RTV Teuta nuk mund t\u00eb hyni n\u00eb fushat\u00eb. Duhet t\u00eb merreni\u00a0 me subjektin e vet\u00eb (nese e dini se cilit i takoni),\u00a0 duhet t\u00eb tregoni se cilat jan\u00eb pun\u00ebt q\u00eb\u00a0 keni b\u00ebr\u00eb\u00a0 p\u00ebr k\u00ebt\u00eb\u00a0 popull gjat\u00eb mandatit tuaj, sepse veprat i sjellin votat, e\u00a0 numri i votave t\u00eb zgjedhjeve t\u00eb\u00a0 fundit si duket\u00a0 ju ka sjell\u00eb n\u00eb panik\u00eb.\u00a0 Neve punojm\u00eb dhe p\u00ebrfitojm\u00eb\u00a0 vet\u00ebm e vet\u00ebm\u00a0 nga puna e jon\u00eb\u00a0 e mir\u00ebfillt\u00eb e cila stafit ton\u00eb i sjell p\u00ebrfitime dhe zhvillim mediatik. E pik\u00ebrisht me k\u00ebt\u00eb\u00a0 jemi marr\u00eb t\u00ebr\u00eb\u00a0 koh\u00ebn dhe kemi arritur q\u00eb\u00a0 RTV Teuta ta ngrisim n\u00eb nj\u00eb\u00a0 institucion serioz dhe t\u00eb respektuar n\u00eb mbar\u00eb vendin por edhe n\u00eb\u00a0 rajon,\u00a0 duke qen ur\u00eb lidh\u00ebse e shum\u00eb mediumeve vendore dhe rajonale.<\/p>\n<p>Prandaj t\u00eb dashur shikues, d\u00ebgjues dhe lexues t\u00eb informacioneve t\u00eb RTV Teuta, duam t\u00eb ndajm\u00eb\u00a0 edhe disa gj\u00ebra me ju q\u00eb ti kuptojn\u00eb\u00a0 t\u00eb\u00a0 gjith\u00eb\u00a0 nj\u00ebher\u00eb\u00a0 e mir\u00eb:<\/p>\n<ol>\n<li>RTV Teuta \u00ebsht\u00eb\u00a0 medium privat i cili vet\u00ebfinansohet vet\u00ebm nga mundi dhe puna e sh\u00ebrbimit t\u00eb marketingut dhe ASESI nga mjetet e qytetar\u00ebve apo buxheti i shtetit;<\/li>\n<li>Fal\u00eb pun\u00ebs dhe angazhimit profesional punonj\u00ebsit e RTV Teuta \u00e7do muaj marrin paga t\u00eb rregullta dhe i shlyejm\u00eb t\u00eb gjitha obligimet institucionale, si ndaj punonj\u00ebsve, ashtu edhe ndaj agjensioneve shtet\u00ebrore dhe nd\u00ebrmarrjeve tjera me t\u00eb cilat bashk\u00ebpunojm\u00eb, duke inkuadruar edhe nd\u00ebrtes\u00ebn e Kryqit t\u00eb kuq,\u00a0 ku aktualisht gjendemi e t\u00eb cil\u00ebn e paguajm\u00eb cdo muaj(pasi kishit brengosje p\u00ebr objektin).<\/li>\n<li>Mediumi yn\u00eb (televizioni, radio dhe portali) i publikon t\u00eb gjitha informacionet dhe zhvillon intervistat me t\u00eb gjith\u00eb qytetar\u00ebt nga sferat e ndryshme t\u00eb jet\u00ebs, nga kultura, politika, shoq\u00ebria, sporti, ekonomia, etj, n\u00eb dy gjuh\u00eb , me theks t\u00eb ve\u00e7ant\u00eb n\u00eb ruajtjen dhe mbrojtjen e identitetit dhe vlerave kulturore dhe shoq\u00ebrore t\u00eb popullit shqiptar\u00eb(80% gjuha shqipe, 20% gjuha malazeze), duke mos anashkaluar edhe bashk\u00ebqytetar\u00ebt me t\u00eb cil\u00ebt jetojm\u00eb\u00a0 \u00e7do dit\u00eb dhe n\u00eb k\u00ebt\u00eb\u00a0 m\u00ebnyr\u00eb\u00a0 krijojm\u00eb nj\u00eb harmoni t\u00eb p\u00ebrgjithshme multikulturale.<\/li>\n<li>Politika redaktuese e emisioneve \u201eKronika e Ulqinit\u201c, \u201ePortreti\u201c, \u201eEmisioni i m\u00ebngjesit\u201c dhe t\u00eb gjitha emisioneve tjera q\u00eb emitohen n\u00eb programin e RTV Teuta u jep hap\u00ebsir\u00eb t\u00eb plot\u00eb p\u00ebr deklarata, reagime dhe intervista t\u00eb gjith\u00eb qytetar\u00ebve, p\u00ebrkat\u00ebsia ,politike, nacionale apo konfesionale asnjeher\u00eb nuk \u00ebsht\u00eb sjell\u00eb n\u00eb pik\u00ebpyetje,\u00a0 as q\u00eb jan\u00eb emisionet tona t\u00eb nj\u00eb\u00a0 karakteri t\u00eb till\u00eb.<\/li>\n<li>Asnj\u00ebher\u00eb politika redaktuese e mediumeve tona nuk ka n\u00ebn\u00e7muar apo ofenduar\u00a0 donj\u00eb nga personat politik apo individual, edhe pse kemi pasur obstrukcione t\u00eb ndryshme p\u00ebr t\u00eb destabilizuar ecurin\u00eb\u00a0 e zhvillimit t\u00eb RTV Teuta, por fatmir\u00ebsisht nuk kan\u00eb arritur ta b\u00ebjn\u00eb, prandaj k\u00ebto lloj shkrimesh i kemi shum\u00eb mir\u00eb t\u00eb njohura dhe nuk na brengosin fare, sepse ne jemi institucion stabil dhe serioz n\u00eb pun\u00ebn e vet\u00eb.<\/li>\n<li>N\u00ebse flasim p\u00ebr fushata zgjedhore, at\u00ebher\u00eb zot\u00ebrinj t\u00eb URA-s dhe ju t\u00eb PD-s\u00eb s\u00eb bashku me bashk\u00ebpun\u00ebtor\u00ebt tuaj t\u00eb interesave t\u00eb ngusht\u00eb, RTV Teuta \u00e7doher\u00eb ishte e hapur p\u00ebr bashk\u00ebpunim me t\u00eb gjitha subjektet politike, si lokale ashtu edhe shtet\u00ebrore, duke ju dh\u00ebn\u00eb mund\u00ebsin\u00eb e shprehjes s\u00eb lir\u00eb dhe promovimeve t\u00eb programeve politike, si partive pozitare ashtu edhe atyre opozitare. T\u00eb gjitha subjektet n\u00eb t\u00eb nj\u00ebjt\u00ebn koh\u00eb, n\u00eb t\u00eb nj\u00ebjt\u00ebn form\u00eb dhe me kriteriume t\u00eb nj\u00ebjta kan\u00eb fituar ofertat tona dhe sh\u00ebrbimet tona ishin t\u00eb p\u00ebrkushtuara dhe t\u00eb realizuara pa asnj\u00eb\u00a0 v\u00ebrejtje nga asnj\u00eb subjekt\u00a0 dhe k\u00ebt\u00eb\u00a0 do ta vazhdojm\u00eb \u00e7doher\u00eb.<\/li>\n<li>Ne b\u00ebjm\u00eb realizimin e programit ton\u00eb mediatik, kurse ju duhet t\u00eb b\u00ebni realizimin e programit tuaj politik p\u00ebr t\u00eb cilin duhet t\u00eb jepni p\u00ebrgjegj\u00ebsi ndaj popullit. Kurse p\u00ebr suksesin apo mossuksesin e arritjeve n\u00eb zgjedhje, ai \u00ebsht\u00eb problemi\u00a0 juaj dhe k\u00ebt\u00eb\u00a0 duhet ta sqaroni me stukturat tuaja jo permes RTV Teuta dhe shkresave degraduese, me t\u00eb cilat n\u00eb fakt ju degradoni veten sepse nuk ka t\u00eb b\u00ebj\u00eb me ne. Ju duhet t\u00eb jepni llogari p\u00ebr shpenzimet e mjeteve buxhetore t\u00eb cilat i merrni \u00e7do muaj, dhe t\u00eb cilat vijn\u00eb nga taksat e qytetar\u00ebve. Ne mjetet i fitojm\u00eb vet\u00ebm p\u00ebrmes sh\u00ebrbimeve t\u00eb cilat i kryejm\u00eb me mund dhe profesionaliz\u00ebm.<\/li>\n<li>Ju zot\u00ebrinj t\u00eb m\u00ebdhenj q\u00eb merreni me gj\u00ebra t\u00eb ul\u00ebta, duhet t\u00eb d\u00ebshmoni para popullit se \u00e7ka keni realizuar p\u00ebr t\u00eb mir\u00ebn e k\u00ebtij populli, cilat jan\u00eb benefitet e shoq\u00ebris\u00eb nga ju, sepse ne kemi \u00e7far\u00eb t\u00eb themi. Ne mburremi me pun\u00ebn ton\u00eb, sepse miqt tan\u00eb jan\u00eb t\u00eb gjith\u00eb qytetar\u00ebt e komun\u00ebs s\u00eb Ulqinit, por edhe t\u00eb gjith\u00eb miqt e qytetar\u00ebve t\u00eb Komun\u00ebs s\u00eb Ulqinit edhe m\u00eb gjer\u00eb. Pra ne jemi af\u00ebr \u00e7do personi si fizik ashtu edhe juridik, duke i mb\u00ebshtetur dhe ndihmuar n\u00eb t\u00eb gjitha rastet: institucionet, OJQ-t\u00eb, kultur\u00ebn, sportin, politik\u00ebn, bashk\u00ebsit\u00eb fetare, organizatat humanitare-bamir\u00ebse, veprimtar\u00ebt e lir\u00eb, nx\u00ebn\u00ebsit, m\u00ebsimdh\u00ebn\u00ebsit, familjet n\u00eb nevoj\u00eb, nd\u00ebrmarrjet private dhe publike, dhe t\u00eb gjitha k\u00ebto p\u00ebr t\u00eb mir\u00ebn e p\u00ebrgjithshme, me dyer dhe mikrofon t\u00eb hapur p\u00ebr t\u00eb gjith\u00eb. K\u00ebshtu edhe do t\u00eb mbetemi. Do t\u00eb bashk\u00ebpunojm\u00eb me t\u00eb gjith\u00eb ata t\u00eb\u00a0 cil\u00ebt do t\u00eb veprojn\u00eb p\u00ebr t\u00eb mir\u00ebn e p\u00ebrgjithshme.<\/li>\n<\/ol>\n<p>NE E DIME MISIONIN DHE PUN\u00cbN TONE,POR JU DUHET T\u00cb DINI CILI \u00cbSHT\u00cb MISIONI JUAJ DHE\u00a0 N\u00cb CILIN DREJTIM PO JU \u00c7ON BUSOLLA Q\u00cb KENI P\u00cbRPARA!<\/p>\n<p><strong>STAFI I RTV TEUTA<\/strong><\/p>\n<!--YouTube Error: bad URL entered-->\n","protected":false},"excerpt":{"rendered":"<p>T\u00eb nderuar shikues t\u00eb TV Teuta, d\u00ebgjues t\u00eb Radio Teut\u00ebs dhe lexues t\u00eb\u00a0 Portalit dygjuh\u00ebsor t\u00eb Radio Televizionit Teuta, Duke respektuar n\u00eb pafund\u00ebsi lojalitetin tuaj ndaj mediumit ton\u00eb, p\u00ebr hir t\u00eb\u00a0 v\u00ebrrtet\u00ebs dhe p\u00ebr hir t\u00eb pun\u00ebs ton\u00eb t\u00eb p\u00ebrditshme t\u00eb cil\u00ebn ne e b\u00ebjm\u00eb n\u00eb m\u00ebnyr\u00eb\u00a0 profesionale p\u00ebr t\u00eb ofruar informacionet m\u00eb t\u00eb sakta [&hellip;]<\/p>\n","protected":false},"author":1,"featured_media":0,"comment_status":"closed","ping_status":"closed","sticky":false,"template":"","format":"standard","meta":{"spay_email":"","jetpack_publicize_message":"","jetpack_is_tweetstorm":false,"jetpack_publicize_feature_enabled":true},"categories":[12],"tags":[],"jetpack_publicize_connections":[],"yoast_head":"<!-- This site is optimized with the Yoast SEO plugin v19.1 - https:\/\/yoast.com\/wordpress\/plugins\/seo\/ -->\n<title>Reagon redaksia e TV Teuta, ja e v\u00ebrteta e akuzave - Video - Lajme nga Ulqini<\/title>\n<meta name=\"description\" content=\"T\u00eb nderuar shikues t\u00eb TV Teuta, d\u00ebgjues t\u00eb Radio Teut\u00ebs dhe lexues t\u00eb\u00a0 Portalit dygjuh\u00ebsor t\u00eb Radio Televizionit Teuta, Duke respektuar n\u00eb pafund\u00ebsi\" \/>\n<meta name=\"robots\" content=\"index, follow, max-snippet:-1, max-image-preview:large, max-video-preview:-1\" \/>\n<link rel=\"canonical\" href=\"https:\/\/www.visit-ulcinj.com\/blog\/2017\/02\/23\/reagon-redaksia-e-tv-teuta-ja-e-verteta-e-akuzave-video\/\" \/>\n<meta property=\"og:locale\" content=\"en_US\" \/>\n<meta property=\"og:type\" content=\"article\" \/>\n<meta property=\"og:title\" content=\"Reagon redaksia e TV Teuta, ja e v\u00ebrteta e akuzave - Video - Lajme nga Ulqini\" \/>\n<meta property=\"og:description\" content=\"T\u00eb nderuar shikues t\u00eb TV Teuta, d\u00ebgjues t\u00eb Radio Teut\u00ebs dhe lexues t\u00eb\u00a0 Portalit dygjuh\u00ebsor t\u00eb Radio Televizionit Teuta, Duke respektuar n\u00eb pafund\u00ebsi\" \/>\n<meta property=\"og:url\" content=\"https:\/\/www.visit-ulcinj.com\/blog\/2017\/02\/23\/reagon-redaksia-e-tv-teuta-ja-e-verteta-e-akuzave-video\/\" \/>\n<meta property=\"og:site_name\" content=\"Lajme nga Ulqini\" \/>\n<meta property=\"article:published_time\" content=\"2017-02-23T17:34:20+00:00\" \/>\n<meta property=\"article:modified_time\" content=\"2017-02-23T17:37:38+00:00\" \/>\n<meta property=\"og:image\" content=\"http:\/\/www.visit-ulcinj.com\/blog\/wp-content\/uploads\/2017\/02\/Reagon-gazetarja-e-TV-Teuta-Lika.jpg\" \/>\n<meta name=\"twitter:label1\" content=\"Written by\" \/>\n\t<meta name=\"twitter:data1\" content=\"ulqini\" \/>\n\t<meta name=\"twitter:label2\" content=\"Est. reading time\" \/>\n\t<meta name=\"twitter:data2\" content=\"7 minutes\" \/>\n<script type=\"application\/ld+json\" class=\"yoast-schema-graph\">{\"@context\":\"https:\/\/schema.org\",\"@graph\":[{\"@type\":\"WebSite\",\"@id\":\"https:\/\/www.visit-ulcinj.com\/blog\/#website\",\"url\":\"https:\/\/www.visit-ulcinj.com\/blog\/\",\"name\":\"Lajme nga Ulqini\",\"description\":\"Lajme,Vijesti,Ulqini,Ulqin,Crna Gora,Mali i Zi\",\"potentialAction\":[{\"@type\":\"SearchAction\",\"target\":{\"@type\":\"EntryPoint\",\"urlTemplate\":\"https:\/\/www.visit-ulcinj.com\/blog\/?s={search_term_string}\"},\"query-input\":\"required name=search_term_string\"}],\"inLanguage\":\"en-US\"},{\"@type\":\"ImageObject\",\"inLanguage\":\"en-US\",\"@id\":\"https:\/\/www.visit-ulcinj.com\/blog\/2017\/02\/23\/reagon-redaksia-e-tv-teuta-ja-e-verteta-e-akuzave-video\/#primaryimage\",\"url\":\"https:\/\/www.visit-ulcinj.com\/blog\/wp-content\/uploads\/2017\/02\/Reagon-gazetarja-e-TV-Teuta-Lika.jpg\",\"contentUrl\":\"https:\/\/www.visit-ulcinj.com\/blog\/wp-content\/uploads\/2017\/02\/Reagon-gazetarja-e-TV-Teuta-Lika.jpg\",\"width\":702,\"height\":336},{\"@type\":\"WebPage\",\"@id\":\"https:\/\/www.visit-ulcinj.com\/blog\/2017\/02\/23\/reagon-redaksia-e-tv-teuta-ja-e-verteta-e-akuzave-video\/#webpage\",\"url\":\"https:\/\/www.visit-ulcinj.com\/blog\/2017\/02\/23\/reagon-redaksia-e-tv-teuta-ja-e-verteta-e-akuzave-video\/\",\"name\":\"Reagon redaksia e TV Teuta, ja e v\u00ebrteta e akuzave - Video - Lajme nga Ulqini\",\"isPartOf\":{\"@id\":\"https:\/\/www.visit-ulcinj.com\/blog\/#website\"},\"primaryImageOfPage\":{\"@id\":\"https:\/\/www.visit-ulcinj.com\/blog\/2017\/02\/23\/reagon-redaksia-e-tv-teuta-ja-e-verteta-e-akuzave-video\/#primaryimage\"},\"datePublished\":\"2017-02-23T17:34:20+00:00\",\"dateModified\":\"2017-02-23T17:37:38+00:00\",\"author\":{\"@id\":\"https:\/\/www.visit-ulcinj.com\/blog\/#\/schema\/person\/dcab619c614d3038751c63bc2aadc06d\"},\"description\":\"T\u00eb nderuar shikues t\u00eb TV Teuta, d\u00ebgjues t\u00eb Radio Teut\u00ebs dhe lexues t\u00eb\u00a0 Portalit dygjuh\u00ebsor t\u00eb Radio Televizionit Teuta, Duke respektuar n\u00eb pafund\u00ebsi\",\"breadcrumb\":{\"@id\":\"https:\/\/www.visit-ulcinj.com\/blog\/2017\/02\/23\/reagon-redaksia-e-tv-teuta-ja-e-verteta-e-akuzave-video\/#breadcrumb\"},\"inLanguage\":\"en-US\",\"potentialAction\":[{\"@type\":\"ReadAction\",\"target\":[\"https:\/\/www.visit-ulcinj.com\/blog\/2017\/02\/23\/reagon-redaksia-e-tv-teuta-ja-e-verteta-e-akuzave-video\/\"]}]},{\"@type\":\"BreadcrumbList\",\"@id\":\"https:\/\/www.visit-ulcinj.com\/blog\/2017\/02\/23\/reagon-redaksia-e-tv-teuta-ja-e-verteta-e-akuzave-video\/#breadcrumb\",\"itemListElement\":[{\"@type\":\"ListItem\",\"position\":1,\"name\":\"Reagon redaksia e TV Teuta, ja e v\u00ebrteta e akuzave &#8211; Video\"}]},{\"@type\":\"Person\",\"@id\":\"https:\/\/www.visit-ulcinj.com\/blog\/#\/schema\/person\/dcab619c614d3038751c63bc2aadc06d\",\"name\":\"ulqini\",\"sameAs\":[\"http:\/\/www.visit-ulcinj.com\"],\"url\":\"https:\/\/www.visit-ulcinj.com\/blog\/author\/admin\/\"}]}<\/script>\n<!-- \/ Yoast SEO plugin. -->","yoast_head_json":{"title":"Reagon redaksia e TV Teuta, ja e v\u00ebrteta e akuzave - Video - Lajme nga Ulqini","description":"T\u00eb nderuar shikues t\u00eb TV Teuta, d\u00ebgjues t\u00eb Radio Teut\u00ebs dhe lexues t\u00eb\u00a0 Portalit dygjuh\u00ebsor t\u00eb Radio Televizionit Teuta, Duke respektuar n\u00eb pafund\u00ebsi","robots":{"index":"index","follow":"follow","max-snippet":"max-snippet:-1","max-image-preview":"max-image-preview:large","max-video-preview":"max-video-preview:-1"},"canonical":"https:\/\/www.visit-ulcinj.com\/blog\/2017\/02\/23\/reagon-redaksia-e-tv-teuta-ja-e-verteta-e-akuzave-video\/","og_locale":"en_US","og_type":"article","og_title":"Reagon redaksia e TV Teuta, ja e v\u00ebrteta e akuzave - Video - Lajme nga Ulqini","og_description":"T\u00eb nderuar shikues t\u00eb TV Teuta, d\u00ebgjues t\u00eb Radio Teut\u00ebs dhe lexues t\u00eb\u00a0 Portalit dygjuh\u00ebsor t\u00eb Radio Televizionit Teuta, Duke respektuar n\u00eb pafund\u00ebsi","og_url":"https:\/\/www.visit-ulcinj.com\/blog\/2017\/02\/23\/reagon-redaksia-e-tv-teuta-ja-e-verteta-e-akuzave-video\/","og_site_name":"Lajme nga Ulqini","article_published_time":"2017-02-23T17:34:20+00:00","article_modified_time":"2017-02-23T17:37:38+00:00","og_image":[{"url":"http:\/\/www.visit-ulcinj.com\/blog\/wp-content\/uploads\/2017\/02\/Reagon-gazetarja-e-TV-Teuta-Lika.jpg"}],"twitter_misc":{"Written by":"ulqini","Est. reading time":"7 minutes"},"schema":{"@context":"https:\/\/schema.org","@graph":[{"@type":"WebSite","@id":"https:\/\/www.visit-ulcinj.com\/blog\/#website","url":"https:\/\/www.visit-ulcinj.com\/blog\/","name":"Lajme nga Ulqini","description":"Lajme,Vijesti,Ulqini,Ulqin,Crna Gora,Mali i Zi","potentialAction":[{"@type":"SearchAction","target":{"@type":"EntryPoint","urlTemplate":"https:\/\/www.visit-ulcinj.com\/blog\/?s={search_term_string}"},"query-input":"required name=search_term_string"}],"inLanguage":"en-US"},{"@type":"ImageObject","inLanguage":"en-US","@id":"https:\/\/www.visit-ulcinj.com\/blog\/2017\/02\/23\/reagon-redaksia-e-tv-teuta-ja-e-verteta-e-akuzave-video\/#primaryimage","url":"https:\/\/www.visit-ulcinj.com\/blog\/wp-content\/uploads\/2017\/02\/Reagon-gazetarja-e-TV-Teuta-Lika.jpg","contentUrl":"https:\/\/www.visit-ulcinj.com\/blog\/wp-content\/uploads\/2017\/02\/Reagon-gazetarja-e-TV-Teuta-Lika.jpg","width":702,"height":336},{"@type":"WebPage","@id":"https:\/\/www.visit-ulcinj.com\/blog\/2017\/02\/23\/reagon-redaksia-e-tv-teuta-ja-e-verteta-e-akuzave-video\/#webpage","url":"https:\/\/www.visit-ulcinj.com\/blog\/2017\/02\/23\/reagon-redaksia-e-tv-teuta-ja-e-verteta-e-akuzave-video\/","name":"Reagon redaksia e TV Teuta, ja e v\u00ebrteta e akuzave - Video - Lajme nga Ulqini","isPartOf":{"@id":"https:\/\/www.visit-ulcinj.com\/blog\/#website"},"primaryImageOfPage":{"@id":"https:\/\/www.visit-ulcinj.com\/blog\/2017\/02\/23\/reagon-redaksia-e-tv-teuta-ja-e-verteta-e-akuzave-video\/#primaryimage"},"datePublished":"2017-02-23T17:34:20+00:00","dateModified":"2017-02-23T17:37:38+00:00","author":{"@id":"https:\/\/www.visit-ulcinj.com\/blog\/#\/schema\/person\/dcab619c614d3038751c63bc2aadc06d"},"description":"T\u00eb nderuar shikues t\u00eb TV Teuta, d\u00ebgjues t\u00eb Radio Teut\u00ebs dhe lexues t\u00eb\u00a0 Portalit dygjuh\u00ebsor t\u00eb Radio Televizionit Teuta, Duke respektuar n\u00eb pafund\u00ebsi","breadcrumb":{"@id":"https:\/\/www.visit-ulcinj.com\/blog\/2017\/02\/23\/reagon-redaksia-e-tv-teuta-ja-e-verteta-e-akuzave-video\/#breadcrumb"},"inLanguage":"en-US","potentialAction":[{"@type":"ReadAction","target":["https:\/\/www.visit-ulcinj.com\/blog\/2017\/02\/23\/reagon-redaksia-e-tv-teuta-ja-e-verteta-e-akuzave-video\/"]}]},{"@type":"BreadcrumbList","@id":"https:\/\/www.visit-ulcinj.com\/blog\/2017\/02\/23\/reagon-redaksia-e-tv-teuta-ja-e-verteta-e-akuzave-video\/#breadcrumb","itemListElement":[{"@type":"ListItem","position":1,"name":"Reagon redaksia e TV Teuta, ja e v\u00ebrteta e akuzave &#8211; Video"}]},{"@type":"Person","@id":"https:\/\/www.visit-ulcinj.com\/blog\/#\/schema\/person\/dcab619c614d3038751c63bc2aadc06d","name":"ulqini","sameAs":["http:\/\/www.visit-ulcinj.com"],"url":"https:\/\/www.visit-ulcinj.com\/blog\/author\/admin\/"}]}},"jetpack_featured_media_url":"","jetpack_sharing_enabled":true,"jetpack_shortlink":"https:\/\/wp.me\/pe6lTn-qQA","_links":{"self":[{"href":"https:\/\/www.visit-ulcinj.com\/blog\/wp-json\/wp\/v2\/posts\/103204"}],"collection":[{"href":"https:\/\/www.visit-ulcinj.com\/blog\/wp-json\/wp\/v2\/posts"}],"about":[{"href":"https:\/\/www.visit-ulcinj.com\/blog\/wp-json\/wp\/v2\/types\/post"}],"author":[{"embeddable":true,"href":"https:\/\/www.visit-ulcinj.com\/blog\/wp-json\/wp\/v2\/users\/1"}],"replies":[{"embeddable":true,"href":"https:\/\/www.visit-ulcinj.com\/blog\/wp-json\/wp\/v2\/comments?post=103204"}],"version-history":[{"count":5,"href":"https:\/\/www.visit-ulcinj.com\/blog\/wp-json\/wp\/v2\/posts\/103204\/revisions"}],"predecessor-version":[{"id":103210,"href":"https:\/\/www.visit-ulcinj.com\/blog\/wp-json\/wp\/v2\/posts\/103204\/revisions\/103210"}],"wp:attachment":[{"href":"https:\/\/www.visit-ulcinj.com\/blog\/wp-json\/wp\/v2\/media?parent=103204"}],"wp:term":[{"taxonomy":"category","embeddable":true,"href":"https:\/\/www.visit-ulcinj.com\/blog\/wp-json\/wp\/v2\/categories?post=103204"},{"taxonomy":"post_tag","embeddable":true,"href":"https:\/\/www.visit-ulcinj.com\/blog\/wp-json\/wp\/v2\/tags?post=103204"}],"curies":[{"name":"wp","href":"https:\/\/api.w.org\/{rel}","templated":true}]}}