{"id":10322,"date":"2009-02-02T14:58:27","date_gmt":"2009-02-02T13:58:27","guid":{"rendered":"http:\/\/www.visit-ulcinj.com\/blog\/?p=10322"},"modified":"2009-02-02T14:59:49","modified_gmt":"2009-02-02T13:59:49","slug":"1-shkurt-ne-paris-do-te-mbahet-kampionati-i-36-te-evropian-i-karatese","status":"publish","type":"post","link":"https:\/\/www.visit-ulcinj.com\/blog\/2009\/02\/02\/1-shkurt-ne-paris-do-te-mbahet-kampionati-i-36-te-evropian-i-karatese\/","title":{"rendered":"Me 1 shkurt n\u00eb Paris do t\u00eb mbahet kampionati i 36-t\u00eb evropian i karates\u00eb"},"content":{"rendered":"<p><strong><a rel=\"attachment wp-att-10323\" href=\"http:\/\/www.visit-ulcinj.com\/blog\/2009\/02\/02\/1-shkurt-ne-paris-do-te-mbahet-kampionati-i-36-te-evropian-i-karatese\/ruzhdi-rama_dardan-ceka-_besnik-adoviq\/\"><img loading=\"lazy\" class=\"alignleft size-full wp-image-10323\" title=\"ruzhdi-rama_dardan-ceka-_besnik-adoviq\" src=\"http:\/\/www.visit-ulcinj.com\/blog\/wp-content\/uploads\/2009\/02\/ruzhdi-rama_dardan-ceka-_besnik-adoviq.jpg\" alt=\"ruzhdi-rama_dardan-ceka-_besnik-adoviq\" width=\"570\" height=\"350\" \/><\/a>Dardan Ceka dhe Besnik Adoviq do t\u00eb p\u00ebrballen me m\u00eb t\u00eb mir\u00ebt e Evrop\u00ebs<\/strong><br \/>\nDardan Ceka n\u00eb k\u00ebt\u00eb Kampionat do t\u00eb marr\u00eb pjes\u00eb n\u00eb disiplin\u00ebn e luft\u00ebrave, n\u00eb grupmosh\u00ebn e junior\u00ebve, n\u00eb kategorin\u00eb -61kg, nd\u00ebrsa Besnik Adoviqi po ashtu n\u00eb luft\u00ebra, n\u00eb grupmosh\u00ebn e kadet\u00ebve, n\u00eb kategorin\u00eb +70kg.<br \/>\nUlqin &#8211; Dardan Ceka nga Klubi i Karates\u00eb &#8220;Ulqini&#8221; dhe Besnik Adoviqi nga Klubi i Karates\u00eb &#8220;Albulena&#8221; do t\u00eb marrin pjes\u00eb me P\u00ebrfaq\u00ebsuesen e Karates\u00eb s\u00eb Malit t\u00eb Zi n\u00eb Kampionatin Evropian t\u00eb Karates\u00eb, i cili do t\u00eb mbahet n\u00eb kryeqytetin e Franc\u00ebs, Paris, m\u00eb 30, 31 janar dhe m\u00eb 01 shkurt t\u00eb k\u00ebtij viti.<br \/>\nCeka dhe Adoviqi jo vet\u00ebm q\u00eb jan\u00eb p\u00ebrfaq\u00ebsues t\u00eb denj\u00eb t\u00eb klubeve t\u00eb tyre n\u00eb \u00e7do gar\u00eb, duke u renditur gjithmon\u00eb nd\u00ebr garuesit m\u00eb t\u00eb mir\u00eb, por ata sot, fal\u00eb rezultateve t\u00eb shk\u00eblqyeshme t\u00eb tyre, do t\u00eb marrin pjes\u00eb me P\u00ebrfaq\u00ebsuesen shtet\u00ebrore n\u00eb nj\u00eb prej garave m\u00eb t\u00eb r\u00ebnd\u00ebsishme t\u00eb karates\u00eb n\u00eb bot\u00eb, krah p\u00ebr krah me karateist\u00ebt m\u00eb t\u00eb mir\u00eb evropian\u00eb.<br \/>\nPjes\u00ebmarrja e tyre n\u00eb k\u00ebt\u00eb Kampionat \u00ebsht\u00eb edhe nj\u00eb d\u00ebshmi p\u00ebr nivelin e sportit t\u00eb karates\u00eb n\u00eb klubet e Ulqinit.<br \/>\nDardan Ceka n\u00eb k\u00ebt\u00eb Kampionat do t\u00eb marr\u00eb pjes\u00eb n\u00eb disiplin\u00ebn e luft\u00ebrave, n\u00eb grupmosh\u00ebn e junior\u00ebve, n\u00eb kategorin\u00eb -61kg, nd\u00ebrsa Besnik Adoviqi po ashtu n\u00eb luft\u00ebra, n\u00eb grupmosh\u00ebn e kadet\u00ebve, n\u00eb kategorin\u00eb +70kg.<\/p>\n<p>Cek\u00ebn dhe Adoviqin n\u00eb Kampionatin Evropian, p\u00ebrve\u00e7 udh\u00ebheq\u00ebsve t\u00eb P\u00ebrfaq\u00ebsueses s\u00eb Malit t\u00eb Zi, do tzi shoq\u00ebroj\u00eb edhe kryetrajneri i KK &#8220;Ulqini&#8221; Ruzhdi Rama<strong>.<br \/>\nKohapress<\/strong><\/p>\n","protected":false},"excerpt":{"rendered":"<p>Dardan Ceka dhe Besnik Adoviq do t\u00eb p\u00ebrballen me m\u00eb t\u00eb mir\u00ebt e Evrop\u00ebs Dardan Ceka n\u00eb k\u00ebt\u00eb Kampionat do t\u00eb marr\u00eb pjes\u00eb n\u00eb disiplin\u00ebn e luft\u00ebrave, n\u00eb grupmosh\u00ebn e junior\u00ebve, n\u00eb kategorin\u00eb -61kg, nd\u00ebrsa Besnik Adoviqi po ashtu n\u00eb luft\u00ebra, n\u00eb grupmosh\u00ebn e kadet\u00ebve, n\u00eb kategorin\u00eb +70kg. Ulqin &#8211; Dardan Ceka nga Klubi i [&hellip;]<\/p>\n","protected":false},"author":1,"featured_media":0,"comment_status":"open","ping_status":"closed","sticky":false,"template":"","format":"standard","meta":{"spay_email":"","jetpack_publicize_message":"","jetpack_is_tweetstorm":false,"jetpack_publicize_feature_enabled":true},"categories":[3],"tags":[776,5821,6346,6347,6348],"jetpack_publicize_connections":[],"yoast_head":"<!-- This site is optimized with the Yoast SEO plugin v19.1 - https:\/\/yoast.com\/wordpress\/plugins\/seo\/ -->\n<title>Me 1 shkurt n\u00eb Paris do t\u00eb mbahet kampionati i 36-t\u00eb evropian i karates\u00eb - Lajme nga Ulqini<\/title>\n<meta name=\"description\" content=\"Dardan Ceka dhe Besnik Adoviq do t\u00eb p\u00ebrballen me m\u00eb t\u00eb mir\u00ebt e Evrop\u00ebs Dardan Ceka n\u00eb k\u00ebt\u00eb Kampionat do t\u00eb marr\u00eb pjes\u00eb n\u00eb disiplin\u00ebn e luft\u00ebrave, n\u00eb\" \/>\n<meta name=\"robots\" content=\"index, follow, max-snippet:-1, max-image-preview:large, max-video-preview:-1\" \/>\n<link rel=\"canonical\" href=\"https:\/\/www.visit-ulcinj.com\/blog\/2009\/02\/02\/1-shkurt-ne-paris-do-te-mbahet-kampionati-i-36-te-evropian-i-karatese\/\" \/>\n<meta property=\"og:locale\" content=\"en_US\" \/>\n<meta property=\"og:type\" content=\"article\" \/>\n<meta property=\"og:title\" content=\"Me 1 shkurt n\u00eb Paris do t\u00eb mbahet kampionati i 36-t\u00eb evropian i karates\u00eb - Lajme nga Ulqini\" \/>\n<meta property=\"og:description\" content=\"Dardan Ceka dhe Besnik Adoviq do t\u00eb p\u00ebrballen me m\u00eb t\u00eb mir\u00ebt e Evrop\u00ebs Dardan Ceka n\u00eb k\u00ebt\u00eb Kampionat do t\u00eb marr\u00eb pjes\u00eb n\u00eb disiplin\u00ebn e luft\u00ebrave, n\u00eb\" \/>\n<meta property=\"og:url\" content=\"https:\/\/www.visit-ulcinj.com\/blog\/2009\/02\/02\/1-shkurt-ne-paris-do-te-mbahet-kampionati-i-36-te-evropian-i-karatese\/\" \/>\n<meta property=\"og:site_name\" content=\"Lajme nga Ulqini\" \/>\n<meta property=\"article:published_time\" content=\"2009-02-02T13:58:27+00:00\" \/>\n<meta property=\"article:modified_time\" content=\"2009-02-02T13:59:49+00:00\" \/>\n<meta property=\"og:image\" content=\"http:\/\/www.visit-ulcinj.com\/blog\/wp-content\/uploads\/2009\/02\/ruzhdi-rama_dardan-ceka-_besnik-adoviq.jpg\" \/>\n<meta name=\"twitter:label1\" content=\"Written by\" \/>\n\t<meta name=\"twitter:data1\" content=\"ulqini\" \/>\n\t<meta name=\"twitter:label2\" content=\"Est. reading time\" \/>\n\t<meta name=\"twitter:data2\" content=\"1 minute\" \/>\n<script type=\"application\/ld+json\" class=\"yoast-schema-graph\">{\"@context\":\"https:\/\/schema.org\",\"@graph\":[{\"@type\":\"WebSite\",\"@id\":\"https:\/\/www.visit-ulcinj.com\/blog\/#website\",\"url\":\"https:\/\/www.visit-ulcinj.com\/blog\/\",\"name\":\"Lajme nga Ulqini\",\"description\":\"Lajme,Vijesti,Ulqini,Ulqin,Crna Gora,Mali i Zi\",\"potentialAction\":[{\"@type\":\"SearchAction\",\"target\":{\"@type\":\"EntryPoint\",\"urlTemplate\":\"https:\/\/www.visit-ulcinj.com\/blog\/?s={search_term_string}\"},\"query-input\":\"required name=search_term_string\"}],\"inLanguage\":\"en-US\"},{\"@type\":\"ImageObject\",\"inLanguage\":\"en-US\",\"@id\":\"https:\/\/www.visit-ulcinj.com\/blog\/2009\/02\/02\/1-shkurt-ne-paris-do-te-mbahet-kampionati-i-36-te-evropian-i-karatese\/#primaryimage\",\"url\":\"https:\/\/www.visit-ulcinj.com\/blog\/wp-content\/uploads\/2009\/02\/ruzhdi-rama_dardan-ceka-_besnik-adoviq.jpg\",\"contentUrl\":\"https:\/\/www.visit-ulcinj.com\/blog\/wp-content\/uploads\/2009\/02\/ruzhdi-rama_dardan-ceka-_besnik-adoviq.jpg\",\"width\":\"300\",\"height\":\"225\"},{\"@type\":\"WebPage\",\"@id\":\"https:\/\/www.visit-ulcinj.com\/blog\/2009\/02\/02\/1-shkurt-ne-paris-do-te-mbahet-kampionati-i-36-te-evropian-i-karatese\/#webpage\",\"url\":\"https:\/\/www.visit-ulcinj.com\/blog\/2009\/02\/02\/1-shkurt-ne-paris-do-te-mbahet-kampionati-i-36-te-evropian-i-karatese\/\",\"name\":\"Me 1 shkurt n\u00eb Paris do t\u00eb mbahet kampionati i 36-t\u00eb evropian i karates\u00eb - Lajme nga Ulqini\",\"isPartOf\":{\"@id\":\"https:\/\/www.visit-ulcinj.com\/blog\/#website\"},\"primaryImageOfPage\":{\"@id\":\"https:\/\/www.visit-ulcinj.com\/blog\/2009\/02\/02\/1-shkurt-ne-paris-do-te-mbahet-kampionati-i-36-te-evropian-i-karatese\/#primaryimage\"},\"datePublished\":\"2009-02-02T13:58:27+00:00\",\"dateModified\":\"2009-02-02T13:59:49+00:00\",\"author\":{\"@id\":\"https:\/\/www.visit-ulcinj.com\/blog\/#\/schema\/person\/dcab619c614d3038751c63bc2aadc06d\"},\"description\":\"Dardan Ceka dhe Besnik Adoviq do t\u00eb p\u00ebrballen me m\u00eb t\u00eb mir\u00ebt e Evrop\u00ebs Dardan Ceka n\u00eb k\u00ebt\u00eb Kampionat do t\u00eb marr\u00eb pjes\u00eb n\u00eb disiplin\u00ebn e luft\u00ebrave, n\u00eb\",\"breadcrumb\":{\"@id\":\"https:\/\/www.visit-ulcinj.com\/blog\/2009\/02\/02\/1-shkurt-ne-paris-do-te-mbahet-kampionati-i-36-te-evropian-i-karatese\/#breadcrumb\"},\"inLanguage\":\"en-US\",\"potentialAction\":[{\"@type\":\"ReadAction\",\"target\":[\"https:\/\/www.visit-ulcinj.com\/blog\/2009\/02\/02\/1-shkurt-ne-paris-do-te-mbahet-kampionati-i-36-te-evropian-i-karatese\/\"]}]},{\"@type\":\"BreadcrumbList\",\"@id\":\"https:\/\/www.visit-ulcinj.com\/blog\/2009\/02\/02\/1-shkurt-ne-paris-do-te-mbahet-kampionati-i-36-te-evropian-i-karatese\/#breadcrumb\",\"itemListElement\":[{\"@type\":\"ListItem\",\"position\":1,\"name\":\"Me 1 shkurt n\u00eb Paris do t\u00eb mbahet kampionati i 36-t\u00eb evropian i karates\u00eb\"}]},{\"@type\":\"Person\",\"@id\":\"https:\/\/www.visit-ulcinj.com\/blog\/#\/schema\/person\/dcab619c614d3038751c63bc2aadc06d\",\"name\":\"ulqini\",\"sameAs\":[\"http:\/\/www.visit-ulcinj.com\"],\"url\":\"https:\/\/www.visit-ulcinj.com\/blog\/author\/admin\/\"}]}<\/script>\n<!-- \/ Yoast SEO plugin. -->","yoast_head_json":{"title":"Me 1 shkurt n\u00eb Paris do t\u00eb mbahet kampionati i 36-t\u00eb evropian i karates\u00eb - Lajme nga Ulqini","description":"Dardan Ceka dhe Besnik Adoviq do t\u00eb p\u00ebrballen me m\u00eb t\u00eb mir\u00ebt e Evrop\u00ebs Dardan Ceka n\u00eb k\u00ebt\u00eb Kampionat do t\u00eb marr\u00eb pjes\u00eb n\u00eb disiplin\u00ebn e luft\u00ebrave, n\u00eb","robots":{"index":"index","follow":"follow","max-snippet":"max-snippet:-1","max-image-preview":"max-image-preview:large","max-video-preview":"max-video-preview:-1"},"canonical":"https:\/\/www.visit-ulcinj.com\/blog\/2009\/02\/02\/1-shkurt-ne-paris-do-te-mbahet-kampionati-i-36-te-evropian-i-karatese\/","og_locale":"en_US","og_type":"article","og_title":"Me 1 shkurt n\u00eb Paris do t\u00eb mbahet kampionati i 36-t\u00eb evropian i karates\u00eb - Lajme nga Ulqini","og_description":"Dardan Ceka dhe Besnik Adoviq do t\u00eb p\u00ebrballen me m\u00eb t\u00eb mir\u00ebt e Evrop\u00ebs Dardan Ceka n\u00eb k\u00ebt\u00eb Kampionat do t\u00eb marr\u00eb pjes\u00eb n\u00eb disiplin\u00ebn e luft\u00ebrave, n\u00eb","og_url":"https:\/\/www.visit-ulcinj.com\/blog\/2009\/02\/02\/1-shkurt-ne-paris-do-te-mbahet-kampionati-i-36-te-evropian-i-karatese\/","og_site_name":"Lajme nga Ulqini","article_published_time":"2009-02-02T13:58:27+00:00","article_modified_time":"2009-02-02T13:59:49+00:00","og_image":[{"url":"http:\/\/www.visit-ulcinj.com\/blog\/wp-content\/uploads\/2009\/02\/ruzhdi-rama_dardan-ceka-_besnik-adoviq.jpg"}],"twitter_misc":{"Written by":"ulqini","Est. reading time":"1 minute"},"schema":{"@context":"https:\/\/schema.org","@graph":[{"@type":"WebSite","@id":"https:\/\/www.visit-ulcinj.com\/blog\/#website","url":"https:\/\/www.visit-ulcinj.com\/blog\/","name":"Lajme nga Ulqini","description":"Lajme,Vijesti,Ulqini,Ulqin,Crna Gora,Mali i Zi","potentialAction":[{"@type":"SearchAction","target":{"@type":"EntryPoint","urlTemplate":"https:\/\/www.visit-ulcinj.com\/blog\/?s={search_term_string}"},"query-input":"required name=search_term_string"}],"inLanguage":"en-US"},{"@type":"ImageObject","inLanguage":"en-US","@id":"https:\/\/www.visit-ulcinj.com\/blog\/2009\/02\/02\/1-shkurt-ne-paris-do-te-mbahet-kampionati-i-36-te-evropian-i-karatese\/#primaryimage","url":"https:\/\/www.visit-ulcinj.com\/blog\/wp-content\/uploads\/2009\/02\/ruzhdi-rama_dardan-ceka-_besnik-adoviq.jpg","contentUrl":"https:\/\/www.visit-ulcinj.com\/blog\/wp-content\/uploads\/2009\/02\/ruzhdi-rama_dardan-ceka-_besnik-adoviq.jpg","width":"300","height":"225"},{"@type":"WebPage","@id":"https:\/\/www.visit-ulcinj.com\/blog\/2009\/02\/02\/1-shkurt-ne-paris-do-te-mbahet-kampionati-i-36-te-evropian-i-karatese\/#webpage","url":"https:\/\/www.visit-ulcinj.com\/blog\/2009\/02\/02\/1-shkurt-ne-paris-do-te-mbahet-kampionati-i-36-te-evropian-i-karatese\/","name":"Me 1 shkurt n\u00eb Paris do t\u00eb mbahet kampionati i 36-t\u00eb evropian i karates\u00eb - Lajme nga Ulqini","isPartOf":{"@id":"https:\/\/www.visit-ulcinj.com\/blog\/#website"},"primaryImageOfPage":{"@id":"https:\/\/www.visit-ulcinj.com\/blog\/2009\/02\/02\/1-shkurt-ne-paris-do-te-mbahet-kampionati-i-36-te-evropian-i-karatese\/#primaryimage"},"datePublished":"2009-02-02T13:58:27+00:00","dateModified":"2009-02-02T13:59:49+00:00","author":{"@id":"https:\/\/www.visit-ulcinj.com\/blog\/#\/schema\/person\/dcab619c614d3038751c63bc2aadc06d"},"description":"Dardan Ceka dhe Besnik Adoviq do t\u00eb p\u00ebrballen me m\u00eb t\u00eb mir\u00ebt e Evrop\u00ebs Dardan Ceka n\u00eb k\u00ebt\u00eb Kampionat do t\u00eb marr\u00eb pjes\u00eb n\u00eb disiplin\u00ebn e luft\u00ebrave, n\u00eb","breadcrumb":{"@id":"https:\/\/www.visit-ulcinj.com\/blog\/2009\/02\/02\/1-shkurt-ne-paris-do-te-mbahet-kampionati-i-36-te-evropian-i-karatese\/#breadcrumb"},"inLanguage":"en-US","potentialAction":[{"@type":"ReadAction","target":["https:\/\/www.visit-ulcinj.com\/blog\/2009\/02\/02\/1-shkurt-ne-paris-do-te-mbahet-kampionati-i-36-te-evropian-i-karatese\/"]}]},{"@type":"BreadcrumbList","@id":"https:\/\/www.visit-ulcinj.com\/blog\/2009\/02\/02\/1-shkurt-ne-paris-do-te-mbahet-kampionati-i-36-te-evropian-i-karatese\/#breadcrumb","itemListElement":[{"@type":"ListItem","position":1,"name":"Me 1 shkurt n\u00eb Paris do t\u00eb mbahet kampionati i 36-t\u00eb evropian i karates\u00eb"}]},{"@type":"Person","@id":"https:\/\/www.visit-ulcinj.com\/blog\/#\/schema\/person\/dcab619c614d3038751c63bc2aadc06d","name":"ulqini","sameAs":["http:\/\/www.visit-ulcinj.com"],"url":"https:\/\/www.visit-ulcinj.com\/blog\/author\/admin\/"}]}},"jetpack_featured_media_url":"","jetpack_sharing_enabled":true,"jetpack_shortlink":"https:\/\/wp.me\/pe6lTn-2Gu","_links":{"self":[{"href":"https:\/\/www.visit-ulcinj.com\/blog\/wp-json\/wp\/v2\/posts\/10322"}],"collection":[{"href":"https:\/\/www.visit-ulcinj.com\/blog\/wp-json\/wp\/v2\/posts"}],"about":[{"href":"https:\/\/www.visit-ulcinj.com\/blog\/wp-json\/wp\/v2\/types\/post"}],"author":[{"embeddable":true,"href":"https:\/\/www.visit-ulcinj.com\/blog\/wp-json\/wp\/v2\/users\/1"}],"replies":[{"embeddable":true,"href":"https:\/\/www.visit-ulcinj.com\/blog\/wp-json\/wp\/v2\/comments?post=10322"}],"version-history":[{"count":0,"href":"https:\/\/www.visit-ulcinj.com\/blog\/wp-json\/wp\/v2\/posts\/10322\/revisions"}],"wp:attachment":[{"href":"https:\/\/www.visit-ulcinj.com\/blog\/wp-json\/wp\/v2\/media?parent=10322"}],"wp:term":[{"taxonomy":"category","embeddable":true,"href":"https:\/\/www.visit-ulcinj.com\/blog\/wp-json\/wp\/v2\/categories?post=10322"},{"taxonomy":"post_tag","embeddable":true,"href":"https:\/\/www.visit-ulcinj.com\/blog\/wp-json\/wp\/v2\/tags?post=10322"}],"curies":[{"name":"wp","href":"https:\/\/api.w.org\/{rel}","templated":true}]}}