{"id":103221,"date":"2017-02-24T07:38:24","date_gmt":"2017-02-24T06:38:24","guid":{"rendered":"http:\/\/www.visit-ulcinj.com\/blog\/?p=103221"},"modified":"2017-02-24T07:38:24","modified_gmt":"2017-02-24T06:38:24","slug":"fillon-revitalizimi-tregut-te-katerkolles","status":"publish","type":"post","link":"https:\/\/www.visit-ulcinj.com\/blog\/2017\/02\/24\/fillon-revitalizimi-tregut-te-katerkolles\/","title":{"rendered":"Fillon revitalizimi i tregut t\u00eb Kat\u00ebrkoll\u00ebs"},"content":{"rendered":"<p class=\"row-big-title\"><strong><a href=\"http:\/\/www.visit-ulcinj.com\/blog\/wp-content\/uploads\/2017\/02\/Nazif-Cungu-premtoj\u00eb-ne-Katerkolle-1.jpg\"><img loading=\"lazy\" class=\"alignleft wp-image-103202\" src=\"http:\/\/www.visit-ulcinj.com\/blog\/wp-content\/uploads\/2017\/02\/Nazif-Cungu-premtoj\u00eb-ne-Katerkolle-1.jpg\" alt=\"Nazif Cungu premtoj\u00eb ne Katerkolle-1\" width=\"508\" height=\"381\" srcset=\"https:\/\/www.visit-ulcinj.com\/blog\/wp-content\/uploads\/2017\/02\/Nazif-Cungu-premtoj\u00eb-ne-Katerkolle-1.jpg 960w, https:\/\/www.visit-ulcinj.com\/blog\/wp-content\/uploads\/2017\/02\/Nazif-Cungu-premtoj\u00eb-ne-Katerkolle-1-300x225.jpg 300w, https:\/\/www.visit-ulcinj.com\/blog\/wp-content\/uploads\/2017\/02\/Nazif-Cungu-premtoj\u00eb-ne-Katerkolle-1-768x576.jpg 768w\" sizes=\"(max-width: 508px) 100vw, 508px\" \/><\/a>Komuna revitalizon tregun e Kat\u00ebrkoll\u00ebs<\/strong><\/p>\n<p>Kryetari i\u00a0Komun\u00ebs s\u00eb Ulqinit Nazif Cungu vizitoi sot An\u00ebn e Malit, gjegj\u00ebsisht bashk\u00ebsit\u00eb lokale t\u00eb Kat\u00ebrkoll\u00ebs dhe Sukubin\u00ebs ku v\u00ebshtroi nga af\u00ebr ecurin\u00eb e aktiviteteve n\u00eb k\u00ebto zona.<\/p>\n<p>Gjat\u00eb vizit\u00ebs n\u00eb bashk\u00ebsin\u00eb lokale t\u00eb Kat\u00ebrkoll\u00ebs u n\u00ebnshkrua marr\u00ebveshja me familjen Salaj, pronar\u00ebt e tok\u00ebs ku ndodhet edhe pazari. Me famljen u dakordua q\u00eb pazari t\u00eb p\u00ebrdoret nga qytetar\u00ebt t\u00eb cil\u00ebt deri sot produktet e veta i kan\u00eb shitur ne vende t\u00eb cilat nuk jane adekuate p\u00ebr shitje.Prej sot, mund t\u00eb thohet se banor\u00ebt e Kat\u00ebrkoll\u00ebs dhe fshatrave tjera p\u00ebrreth do pajisen me pazarin adekuat i cili do mir\u00ebmbahet nga NP \u201cVeprimtarit\u00eb Komunale\u201d.<\/p>\n<p>&nbsp;<\/p>\n<p>Kryetari Cungu d\u00ebgjoi nevojat e tjera t\u00eb bashk\u00ebsive lokale dhe si prioritare u caktuan rruga Kryth\u00eb &#8211; Ulqin p\u00ebr t\u00eb cil\u00ebn \u00ebsht\u00eb p\u00ebrfunduar procesi i tenderimit, realizimi i qendr\u00ebs sportive me disa fusha p\u00ebr sporte t\u00eb ndryshme, projektimi i rregullimit t\u00eb sall\u00ebs s\u00eb kultur\u00ebs dhe aktivitete t\u00eb tjera t\u00eb r\u00ebnd\u00ebsishme p\u00ebr banor\u00ebt e k\u00ebtij teritori.<\/p>\n<p>Gjat\u00eb vizit\u00ebs n\u00eb Kat\u00ebrkoll\u00eb delegacionit t\u00eb Komun\u00ebs s\u00eb Ulqinit iu bashkangjit\u00ebn edhe p\u00ebrfaq\u00ebsuesit e\u00a0 Biznes Klubit Ana e Malit t\u00eb cil\u00ebt shprehen k\u00ebnaq\u00ebsin\u00eb e vet p\u00ebr projektet t\u00eb cilat po realizohen duke inkurajuar udh\u00ebheq\u00ebsit komunal q\u00eb t\u00eb vazhdojn\u00eb aktivitetet e tyre n\u00eb realizimin e projekteve me interes publik. Kryetari i BKA Kabil Kurti theksoi se subjekti q\u00eb p\u00ebrfaq\u00ebson ai do jet\u00eb gjithmon\u00eb partner n\u00eb realizimin e projekteve konkrete q\u00eb jan\u00eb t\u00eb r\u00ebnd\u00ebsishme p\u00ebr banor\u00ebt e k\u00ebsaj zone.<\/p>\n<p>&nbsp;<\/p>\n<p>N\u00eb vazhdim t\u00eb agjend\u00ebs s\u00eb Kryetarit Cungu dhe bashk\u00ebpun\u00ebtor\u00ebve t\u00eb tij u gjet edhe vizita e punimeve te shkolla e Sukubin\u00ebs investim i cili po realizohet n\u00eb partneritet me diaspor\u00ebn dhe Ministrin\u00eb e Arsimit t\u00eb Malit t\u00eb Zi.<\/p>\n<p>Pranish\u00ebm ishte edhe drejtori i shkoll\u00ebs \u201cBedri Elezaga\u201d\u00a0 z. Qemal Bajri i cili vler\u00ebsoi realizimin e k\u00ebtij projekti si nj\u00eb nd\u00ebr projektet m\u00eb t\u00eb m\u00ebdha q\u00eb po realizohen ne pjes\u00ebn e An\u00ebs s\u00eb Malit. Kryetari Cungu vler\u00ebsoi projektin i cili po realizohet edhe n\u00eb aspektin e afirmimit t\u00eb banor\u00ebve t\u00eb k\u00ebsaj zone q\u00eb t\u00eb mos largohen nga vendbanimet e tyre dhe theksoi se do merren masat e nevojshme q\u00eb t\u00eb gjith\u00eb partner\u00ebt ti kryejn\u00eb obligimet e veta dhe viti i ardhsh\u00ebm shkollor t\u00eb jet\u00eb edhe fillimi i pun\u00ebs s\u00eb shkoll\u00ebs s\u00eb Sukubin\u00ebs. P\u00ebrfaq\u00ebsuesit e firm\u00ebs Artek dhe GenCon t\u00eb cil\u00ebt jan\u00eb edhe realizuesit e projektit vler\u00ebsuan shum\u00eb pun\u00ebn q\u00eb po realizon pushteti lokal ne kryerjen e obligimeve t\u00eb veta dhe shpresojn\u00eb q\u00eb investimi t\u00eb realizohet p\u00ebrfundimisht deri para fillimit t\u00eb vitit t\u00eb ri shkollor.<\/p>\n<p>N\u00eb fund u vizitua edhe nd\u00ebrtesa e bashk\u00ebsis\u00eb lokale t\u00eb Sukubin\u00ebs ku kryetari Cungu siguroi kryetarin e bashk\u00ebsis\u00eb lokale t\u00eb Sukubin\u00ebs se do ken\u00eb p\u00ebrkrahjen e nevojshme n\u00eb rekonstruimin e nd\u00ebrtes\u00ebs i siguroi q\u00eb do ken\u00eb ndihmat e nevojshme n\u00eb fillimin e pun\u00ebs s\u00eb tyre.<\/p>\n\n\t\t<style type=\"text\/css\">\n\t\t\t#gallery-1 {\n\t\t\t\tmargin: auto;\n\t\t\t}\n\t\t\t#gallery-1 .gallery-item {\n\t\t\t\tfloat: left;\n\t\t\t\tmargin-top: 10px;\n\t\t\t\ttext-align: center;\n\t\t\t\twidth: 33%;\n\t\t\t}\n\t\t\t#gallery-1 img {\n\t\t\t\tborder: 2px solid #cfcfcf;\n\t\t\t}\n\t\t\t#gallery-1 .gallery-caption {\n\t\t\t\tmargin-left: 0;\n\t\t\t}\n\t\t\t\/* see gallery_shortcode() in wp-includes\/media.php *\/\n\t\t<\/style>\n\t\t<div id='gallery-1' class='gallery galleryid-103221 gallery-columns-3 gallery-size-thumbnail'><dl class='gallery-item'>\n\t\t\t<dt class='gallery-icon landscape'>\n\t\t\t\t<a href='https:\/\/www.visit-ulcinj.com\/blog\/2017\/02\/23\/kryetari-cungu-premton-rrugen-krythe-ulqin-dhe-investime-kapitale\/nazif-cungu-premtoje-ne-katerkolle-4\/'><img width=\"150\" height=\"150\" src=\"https:\/\/www.visit-ulcinj.com\/blog\/wp-content\/uploads\/2017\/02\/Nazif-Cungu-premtoj\u00eb-ne-Katerkolle-4-150x150.jpg\" class=\"attachment-thumbnail size-thumbnail\" alt=\"\" loading=\"lazy\" \/><\/a>\n\t\t\t<\/dt><\/dl><dl class='gallery-item'>\n\t\t\t<dt class='gallery-icon portrait'>\n\t\t\t\t<a href='https:\/\/www.visit-ulcinj.com\/blog\/2017\/02\/23\/bka-pjesemarrese-ne-ane-te-malit-perfajsuesit-e-pushtetit-lokal\/kabil-kurti-nazif-cungu\/'><img width=\"150\" height=\"150\" src=\"https:\/\/www.visit-ulcinj.com\/blog\/wp-content\/uploads\/2017\/02\/Kabil-Kurti-Nazif-Cungu-150x150.jpg\" class=\"attachment-thumbnail size-thumbnail\" alt=\"\" loading=\"lazy\" \/><\/a>\n\t\t\t<\/dt><\/dl><dl class='gallery-item'>\n\t\t\t<dt class='gallery-icon landscape'>\n\t\t\t\t<a href='https:\/\/www.visit-ulcinj.com\/blog\/2017\/02\/23\/kryetari-cungu-premton-rrugen-krythe-ulqin-dhe-investime-kapitale\/nazif-cungu-premtoje-ne-katerkolle-3\/'><img width=\"150\" height=\"150\" src=\"https:\/\/www.visit-ulcinj.com\/blog\/wp-content\/uploads\/2017\/02\/Nazif-Cungu-premtoj\u00eb-ne-Katerkolle-3-150x150.jpg\" class=\"attachment-thumbnail size-thumbnail\" alt=\"\" loading=\"lazy\" \/><\/a>\n\t\t\t<\/dt><\/dl><br style=\"clear: both\" \/><dl class='gallery-item'>\n\t\t\t<dt class='gallery-icon landscape'>\n\t\t\t\t<a href='https:\/\/www.visit-ulcinj.com\/blog\/2017\/02\/23\/kryetari-cungu-premton-rrugen-krythe-ulqin-dhe-investime-kapitale\/nazif-cungu-premtoje-ne-katerkolle-2\/'><img width=\"150\" height=\"150\" src=\"https:\/\/www.visit-ulcinj.com\/blog\/wp-content\/uploads\/2017\/02\/Nazif-Cungu-premtoj\u00eb-ne-Katerkolle-2-150x150.jpg\" class=\"attachment-thumbnail size-thumbnail\" alt=\"\" loading=\"lazy\" \/><\/a>\n\t\t\t<\/dt><\/dl><dl class='gallery-item'>\n\t\t\t<dt class='gallery-icon landscape'>\n\t\t\t\t<a href='https:\/\/www.visit-ulcinj.com\/blog\/2017\/02\/23\/kryetari-cungu-premton-rrugen-krythe-ulqin-dhe-investime-kapitale\/nazif-cungu-premtoje-ne-katerkolle-1\/'><img width=\"150\" height=\"150\" src=\"https:\/\/www.visit-ulcinj.com\/blog\/wp-content\/uploads\/2017\/02\/Nazif-Cungu-premtoj\u00eb-ne-Katerkolle-1-150x150.jpg\" class=\"attachment-thumbnail size-thumbnail\" alt=\"\" loading=\"lazy\" \/><\/a>\n\t\t\t<\/dt><\/dl><dl class='gallery-item'>\n\t\t\t<dt class='gallery-icon landscape'>\n\t\t\t\t<a href='https:\/\/www.visit-ulcinj.com\/blog\/2017\/02\/23\/kryetari-cungu-premton-rrugen-krythe-ulqin-dhe-investime-kapitale\/nazif-cungu-premtoje-ne-katerkolle\/'><img width=\"150\" height=\"150\" src=\"https:\/\/www.visit-ulcinj.com\/blog\/wp-content\/uploads\/2017\/02\/Nazif-Cungu-premtoj\u00eb-ne-Katerkolle--150x150.jpg\" class=\"attachment-thumbnail size-thumbnail\" alt=\"\" loading=\"lazy\" \/><\/a>\n\t\t\t<\/dt><\/dl><br style=\"clear: both\" \/>\n\t\t<\/div>\n\n<div class=\"clearfix\"><\/div>\n","protected":false},"excerpt":{"rendered":"<p>Komuna revitalizon tregun e Kat\u00ebrkoll\u00ebs Kryetari i\u00a0Komun\u00ebs s\u00eb Ulqinit Nazif Cungu vizitoi sot An\u00ebn e Malit, gjegj\u00ebsisht bashk\u00ebsit\u00eb lokale t\u00eb Kat\u00ebrkoll\u00ebs dhe Sukubin\u00ebs ku v\u00ebshtroi nga af\u00ebr ecurin\u00eb e aktiviteteve n\u00eb k\u00ebto zona. Gjat\u00eb vizit\u00ebs n\u00eb bashk\u00ebsin\u00eb lokale t\u00eb Kat\u00ebrkoll\u00ebs u n\u00ebnshkrua marr\u00ebveshja me familjen Salaj, pronar\u00ebt e tok\u00ebs ku ndodhet edhe pazari. Me famljen [&hellip;]<\/p>\n","protected":false},"author":1,"featured_media":0,"comment_status":"closed","ping_status":"closed","sticky":false,"template":"","format":"standard","meta":{"spay_email":"","jetpack_publicize_message":"","jetpack_is_tweetstorm":false,"jetpack_publicize_feature_enabled":true},"categories":[10],"tags":[],"jetpack_publicize_connections":[],"yoast_head":"<!-- This site is optimized with the Yoast SEO plugin v19.1 - https:\/\/yoast.com\/wordpress\/plugins\/seo\/ -->\n<title>Fillon revitalizimi i tregut t\u00eb Kat\u00ebrkoll\u00ebs - Lajme nga Ulqini<\/title>\n<meta name=\"description\" content=\"Komuna revitalizon tregun e Kat\u00ebrkoll\u00ebs Kryetari i\u00a0Komun\u00ebs s\u00eb Ulqinit Nazif Cungu vizitoi sot An\u00ebn e Malit, gjegj\u00ebsisht bashk\u00ebsit\u00eb lokale t\u00eb Kat\u00ebrkoll\u00ebs\" \/>\n<meta name=\"robots\" content=\"index, follow, max-snippet:-1, max-image-preview:large, max-video-preview:-1\" \/>\n<link rel=\"canonical\" href=\"https:\/\/www.visit-ulcinj.com\/blog\/2017\/02\/24\/fillon-revitalizimi-tregut-te-katerkolles\/\" \/>\n<meta property=\"og:locale\" content=\"en_US\" \/>\n<meta property=\"og:type\" content=\"article\" \/>\n<meta property=\"og:title\" content=\"Fillon revitalizimi i tregut t\u00eb Kat\u00ebrkoll\u00ebs - Lajme nga Ulqini\" \/>\n<meta property=\"og:description\" content=\"Komuna revitalizon tregun e Kat\u00ebrkoll\u00ebs Kryetari i\u00a0Komun\u00ebs s\u00eb Ulqinit Nazif Cungu vizitoi sot An\u00ebn e Malit, gjegj\u00ebsisht bashk\u00ebsit\u00eb lokale t\u00eb Kat\u00ebrkoll\u00ebs\" \/>\n<meta property=\"og:url\" content=\"https:\/\/www.visit-ulcinj.com\/blog\/2017\/02\/24\/fillon-revitalizimi-tregut-te-katerkolles\/\" \/>\n<meta property=\"og:site_name\" content=\"Lajme nga Ulqini\" \/>\n<meta property=\"article:published_time\" content=\"2017-02-24T06:38:24+00:00\" \/>\n<meta property=\"og:image\" content=\"https:\/\/www.visit-ulcinj.com\/blog\/wp-content\/uploads\/2017\/02\/Nazif-Cungu-premtoj\u00eb-ne-Katerkolle-4-150x150.jpg\" \/>\n<meta name=\"twitter:label1\" content=\"Written by\" \/>\n\t<meta name=\"twitter:data1\" content=\"ulqini\" \/>\n\t<meta name=\"twitter:label2\" content=\"Est. reading time\" \/>\n\t<meta name=\"twitter:data2\" content=\"3 minutes\" \/>\n<script type=\"application\/ld+json\" class=\"yoast-schema-graph\">{\"@context\":\"https:\/\/schema.org\",\"@graph\":[{\"@type\":\"WebSite\",\"@id\":\"https:\/\/www.visit-ulcinj.com\/blog\/#website\",\"url\":\"https:\/\/www.visit-ulcinj.com\/blog\/\",\"name\":\"Lajme nga Ulqini\",\"description\":\"Lajme,Vijesti,Ulqini,Ulqin,Crna Gora,Mali i Zi\",\"potentialAction\":[{\"@type\":\"SearchAction\",\"target\":{\"@type\":\"EntryPoint\",\"urlTemplate\":\"https:\/\/www.visit-ulcinj.com\/blog\/?s={search_term_string}\"},\"query-input\":\"required name=search_term_string\"}],\"inLanguage\":\"en-US\"},{\"@type\":\"WebPage\",\"@id\":\"https:\/\/www.visit-ulcinj.com\/blog\/2017\/02\/24\/fillon-revitalizimi-tregut-te-katerkolles\/#webpage\",\"url\":\"https:\/\/www.visit-ulcinj.com\/blog\/2017\/02\/24\/fillon-revitalizimi-tregut-te-katerkolles\/\",\"name\":\"Fillon revitalizimi i tregut t\u00eb Kat\u00ebrkoll\u00ebs - Lajme nga Ulqini\",\"isPartOf\":{\"@id\":\"https:\/\/www.visit-ulcinj.com\/blog\/#website\"},\"datePublished\":\"2017-02-24T06:38:24+00:00\",\"dateModified\":\"2017-02-24T06:38:24+00:00\",\"author\":{\"@id\":\"https:\/\/www.visit-ulcinj.com\/blog\/#\/schema\/person\/dcab619c614d3038751c63bc2aadc06d\"},\"description\":\"Komuna revitalizon tregun e Kat\u00ebrkoll\u00ebs Kryetari i\u00a0Komun\u00ebs s\u00eb Ulqinit Nazif Cungu vizitoi sot An\u00ebn e Malit, gjegj\u00ebsisht bashk\u00ebsit\u00eb lokale t\u00eb Kat\u00ebrkoll\u00ebs\",\"breadcrumb\":{\"@id\":\"https:\/\/www.visit-ulcinj.com\/blog\/2017\/02\/24\/fillon-revitalizimi-tregut-te-katerkolles\/#breadcrumb\"},\"inLanguage\":\"en-US\",\"potentialAction\":[{\"@type\":\"ReadAction\",\"target\":[\"https:\/\/www.visit-ulcinj.com\/blog\/2017\/02\/24\/fillon-revitalizimi-tregut-te-katerkolles\/\"]}]},{\"@type\":\"BreadcrumbList\",\"@id\":\"https:\/\/www.visit-ulcinj.com\/blog\/2017\/02\/24\/fillon-revitalizimi-tregut-te-katerkolles\/#breadcrumb\",\"itemListElement\":[{\"@type\":\"ListItem\",\"position\":1,\"name\":\"Fillon revitalizimi i tregut t\u00eb Kat\u00ebrkoll\u00ebs\"}]},{\"@type\":\"Person\",\"@id\":\"https:\/\/www.visit-ulcinj.com\/blog\/#\/schema\/person\/dcab619c614d3038751c63bc2aadc06d\",\"name\":\"ulqini\",\"sameAs\":[\"http:\/\/www.visit-ulcinj.com\"],\"url\":\"https:\/\/www.visit-ulcinj.com\/blog\/author\/admin\/\"}]}<\/script>\n<!-- \/ Yoast SEO plugin. -->","yoast_head_json":{"title":"Fillon revitalizimi i tregut t\u00eb Kat\u00ebrkoll\u00ebs - Lajme nga Ulqini","description":"Komuna revitalizon tregun e Kat\u00ebrkoll\u00ebs Kryetari i\u00a0Komun\u00ebs s\u00eb Ulqinit Nazif Cungu vizitoi sot An\u00ebn e Malit, gjegj\u00ebsisht bashk\u00ebsit\u00eb lokale t\u00eb Kat\u00ebrkoll\u00ebs","robots":{"index":"index","follow":"follow","max-snippet":"max-snippet:-1","max-image-preview":"max-image-preview:large","max-video-preview":"max-video-preview:-1"},"canonical":"https:\/\/www.visit-ulcinj.com\/blog\/2017\/02\/24\/fillon-revitalizimi-tregut-te-katerkolles\/","og_locale":"en_US","og_type":"article","og_title":"Fillon revitalizimi i tregut t\u00eb Kat\u00ebrkoll\u00ebs - Lajme nga Ulqini","og_description":"Komuna revitalizon tregun e Kat\u00ebrkoll\u00ebs Kryetari i\u00a0Komun\u00ebs s\u00eb Ulqinit Nazif Cungu vizitoi sot An\u00ebn e Malit, gjegj\u00ebsisht bashk\u00ebsit\u00eb lokale t\u00eb Kat\u00ebrkoll\u00ebs","og_url":"https:\/\/www.visit-ulcinj.com\/blog\/2017\/02\/24\/fillon-revitalizimi-tregut-te-katerkolles\/","og_site_name":"Lajme nga Ulqini","article_published_time":"2017-02-24T06:38:24+00:00","og_image":[{"url":"https:\/\/www.visit-ulcinj.com\/blog\/wp-content\/uploads\/2017\/02\/Nazif-Cungu-premtoj\u00eb-ne-Katerkolle-4-150x150.jpg"}],"twitter_misc":{"Written by":"ulqini","Est. reading time":"3 minutes"},"schema":{"@context":"https:\/\/schema.org","@graph":[{"@type":"WebSite","@id":"https:\/\/www.visit-ulcinj.com\/blog\/#website","url":"https:\/\/www.visit-ulcinj.com\/blog\/","name":"Lajme nga Ulqini","description":"Lajme,Vijesti,Ulqini,Ulqin,Crna Gora,Mali i Zi","potentialAction":[{"@type":"SearchAction","target":{"@type":"EntryPoint","urlTemplate":"https:\/\/www.visit-ulcinj.com\/blog\/?s={search_term_string}"},"query-input":"required name=search_term_string"}],"inLanguage":"en-US"},{"@type":"WebPage","@id":"https:\/\/www.visit-ulcinj.com\/blog\/2017\/02\/24\/fillon-revitalizimi-tregut-te-katerkolles\/#webpage","url":"https:\/\/www.visit-ulcinj.com\/blog\/2017\/02\/24\/fillon-revitalizimi-tregut-te-katerkolles\/","name":"Fillon revitalizimi i tregut t\u00eb Kat\u00ebrkoll\u00ebs - Lajme nga Ulqini","isPartOf":{"@id":"https:\/\/www.visit-ulcinj.com\/blog\/#website"},"datePublished":"2017-02-24T06:38:24+00:00","dateModified":"2017-02-24T06:38:24+00:00","author":{"@id":"https:\/\/www.visit-ulcinj.com\/blog\/#\/schema\/person\/dcab619c614d3038751c63bc2aadc06d"},"description":"Komuna revitalizon tregun e Kat\u00ebrkoll\u00ebs Kryetari i\u00a0Komun\u00ebs s\u00eb Ulqinit Nazif Cungu vizitoi sot An\u00ebn e Malit, gjegj\u00ebsisht bashk\u00ebsit\u00eb lokale t\u00eb Kat\u00ebrkoll\u00ebs","breadcrumb":{"@id":"https:\/\/www.visit-ulcinj.com\/blog\/2017\/02\/24\/fillon-revitalizimi-tregut-te-katerkolles\/#breadcrumb"},"inLanguage":"en-US","potentialAction":[{"@type":"ReadAction","target":["https:\/\/www.visit-ulcinj.com\/blog\/2017\/02\/24\/fillon-revitalizimi-tregut-te-katerkolles\/"]}]},{"@type":"BreadcrumbList","@id":"https:\/\/www.visit-ulcinj.com\/blog\/2017\/02\/24\/fillon-revitalizimi-tregut-te-katerkolles\/#breadcrumb","itemListElement":[{"@type":"ListItem","position":1,"name":"Fillon revitalizimi i tregut t\u00eb Kat\u00ebrkoll\u00ebs"}]},{"@type":"Person","@id":"https:\/\/www.visit-ulcinj.com\/blog\/#\/schema\/person\/dcab619c614d3038751c63bc2aadc06d","name":"ulqini","sameAs":["http:\/\/www.visit-ulcinj.com"],"url":"https:\/\/www.visit-ulcinj.com\/blog\/author\/admin\/"}]}},"jetpack_featured_media_url":"","jetpack_sharing_enabled":true,"jetpack_shortlink":"https:\/\/wp.me\/pe6lTn-qQR","_links":{"self":[{"href":"https:\/\/www.visit-ulcinj.com\/blog\/wp-json\/wp\/v2\/posts\/103221"}],"collection":[{"href":"https:\/\/www.visit-ulcinj.com\/blog\/wp-json\/wp\/v2\/posts"}],"about":[{"href":"https:\/\/www.visit-ulcinj.com\/blog\/wp-json\/wp\/v2\/types\/post"}],"author":[{"embeddable":true,"href":"https:\/\/www.visit-ulcinj.com\/blog\/wp-json\/wp\/v2\/users\/1"}],"replies":[{"embeddable":true,"href":"https:\/\/www.visit-ulcinj.com\/blog\/wp-json\/wp\/v2\/comments?post=103221"}],"version-history":[{"count":1,"href":"https:\/\/www.visit-ulcinj.com\/blog\/wp-json\/wp\/v2\/posts\/103221\/revisions"}],"predecessor-version":[{"id":103222,"href":"https:\/\/www.visit-ulcinj.com\/blog\/wp-json\/wp\/v2\/posts\/103221\/revisions\/103222"}],"wp:attachment":[{"href":"https:\/\/www.visit-ulcinj.com\/blog\/wp-json\/wp\/v2\/media?parent=103221"}],"wp:term":[{"taxonomy":"category","embeddable":true,"href":"https:\/\/www.visit-ulcinj.com\/blog\/wp-json\/wp\/v2\/categories?post=103221"},{"taxonomy":"post_tag","embeddable":true,"href":"https:\/\/www.visit-ulcinj.com\/blog\/wp-json\/wp\/v2\/tags?post=103221"}],"curies":[{"name":"wp","href":"https:\/\/api.w.org\/{rel}","templated":true}]}}