{"id":103234,"date":"2017-02-24T15:30:25","date_gmt":"2017-02-24T14:30:25","guid":{"rendered":"http:\/\/www.visit-ulcinj.com\/blog\/?p=103234"},"modified":"2017-02-24T15:40:15","modified_gmt":"2017-02-24T14:40:15","slug":"beogradski-sajam-turizma-predstavljena-turisticka-organizacija-ulcinja","status":"publish","type":"post","link":"https:\/\/www.visit-ulcinj.com\/blog\/2017\/02\/24\/beogradski-sajam-turizma-predstavljena-turisticka-organizacija-ulcinja\/","title":{"rendered":"Beogradski sajam turizma 2017, predstavljena i Turisti\u010dka organizacija Ulcinja"},"content":{"rendered":"<p><strong><a href=\"http:\/\/www.visit-ulcinj.com\/blog\/wp-content\/uploads\/2017\/02\/Sajam-Panairi-Beograd-2017-2.jpg\"><img loading=\"lazy\" class=\"alignleft wp-image-103230\" src=\"http:\/\/www.visit-ulcinj.com\/blog\/wp-content\/uploads\/2017\/02\/Sajam-Panairi-Beograd-2017-2.jpg\" alt=\"Sajam-Panairi-Beograd 2017-2\" width=\"508\" height=\"381\" srcset=\"https:\/\/www.visit-ulcinj.com\/blog\/wp-content\/uploads\/2017\/02\/Sajam-Panairi-Beograd-2017-2.jpg 824w, https:\/\/www.visit-ulcinj.com\/blog\/wp-content\/uploads\/2017\/02\/Sajam-Panairi-Beograd-2017-2-300x225.jpg 300w, https:\/\/www.visit-ulcinj.com\/blog\/wp-content\/uploads\/2017\/02\/Sajam-Panairi-Beograd-2017-2-768x576.jpg 768w\" sizes=\"(max-width: 508px) 100vw, 508px\" \/><\/a>Sajam Beograd 23-26.02.2017 (Crna Gora \u2013 \u00a0Zemlja Partner sajma, Crna Gora &#8211; uvijek druga\u010dija)<\/strong><\/p>\n<p>&nbsp;<\/p>\n<p>Na 39.me\u0111unarodnom sajmu turizma IFT u Beogradu koji se odr\u017eava od 23 do 26.02.2017 godine u\u010destvuje 1200 izlaga\u010da iz 55 zemalja. Turisti\u010dka Organizacija Ulcinj u\u010destvuje u saradnji sa Nacionalnom Turisti\u010dkom Organizacijom, Ministarstvom odr\u017eivog razvoja i turizma kao\u00a0 i drugim lokalnim organizacijama u Crnoj Gori na zajedni\u010dkom \u0161tandu. Crna Gora ove godine je partner Beogradskog sajma pa cijelokupna prezentacija bice predstavljena na visokom nivou. Delegaciju Crne Gore predvode ministar odr\u017eivog razvoja i turizma Pavle Radulovuc i direktorica NTO \u017deljka Radak. Delegaciji su se priklju\u010dili i predstavnici ambasade na\u0161e zemlje i privredne komore.<\/p>\n<p>&nbsp;<\/p>\n<p>Turisticka Organizacija Ulcinj tradicionalno nastupa na ovom sajmu koji je jedan od najve\u0107ih i najbolje organizovanih na ovom dijelu Evrope, a od ulcinjskih privrednika svoju turisti\u010dku privredu na ovom sajmu su odlu\u010dili da predstave i HTP Ulcinjska Rivijera, Hotel Albatros, hotel Laguna i kamp Safari, hotel Continental, hotel Prego, hotel Hot, Llolla i Eneida apartmani i ostali privrednici i agencije iz Ulcinja.<\/p>\n<p>Pored bogate ponude crnogorskih turisti\u010dkih centara na sajmu se promovi\u0161u i specifi\u010dnosti turisti\u010dke ponude kao i atraktivni paket aran\u017emani koji su formirani za tr\u017ei\u0161te Srbije za period van sezone i predstoje\u0107e ljetnje turisti\u010dke sezone. Cijene \u0107e u 2017 godini biti na nivou pro\u0161logodi\u0161njih.<\/p>\n<p>&nbsp;<\/p>\n<p>Takodjer, promovi\u0161u se kulturna i zabavna de\u0161avanja koja su planirana za ovu sezonu u Crnoj gori, izme\u0111u ostalog muzi\u010dki festival \u00a0\u201cSouthern Soul\u201d \u00a0u Ulcinju.<\/p>\n<p>Posjetioci crnogorskog \u0161tanda pored upoznavanja sa ponudom za ovu sezonu, imaju priliku da degustiraju specijalitete renomiranih crnogorskih restorana, crnogorskog vina, \u00a0ulcinjske suve smokve, ulcinjske masline itd.<\/p>\n<p>&nbsp;<\/p>\n<p>Direktor TOU Mr Fuad Had\u017eibeti je ve\u0107 prvog dana imao nekoliko intervijua vezano za turisti\u010dku ponudu Ulcinja, jer je velika posvje\u0107enost sajmu i veliko interesovanje vlada za Ulcinj, a u toku dana \u0107e imati i konferenciju za \u0161tampu. Prvog dana potpisan je i memorandum izme\u0111u MTTT i MORT Crne Gore.<\/p>\n<p>&nbsp;<\/p>\n<p>Statisti\u010dki podaci ukazuju da je u 2016 godine Crna Gora potvrdila epitet jedne od omiljenih destinacija turista iz Srbije, a Ulcinj je tokom 2016 godine posjetilo 23.299 turista koji su ostvarili 189.455 no\u0107enja \u0161to je 4% vi\u0161e u odnosu na 2015 godinu.<\/p>\n<p>&nbsp;<\/p>\n<p>&nbsp;<\/p>\n<p>Inform. sluzba TO Ulcinj<\/p>\n\n\t\t<style type=\"text\/css\">\n\t\t\t#gallery-1 {\n\t\t\t\tmargin: auto;\n\t\t\t}\n\t\t\t#gallery-1 .gallery-item {\n\t\t\t\tfloat: left;\n\t\t\t\tmargin-top: 10px;\n\t\t\t\ttext-align: center;\n\t\t\t\twidth: 33%;\n\t\t\t}\n\t\t\t#gallery-1 img {\n\t\t\t\tborder: 2px solid #cfcfcf;\n\t\t\t}\n\t\t\t#gallery-1 .gallery-caption {\n\t\t\t\tmargin-left: 0;\n\t\t\t}\n\t\t\t\/* see gallery_shortcode() in wp-includes\/media.php *\/\n\t\t<\/style>\n\t\t<div id='gallery-1' class='gallery galleryid-103234 gallery-columns-3 gallery-size-thumbnail'><dl class='gallery-item'>\n\t\t\t<dt class='gallery-icon landscape'>\n\t\t\t\t<a href='https:\/\/www.visit-ulcinj.com\/blog\/2017\/02\/24\/hapet-edicioni-39-te-panairi-nderkombetar-ift-ne-beograd-2017\/sajam-panairi-beograd-2017-4\/'><img width=\"150\" height=\"150\" src=\"https:\/\/www.visit-ulcinj.com\/blog\/wp-content\/uploads\/2017\/02\/Sajam-Panairi-Beograd-2017-4-150x150.jpg\" class=\"attachment-thumbnail size-thumbnail\" alt=\"\" loading=\"lazy\" \/><\/a>\n\t\t\t<\/dt><\/dl><dl class='gallery-item'>\n\t\t\t<dt class='gallery-icon portrait'>\n\t\t\t\t<a href='https:\/\/www.visit-ulcinj.com\/blog\/2017\/02\/24\/hapet-edicioni-39-te-panairi-nderkombetar-ift-ne-beograd-2017\/sajam-panairi-beograd-2017-3\/'><img width=\"150\" height=\"150\" src=\"https:\/\/www.visit-ulcinj.com\/blog\/wp-content\/uploads\/2017\/02\/Sajam-Panairi-Beograd-2017-3-150x150.jpg\" class=\"attachment-thumbnail size-thumbnail\" alt=\"\" loading=\"lazy\" \/><\/a>\n\t\t\t<\/dt><\/dl><dl class='gallery-item'>\n\t\t\t<dt class='gallery-icon portrait'>\n\t\t\t\t<a href='https:\/\/www.visit-ulcinj.com\/blog\/2017\/02\/24\/hapet-edicioni-39-te-panairi-nderkombetar-ift-ne-beograd-2017\/sajam-panairi-beograd-2017-1\/'><img width=\"150\" height=\"150\" src=\"https:\/\/www.visit-ulcinj.com\/blog\/wp-content\/uploads\/2017\/02\/Sajam-Panairi-Beograd-2017-1-150x150.jpg\" class=\"attachment-thumbnail size-thumbnail\" alt=\"\" loading=\"lazy\" \/><\/a>\n\t\t\t<\/dt><\/dl><br style=\"clear: both\" \/><dl class='gallery-item'>\n\t\t\t<dt class='gallery-icon landscape'>\n\t\t\t\t<a href='https:\/\/www.visit-ulcinj.com\/blog\/2017\/02\/24\/hapet-edicioni-39-te-panairi-nderkombetar-ift-ne-beograd-2017\/sajam-panairi-beograd-2017\/'><img width=\"150\" height=\"150\" src=\"https:\/\/www.visit-ulcinj.com\/blog\/wp-content\/uploads\/2017\/02\/Sajam-Panairi-Beograd-2017-150x150.jpg\" class=\"attachment-thumbnail size-thumbnail\" alt=\"\" loading=\"lazy\" \/><\/a>\n\t\t\t<\/dt><\/dl>\n\t\t\t<br style='clear: both' \/>\n\t\t<\/div>\n\n<p>&nbsp;<\/p>\n","protected":false},"excerpt":{"rendered":"<p>Sajam Beograd 23-26.02.2017 (Crna Gora \u2013 \u00a0Zemlja Partner sajma, Crna Gora &#8211; uvijek druga\u010dija) &nbsp; Na 39.me\u0111unarodnom sajmu turizma IFT u Beogradu koji se odr\u017eava od 23 do 26.02.2017 godine u\u010destvuje 1200 izlaga\u010da iz 55 zemalja. Turisti\u010dka Organizacija Ulcinj u\u010destvuje u saradnji sa Nacionalnom Turisti\u010dkom Organizacijom, Ministarstvom odr\u017eivog razvoja i turizma kao\u00a0 i drugim lokalnim [&hellip;]<\/p>\n","protected":false},"author":1,"featured_media":0,"comment_status":"closed","ping_status":"closed","sticky":false,"template":"","format":"standard","meta":{"spay_email":"","jetpack_publicize_message":"","jetpack_is_tweetstorm":false,"jetpack_publicize_feature_enabled":true},"categories":[8337],"tags":[],"jetpack_publicize_connections":[],"yoast_head":"<!-- This site is optimized with the Yoast SEO plugin v19.1 - https:\/\/yoast.com\/wordpress\/plugins\/seo\/ -->\n<title>Beogradski sajam turizma 2017, predstavljena i Turisti\u010dka organizacija Ulcinja - Lajme nga Ulqini<\/title>\n<meta name=\"description\" content=\"Sajam Beograd 23-26.02.2017 (Crna Gora \u2013 \u00a0Zemlja Partner sajma, Crna Gora - uvijek druga\u010dija) &nbsp; Na 39.me\u0111unarodnom sajmu turizma IFT u Beogradu koji\" \/>\n<meta name=\"robots\" content=\"index, follow, max-snippet:-1, max-image-preview:large, max-video-preview:-1\" \/>\n<link rel=\"canonical\" href=\"https:\/\/www.visit-ulcinj.com\/blog\/2017\/02\/24\/beogradski-sajam-turizma-predstavljena-turisticka-organizacija-ulcinja\/\" \/>\n<meta property=\"og:locale\" content=\"en_US\" \/>\n<meta property=\"og:type\" content=\"article\" \/>\n<meta property=\"og:title\" content=\"Beogradski sajam turizma 2017, predstavljena i Turisti\u010dka organizacija Ulcinja - Lajme nga Ulqini\" \/>\n<meta property=\"og:description\" content=\"Sajam Beograd 23-26.02.2017 (Crna Gora \u2013 \u00a0Zemlja Partner sajma, Crna Gora - uvijek druga\u010dija) &nbsp; Na 39.me\u0111unarodnom sajmu turizma IFT u Beogradu koji\" \/>\n<meta property=\"og:url\" content=\"https:\/\/www.visit-ulcinj.com\/blog\/2017\/02\/24\/beogradski-sajam-turizma-predstavljena-turisticka-organizacija-ulcinja\/\" \/>\n<meta property=\"og:site_name\" content=\"Lajme nga Ulqini\" \/>\n<meta property=\"article:published_time\" content=\"2017-02-24T14:30:25+00:00\" \/>\n<meta property=\"article:modified_time\" content=\"2017-02-24T14:40:15+00:00\" \/>\n<meta property=\"og:image\" content=\"https:\/\/www.visit-ulcinj.com\/blog\/wp-content\/uploads\/2017\/02\/Sajam-Panairi-Beograd-2017-4-150x150.jpg\" \/>\n<meta name=\"twitter:label1\" content=\"Written by\" \/>\n\t<meta name=\"twitter:data1\" content=\"ulqini\" \/>\n\t<meta name=\"twitter:label2\" content=\"Est. reading time\" \/>\n\t<meta name=\"twitter:data2\" content=\"2 minutes\" \/>\n<script type=\"application\/ld+json\" class=\"yoast-schema-graph\">{\"@context\":\"https:\/\/schema.org\",\"@graph\":[{\"@type\":\"WebSite\",\"@id\":\"https:\/\/www.visit-ulcinj.com\/blog\/#website\",\"url\":\"https:\/\/www.visit-ulcinj.com\/blog\/\",\"name\":\"Lajme nga Ulqini\",\"description\":\"Lajme,Vijesti,Ulqini,Ulqin,Crna Gora,Mali i Zi\",\"potentialAction\":[{\"@type\":\"SearchAction\",\"target\":{\"@type\":\"EntryPoint\",\"urlTemplate\":\"https:\/\/www.visit-ulcinj.com\/blog\/?s={search_term_string}\"},\"query-input\":\"required name=search_term_string\"}],\"inLanguage\":\"en-US\"},{\"@type\":\"ImageObject\",\"inLanguage\":\"en-US\",\"@id\":\"https:\/\/www.visit-ulcinj.com\/blog\/2017\/02\/24\/beogradski-sajam-turizma-predstavljena-turisticka-organizacija-ulcinja\/#primaryimage\",\"url\":\"https:\/\/www.visit-ulcinj.com\/blog\/wp-content\/uploads\/2017\/02\/Sajam-Panairi-Beograd-2017-2.jpg\",\"contentUrl\":\"https:\/\/www.visit-ulcinj.com\/blog\/wp-content\/uploads\/2017\/02\/Sajam-Panairi-Beograd-2017-2.jpg\",\"width\":824,\"height\":618},{\"@type\":\"WebPage\",\"@id\":\"https:\/\/www.visit-ulcinj.com\/blog\/2017\/02\/24\/beogradski-sajam-turizma-predstavljena-turisticka-organizacija-ulcinja\/#webpage\",\"url\":\"https:\/\/www.visit-ulcinj.com\/blog\/2017\/02\/24\/beogradski-sajam-turizma-predstavljena-turisticka-organizacija-ulcinja\/\",\"name\":\"Beogradski sajam turizma 2017, predstavljena i Turisti\u010dka organizacija Ulcinja - Lajme nga Ulqini\",\"isPartOf\":{\"@id\":\"https:\/\/www.visit-ulcinj.com\/blog\/#website\"},\"primaryImageOfPage\":{\"@id\":\"https:\/\/www.visit-ulcinj.com\/blog\/2017\/02\/24\/beogradski-sajam-turizma-predstavljena-turisticka-organizacija-ulcinja\/#primaryimage\"},\"datePublished\":\"2017-02-24T14:30:25+00:00\",\"dateModified\":\"2017-02-24T14:40:15+00:00\",\"author\":{\"@id\":\"https:\/\/www.visit-ulcinj.com\/blog\/#\/schema\/person\/dcab619c614d3038751c63bc2aadc06d\"},\"description\":\"Sajam Beograd 23-26.02.2017 (Crna Gora \u2013 \u00a0Zemlja Partner sajma, Crna Gora - uvijek druga\u010dija) &nbsp; Na 39.me\u0111unarodnom sajmu turizma IFT u Beogradu koji\",\"breadcrumb\":{\"@id\":\"https:\/\/www.visit-ulcinj.com\/blog\/2017\/02\/24\/beogradski-sajam-turizma-predstavljena-turisticka-organizacija-ulcinja\/#breadcrumb\"},\"inLanguage\":\"en-US\",\"potentialAction\":[{\"@type\":\"ReadAction\",\"target\":[\"https:\/\/www.visit-ulcinj.com\/blog\/2017\/02\/24\/beogradski-sajam-turizma-predstavljena-turisticka-organizacija-ulcinja\/\"]}]},{\"@type\":\"BreadcrumbList\",\"@id\":\"https:\/\/www.visit-ulcinj.com\/blog\/2017\/02\/24\/beogradski-sajam-turizma-predstavljena-turisticka-organizacija-ulcinja\/#breadcrumb\",\"itemListElement\":[{\"@type\":\"ListItem\",\"position\":1,\"name\":\"Beogradski sajam turizma 2017, predstavljena i Turisti\u010dka organizacija Ulcinja\"}]},{\"@type\":\"Person\",\"@id\":\"https:\/\/www.visit-ulcinj.com\/blog\/#\/schema\/person\/dcab619c614d3038751c63bc2aadc06d\",\"name\":\"ulqini\",\"sameAs\":[\"http:\/\/www.visit-ulcinj.com\"],\"url\":\"https:\/\/www.visit-ulcinj.com\/blog\/author\/admin\/\"}]}<\/script>\n<!-- \/ Yoast SEO plugin. -->","yoast_head_json":{"title":"Beogradski sajam turizma 2017, predstavljena i Turisti\u010dka organizacija Ulcinja - Lajme nga Ulqini","description":"Sajam Beograd 23-26.02.2017 (Crna Gora \u2013 \u00a0Zemlja Partner sajma, Crna Gora - uvijek druga\u010dija) &nbsp; Na 39.me\u0111unarodnom sajmu turizma IFT u Beogradu koji","robots":{"index":"index","follow":"follow","max-snippet":"max-snippet:-1","max-image-preview":"max-image-preview:large","max-video-preview":"max-video-preview:-1"},"canonical":"https:\/\/www.visit-ulcinj.com\/blog\/2017\/02\/24\/beogradski-sajam-turizma-predstavljena-turisticka-organizacija-ulcinja\/","og_locale":"en_US","og_type":"article","og_title":"Beogradski sajam turizma 2017, predstavljena i Turisti\u010dka organizacija Ulcinja - Lajme nga Ulqini","og_description":"Sajam Beograd 23-26.02.2017 (Crna Gora \u2013 \u00a0Zemlja Partner sajma, Crna Gora - uvijek druga\u010dija) &nbsp; Na 39.me\u0111unarodnom sajmu turizma IFT u Beogradu koji","og_url":"https:\/\/www.visit-ulcinj.com\/blog\/2017\/02\/24\/beogradski-sajam-turizma-predstavljena-turisticka-organizacija-ulcinja\/","og_site_name":"Lajme nga Ulqini","article_published_time":"2017-02-24T14:30:25+00:00","article_modified_time":"2017-02-24T14:40:15+00:00","og_image":[{"url":"https:\/\/www.visit-ulcinj.com\/blog\/wp-content\/uploads\/2017\/02\/Sajam-Panairi-Beograd-2017-4-150x150.jpg"}],"twitter_misc":{"Written by":"ulqini","Est. reading time":"2 minutes"},"schema":{"@context":"https:\/\/schema.org","@graph":[{"@type":"WebSite","@id":"https:\/\/www.visit-ulcinj.com\/blog\/#website","url":"https:\/\/www.visit-ulcinj.com\/blog\/","name":"Lajme nga Ulqini","description":"Lajme,Vijesti,Ulqini,Ulqin,Crna Gora,Mali i Zi","potentialAction":[{"@type":"SearchAction","target":{"@type":"EntryPoint","urlTemplate":"https:\/\/www.visit-ulcinj.com\/blog\/?s={search_term_string}"},"query-input":"required name=search_term_string"}],"inLanguage":"en-US"},{"@type":"ImageObject","inLanguage":"en-US","@id":"https:\/\/www.visit-ulcinj.com\/blog\/2017\/02\/24\/beogradski-sajam-turizma-predstavljena-turisticka-organizacija-ulcinja\/#primaryimage","url":"https:\/\/www.visit-ulcinj.com\/blog\/wp-content\/uploads\/2017\/02\/Sajam-Panairi-Beograd-2017-2.jpg","contentUrl":"https:\/\/www.visit-ulcinj.com\/blog\/wp-content\/uploads\/2017\/02\/Sajam-Panairi-Beograd-2017-2.jpg","width":824,"height":618},{"@type":"WebPage","@id":"https:\/\/www.visit-ulcinj.com\/blog\/2017\/02\/24\/beogradski-sajam-turizma-predstavljena-turisticka-organizacija-ulcinja\/#webpage","url":"https:\/\/www.visit-ulcinj.com\/blog\/2017\/02\/24\/beogradski-sajam-turizma-predstavljena-turisticka-organizacija-ulcinja\/","name":"Beogradski sajam turizma 2017, predstavljena i Turisti\u010dka organizacija Ulcinja - Lajme nga Ulqini","isPartOf":{"@id":"https:\/\/www.visit-ulcinj.com\/blog\/#website"},"primaryImageOfPage":{"@id":"https:\/\/www.visit-ulcinj.com\/blog\/2017\/02\/24\/beogradski-sajam-turizma-predstavljena-turisticka-organizacija-ulcinja\/#primaryimage"},"datePublished":"2017-02-24T14:30:25+00:00","dateModified":"2017-02-24T14:40:15+00:00","author":{"@id":"https:\/\/www.visit-ulcinj.com\/blog\/#\/schema\/person\/dcab619c614d3038751c63bc2aadc06d"},"description":"Sajam Beograd 23-26.02.2017 (Crna Gora \u2013 \u00a0Zemlja Partner sajma, Crna Gora - uvijek druga\u010dija) &nbsp; Na 39.me\u0111unarodnom sajmu turizma IFT u Beogradu koji","breadcrumb":{"@id":"https:\/\/www.visit-ulcinj.com\/blog\/2017\/02\/24\/beogradski-sajam-turizma-predstavljena-turisticka-organizacija-ulcinja\/#breadcrumb"},"inLanguage":"en-US","potentialAction":[{"@type":"ReadAction","target":["https:\/\/www.visit-ulcinj.com\/blog\/2017\/02\/24\/beogradski-sajam-turizma-predstavljena-turisticka-organizacija-ulcinja\/"]}]},{"@type":"BreadcrumbList","@id":"https:\/\/www.visit-ulcinj.com\/blog\/2017\/02\/24\/beogradski-sajam-turizma-predstavljena-turisticka-organizacija-ulcinja\/#breadcrumb","itemListElement":[{"@type":"ListItem","position":1,"name":"Beogradski sajam turizma 2017, predstavljena i Turisti\u010dka organizacija Ulcinja"}]},{"@type":"Person","@id":"https:\/\/www.visit-ulcinj.com\/blog\/#\/schema\/person\/dcab619c614d3038751c63bc2aadc06d","name":"ulqini","sameAs":["http:\/\/www.visit-ulcinj.com"],"url":"https:\/\/www.visit-ulcinj.com\/blog\/author\/admin\/"}]}},"jetpack_featured_media_url":"","jetpack_sharing_enabled":true,"jetpack_shortlink":"https:\/\/wp.me\/pe6lTn-qR4","_links":{"self":[{"href":"https:\/\/www.visit-ulcinj.com\/blog\/wp-json\/wp\/v2\/posts\/103234"}],"collection":[{"href":"https:\/\/www.visit-ulcinj.com\/blog\/wp-json\/wp\/v2\/posts"}],"about":[{"href":"https:\/\/www.visit-ulcinj.com\/blog\/wp-json\/wp\/v2\/types\/post"}],"author":[{"embeddable":true,"href":"https:\/\/www.visit-ulcinj.com\/blog\/wp-json\/wp\/v2\/users\/1"}],"replies":[{"embeddable":true,"href":"https:\/\/www.visit-ulcinj.com\/blog\/wp-json\/wp\/v2\/comments?post=103234"}],"version-history":[{"count":2,"href":"https:\/\/www.visit-ulcinj.com\/blog\/wp-json\/wp\/v2\/posts\/103234\/revisions"}],"predecessor-version":[{"id":103236,"href":"https:\/\/www.visit-ulcinj.com\/blog\/wp-json\/wp\/v2\/posts\/103234\/revisions\/103236"}],"wp:attachment":[{"href":"https:\/\/www.visit-ulcinj.com\/blog\/wp-json\/wp\/v2\/media?parent=103234"}],"wp:term":[{"taxonomy":"category","embeddable":true,"href":"https:\/\/www.visit-ulcinj.com\/blog\/wp-json\/wp\/v2\/categories?post=103234"},{"taxonomy":"post_tag","embeddable":true,"href":"https:\/\/www.visit-ulcinj.com\/blog\/wp-json\/wp\/v2\/tags?post=103234"}],"curies":[{"name":"wp","href":"https:\/\/api.w.org\/{rel}","templated":true}]}}