{"id":103237,"date":"2017-02-24T19:23:40","date_gmt":"2017-02-24T18:23:40","guid":{"rendered":"http:\/\/www.visit-ulcinj.com\/blog\/?p=103237"},"modified":"2017-02-24T20:23:22","modified_gmt":"2017-02-24T19:23:22","slug":"pritet-rritja-e-cmimit-te-ujit-dhe-kanalizimit-per-komunen-e-ulqinit","status":"publish","type":"post","link":"https:\/\/www.visit-ulcinj.com\/blog\/2017\/02\/24\/pritet-rritja-e-cmimit-te-ujit-dhe-kanalizimit-per-komunen-e-ulqinit\/","title":{"rendered":"Pritet rritja e \u00e7mimit t\u00eb ujit dhe kanalizimit p\u00ebr komun\u00ebn e Ulqinit"},"content":{"rendered":"<p><strong><a href=\"http:\/\/www.visit-ulcinj.com\/blog\/wp-content\/uploads\/2013\/05\/FOTO-ULQIN.jpg\"><img loading=\"lazy\" class=\"alignleft wp-image-71164\" src=\"http:\/\/www.visit-ulcinj.com\/blog\/wp-content\/uploads\/2013\/05\/FOTO-ULQIN.jpg\" alt=\"FOTO ULQIN\" width=\"508\" height=\"381\" srcset=\"https:\/\/www.visit-ulcinj.com\/blog\/wp-content\/uploads\/2013\/05\/FOTO-ULQIN.jpg 720w, https:\/\/www.visit-ulcinj.com\/blog\/wp-content\/uploads\/2013\/05\/FOTO-ULQIN-300x225.jpg 300w\" sizes=\"(max-width: 508px) 100vw, 508px\" \/><\/a>Rritja e \u00e7mimit t\u00eb ujit p\u00ebr pije dhe p\u00ebr shfrytezimin e kanalizimit paraqet nj\u00eb goditje t\u00eb r\u00ebnd\u00eb p\u00ebr standardin dhe xhepat e varf\u00ebruar t\u00eb qytetar\u00ebve t\u00eb Ulqinit n\u00eb kohen kur shumica e tyre jan\u00eb papun\u00eb dhe n\u00eb gjendje t\u00eb veshtir\u00eb ekonomike dhe sociale.<\/strong><\/p>\n<p>N\u00eb mbledhjen e ardhshme t\u00eb Kuvendit komunal t\u00eb Ulqinit, e cila do t\u00eb mbahet t\u00eb m\u00ebrkur\u00ebn, me 1 mars, n\u00eb rend t\u00eb dit\u00ebs do t\u00eb jet\u00eb \u201cPropozim vendimi p\u00ebr dh\u00ebnien e p\u00eblqimit n\u00eb Vendimin p\u00ebr korrektimin e \u00e7mimit t\u00eb ujit dhe sh\u00ebrbimeve p\u00ebr shfryt\u00ebzimin e kanalizimit t\u00eb qytetit n\u00eb zon\u00ebn e komun\u00ebs \u00ebs Ulqinit\u201d.<\/p>\n<p>Si\u00e7 m\u00ebson Portali Ul-info, parashihet q\u00eb k\u00ebto sh\u00ebrbime, p\u00ebr persona fizik t\u00eb ken\u00eb vet\u00ebm nj\u00eb tarif\u00eb, e jo, si deri tani, dy: veroren dhe dim\u00ebroren.<\/p>\n<p>Thuhet q\u00eb amvis\u00ebrit\u00eb n\u00eb komun\u00eb t\u00eb Ulqinit n\u00eb t\u00eb ardhmen do t\u00eb paguajn\u00eb 1,13 euro p\u00ebr nj\u00eb kubik\u00eb uj\u00eb, s\u00eb bashku me sh\u00ebrbimet e llogaritura t\u00eb kanalizimit, q\u00eb \u00ebsht\u00eb rreth 20 p\u00ebr qind m\u00eb shum\u00eb se deri tani.<\/p>\n<p>P\u00ebrndryshe, kjo ishte k\u00ebrkes\u00eb e k\u00ebshilluesve t\u00eb huaj t\u00eb cil\u00ebt punojn\u00eb n\u00eb realizimin e projektit t\u00eb p\u00ebrmir\u00ebsimit t\u00eb sistemit t\u00eb uj\u00ebsjell\u00ebsit dhe kanalizimit n\u00eb komun\u00eb t\u00eb Ulqinit.<\/p>\n","protected":false},"excerpt":{"rendered":"<p>Rritja e \u00e7mimit t\u00eb ujit p\u00ebr pije dhe p\u00ebr shfrytezimin e kanalizimit paraqet nj\u00eb goditje t\u00eb r\u00ebnd\u00eb p\u00ebr standardin dhe xhepat e varf\u00ebruar t\u00eb qytetar\u00ebve t\u00eb Ulqinit n\u00eb kohen kur shumica e tyre jan\u00eb papun\u00eb dhe n\u00eb gjendje t\u00eb veshtir\u00eb ekonomike dhe sociale. N\u00eb mbledhjen e ardhshme t\u00eb Kuvendit komunal t\u00eb Ulqinit, e cila do [&hellip;]<\/p>\n","protected":false},"author":1,"featured_media":0,"comment_status":"closed","ping_status":"closed","sticky":false,"template":"","format":"standard","meta":{"spay_email":"","jetpack_publicize_message":"","jetpack_is_tweetstorm":false,"jetpack_publicize_feature_enabled":true},"categories":[1,12],"tags":[],"jetpack_publicize_connections":[],"yoast_head":"<!-- This site is optimized with the Yoast SEO plugin v19.1 - https:\/\/yoast.com\/wordpress\/plugins\/seo\/ -->\n<title>Pritet rritja e \u00e7mimit t\u00eb ujit dhe kanalizimit p\u00ebr komun\u00ebn e Ulqinit - Lajme nga Ulqini<\/title>\n<meta name=\"description\" content=\"Rritja e \u00e7mimit t\u00eb ujit p\u00ebr pije dhe p\u00ebr shfrytezimin e kanalizimit paraqet nj\u00eb goditje t\u00eb r\u00ebnd\u00eb p\u00ebr standardin dhe xhepat e varf\u00ebruar t\u00eb qytetar\u00ebve t\u00eb\" \/>\n<meta name=\"robots\" content=\"index, follow, max-snippet:-1, max-image-preview:large, max-video-preview:-1\" \/>\n<link rel=\"canonical\" href=\"https:\/\/www.visit-ulcinj.com\/blog\/2017\/02\/24\/pritet-rritja-e-cmimit-te-ujit-dhe-kanalizimit-per-komunen-e-ulqinit\/\" \/>\n<meta property=\"og:locale\" content=\"en_US\" \/>\n<meta property=\"og:type\" content=\"article\" \/>\n<meta property=\"og:title\" content=\"Pritet rritja e \u00e7mimit t\u00eb ujit dhe kanalizimit p\u00ebr komun\u00ebn e Ulqinit - Lajme nga Ulqini\" \/>\n<meta property=\"og:description\" content=\"Rritja e \u00e7mimit t\u00eb ujit p\u00ebr pije dhe p\u00ebr shfrytezimin e kanalizimit paraqet nj\u00eb goditje t\u00eb r\u00ebnd\u00eb p\u00ebr standardin dhe xhepat e varf\u00ebruar t\u00eb qytetar\u00ebve t\u00eb\" \/>\n<meta property=\"og:url\" content=\"https:\/\/www.visit-ulcinj.com\/blog\/2017\/02\/24\/pritet-rritja-e-cmimit-te-ujit-dhe-kanalizimit-per-komunen-e-ulqinit\/\" \/>\n<meta property=\"og:site_name\" content=\"Lajme nga Ulqini\" \/>\n<meta property=\"article:published_time\" content=\"2017-02-24T18:23:40+00:00\" \/>\n<meta property=\"article:modified_time\" content=\"2017-02-24T19:23:22+00:00\" \/>\n<meta property=\"og:image\" content=\"http:\/\/www.visit-ulcinj.com\/blog\/wp-content\/uploads\/2013\/05\/FOTO-ULQIN.jpg\" \/>\n<meta name=\"twitter:label1\" content=\"Written by\" \/>\n\t<meta name=\"twitter:data1\" content=\"ulqini\" \/>\n\t<meta name=\"twitter:label2\" content=\"Est. reading time\" \/>\n\t<meta name=\"twitter:data2\" content=\"1 minute\" \/>\n<script type=\"application\/ld+json\" class=\"yoast-schema-graph\">{\"@context\":\"https:\/\/schema.org\",\"@graph\":[{\"@type\":\"WebSite\",\"@id\":\"https:\/\/www.visit-ulcinj.com\/blog\/#website\",\"url\":\"https:\/\/www.visit-ulcinj.com\/blog\/\",\"name\":\"Lajme nga Ulqini\",\"description\":\"Lajme,Vijesti,Ulqini,Ulqin,Crna Gora,Mali i Zi\",\"potentialAction\":[{\"@type\":\"SearchAction\",\"target\":{\"@type\":\"EntryPoint\",\"urlTemplate\":\"https:\/\/www.visit-ulcinj.com\/blog\/?s={search_term_string}\"},\"query-input\":\"required name=search_term_string\"}],\"inLanguage\":\"en-US\"},{\"@type\":\"ImageObject\",\"inLanguage\":\"en-US\",\"@id\":\"https:\/\/www.visit-ulcinj.com\/blog\/2017\/02\/24\/pritet-rritja-e-cmimit-te-ujit-dhe-kanalizimit-per-komunen-e-ulqinit\/#primaryimage\",\"url\":\"https:\/\/www.visit-ulcinj.com\/blog\/wp-content\/uploads\/2013\/05\/FOTO-ULQIN.jpg\",\"contentUrl\":\"https:\/\/www.visit-ulcinj.com\/blog\/wp-content\/uploads\/2013\/05\/FOTO-ULQIN.jpg\",\"width\":720,\"height\":540},{\"@type\":\"WebPage\",\"@id\":\"https:\/\/www.visit-ulcinj.com\/blog\/2017\/02\/24\/pritet-rritja-e-cmimit-te-ujit-dhe-kanalizimit-per-komunen-e-ulqinit\/#webpage\",\"url\":\"https:\/\/www.visit-ulcinj.com\/blog\/2017\/02\/24\/pritet-rritja-e-cmimit-te-ujit-dhe-kanalizimit-per-komunen-e-ulqinit\/\",\"name\":\"Pritet rritja e \u00e7mimit t\u00eb ujit dhe kanalizimit p\u00ebr komun\u00ebn e Ulqinit - Lajme nga Ulqini\",\"isPartOf\":{\"@id\":\"https:\/\/www.visit-ulcinj.com\/blog\/#website\"},\"primaryImageOfPage\":{\"@id\":\"https:\/\/www.visit-ulcinj.com\/blog\/2017\/02\/24\/pritet-rritja-e-cmimit-te-ujit-dhe-kanalizimit-per-komunen-e-ulqinit\/#primaryimage\"},\"datePublished\":\"2017-02-24T18:23:40+00:00\",\"dateModified\":\"2017-02-24T19:23:22+00:00\",\"author\":{\"@id\":\"https:\/\/www.visit-ulcinj.com\/blog\/#\/schema\/person\/dcab619c614d3038751c63bc2aadc06d\"},\"description\":\"Rritja e \u00e7mimit t\u00eb ujit p\u00ebr pije dhe p\u00ebr shfrytezimin e kanalizimit paraqet nj\u00eb goditje t\u00eb r\u00ebnd\u00eb p\u00ebr standardin dhe xhepat e varf\u00ebruar t\u00eb qytetar\u00ebve t\u00eb\",\"breadcrumb\":{\"@id\":\"https:\/\/www.visit-ulcinj.com\/blog\/2017\/02\/24\/pritet-rritja-e-cmimit-te-ujit-dhe-kanalizimit-per-komunen-e-ulqinit\/#breadcrumb\"},\"inLanguage\":\"en-US\",\"potentialAction\":[{\"@type\":\"ReadAction\",\"target\":[\"https:\/\/www.visit-ulcinj.com\/blog\/2017\/02\/24\/pritet-rritja-e-cmimit-te-ujit-dhe-kanalizimit-per-komunen-e-ulqinit\/\"]}]},{\"@type\":\"BreadcrumbList\",\"@id\":\"https:\/\/www.visit-ulcinj.com\/blog\/2017\/02\/24\/pritet-rritja-e-cmimit-te-ujit-dhe-kanalizimit-per-komunen-e-ulqinit\/#breadcrumb\",\"itemListElement\":[{\"@type\":\"ListItem\",\"position\":1,\"name\":\"Pritet rritja e \u00e7mimit t\u00eb ujit dhe kanalizimit p\u00ebr komun\u00ebn e Ulqinit\"}]},{\"@type\":\"Person\",\"@id\":\"https:\/\/www.visit-ulcinj.com\/blog\/#\/schema\/person\/dcab619c614d3038751c63bc2aadc06d\",\"name\":\"ulqini\",\"sameAs\":[\"http:\/\/www.visit-ulcinj.com\"],\"url\":\"https:\/\/www.visit-ulcinj.com\/blog\/author\/admin\/\"}]}<\/script>\n<!-- \/ Yoast SEO plugin. -->","yoast_head_json":{"title":"Pritet rritja e \u00e7mimit t\u00eb ujit dhe kanalizimit p\u00ebr komun\u00ebn e Ulqinit - Lajme nga Ulqini","description":"Rritja e \u00e7mimit t\u00eb ujit p\u00ebr pije dhe p\u00ebr shfrytezimin e kanalizimit paraqet nj\u00eb goditje t\u00eb r\u00ebnd\u00eb p\u00ebr standardin dhe xhepat e varf\u00ebruar t\u00eb qytetar\u00ebve t\u00eb","robots":{"index":"index","follow":"follow","max-snippet":"max-snippet:-1","max-image-preview":"max-image-preview:large","max-video-preview":"max-video-preview:-1"},"canonical":"https:\/\/www.visit-ulcinj.com\/blog\/2017\/02\/24\/pritet-rritja-e-cmimit-te-ujit-dhe-kanalizimit-per-komunen-e-ulqinit\/","og_locale":"en_US","og_type":"article","og_title":"Pritet rritja e \u00e7mimit t\u00eb ujit dhe kanalizimit p\u00ebr komun\u00ebn e Ulqinit - Lajme nga Ulqini","og_description":"Rritja e \u00e7mimit t\u00eb ujit p\u00ebr pije dhe p\u00ebr shfrytezimin e kanalizimit paraqet nj\u00eb goditje t\u00eb r\u00ebnd\u00eb p\u00ebr standardin dhe xhepat e varf\u00ebruar t\u00eb qytetar\u00ebve t\u00eb","og_url":"https:\/\/www.visit-ulcinj.com\/blog\/2017\/02\/24\/pritet-rritja-e-cmimit-te-ujit-dhe-kanalizimit-per-komunen-e-ulqinit\/","og_site_name":"Lajme nga Ulqini","article_published_time":"2017-02-24T18:23:40+00:00","article_modified_time":"2017-02-24T19:23:22+00:00","og_image":[{"url":"http:\/\/www.visit-ulcinj.com\/blog\/wp-content\/uploads\/2013\/05\/FOTO-ULQIN.jpg"}],"twitter_misc":{"Written by":"ulqini","Est. reading time":"1 minute"},"schema":{"@context":"https:\/\/schema.org","@graph":[{"@type":"WebSite","@id":"https:\/\/www.visit-ulcinj.com\/blog\/#website","url":"https:\/\/www.visit-ulcinj.com\/blog\/","name":"Lajme nga Ulqini","description":"Lajme,Vijesti,Ulqini,Ulqin,Crna Gora,Mali i Zi","potentialAction":[{"@type":"SearchAction","target":{"@type":"EntryPoint","urlTemplate":"https:\/\/www.visit-ulcinj.com\/blog\/?s={search_term_string}"},"query-input":"required name=search_term_string"}],"inLanguage":"en-US"},{"@type":"ImageObject","inLanguage":"en-US","@id":"https:\/\/www.visit-ulcinj.com\/blog\/2017\/02\/24\/pritet-rritja-e-cmimit-te-ujit-dhe-kanalizimit-per-komunen-e-ulqinit\/#primaryimage","url":"https:\/\/www.visit-ulcinj.com\/blog\/wp-content\/uploads\/2013\/05\/FOTO-ULQIN.jpg","contentUrl":"https:\/\/www.visit-ulcinj.com\/blog\/wp-content\/uploads\/2013\/05\/FOTO-ULQIN.jpg","width":720,"height":540},{"@type":"WebPage","@id":"https:\/\/www.visit-ulcinj.com\/blog\/2017\/02\/24\/pritet-rritja-e-cmimit-te-ujit-dhe-kanalizimit-per-komunen-e-ulqinit\/#webpage","url":"https:\/\/www.visit-ulcinj.com\/blog\/2017\/02\/24\/pritet-rritja-e-cmimit-te-ujit-dhe-kanalizimit-per-komunen-e-ulqinit\/","name":"Pritet rritja e \u00e7mimit t\u00eb ujit dhe kanalizimit p\u00ebr komun\u00ebn e Ulqinit - Lajme nga Ulqini","isPartOf":{"@id":"https:\/\/www.visit-ulcinj.com\/blog\/#website"},"primaryImageOfPage":{"@id":"https:\/\/www.visit-ulcinj.com\/blog\/2017\/02\/24\/pritet-rritja-e-cmimit-te-ujit-dhe-kanalizimit-per-komunen-e-ulqinit\/#primaryimage"},"datePublished":"2017-02-24T18:23:40+00:00","dateModified":"2017-02-24T19:23:22+00:00","author":{"@id":"https:\/\/www.visit-ulcinj.com\/blog\/#\/schema\/person\/dcab619c614d3038751c63bc2aadc06d"},"description":"Rritja e \u00e7mimit t\u00eb ujit p\u00ebr pije dhe p\u00ebr shfrytezimin e kanalizimit paraqet nj\u00eb goditje t\u00eb r\u00ebnd\u00eb p\u00ebr standardin dhe xhepat e varf\u00ebruar t\u00eb qytetar\u00ebve t\u00eb","breadcrumb":{"@id":"https:\/\/www.visit-ulcinj.com\/blog\/2017\/02\/24\/pritet-rritja-e-cmimit-te-ujit-dhe-kanalizimit-per-komunen-e-ulqinit\/#breadcrumb"},"inLanguage":"en-US","potentialAction":[{"@type":"ReadAction","target":["https:\/\/www.visit-ulcinj.com\/blog\/2017\/02\/24\/pritet-rritja-e-cmimit-te-ujit-dhe-kanalizimit-per-komunen-e-ulqinit\/"]}]},{"@type":"BreadcrumbList","@id":"https:\/\/www.visit-ulcinj.com\/blog\/2017\/02\/24\/pritet-rritja-e-cmimit-te-ujit-dhe-kanalizimit-per-komunen-e-ulqinit\/#breadcrumb","itemListElement":[{"@type":"ListItem","position":1,"name":"Pritet rritja e \u00e7mimit t\u00eb ujit dhe kanalizimit p\u00ebr komun\u00ebn e Ulqinit"}]},{"@type":"Person","@id":"https:\/\/www.visit-ulcinj.com\/blog\/#\/schema\/person\/dcab619c614d3038751c63bc2aadc06d","name":"ulqini","sameAs":["http:\/\/www.visit-ulcinj.com"],"url":"https:\/\/www.visit-ulcinj.com\/blog\/author\/admin\/"}]}},"jetpack_featured_media_url":"","jetpack_sharing_enabled":true,"jetpack_shortlink":"https:\/\/wp.me\/pe6lTn-qR7","_links":{"self":[{"href":"https:\/\/www.visit-ulcinj.com\/blog\/wp-json\/wp\/v2\/posts\/103237"}],"collection":[{"href":"https:\/\/www.visit-ulcinj.com\/blog\/wp-json\/wp\/v2\/posts"}],"about":[{"href":"https:\/\/www.visit-ulcinj.com\/blog\/wp-json\/wp\/v2\/types\/post"}],"author":[{"embeddable":true,"href":"https:\/\/www.visit-ulcinj.com\/blog\/wp-json\/wp\/v2\/users\/1"}],"replies":[{"embeddable":true,"href":"https:\/\/www.visit-ulcinj.com\/blog\/wp-json\/wp\/v2\/comments?post=103237"}],"version-history":[{"count":1,"href":"https:\/\/www.visit-ulcinj.com\/blog\/wp-json\/wp\/v2\/posts\/103237\/revisions"}],"predecessor-version":[{"id":103238,"href":"https:\/\/www.visit-ulcinj.com\/blog\/wp-json\/wp\/v2\/posts\/103237\/revisions\/103238"}],"wp:attachment":[{"href":"https:\/\/www.visit-ulcinj.com\/blog\/wp-json\/wp\/v2\/media?parent=103237"}],"wp:term":[{"taxonomy":"category","embeddable":true,"href":"https:\/\/www.visit-ulcinj.com\/blog\/wp-json\/wp\/v2\/categories?post=103237"},{"taxonomy":"post_tag","embeddable":true,"href":"https:\/\/www.visit-ulcinj.com\/blog\/wp-json\/wp\/v2\/tags?post=103237"}],"curies":[{"name":"wp","href":"https:\/\/api.w.org\/{rel}","templated":true}]}}