{"id":103249,"date":"2017-02-25T15:16:21","date_gmt":"2017-02-25T14:16:21","guid":{"rendered":"http:\/\/www.visit-ulcinj.com\/blog\/?p=103249"},"modified":"2017-02-25T15:16:21","modified_gmt":"2017-02-25T14:16:21","slug":"besa-deshmon-edhe-nje-organizimin-e-larte-vazhdon-pergatitjet-ne-ulqin","status":"publish","type":"post","link":"https:\/\/www.visit-ulcinj.com\/blog\/2017\/02\/25\/besa-deshmon-edhe-nje-organizimin-e-larte-vazhdon-pergatitjet-ne-ulqin\/","title":{"rendered":"Besa d\u00ebshmon edhe nj\u00eb her\u00eb organizimin e lart\u00eb, vazhdon p\u00ebrgatitjet n\u00eb Ulqin"},"content":{"rendered":"<p><strong><a href=\"http:\/\/www.visit-ulcinj.com\/blog\/wp-content\/uploads\/2017\/02\/Besa-Ulqin.jpg\"><img loading=\"lazy\" class=\"alignleft wp-image-103250\" src=\"http:\/\/www.visit-ulcinj.com\/blog\/wp-content\/uploads\/2017\/02\/Besa-Ulqin.jpg\" alt=\"Besa-Ulqin\" width=\"508\" height=\"286\" srcset=\"https:\/\/www.visit-ulcinj.com\/blog\/wp-content\/uploads\/2017\/02\/Besa-Ulqin.jpg 780w, https:\/\/www.visit-ulcinj.com\/blog\/wp-content\/uploads\/2017\/02\/Besa-Ulqin-300x169.jpg 300w, https:\/\/www.visit-ulcinj.com\/blog\/wp-content\/uploads\/2017\/02\/Besa-Ulqin-768x432.jpg 768w\" sizes=\"(max-width: 508px) 100vw, 508px\" \/><\/a>Kryesia e klubit t\u00eb Bes\u00ebs n\u00eb futsall ka marr vendim q\u00eb ta d\u00ebrgoj\u00eb klubin p\u00ebr p\u00ebrgatitje n\u00eb Ulqin.<\/strong><\/p>\n<p>Skuadra ka kryer dy faza p\u00ebrgatitore me trajner\u00ebt Adnan Hyseni dhe Afrim Belegu, ku lojtar\u00ebt me p\u00ebrkushtim t\u00eb madh kan\u00eb st\u00ebrvitur dy her\u00eb n\u00eb dit\u00eb.<\/p>\n<p>Besa udh\u00ebton drejt Ulqinit me 26 shkurt ku do t\u00eb q\u00ebndroj deri m\u00eb 3 mars.<\/p>\n<p>Skuadra pejane beson q\u00eb me suksese do t\u00eb mbyllet faza p\u00ebrgatitore q\u00eb t\u00eb jet\u00eb gati p\u00ebr pjes\u00ebn e mbetur t\u00eb kampionatit.<\/p>\n<p>Besa e ka synim titullin e kampionit p\u00ebr edicionin 2016-2017 dhe p\u00ebr k\u00ebt\u00eb ka b\u00ebr\u00eb mjaft\u00eb p\u00ebrforcime cil\u00ebsore. \/Telegrafi\/<\/p>\n","protected":false},"excerpt":{"rendered":"<p>Kryesia e klubit t\u00eb Bes\u00ebs n\u00eb futsall ka marr vendim q\u00eb ta d\u00ebrgoj\u00eb klubin p\u00ebr p\u00ebrgatitje n\u00eb Ulqin. Skuadra ka kryer dy faza p\u00ebrgatitore me trajner\u00ebt Adnan Hyseni dhe Afrim Belegu, ku lojtar\u00ebt me p\u00ebrkushtim t\u00eb madh kan\u00eb st\u00ebrvitur dy her\u00eb n\u00eb dit\u00eb. Besa udh\u00ebton drejt Ulqinit me 26 shkurt ku do t\u00eb q\u00ebndroj deri [&hellip;]<\/p>\n","protected":false},"author":1,"featured_media":0,"comment_status":"closed","ping_status":"closed","sticky":false,"template":"","format":"standard","meta":{"spay_email":"","jetpack_publicize_message":"","jetpack_is_tweetstorm":false,"jetpack_publicize_feature_enabled":true},"categories":[3],"tags":[],"jetpack_publicize_connections":[],"yoast_head":"<!-- This site is optimized with the Yoast SEO plugin v19.1 - https:\/\/yoast.com\/wordpress\/plugins\/seo\/ -->\n<title>Besa d\u00ebshmon edhe nj\u00eb her\u00eb organizimin e lart\u00eb, vazhdon p\u00ebrgatitjet n\u00eb Ulqin - Lajme nga Ulqini<\/title>\n<meta name=\"description\" content=\"Kryesia e klubit t\u00eb Bes\u00ebs n\u00eb futsall ka marr vendim q\u00eb ta d\u00ebrgoj\u00eb klubin p\u00ebr p\u00ebrgatitje n\u00eb Ulqin. Skuadra ka kryer dy faza p\u00ebrgatitore me trajner\u00ebt Adnan\" \/>\n<meta name=\"robots\" content=\"index, follow, max-snippet:-1, max-image-preview:large, max-video-preview:-1\" \/>\n<link rel=\"canonical\" href=\"https:\/\/www.visit-ulcinj.com\/blog\/2017\/02\/25\/besa-deshmon-edhe-nje-organizimin-e-larte-vazhdon-pergatitjet-ne-ulqin\/\" \/>\n<meta property=\"og:locale\" content=\"en_US\" \/>\n<meta property=\"og:type\" content=\"article\" \/>\n<meta property=\"og:title\" content=\"Besa d\u00ebshmon edhe nj\u00eb her\u00eb organizimin e lart\u00eb, vazhdon p\u00ebrgatitjet n\u00eb Ulqin - Lajme nga Ulqini\" \/>\n<meta property=\"og:description\" content=\"Kryesia e klubit t\u00eb Bes\u00ebs n\u00eb futsall ka marr vendim q\u00eb ta d\u00ebrgoj\u00eb klubin p\u00ebr p\u00ebrgatitje n\u00eb Ulqin. Skuadra ka kryer dy faza p\u00ebrgatitore me trajner\u00ebt Adnan\" \/>\n<meta property=\"og:url\" content=\"https:\/\/www.visit-ulcinj.com\/blog\/2017\/02\/25\/besa-deshmon-edhe-nje-organizimin-e-larte-vazhdon-pergatitjet-ne-ulqin\/\" \/>\n<meta property=\"og:site_name\" content=\"Lajme nga Ulqini\" \/>\n<meta property=\"article:published_time\" content=\"2017-02-25T14:16:21+00:00\" \/>\n<meta property=\"og:image\" content=\"http:\/\/www.visit-ulcinj.com\/blog\/wp-content\/uploads\/2017\/02\/Besa-Ulqin.jpg\" \/>\n<meta name=\"twitter:label1\" content=\"Written by\" \/>\n\t<meta name=\"twitter:data1\" content=\"ulqini\" \/>\n\t<meta name=\"twitter:label2\" content=\"Est. reading time\" \/>\n\t<meta name=\"twitter:data2\" content=\"1 minute\" \/>\n<script type=\"application\/ld+json\" class=\"yoast-schema-graph\">{\"@context\":\"https:\/\/schema.org\",\"@graph\":[{\"@type\":\"WebSite\",\"@id\":\"https:\/\/www.visit-ulcinj.com\/blog\/#website\",\"url\":\"https:\/\/www.visit-ulcinj.com\/blog\/\",\"name\":\"Lajme nga Ulqini\",\"description\":\"Lajme,Vijesti,Ulqini,Ulqin,Crna Gora,Mali i Zi\",\"potentialAction\":[{\"@type\":\"SearchAction\",\"target\":{\"@type\":\"EntryPoint\",\"urlTemplate\":\"https:\/\/www.visit-ulcinj.com\/blog\/?s={search_term_string}\"},\"query-input\":\"required name=search_term_string\"}],\"inLanguage\":\"en-US\"},{\"@type\":\"ImageObject\",\"inLanguage\":\"en-US\",\"@id\":\"https:\/\/www.visit-ulcinj.com\/blog\/2017\/02\/25\/besa-deshmon-edhe-nje-organizimin-e-larte-vazhdon-pergatitjet-ne-ulqin\/#primaryimage\",\"url\":\"https:\/\/www.visit-ulcinj.com\/blog\/wp-content\/uploads\/2017\/02\/Besa-Ulqin.jpg\",\"contentUrl\":\"https:\/\/www.visit-ulcinj.com\/blog\/wp-content\/uploads\/2017\/02\/Besa-Ulqin.jpg\",\"width\":780,\"height\":439},{\"@type\":\"WebPage\",\"@id\":\"https:\/\/www.visit-ulcinj.com\/blog\/2017\/02\/25\/besa-deshmon-edhe-nje-organizimin-e-larte-vazhdon-pergatitjet-ne-ulqin\/#webpage\",\"url\":\"https:\/\/www.visit-ulcinj.com\/blog\/2017\/02\/25\/besa-deshmon-edhe-nje-organizimin-e-larte-vazhdon-pergatitjet-ne-ulqin\/\",\"name\":\"Besa d\u00ebshmon edhe nj\u00eb her\u00eb organizimin e lart\u00eb, vazhdon p\u00ebrgatitjet n\u00eb Ulqin - Lajme nga Ulqini\",\"isPartOf\":{\"@id\":\"https:\/\/www.visit-ulcinj.com\/blog\/#website\"},\"primaryImageOfPage\":{\"@id\":\"https:\/\/www.visit-ulcinj.com\/blog\/2017\/02\/25\/besa-deshmon-edhe-nje-organizimin-e-larte-vazhdon-pergatitjet-ne-ulqin\/#primaryimage\"},\"datePublished\":\"2017-02-25T14:16:21+00:00\",\"dateModified\":\"2017-02-25T14:16:21+00:00\",\"author\":{\"@id\":\"https:\/\/www.visit-ulcinj.com\/blog\/#\/schema\/person\/dcab619c614d3038751c63bc2aadc06d\"},\"description\":\"Kryesia e klubit t\u00eb Bes\u00ebs n\u00eb futsall ka marr vendim q\u00eb ta d\u00ebrgoj\u00eb klubin p\u00ebr p\u00ebrgatitje n\u00eb Ulqin. Skuadra ka kryer dy faza p\u00ebrgatitore me trajner\u00ebt Adnan\",\"breadcrumb\":{\"@id\":\"https:\/\/www.visit-ulcinj.com\/blog\/2017\/02\/25\/besa-deshmon-edhe-nje-organizimin-e-larte-vazhdon-pergatitjet-ne-ulqin\/#breadcrumb\"},\"inLanguage\":\"en-US\",\"potentialAction\":[{\"@type\":\"ReadAction\",\"target\":[\"https:\/\/www.visit-ulcinj.com\/blog\/2017\/02\/25\/besa-deshmon-edhe-nje-organizimin-e-larte-vazhdon-pergatitjet-ne-ulqin\/\"]}]},{\"@type\":\"BreadcrumbList\",\"@id\":\"https:\/\/www.visit-ulcinj.com\/blog\/2017\/02\/25\/besa-deshmon-edhe-nje-organizimin-e-larte-vazhdon-pergatitjet-ne-ulqin\/#breadcrumb\",\"itemListElement\":[{\"@type\":\"ListItem\",\"position\":1,\"name\":\"Besa d\u00ebshmon edhe nj\u00eb her\u00eb organizimin e lart\u00eb, vazhdon p\u00ebrgatitjet n\u00eb Ulqin\"}]},{\"@type\":\"Person\",\"@id\":\"https:\/\/www.visit-ulcinj.com\/blog\/#\/schema\/person\/dcab619c614d3038751c63bc2aadc06d\",\"name\":\"ulqini\",\"sameAs\":[\"http:\/\/www.visit-ulcinj.com\"],\"url\":\"https:\/\/www.visit-ulcinj.com\/blog\/author\/admin\/\"}]}<\/script>\n<!-- \/ Yoast SEO plugin. -->","yoast_head_json":{"title":"Besa d\u00ebshmon edhe nj\u00eb her\u00eb organizimin e lart\u00eb, vazhdon p\u00ebrgatitjet n\u00eb Ulqin - Lajme nga Ulqini","description":"Kryesia e klubit t\u00eb Bes\u00ebs n\u00eb futsall ka marr vendim q\u00eb ta d\u00ebrgoj\u00eb klubin p\u00ebr p\u00ebrgatitje n\u00eb Ulqin. Skuadra ka kryer dy faza p\u00ebrgatitore me trajner\u00ebt Adnan","robots":{"index":"index","follow":"follow","max-snippet":"max-snippet:-1","max-image-preview":"max-image-preview:large","max-video-preview":"max-video-preview:-1"},"canonical":"https:\/\/www.visit-ulcinj.com\/blog\/2017\/02\/25\/besa-deshmon-edhe-nje-organizimin-e-larte-vazhdon-pergatitjet-ne-ulqin\/","og_locale":"en_US","og_type":"article","og_title":"Besa d\u00ebshmon edhe nj\u00eb her\u00eb organizimin e lart\u00eb, vazhdon p\u00ebrgatitjet n\u00eb Ulqin - Lajme nga Ulqini","og_description":"Kryesia e klubit t\u00eb Bes\u00ebs n\u00eb futsall ka marr vendim q\u00eb ta d\u00ebrgoj\u00eb klubin p\u00ebr p\u00ebrgatitje n\u00eb Ulqin. Skuadra ka kryer dy faza p\u00ebrgatitore me trajner\u00ebt Adnan","og_url":"https:\/\/www.visit-ulcinj.com\/blog\/2017\/02\/25\/besa-deshmon-edhe-nje-organizimin-e-larte-vazhdon-pergatitjet-ne-ulqin\/","og_site_name":"Lajme nga Ulqini","article_published_time":"2017-02-25T14:16:21+00:00","og_image":[{"url":"http:\/\/www.visit-ulcinj.com\/blog\/wp-content\/uploads\/2017\/02\/Besa-Ulqin.jpg"}],"twitter_misc":{"Written by":"ulqini","Est. reading time":"1 minute"},"schema":{"@context":"https:\/\/schema.org","@graph":[{"@type":"WebSite","@id":"https:\/\/www.visit-ulcinj.com\/blog\/#website","url":"https:\/\/www.visit-ulcinj.com\/blog\/","name":"Lajme nga Ulqini","description":"Lajme,Vijesti,Ulqini,Ulqin,Crna Gora,Mali i Zi","potentialAction":[{"@type":"SearchAction","target":{"@type":"EntryPoint","urlTemplate":"https:\/\/www.visit-ulcinj.com\/blog\/?s={search_term_string}"},"query-input":"required name=search_term_string"}],"inLanguage":"en-US"},{"@type":"ImageObject","inLanguage":"en-US","@id":"https:\/\/www.visit-ulcinj.com\/blog\/2017\/02\/25\/besa-deshmon-edhe-nje-organizimin-e-larte-vazhdon-pergatitjet-ne-ulqin\/#primaryimage","url":"https:\/\/www.visit-ulcinj.com\/blog\/wp-content\/uploads\/2017\/02\/Besa-Ulqin.jpg","contentUrl":"https:\/\/www.visit-ulcinj.com\/blog\/wp-content\/uploads\/2017\/02\/Besa-Ulqin.jpg","width":780,"height":439},{"@type":"WebPage","@id":"https:\/\/www.visit-ulcinj.com\/blog\/2017\/02\/25\/besa-deshmon-edhe-nje-organizimin-e-larte-vazhdon-pergatitjet-ne-ulqin\/#webpage","url":"https:\/\/www.visit-ulcinj.com\/blog\/2017\/02\/25\/besa-deshmon-edhe-nje-organizimin-e-larte-vazhdon-pergatitjet-ne-ulqin\/","name":"Besa d\u00ebshmon edhe nj\u00eb her\u00eb organizimin e lart\u00eb, vazhdon p\u00ebrgatitjet n\u00eb Ulqin - Lajme nga Ulqini","isPartOf":{"@id":"https:\/\/www.visit-ulcinj.com\/blog\/#website"},"primaryImageOfPage":{"@id":"https:\/\/www.visit-ulcinj.com\/blog\/2017\/02\/25\/besa-deshmon-edhe-nje-organizimin-e-larte-vazhdon-pergatitjet-ne-ulqin\/#primaryimage"},"datePublished":"2017-02-25T14:16:21+00:00","dateModified":"2017-02-25T14:16:21+00:00","author":{"@id":"https:\/\/www.visit-ulcinj.com\/blog\/#\/schema\/person\/dcab619c614d3038751c63bc2aadc06d"},"description":"Kryesia e klubit t\u00eb Bes\u00ebs n\u00eb futsall ka marr vendim q\u00eb ta d\u00ebrgoj\u00eb klubin p\u00ebr p\u00ebrgatitje n\u00eb Ulqin. Skuadra ka kryer dy faza p\u00ebrgatitore me trajner\u00ebt Adnan","breadcrumb":{"@id":"https:\/\/www.visit-ulcinj.com\/blog\/2017\/02\/25\/besa-deshmon-edhe-nje-organizimin-e-larte-vazhdon-pergatitjet-ne-ulqin\/#breadcrumb"},"inLanguage":"en-US","potentialAction":[{"@type":"ReadAction","target":["https:\/\/www.visit-ulcinj.com\/blog\/2017\/02\/25\/besa-deshmon-edhe-nje-organizimin-e-larte-vazhdon-pergatitjet-ne-ulqin\/"]}]},{"@type":"BreadcrumbList","@id":"https:\/\/www.visit-ulcinj.com\/blog\/2017\/02\/25\/besa-deshmon-edhe-nje-organizimin-e-larte-vazhdon-pergatitjet-ne-ulqin\/#breadcrumb","itemListElement":[{"@type":"ListItem","position":1,"name":"Besa d\u00ebshmon edhe nj\u00eb her\u00eb organizimin e lart\u00eb, vazhdon p\u00ebrgatitjet n\u00eb Ulqin"}]},{"@type":"Person","@id":"https:\/\/www.visit-ulcinj.com\/blog\/#\/schema\/person\/dcab619c614d3038751c63bc2aadc06d","name":"ulqini","sameAs":["http:\/\/www.visit-ulcinj.com"],"url":"https:\/\/www.visit-ulcinj.com\/blog\/author\/admin\/"}]}},"jetpack_featured_media_url":"","jetpack_sharing_enabled":true,"jetpack_shortlink":"https:\/\/wp.me\/pe6lTn-qRj","_links":{"self":[{"href":"https:\/\/www.visit-ulcinj.com\/blog\/wp-json\/wp\/v2\/posts\/103249"}],"collection":[{"href":"https:\/\/www.visit-ulcinj.com\/blog\/wp-json\/wp\/v2\/posts"}],"about":[{"href":"https:\/\/www.visit-ulcinj.com\/blog\/wp-json\/wp\/v2\/types\/post"}],"author":[{"embeddable":true,"href":"https:\/\/www.visit-ulcinj.com\/blog\/wp-json\/wp\/v2\/users\/1"}],"replies":[{"embeddable":true,"href":"https:\/\/www.visit-ulcinj.com\/blog\/wp-json\/wp\/v2\/comments?post=103249"}],"version-history":[{"count":1,"href":"https:\/\/www.visit-ulcinj.com\/blog\/wp-json\/wp\/v2\/posts\/103249\/revisions"}],"predecessor-version":[{"id":103251,"href":"https:\/\/www.visit-ulcinj.com\/blog\/wp-json\/wp\/v2\/posts\/103249\/revisions\/103251"}],"wp:attachment":[{"href":"https:\/\/www.visit-ulcinj.com\/blog\/wp-json\/wp\/v2\/media?parent=103249"}],"wp:term":[{"taxonomy":"category","embeddable":true,"href":"https:\/\/www.visit-ulcinj.com\/blog\/wp-json\/wp\/v2\/categories?post=103249"},{"taxonomy":"post_tag","embeddable":true,"href":"https:\/\/www.visit-ulcinj.com\/blog\/wp-json\/wp\/v2\/tags?post=103249"}],"curies":[{"name":"wp","href":"https:\/\/api.w.org\/{rel}","templated":true}]}}