{"id":103255,"date":"2017-02-25T15:39:17","date_gmt":"2017-02-25T14:39:17","guid":{"rendered":"http:\/\/www.visit-ulcinj.com\/blog\/?p=103255"},"modified":"2017-02-25T15:39:17","modified_gmt":"2017-02-25T14:39:17","slug":"mali-zi-5-shtetas-serbe-pranojne-pergatitjen-e-sulmeve","status":"publish","type":"post","link":"https:\/\/www.visit-ulcinj.com\/blog\/2017\/02\/25\/mali-zi-5-shtetas-serbe-pranojne-pergatitjen-e-sulmeve\/","title":{"rendered":"Mali i Zi, 5 shtetas serb\u00eb pranojn\u00eb p\u00ebrgatitjen e sulmeve"},"content":{"rendered":"<p class=\"selectionShareable\"><a href=\"http:\/\/www.visit-ulcinj.com\/blog\/wp-content\/uploads\/2017\/02\/policia-me.jpg\"><img loading=\"lazy\" class=\"alignleft wp-image-103256\" src=\"http:\/\/www.visit-ulcinj.com\/blog\/wp-content\/uploads\/2017\/02\/policia-me.jpg\" alt=\"policia-me\" width=\"508\" height=\"299\" srcset=\"https:\/\/www.visit-ulcinj.com\/blog\/wp-content\/uploads\/2017\/02\/policia-me.jpg 635w, https:\/\/www.visit-ulcinj.com\/blog\/wp-content\/uploads\/2017\/02\/policia-me-300x177.jpg 300w\" sizes=\"(max-width: 508px) 100vw, 508px\" \/><\/a>PODGORIC\u00cb (AA) \u2013 Pes\u00eb shtetasit serb\u00eb t\u00eb cil\u00ebt akuzohen p\u00ebr krijimin t\u00eb nj\u00eb organizate kriminale e cila ka p\u00ebrgatitur sulme terroriste n\u00eb Podgoric\u00eb t\u00eb cilat duhej t\u00eb ndodhin m\u00eb 16 tetor t\u00eb vitit t\u00eb kaluar, kan\u00eb braktisur burgun hetues n\u00eb Spuzh, pasi paraprakisht me prokurorin Special n\u00ebnshkruan nj\u00eb marr\u00ebveshje p\u00ebr pranim t\u00eb fajit, raporton Anadolu Agency (AA).<\/p>\n<p class=\"selectionShareable\">Me marr\u00ebveshjen e n\u00ebshkruar \u00ebsht\u00eb sakt\u00ebsuar koh\u00ebzgjatja t\u00eb cil\u00ebn ata do t\u00eb duhet ta kalojn\u00eb n\u00eb burg, pes\u00eb muaj, nd\u00ebrsa t\u00eb akuzuarit jan\u00eb pajtuar q\u00eb t\u00eb mos braktisin teritorin e Malit t\u00eb Zi deri n\u00eb p\u00ebrfundim t\u00eb procesit gjyq\u00ebsor.<\/p>\n<p class=\"selectionShareable\">Marr\u00ebveshja \u00ebsht\u00eb n\u00ebnshkruar nga shtetasit Nikola Gjuri\u00e7, Sinisha Qetkovi\u00e7, Aleksandar \u00c7urovi\u00e7, Dejan Stanojevi\u00e7 dhe Millan Dushi\u00e7, nd\u00ebrsa n\u00eb paraburgim kan\u00eb ngelur Bratislav Diki\u00e7, Branka Mili\u00e7, Dragan Maksi\u00e7, S\u00ebrboljub Gjorgjevi\u00e7 dhe Ivica Mati\u00e7.<\/p>\n<p class=\"selectionShareable\">Shtetasit serb Aleksandar Aleksi\u00e7, Milosh A\u00e7imovi\u00e7 i Perica Andri\u00e7 su m\u00eb 17 shkurt i than\u00eb Gjykat\u00ebs s\u00eb Lart\u00eb n\u00eb Podgoric\u00eb se kan\u00eb qen\u00eb pjes\u00eb e organizat\u00ebs kriminale.<\/p>\n<p class=\"selectionShareable\">N\u00eb d\u00ebshmit\u00eb e tyre dh\u00ebn\u00eb gjykat\u00ebs, ata than\u00eb se plani ka qen\u00eb p\u00ebr t\u00eb hyr\u00eb me forc\u00eb n\u00eb nd\u00ebrtes\u00ebn e Kuvendit dhe t\u00eb presin urdhra tjer\u00eb n\u00ebse Fronti Demokratik humb zgjedhjet parlamentare.<\/p>\n<p class=\"selectionShareable\">Ata u d\u00ebnuan me pes\u00eb muaj burg p\u00ebr krijimin e nj\u00eb organizate kriminale. Lidhur me k\u00ebt\u00eb l\u00ebnd\u00eb, Prokuroria malazeze ka nisur nj\u00eb procedur\u00eb kund\u00ebr 25 personave.<\/p>\n<p class=\"selectionShareable\"><strong>\u00a9 <a href=\"http:\/\/aa.com.tr\/sq\">Anadolu Agency<\/a> 2017<\/strong><\/p>\n","protected":false},"excerpt":{"rendered":"<p>PODGORIC\u00cb (AA) \u2013 Pes\u00eb shtetasit serb\u00eb t\u00eb cil\u00ebt akuzohen p\u00ebr krijimin t\u00eb nj\u00eb organizate kriminale e cila ka p\u00ebrgatitur sulme terroriste n\u00eb Podgoric\u00eb t\u00eb cilat duhej t\u00eb ndodhin m\u00eb 16 tetor t\u00eb vitit t\u00eb kaluar, kan\u00eb braktisur burgun hetues n\u00eb Spuzh, pasi paraprakisht me prokurorin Special n\u00ebnshkruan nj\u00eb marr\u00ebveshje p\u00ebr pranim t\u00eb fajit, raporton Anadolu [&hellip;]<\/p>\n","protected":false},"author":1,"featured_media":0,"comment_status":"closed","ping_status":"closed","sticky":false,"template":"","format":"standard","meta":{"spay_email":"","jetpack_publicize_message":"","jetpack_is_tweetstorm":false,"jetpack_publicize_feature_enabled":true},"categories":[6950],"tags":[],"jetpack_publicize_connections":[],"yoast_head":"<!-- This site is optimized with the Yoast SEO plugin v19.1 - https:\/\/yoast.com\/wordpress\/plugins\/seo\/ -->\n<title>Mali i Zi, 5 shtetas serb\u00eb pranojn\u00eb p\u00ebrgatitjen e sulmeve - Lajme nga Ulqini<\/title>\n<meta name=\"description\" content=\"PODGORIC\u00cb (AA) \u2013 Pes\u00eb shtetasit serb\u00eb t\u00eb cil\u00ebt akuzohen p\u00ebr krijimin t\u00eb nj\u00eb organizate kriminale e cila ka p\u00ebrgatitur sulme terroriste n\u00eb Podgoric\u00eb t\u00eb\" \/>\n<meta name=\"robots\" content=\"index, follow, max-snippet:-1, max-image-preview:large, max-video-preview:-1\" \/>\n<link rel=\"canonical\" href=\"https:\/\/www.visit-ulcinj.com\/blog\/2017\/02\/25\/mali-zi-5-shtetas-serbe-pranojne-pergatitjen-e-sulmeve\/\" \/>\n<meta property=\"og:locale\" content=\"en_US\" \/>\n<meta property=\"og:type\" content=\"article\" \/>\n<meta property=\"og:title\" content=\"Mali i Zi, 5 shtetas serb\u00eb pranojn\u00eb p\u00ebrgatitjen e sulmeve - Lajme nga Ulqini\" \/>\n<meta property=\"og:description\" content=\"PODGORIC\u00cb (AA) \u2013 Pes\u00eb shtetasit serb\u00eb t\u00eb cil\u00ebt akuzohen p\u00ebr krijimin t\u00eb nj\u00eb organizate kriminale e cila ka p\u00ebrgatitur sulme terroriste n\u00eb Podgoric\u00eb t\u00eb\" \/>\n<meta property=\"og:url\" content=\"https:\/\/www.visit-ulcinj.com\/blog\/2017\/02\/25\/mali-zi-5-shtetas-serbe-pranojne-pergatitjen-e-sulmeve\/\" \/>\n<meta property=\"og:site_name\" content=\"Lajme nga Ulqini\" \/>\n<meta property=\"article:published_time\" content=\"2017-02-25T14:39:17+00:00\" \/>\n<meta property=\"og:image\" content=\"http:\/\/www.visit-ulcinj.com\/blog\/wp-content\/uploads\/2017\/02\/policia-me.jpg\" \/>\n<meta name=\"twitter:label1\" content=\"Written by\" \/>\n\t<meta name=\"twitter:data1\" content=\"ulqini\" \/>\n\t<meta name=\"twitter:label2\" content=\"Est. reading time\" \/>\n\t<meta name=\"twitter:data2\" content=\"1 minute\" \/>\n<script type=\"application\/ld+json\" class=\"yoast-schema-graph\">{\"@context\":\"https:\/\/schema.org\",\"@graph\":[{\"@type\":\"WebSite\",\"@id\":\"https:\/\/www.visit-ulcinj.com\/blog\/#website\",\"url\":\"https:\/\/www.visit-ulcinj.com\/blog\/\",\"name\":\"Lajme nga Ulqini\",\"description\":\"Lajme,Vijesti,Ulqini,Ulqin,Crna Gora,Mali i Zi\",\"potentialAction\":[{\"@type\":\"SearchAction\",\"target\":{\"@type\":\"EntryPoint\",\"urlTemplate\":\"https:\/\/www.visit-ulcinj.com\/blog\/?s={search_term_string}\"},\"query-input\":\"required name=search_term_string\"}],\"inLanguage\":\"en-US\"},{\"@type\":\"ImageObject\",\"inLanguage\":\"en-US\",\"@id\":\"https:\/\/www.visit-ulcinj.com\/blog\/2017\/02\/25\/mali-zi-5-shtetas-serbe-pranojne-pergatitjen-e-sulmeve\/#primaryimage\",\"url\":\"https:\/\/www.visit-ulcinj.com\/blog\/wp-content\/uploads\/2017\/02\/policia-me.jpg\",\"contentUrl\":\"https:\/\/www.visit-ulcinj.com\/blog\/wp-content\/uploads\/2017\/02\/policia-me.jpg\",\"width\":635,\"height\":374},{\"@type\":\"WebPage\",\"@id\":\"https:\/\/www.visit-ulcinj.com\/blog\/2017\/02\/25\/mali-zi-5-shtetas-serbe-pranojne-pergatitjen-e-sulmeve\/#webpage\",\"url\":\"https:\/\/www.visit-ulcinj.com\/blog\/2017\/02\/25\/mali-zi-5-shtetas-serbe-pranojne-pergatitjen-e-sulmeve\/\",\"name\":\"Mali i Zi, 5 shtetas serb\u00eb pranojn\u00eb p\u00ebrgatitjen e sulmeve - Lajme nga Ulqini\",\"isPartOf\":{\"@id\":\"https:\/\/www.visit-ulcinj.com\/blog\/#website\"},\"primaryImageOfPage\":{\"@id\":\"https:\/\/www.visit-ulcinj.com\/blog\/2017\/02\/25\/mali-zi-5-shtetas-serbe-pranojne-pergatitjen-e-sulmeve\/#primaryimage\"},\"datePublished\":\"2017-02-25T14:39:17+00:00\",\"dateModified\":\"2017-02-25T14:39:17+00:00\",\"author\":{\"@id\":\"https:\/\/www.visit-ulcinj.com\/blog\/#\/schema\/person\/dcab619c614d3038751c63bc2aadc06d\"},\"description\":\"PODGORIC\u00cb (AA) \u2013 Pes\u00eb shtetasit serb\u00eb t\u00eb cil\u00ebt akuzohen p\u00ebr krijimin t\u00eb nj\u00eb organizate kriminale e cila ka p\u00ebrgatitur sulme terroriste n\u00eb Podgoric\u00eb t\u00eb\",\"breadcrumb\":{\"@id\":\"https:\/\/www.visit-ulcinj.com\/blog\/2017\/02\/25\/mali-zi-5-shtetas-serbe-pranojne-pergatitjen-e-sulmeve\/#breadcrumb\"},\"inLanguage\":\"en-US\",\"potentialAction\":[{\"@type\":\"ReadAction\",\"target\":[\"https:\/\/www.visit-ulcinj.com\/blog\/2017\/02\/25\/mali-zi-5-shtetas-serbe-pranojne-pergatitjen-e-sulmeve\/\"]}]},{\"@type\":\"BreadcrumbList\",\"@id\":\"https:\/\/www.visit-ulcinj.com\/blog\/2017\/02\/25\/mali-zi-5-shtetas-serbe-pranojne-pergatitjen-e-sulmeve\/#breadcrumb\",\"itemListElement\":[{\"@type\":\"ListItem\",\"position\":1,\"name\":\"Mali i Zi, 5 shtetas serb\u00eb pranojn\u00eb p\u00ebrgatitjen e sulmeve\"}]},{\"@type\":\"Person\",\"@id\":\"https:\/\/www.visit-ulcinj.com\/blog\/#\/schema\/person\/dcab619c614d3038751c63bc2aadc06d\",\"name\":\"ulqini\",\"sameAs\":[\"http:\/\/www.visit-ulcinj.com\"],\"url\":\"https:\/\/www.visit-ulcinj.com\/blog\/author\/admin\/\"}]}<\/script>\n<!-- \/ Yoast SEO plugin. -->","yoast_head_json":{"title":"Mali i Zi, 5 shtetas serb\u00eb pranojn\u00eb p\u00ebrgatitjen e sulmeve - Lajme nga Ulqini","description":"PODGORIC\u00cb (AA) \u2013 Pes\u00eb shtetasit serb\u00eb t\u00eb cil\u00ebt akuzohen p\u00ebr krijimin t\u00eb nj\u00eb organizate kriminale e cila ka p\u00ebrgatitur sulme terroriste n\u00eb Podgoric\u00eb t\u00eb","robots":{"index":"index","follow":"follow","max-snippet":"max-snippet:-1","max-image-preview":"max-image-preview:large","max-video-preview":"max-video-preview:-1"},"canonical":"https:\/\/www.visit-ulcinj.com\/blog\/2017\/02\/25\/mali-zi-5-shtetas-serbe-pranojne-pergatitjen-e-sulmeve\/","og_locale":"en_US","og_type":"article","og_title":"Mali i Zi, 5 shtetas serb\u00eb pranojn\u00eb p\u00ebrgatitjen e sulmeve - Lajme nga Ulqini","og_description":"PODGORIC\u00cb (AA) \u2013 Pes\u00eb shtetasit serb\u00eb t\u00eb cil\u00ebt akuzohen p\u00ebr krijimin t\u00eb nj\u00eb organizate kriminale e cila ka p\u00ebrgatitur sulme terroriste n\u00eb Podgoric\u00eb t\u00eb","og_url":"https:\/\/www.visit-ulcinj.com\/blog\/2017\/02\/25\/mali-zi-5-shtetas-serbe-pranojne-pergatitjen-e-sulmeve\/","og_site_name":"Lajme nga Ulqini","article_published_time":"2017-02-25T14:39:17+00:00","og_image":[{"url":"http:\/\/www.visit-ulcinj.com\/blog\/wp-content\/uploads\/2017\/02\/policia-me.jpg"}],"twitter_misc":{"Written by":"ulqini","Est. reading time":"1 minute"},"schema":{"@context":"https:\/\/schema.org","@graph":[{"@type":"WebSite","@id":"https:\/\/www.visit-ulcinj.com\/blog\/#website","url":"https:\/\/www.visit-ulcinj.com\/blog\/","name":"Lajme nga Ulqini","description":"Lajme,Vijesti,Ulqini,Ulqin,Crna Gora,Mali i Zi","potentialAction":[{"@type":"SearchAction","target":{"@type":"EntryPoint","urlTemplate":"https:\/\/www.visit-ulcinj.com\/blog\/?s={search_term_string}"},"query-input":"required name=search_term_string"}],"inLanguage":"en-US"},{"@type":"ImageObject","inLanguage":"en-US","@id":"https:\/\/www.visit-ulcinj.com\/blog\/2017\/02\/25\/mali-zi-5-shtetas-serbe-pranojne-pergatitjen-e-sulmeve\/#primaryimage","url":"https:\/\/www.visit-ulcinj.com\/blog\/wp-content\/uploads\/2017\/02\/policia-me.jpg","contentUrl":"https:\/\/www.visit-ulcinj.com\/blog\/wp-content\/uploads\/2017\/02\/policia-me.jpg","width":635,"height":374},{"@type":"WebPage","@id":"https:\/\/www.visit-ulcinj.com\/blog\/2017\/02\/25\/mali-zi-5-shtetas-serbe-pranojne-pergatitjen-e-sulmeve\/#webpage","url":"https:\/\/www.visit-ulcinj.com\/blog\/2017\/02\/25\/mali-zi-5-shtetas-serbe-pranojne-pergatitjen-e-sulmeve\/","name":"Mali i Zi, 5 shtetas serb\u00eb pranojn\u00eb p\u00ebrgatitjen e sulmeve - Lajme nga Ulqini","isPartOf":{"@id":"https:\/\/www.visit-ulcinj.com\/blog\/#website"},"primaryImageOfPage":{"@id":"https:\/\/www.visit-ulcinj.com\/blog\/2017\/02\/25\/mali-zi-5-shtetas-serbe-pranojne-pergatitjen-e-sulmeve\/#primaryimage"},"datePublished":"2017-02-25T14:39:17+00:00","dateModified":"2017-02-25T14:39:17+00:00","author":{"@id":"https:\/\/www.visit-ulcinj.com\/blog\/#\/schema\/person\/dcab619c614d3038751c63bc2aadc06d"},"description":"PODGORIC\u00cb (AA) \u2013 Pes\u00eb shtetasit serb\u00eb t\u00eb cil\u00ebt akuzohen p\u00ebr krijimin t\u00eb nj\u00eb organizate kriminale e cila ka p\u00ebrgatitur sulme terroriste n\u00eb Podgoric\u00eb t\u00eb","breadcrumb":{"@id":"https:\/\/www.visit-ulcinj.com\/blog\/2017\/02\/25\/mali-zi-5-shtetas-serbe-pranojne-pergatitjen-e-sulmeve\/#breadcrumb"},"inLanguage":"en-US","potentialAction":[{"@type":"ReadAction","target":["https:\/\/www.visit-ulcinj.com\/blog\/2017\/02\/25\/mali-zi-5-shtetas-serbe-pranojne-pergatitjen-e-sulmeve\/"]}]},{"@type":"BreadcrumbList","@id":"https:\/\/www.visit-ulcinj.com\/blog\/2017\/02\/25\/mali-zi-5-shtetas-serbe-pranojne-pergatitjen-e-sulmeve\/#breadcrumb","itemListElement":[{"@type":"ListItem","position":1,"name":"Mali i Zi, 5 shtetas serb\u00eb pranojn\u00eb p\u00ebrgatitjen e sulmeve"}]},{"@type":"Person","@id":"https:\/\/www.visit-ulcinj.com\/blog\/#\/schema\/person\/dcab619c614d3038751c63bc2aadc06d","name":"ulqini","sameAs":["http:\/\/www.visit-ulcinj.com"],"url":"https:\/\/www.visit-ulcinj.com\/blog\/author\/admin\/"}]}},"jetpack_featured_media_url":"","jetpack_sharing_enabled":true,"jetpack_shortlink":"https:\/\/wp.me\/pe6lTn-qRp","_links":{"self":[{"href":"https:\/\/www.visit-ulcinj.com\/blog\/wp-json\/wp\/v2\/posts\/103255"}],"collection":[{"href":"https:\/\/www.visit-ulcinj.com\/blog\/wp-json\/wp\/v2\/posts"}],"about":[{"href":"https:\/\/www.visit-ulcinj.com\/blog\/wp-json\/wp\/v2\/types\/post"}],"author":[{"embeddable":true,"href":"https:\/\/www.visit-ulcinj.com\/blog\/wp-json\/wp\/v2\/users\/1"}],"replies":[{"embeddable":true,"href":"https:\/\/www.visit-ulcinj.com\/blog\/wp-json\/wp\/v2\/comments?post=103255"}],"version-history":[{"count":1,"href":"https:\/\/www.visit-ulcinj.com\/blog\/wp-json\/wp\/v2\/posts\/103255\/revisions"}],"predecessor-version":[{"id":103257,"href":"https:\/\/www.visit-ulcinj.com\/blog\/wp-json\/wp\/v2\/posts\/103255\/revisions\/103257"}],"wp:attachment":[{"href":"https:\/\/www.visit-ulcinj.com\/blog\/wp-json\/wp\/v2\/media?parent=103255"}],"wp:term":[{"taxonomy":"category","embeddable":true,"href":"https:\/\/www.visit-ulcinj.com\/blog\/wp-json\/wp\/v2\/categories?post=103255"},{"taxonomy":"post_tag","embeddable":true,"href":"https:\/\/www.visit-ulcinj.com\/blog\/wp-json\/wp\/v2\/tags?post=103255"}],"curies":[{"name":"wp","href":"https:\/\/api.w.org\/{rel}","templated":true}]}}