{"id":103265,"date":"2017-02-26T00:20:54","date_gmt":"2017-02-25T23:20:54","guid":{"rendered":"http:\/\/www.visit-ulcinj.com\/blog\/?p=103265"},"modified":"2017-02-26T00:21:04","modified_gmt":"2017-02-25T23:21:04","slug":"gjergj-gjokaj-figure-e-pakontestueshme-e-arsimit-shqip","status":"publish","type":"post","link":"https:\/\/www.visit-ulcinj.com\/blog\/2017\/02\/26\/gjergj-gjokaj-figure-e-pakontestueshme-e-arsimit-shqip\/","title":{"rendered":"Gjergj Gjokaj, figur\u00eb e pakontestueshme e arsimit shqip"},"content":{"rendered":"<p><strong><a href=\"http:\/\/www.visit-ulcinj.com\/blog\/wp-content\/uploads\/2017\/02\/Gjergj-Gjokaj-Mal\u00ebsi.jpg\"><img loading=\"lazy\" class=\"alignleft wp-image-103266 size-medium\" src=\"http:\/\/www.visit-ulcinj.com\/blog\/wp-content\/uploads\/2017\/02\/Gjergj-Gjokaj-Mal\u00ebsi-210x300.jpg\" alt=\"Gjergj Gjokaj-Mal\u00ebsi\" width=\"210\" height=\"300\" srcset=\"https:\/\/www.visit-ulcinj.com\/blog\/wp-content\/uploads\/2017\/02\/Gjergj-Gjokaj-Mal\u00ebsi-210x300.jpg 210w, https:\/\/www.visit-ulcinj.com\/blog\/wp-content\/uploads\/2017\/02\/Gjergj-Gjokaj-Mal\u00ebsi.jpg 363w\" sizes=\"(max-width: 210px) 100vw, 210px\" \/><\/a>Gjek\u00eb Gjonaj<\/strong><\/p>\n<p>Plejad\u00ebs s\u00eb\u00a0 m\u00ebsuesve\u00a0 pishtar\u00eb e veteran\u00eb trieshian\u00eb \u00a0t\u00eb gjysm\u00ebs s\u00eb shekullit t\u00eb kaluar, t\u00eb cil\u00ebt mbi dyzet vite \u00a0punuan pa u lodhur dhe me entuziaz\u00ebm e dashuri n\u00eb arsimin e gjeneratave t\u00eb t\u00ebra shkollar\u00ebsh, i p\u00ebrket edhe\u00a0\u00a0 m\u00ebsuesi Gjergj Gjokaj,\u00a0 si\u00e7 e thirrnim ne t\u00eb gjith\u00eb pa p\u00ebrjashtim, ish-nx\u00ebn\u00ebsit, intelektual\u00ebt dhe miqt\u00eb e tij. \u00a0Epitetin \u201cM\u00ebsues\u201d \u00a0e fitoi\u00a0 n\u00eb shtator t\u00eb vitit 1957 , kur u diplomua n\u00eb Shkoll\u00ebn Normale t\u00eb Prishtin\u00ebs dhe\u00a0 e mbajti me nder deri m\u00eb 22 prill\u00a0\u00a0 2006, kur mbylli syt\u00eb p\u00ebrgjithmon\u00eb, duke kultivuar te brezat tan\u00eb, ndjenj\u00ebn arsimdash\u00ebse, kultur\u00eb dhe \u00a0vet\u00ebdije komb\u00ebtare. Kjo figur\u00eb e pakontestueshme e arsimit shqip,\u00a0 cili pes\u00eb vite punoi n\u00eb fshatin\u00a0 Golesh ( Lipjan\u00eb) n\u00eb Kosov\u00eb e m\u00eb pastaj deri n\u00eb pension \u00a0n\u00eb vendlindjen e tij n\u00eb \u00a0Triesh &#8211; Mal\u00ebsi do t\u00eb mbetet udh\u00ebrr\u00ebfyes \u00a0dhe frym\u00ebzues i brezave tan\u00eb p\u00ebr p\u00ebrparimin dhe zhvillim shoq\u00ebror p\u00ebr mes dijes, kultur\u00ebs dhe arsimit.<\/p>\n<p><strong>M\u00ebsuesi\u00a0 Gjergj, gjat\u00eb t\u00ebr\u00eb jet\u00ebs zhvilloi betej\u00eb t\u00eb pa kompromis p\u00ebr shp\u00ebrndarjen e rrezeve t\u00eb dijes dhe t\u00eb dituris\u00eb komb\u00ebtare shum\u00eb brezave shqiptar\u00eb. Pra, n\u00eb historin\u00eb e lavdishme t\u00eb arsimit shqiptar, t\u00eb p\u00ebrpjekjeve p\u00ebr t\u2019i dh\u00ebn\u00eb dije dhe m\u00ebsim komb\u00ebtar popullit ton\u00eb t\u00eb shum\u00ebvuajtur<\/strong><strong>. <\/strong><\/p>\n<p><strong>Emri i tij\u00a0 dhe i pishtar\u00ebve t\u00eb tjer\u00eb veteran\u00eb t\u00eb arsimit shqip nuk do t\u00eb harrohet kurr\u00eb. Por gjithmon\u00eb do t\u00eb mbeten n\u00eb zemrat e gjirit t\u00eb popullit q\u00eb\u00a0 lindi. Ata jan\u00eb meteor\u00ebt\u00a0 q\u00eb prijn\u00eb\u00a0 si fanari, duke ndri\u00e7uar\u00a0 rrug\u00ebn\u00a0 q\u00eb e trasuan\u00a0 me dekada. Andaj\u00a0 ne\u00a0 edhe pas nj\u00ebmb\u00ebdhjet\u00eb vitesh\u00a0 q\u00eb nuk \u00ebsht\u00eb m\u00eb n\u00eb mesin ton\u00eb, e p\u00ebrkujtojm\u00eb me respekt emrin dhe veprimtarin\u00eb e tij arsimore-edukative. <\/strong><\/p>\n<p>Jeta, veprat, virtytet, karakteri, sinqeriteti, humanizmi, mir\u00ebkuptimi, toleranca, shpirti i madh i tij, jan\u00eb nj\u00eb grusht i vog\u00ebl epitetesh q\u00eb mund t\u00eb thuhen p\u00ebr t\u00eb.<\/p>\n<p><strong>M\u00ebsuesin tim t\u00eb par\u00eb Gjergjin\u00a0 e kujtoj gjithmnon\u00eb me shum\u00eb\u00a0 respekt\u00a0 e admirim p\u00ebr pun\u00ebn e tij dyzetvje\u00e7are n\u00eb fush\u00ebn e arsimit. E adhuroj\u00a0 me po aq dashuri e mir\u00ebsjellje\u00a0 q\u00eb\u00a0 na jepte ai\u00a0 n\u00eb procesin arsimor, duke u p\u00ebrpjekur q\u00eb tek ne t\u00eb zgjoj\u00eb dashurin\u00eb p\u00ebr gjuh\u00ebn shqipe dhe\u00a0 p\u00ebr popullin shqiptar.<\/strong><\/p>\n<p><strong>M\u00eb kujtohet si sot takimi\u00a0 me m\u00ebsuesin tim \u00a0tek dera e shkoll\u00ebs. Sa t\u00eb bukur m\u00eb dukeshin syt\u00eb e tij t\u00eb bukur dhe buz\u00ebqeshja e tij e\u00a0 \u00ebmb\u00ebl. Sa t\u00eb bukura m\u00eb dukeshin rrobet e tij t\u00eb pastra dhe k\u00ebpuc\u00ebt e tij t\u00eb ilustruara. Edhe k\u00ebmisha e tij e bardh\u00eb\u00a0 e hekurosur ishte n\u00eb qend\u00ebr t\u00eb v\u00ebmendjes sime. At\u00ebher\u00eb m\u00eb\u00a0 e kisha t\u00eb qart\u00eb. Ky <\/strong><strong>\u00a0<\/strong>do t\u00eb jet\u00eb \u00a0m\u00ebsuesi im i par\u00eb, me t\u00eb cilin do t\u2019i kaloja dit\u00ebt e vitit t\u00eb par\u00eb t\u00eb shkollimit tim. Dhe ashtu ishte. Na p\u00ebrqafoi t\u00eb gjith\u00ebve me radh\u00eb. Kurr\u00eb nuk do t\u2019i harroj ata gisht\u00ebrinj, t\u00eb cil\u00ebt leht\u00eb -leht\u00eb e ledhatuan fytyr\u00ebn time t\u00eb njom\u00eb q\u00eb ishte e p\u00ebrshkuar nga t\u00eb dridhurat. E kisha t\u00eb qart\u00eb se do ta kem nj\u00eb m\u00ebsues t\u00eb dashur, i cili do t\u00eb na doj\u00eb dhe ne do ta donim edhe m\u00eb shum\u00eb. Nga ai do t\u00eb m\u00ebsonim shkronjat e para. \u00a0Dhe me k\u00ebnaq\u00ebsi t\u00eb madhe filluam me tingullin dhe shkronj\u00ebn A.<\/p>\n<p>\u201c A e madhe e dor\u00ebs. A e vog\u00ebl e dor\u00ebs. A e madhe e shtypit, A e vog\u00ebl e shtypit\u201d , ting\u00ebllonin fjal\u00ebt e \u00ebmbla t\u00eb m\u00ebsuesit. E un\u00eb isha i habitur. Mendoja se \u00ebsht\u00eb vet\u00ebm nj\u00eb A, e jo kat\u00ebr sosh, aq sa d\u00ebgjoja nga goja e \u00ebmb\u00ebl e m\u00ebsuesit tim t\u00eb par\u00eb, i cili shpejt\u00eb me hyri n\u00eb zem\u00ebr, nga e cila nuk doli kurr\u00eb m\u00eb.<br \/>\nNga ai\u00a0 nuk m\u00ebsuam vet\u00ebm\u00a0 t\u00eb shkruajm\u00eb e t\u00eb lexojm\u00eb. Po edhe shum\u00eb gj\u00ebra t\u00eb reja, pa t\u00eb cilat nuk mund t\u00eb b\u00ebhesha ai q\u00eb jam sot.<\/p>\n<p>Edhe tani e kujtoj shpesh fytyr\u00ebn e tij t\u00eb bukur e fisnike. \u00cbsht\u00eb kjo nj\u00eb dashuri e ve\u00e7ant\u00eb, e pashpjeguar. Dashuri e pashuar<em>. <\/em>Tiparet e fizionomis\u00eb s\u00eb tij kurr\u00eb nuk do t\u00eb hiqen nga kujtimet e mia.<\/p>\n<p>Gjat\u00eb viteve n\u00eb vazhdim kam pasur shum\u00eb \u00a0m\u00ebsues t\u00eb tjer\u00eb, arsimtar\u00eb e profesor\u00eb. I kam dashur edhe ata, por kurr\u00eb sa m\u00ebsuesin tim t\u00eb par\u00eb, i cili ka l\u00ebn\u00eb gjurm\u00eb t\u00eb pashlyeshme n\u00eb kujtes\u00ebn time, n\u00eb jet\u00ebn time..<\/p>\n<p>Edhe koleg\u00ebt, t\u00eb gjith\u00eb nx\u00ebn\u00ebsit, kushdo e takoi at\u00eb n\u00eb jet\u00eb, t\u00eb gjith\u00eb\u00a0 e kujtojn\u00eb me mall\u00ebngjim e dashuri k\u00ebt\u00eb m\u00ebsim\u00ebdh\u00ebs t\u00eb dashur e t\u00eb urt\u00eb,\u00a0 k\u00ebt\u00eb njeri t\u00eb qet\u00eb, zem\u00ebrgj\u00ebr\u00eb, bujar\u2026 Mir\u00ebpo, mir\u00ebnjohja m\u00eb e mir\u00eb jan\u00eb vet gjeneratat e nx\u00ebn\u00ebs\u00ebve t\u00eb cil\u00ebt u edukuan, t\u00eb cil\u00ebt mor\u00ebn m\u00ebsimet e para t\u00eb gjuh\u00ebs shqipe, t\u00eb atdhedashuris\u00eb e m\u00ebsimet jet\u00ebsore nga m\u00ebsuesi\u00a0 Gjergj, i cili i deshti ata t\u00eb rinj\u00eb e t\u00eb reja sikur f\u00ebmij\u00ebt e vet , sikur\u00a0 jet\u00ebn e tij.<\/p>\n","protected":false},"excerpt":{"rendered":"<p>Gjek\u00eb Gjonaj Plejad\u00ebs s\u00eb\u00a0 m\u00ebsuesve\u00a0 pishtar\u00eb e veteran\u00eb trieshian\u00eb \u00a0t\u00eb gjysm\u00ebs s\u00eb shekullit t\u00eb kaluar, t\u00eb cil\u00ebt mbi dyzet vite \u00a0punuan pa u lodhur dhe me entuziaz\u00ebm e dashuri n\u00eb arsimin e gjeneratave t\u00eb t\u00ebra shkollar\u00ebsh, i p\u00ebrket edhe\u00a0\u00a0 m\u00ebsuesi Gjergj Gjokaj,\u00a0 si\u00e7 e thirrnim ne t\u00eb gjith\u00eb pa p\u00ebrjashtim, ish-nx\u00ebn\u00ebsit, intelektual\u00ebt dhe miqt\u00eb e [&hellip;]<\/p>\n","protected":false},"author":1,"featured_media":0,"comment_status":"closed","ping_status":"closed","sticky":false,"template":"","format":"standard","meta":{"spay_email":"","jetpack_publicize_message":"","jetpack_is_tweetstorm":false,"jetpack_publicize_feature_enabled":true},"categories":[4],"tags":[],"jetpack_publicize_connections":[],"yoast_head":"<!-- This site is optimized with the Yoast SEO plugin v19.1 - https:\/\/yoast.com\/wordpress\/plugins\/seo\/ -->\n<title>Gjergj Gjokaj, figur\u00eb e pakontestueshme e arsimit shqip - Lajme nga Ulqini<\/title>\n<meta name=\"description\" content=\"Gjek\u00eb Gjonaj Plejad\u00ebs s\u00eb\u00a0 m\u00ebsuesve\u00a0 pishtar\u00eb e veteran\u00eb trieshian\u00eb \u00a0t\u00eb gjysm\u00ebs s\u00eb shekullit t\u00eb kaluar, t\u00eb cil\u00ebt mbi dyzet vite \u00a0punuan pa u lodhur dhe me\" \/>\n<meta name=\"robots\" content=\"index, follow, max-snippet:-1, max-image-preview:large, max-video-preview:-1\" \/>\n<link rel=\"canonical\" href=\"https:\/\/www.visit-ulcinj.com\/blog\/2017\/02\/26\/gjergj-gjokaj-figure-e-pakontestueshme-e-arsimit-shqip\/\" \/>\n<meta property=\"og:locale\" content=\"en_US\" \/>\n<meta property=\"og:type\" content=\"article\" \/>\n<meta property=\"og:title\" content=\"Gjergj Gjokaj, figur\u00eb e pakontestueshme e arsimit shqip - Lajme nga Ulqini\" \/>\n<meta property=\"og:description\" content=\"Gjek\u00eb Gjonaj Plejad\u00ebs s\u00eb\u00a0 m\u00ebsuesve\u00a0 pishtar\u00eb e veteran\u00eb trieshian\u00eb \u00a0t\u00eb gjysm\u00ebs s\u00eb shekullit t\u00eb kaluar, t\u00eb cil\u00ebt mbi dyzet vite \u00a0punuan pa u lodhur dhe me\" \/>\n<meta property=\"og:url\" content=\"https:\/\/www.visit-ulcinj.com\/blog\/2017\/02\/26\/gjergj-gjokaj-figure-e-pakontestueshme-e-arsimit-shqip\/\" \/>\n<meta property=\"og:site_name\" content=\"Lajme nga Ulqini\" \/>\n<meta property=\"article:published_time\" content=\"2017-02-25T23:20:54+00:00\" \/>\n<meta property=\"article:modified_time\" content=\"2017-02-25T23:21:04+00:00\" \/>\n<meta name=\"twitter:label1\" content=\"Written by\" \/>\n\t<meta name=\"twitter:data1\" content=\"ulqini\" \/>\n\t<meta name=\"twitter:label2\" content=\"Est. reading time\" \/>\n\t<meta name=\"twitter:data2\" content=\"4 minutes\" \/>\n<script type=\"application\/ld+json\" class=\"yoast-schema-graph\">{\"@context\":\"https:\/\/schema.org\",\"@graph\":[{\"@type\":\"WebSite\",\"@id\":\"https:\/\/www.visit-ulcinj.com\/blog\/#website\",\"url\":\"https:\/\/www.visit-ulcinj.com\/blog\/\",\"name\":\"Lajme nga Ulqini\",\"description\":\"Lajme,Vijesti,Ulqini,Ulqin,Crna Gora,Mali i Zi\",\"potentialAction\":[{\"@type\":\"SearchAction\",\"target\":{\"@type\":\"EntryPoint\",\"urlTemplate\":\"https:\/\/www.visit-ulcinj.com\/blog\/?s={search_term_string}\"},\"query-input\":\"required name=search_term_string\"}],\"inLanguage\":\"en-US\"},{\"@type\":\"WebPage\",\"@id\":\"https:\/\/www.visit-ulcinj.com\/blog\/2017\/02\/26\/gjergj-gjokaj-figure-e-pakontestueshme-e-arsimit-shqip\/#webpage\",\"url\":\"https:\/\/www.visit-ulcinj.com\/blog\/2017\/02\/26\/gjergj-gjokaj-figure-e-pakontestueshme-e-arsimit-shqip\/\",\"name\":\"Gjergj Gjokaj, figur\u00eb e pakontestueshme e arsimit shqip - Lajme nga Ulqini\",\"isPartOf\":{\"@id\":\"https:\/\/www.visit-ulcinj.com\/blog\/#website\"},\"datePublished\":\"2017-02-25T23:20:54+00:00\",\"dateModified\":\"2017-02-25T23:21:04+00:00\",\"author\":{\"@id\":\"https:\/\/www.visit-ulcinj.com\/blog\/#\/schema\/person\/dcab619c614d3038751c63bc2aadc06d\"},\"description\":\"Gjek\u00eb Gjonaj Plejad\u00ebs s\u00eb\u00a0 m\u00ebsuesve\u00a0 pishtar\u00eb e veteran\u00eb trieshian\u00eb \u00a0t\u00eb gjysm\u00ebs s\u00eb shekullit t\u00eb kaluar, t\u00eb cil\u00ebt mbi dyzet vite \u00a0punuan pa u lodhur dhe me\",\"breadcrumb\":{\"@id\":\"https:\/\/www.visit-ulcinj.com\/blog\/2017\/02\/26\/gjergj-gjokaj-figure-e-pakontestueshme-e-arsimit-shqip\/#breadcrumb\"},\"inLanguage\":\"en-US\",\"potentialAction\":[{\"@type\":\"ReadAction\",\"target\":[\"https:\/\/www.visit-ulcinj.com\/blog\/2017\/02\/26\/gjergj-gjokaj-figure-e-pakontestueshme-e-arsimit-shqip\/\"]}]},{\"@type\":\"BreadcrumbList\",\"@id\":\"https:\/\/www.visit-ulcinj.com\/blog\/2017\/02\/26\/gjergj-gjokaj-figure-e-pakontestueshme-e-arsimit-shqip\/#breadcrumb\",\"itemListElement\":[{\"@type\":\"ListItem\",\"position\":1,\"name\":\"Gjergj Gjokaj, figur\u00eb e pakontestueshme e arsimit shqip\"}]},{\"@type\":\"Person\",\"@id\":\"https:\/\/www.visit-ulcinj.com\/blog\/#\/schema\/person\/dcab619c614d3038751c63bc2aadc06d\",\"name\":\"ulqini\",\"sameAs\":[\"http:\/\/www.visit-ulcinj.com\"],\"url\":\"https:\/\/www.visit-ulcinj.com\/blog\/author\/admin\/\"}]}<\/script>\n<!-- \/ Yoast SEO plugin. -->","yoast_head_json":{"title":"Gjergj Gjokaj, figur\u00eb e pakontestueshme e arsimit shqip - Lajme nga Ulqini","description":"Gjek\u00eb Gjonaj Plejad\u00ebs s\u00eb\u00a0 m\u00ebsuesve\u00a0 pishtar\u00eb e veteran\u00eb trieshian\u00eb \u00a0t\u00eb gjysm\u00ebs s\u00eb shekullit t\u00eb kaluar, t\u00eb cil\u00ebt mbi dyzet vite \u00a0punuan pa u lodhur dhe me","robots":{"index":"index","follow":"follow","max-snippet":"max-snippet:-1","max-image-preview":"max-image-preview:large","max-video-preview":"max-video-preview:-1"},"canonical":"https:\/\/www.visit-ulcinj.com\/blog\/2017\/02\/26\/gjergj-gjokaj-figure-e-pakontestueshme-e-arsimit-shqip\/","og_locale":"en_US","og_type":"article","og_title":"Gjergj Gjokaj, figur\u00eb e pakontestueshme e arsimit shqip - Lajme nga Ulqini","og_description":"Gjek\u00eb Gjonaj Plejad\u00ebs s\u00eb\u00a0 m\u00ebsuesve\u00a0 pishtar\u00eb e veteran\u00eb trieshian\u00eb \u00a0t\u00eb gjysm\u00ebs s\u00eb shekullit t\u00eb kaluar, t\u00eb cil\u00ebt mbi dyzet vite \u00a0punuan pa u lodhur dhe me","og_url":"https:\/\/www.visit-ulcinj.com\/blog\/2017\/02\/26\/gjergj-gjokaj-figure-e-pakontestueshme-e-arsimit-shqip\/","og_site_name":"Lajme nga Ulqini","article_published_time":"2017-02-25T23:20:54+00:00","article_modified_time":"2017-02-25T23:21:04+00:00","twitter_misc":{"Written by":"ulqini","Est. reading time":"4 minutes"},"schema":{"@context":"https:\/\/schema.org","@graph":[{"@type":"WebSite","@id":"https:\/\/www.visit-ulcinj.com\/blog\/#website","url":"https:\/\/www.visit-ulcinj.com\/blog\/","name":"Lajme nga Ulqini","description":"Lajme,Vijesti,Ulqini,Ulqin,Crna Gora,Mali i Zi","potentialAction":[{"@type":"SearchAction","target":{"@type":"EntryPoint","urlTemplate":"https:\/\/www.visit-ulcinj.com\/blog\/?s={search_term_string}"},"query-input":"required name=search_term_string"}],"inLanguage":"en-US"},{"@type":"WebPage","@id":"https:\/\/www.visit-ulcinj.com\/blog\/2017\/02\/26\/gjergj-gjokaj-figure-e-pakontestueshme-e-arsimit-shqip\/#webpage","url":"https:\/\/www.visit-ulcinj.com\/blog\/2017\/02\/26\/gjergj-gjokaj-figure-e-pakontestueshme-e-arsimit-shqip\/","name":"Gjergj Gjokaj, figur\u00eb e pakontestueshme e arsimit shqip - Lajme nga Ulqini","isPartOf":{"@id":"https:\/\/www.visit-ulcinj.com\/blog\/#website"},"datePublished":"2017-02-25T23:20:54+00:00","dateModified":"2017-02-25T23:21:04+00:00","author":{"@id":"https:\/\/www.visit-ulcinj.com\/blog\/#\/schema\/person\/dcab619c614d3038751c63bc2aadc06d"},"description":"Gjek\u00eb Gjonaj Plejad\u00ebs s\u00eb\u00a0 m\u00ebsuesve\u00a0 pishtar\u00eb e veteran\u00eb trieshian\u00eb \u00a0t\u00eb gjysm\u00ebs s\u00eb shekullit t\u00eb kaluar, t\u00eb cil\u00ebt mbi dyzet vite \u00a0punuan pa u lodhur dhe me","breadcrumb":{"@id":"https:\/\/www.visit-ulcinj.com\/blog\/2017\/02\/26\/gjergj-gjokaj-figure-e-pakontestueshme-e-arsimit-shqip\/#breadcrumb"},"inLanguage":"en-US","potentialAction":[{"@type":"ReadAction","target":["https:\/\/www.visit-ulcinj.com\/blog\/2017\/02\/26\/gjergj-gjokaj-figure-e-pakontestueshme-e-arsimit-shqip\/"]}]},{"@type":"BreadcrumbList","@id":"https:\/\/www.visit-ulcinj.com\/blog\/2017\/02\/26\/gjergj-gjokaj-figure-e-pakontestueshme-e-arsimit-shqip\/#breadcrumb","itemListElement":[{"@type":"ListItem","position":1,"name":"Gjergj Gjokaj, figur\u00eb e pakontestueshme e arsimit shqip"}]},{"@type":"Person","@id":"https:\/\/www.visit-ulcinj.com\/blog\/#\/schema\/person\/dcab619c614d3038751c63bc2aadc06d","name":"ulqini","sameAs":["http:\/\/www.visit-ulcinj.com"],"url":"https:\/\/www.visit-ulcinj.com\/blog\/author\/admin\/"}]}},"jetpack_featured_media_url":"","jetpack_sharing_enabled":true,"jetpack_shortlink":"https:\/\/wp.me\/pe6lTn-qRz","_links":{"self":[{"href":"https:\/\/www.visit-ulcinj.com\/blog\/wp-json\/wp\/v2\/posts\/103265"}],"collection":[{"href":"https:\/\/www.visit-ulcinj.com\/blog\/wp-json\/wp\/v2\/posts"}],"about":[{"href":"https:\/\/www.visit-ulcinj.com\/blog\/wp-json\/wp\/v2\/types\/post"}],"author":[{"embeddable":true,"href":"https:\/\/www.visit-ulcinj.com\/blog\/wp-json\/wp\/v2\/users\/1"}],"replies":[{"embeddable":true,"href":"https:\/\/www.visit-ulcinj.com\/blog\/wp-json\/wp\/v2\/comments?post=103265"}],"version-history":[{"count":1,"href":"https:\/\/www.visit-ulcinj.com\/blog\/wp-json\/wp\/v2\/posts\/103265\/revisions"}],"predecessor-version":[{"id":103267,"href":"https:\/\/www.visit-ulcinj.com\/blog\/wp-json\/wp\/v2\/posts\/103265\/revisions\/103267"}],"wp:attachment":[{"href":"https:\/\/www.visit-ulcinj.com\/blog\/wp-json\/wp\/v2\/media?parent=103265"}],"wp:term":[{"taxonomy":"category","embeddable":true,"href":"https:\/\/www.visit-ulcinj.com\/blog\/wp-json\/wp\/v2\/categories?post=103265"},{"taxonomy":"post_tag","embeddable":true,"href":"https:\/\/www.visit-ulcinj.com\/blog\/wp-json\/wp\/v2\/tags?post=103265"}],"curies":[{"name":"wp","href":"https:\/\/api.w.org\/{rel}","templated":true}]}}