{"id":103268,"date":"2017-02-26T00:42:30","date_gmt":"2017-02-25T23:42:30","guid":{"rendered":"http:\/\/www.visit-ulcinj.com\/blog\/?p=103268"},"modified":"2017-02-26T00:44:29","modified_gmt":"2017-02-25T23:44:29","slug":"fotolajm-sean-paul-te-performoje-ne-sea-dance-festival-ne-budva","status":"publish","type":"post","link":"https:\/\/www.visit-ulcinj.com\/blog\/2017\/02\/26\/fotolajm-sean-paul-te-performoje-ne-sea-dance-festival-ne-budva\/","title":{"rendered":"FOTO\/LAJM Sean Paul do t\u00eb performoj\u00eb n\u00eb \u2018Sea Dance Festival\u2019, n\u00eb Budva"},"content":{"rendered":"<p><strong><a href=\"http:\/\/www.visit-ulcinj.com\/blog\/wp-content\/uploads\/2017\/02\/FOTOLAJM-Sean-Paul-Sea-Dance-Festival-Budva.jpg\"><img loading=\"lazy\" class=\"alignleft wp-image-103269\" src=\"http:\/\/www.visit-ulcinj.com\/blog\/wp-content\/uploads\/2017\/02\/FOTOLAJM-Sean-Paul-Sea-Dance-Festival-Budva.jpg\" alt=\"FOTOLAJM Sean Paul -Sea Dance Festival- Budva\" width=\"508\" height=\"278\" \/><\/a>Sean Paul, m\u00eb 15 korrik do t\u00eb performoj\u00eb n\u00eb nat\u00ebn finale t\u00eb edicionit t\u00eb kat\u00ebrt t\u00eb festivalit Sea Dance, q\u00eb mbahet n\u00eb Budv\u00eb t\u00eb Malit t\u00eb Zi, shkruan KultPlus.<\/strong><\/p>\n<p>K\u00ebnga e fundit t\u00eb cil\u00ebn Sean Paul e solli n\u00eb bashk\u00ebpunim me artisten shqiptare Dua Lipa, e b\u00ebri at\u00eb edhe m\u00eb t\u00eb dashur p\u00ebr kombin shqiptar\u00eb. Ndon\u00ebse fama p\u00ebr t\u00eb tashm\u00eb nuk \u00ebsht\u00eb di\u00e7ka e re sepse ai sh\u00ebnon suksese t\u00eb m\u00ebdha n\u00eb karrier\u00ebn e tij, duke qen\u00eb k\u00ebshtu fitues i dy \u00e7mimeve Grammy dhe kat\u00ebr \u00e7mime Mobo, dhe duke sh\u00ebnuar rreth 30 hite nd\u00ebrkomb\u00ebtare si \u201cTemperature\u201d, \u201cGet Busy\u201d, \u201cGimme The Light\u201d, \u201cWe Be Burning\u201d e shum\u00eb t\u00eb tjera, k\u00ebsaj radhe performanca e tij do t\u00eb jet\u00eb shum\u00eb m\u00eb af\u00ebr adhuruesve shqiptar\u00eb.<\/p>\n<p>Sean Paul, m\u00eb 15 korrik do t\u00eb performoj\u00eb n\u00eb nat\u00ebn finale t\u00eb edicionit t\u00eb kat\u00ebrt t\u00eb festivalit Sea Dance, q\u00eb mbahet n\u00eb Budv\u00eb t\u00eb Malit t\u00eb Zi.<\/p>\n<p>P\u00ebrve\u00e7 Sean Paul, n\u00eb Sea Dance k\u00ebt\u00eb vit do t\u00eb performojn\u00eb edhe hip-hop trio Bad Copy dhe tandemi Who See. Biletat p\u00ebr Sea Dance Festival, q\u00eb mbahet n\u00eb Plazhin Jaz t\u00eb Budv\u00ebs m\u00eb 13 deri m\u00eb 15 korrik, tashm\u00eb jan\u00eb n\u00eb shitje, madje me nj\u00eb \u00e7mim promovues.<\/p>\n<p>Ekipi EXIT do t\u00eb bashkohet me kat\u00ebr festivale n\u00eb rajon, me nj\u00eb em\u00ebr t\u00eb unifikuar \u201cEXIT Summer of Love 2017\u201d. I pari \u00ebsht\u00eb Sea Star, q\u00eb mbahet m\u00eb 26 dhe 27 maj n\u00eb Umag, pastaj festivali Revolution n\u00eb Timishoara t\u00eb Rumanis\u00eb m\u00eb 2 dhe 3 qershor dhe menj\u00ebher\u00eb m\u00eb pas festivali EXIT nga 6 deri 9 korrik, i ndjekur nga edicionin i kat\u00ebrt i Sea Dance Festival nga 13 deri 15 korrik. \/KultPlus.com<\/p>\n<p><strong><a href=\"http:\/\/www.seadancefestival.me\/en\">http:\/\/www.seadancefestival.me\/en<\/a><\/strong><\/p>\n<!--YouTube Error: bad URL entered-->\n","protected":false},"excerpt":{"rendered":"<p>Sean Paul, m\u00eb 15 korrik do t\u00eb performoj\u00eb n\u00eb nat\u00ebn finale t\u00eb edicionit t\u00eb kat\u00ebrt t\u00eb festivalit Sea Dance, q\u00eb mbahet n\u00eb Budv\u00eb t\u00eb Malit t\u00eb Zi, shkruan KultPlus. K\u00ebnga e fundit t\u00eb cil\u00ebn Sean Paul e solli n\u00eb bashk\u00ebpunim me artisten shqiptare Dua Lipa, e b\u00ebri at\u00eb edhe m\u00eb t\u00eb dashur p\u00ebr kombin shqiptar\u00eb. [&hellip;]<\/p>\n","protected":false},"author":1,"featured_media":0,"comment_status":"closed","ping_status":"closed","sticky":false,"template":"","format":"standard","meta":{"spay_email":"","jetpack_publicize_message":"","jetpack_is_tweetstorm":false,"jetpack_publicize_feature_enabled":true},"categories":[1],"tags":[],"jetpack_publicize_connections":[],"yoast_head":"<!-- This site is optimized with the Yoast SEO plugin v19.1 - https:\/\/yoast.com\/wordpress\/plugins\/seo\/ -->\n<title>FOTO\/LAJM Sean Paul do t\u00eb performoj\u00eb n\u00eb \u2018Sea Dance Festival\u2019, n\u00eb Budva - Lajme nga Ulqini<\/title>\n<meta name=\"description\" content=\"Sean Paul, m\u00eb 15 korrik do t\u00eb performoj\u00eb n\u00eb nat\u00ebn finale t\u00eb edicionit t\u00eb kat\u00ebrt t\u00eb festivalit Sea Dance, q\u00eb mbahet n\u00eb Budv\u00eb t\u00eb Malit t\u00eb Zi, shkruan\" \/>\n<meta name=\"robots\" content=\"index, follow, max-snippet:-1, max-image-preview:large, max-video-preview:-1\" \/>\n<link rel=\"canonical\" href=\"https:\/\/www.visit-ulcinj.com\/blog\/2017\/02\/26\/fotolajm-sean-paul-te-performoje-ne-sea-dance-festival-ne-budva\/\" \/>\n<meta property=\"og:locale\" content=\"en_US\" \/>\n<meta property=\"og:type\" content=\"article\" \/>\n<meta property=\"og:title\" content=\"FOTO\/LAJM Sean Paul do t\u00eb performoj\u00eb n\u00eb \u2018Sea Dance Festival\u2019, n\u00eb Budva - Lajme nga Ulqini\" \/>\n<meta property=\"og:description\" content=\"Sean Paul, m\u00eb 15 korrik do t\u00eb performoj\u00eb n\u00eb nat\u00ebn finale t\u00eb edicionit t\u00eb kat\u00ebrt t\u00eb festivalit Sea Dance, q\u00eb mbahet n\u00eb Budv\u00eb t\u00eb Malit t\u00eb Zi, shkruan\" \/>\n<meta property=\"og:url\" content=\"https:\/\/www.visit-ulcinj.com\/blog\/2017\/02\/26\/fotolajm-sean-paul-te-performoje-ne-sea-dance-festival-ne-budva\/\" \/>\n<meta property=\"og:site_name\" content=\"Lajme nga Ulqini\" \/>\n<meta property=\"article:published_time\" content=\"2017-02-25T23:42:30+00:00\" \/>\n<meta property=\"article:modified_time\" content=\"2017-02-25T23:44:29+00:00\" \/>\n<meta property=\"og:image\" content=\"http:\/\/www.visit-ulcinj.com\/blog\/wp-content\/uploads\/2017\/02\/FOTOLAJM-Sean-Paul-Sea-Dance-Festival-Budva.jpg\" \/>\n<meta name=\"twitter:label1\" content=\"Written by\" \/>\n\t<meta name=\"twitter:data1\" content=\"ulqini\" \/>\n\t<meta name=\"twitter:label2\" content=\"Est. reading time\" \/>\n\t<meta name=\"twitter:data2\" content=\"1 minute\" \/>\n<script type=\"application\/ld+json\" class=\"yoast-schema-graph\">{\"@context\":\"https:\/\/schema.org\",\"@graph\":[{\"@type\":\"WebSite\",\"@id\":\"https:\/\/www.visit-ulcinj.com\/blog\/#website\",\"url\":\"https:\/\/www.visit-ulcinj.com\/blog\/\",\"name\":\"Lajme nga Ulqini\",\"description\":\"Lajme,Vijesti,Ulqini,Ulqin,Crna Gora,Mali i Zi\",\"potentialAction\":[{\"@type\":\"SearchAction\",\"target\":{\"@type\":\"EntryPoint\",\"urlTemplate\":\"https:\/\/www.visit-ulcinj.com\/blog\/?s={search_term_string}\"},\"query-input\":\"required name=search_term_string\"}],\"inLanguage\":\"en-US\"},{\"@type\":\"ImageObject\",\"inLanguage\":\"en-US\",\"@id\":\"https:\/\/www.visit-ulcinj.com\/blog\/2017\/02\/26\/fotolajm-sean-paul-te-performoje-ne-sea-dance-festival-ne-budva\/#primaryimage\",\"url\":\"http:\/\/www.visit-ulcinj.com\/blog\/wp-content\/uploads\/2017\/02\/FOTOLAJM-Sean-Paul-Sea-Dance-Festival-Budva.jpg\",\"contentUrl\":\"http:\/\/www.visit-ulcinj.com\/blog\/wp-content\/uploads\/2017\/02\/FOTOLAJM-Sean-Paul-Sea-Dance-Festival-Budva.jpg\"},{\"@type\":\"WebPage\",\"@id\":\"https:\/\/www.visit-ulcinj.com\/blog\/2017\/02\/26\/fotolajm-sean-paul-te-performoje-ne-sea-dance-festival-ne-budva\/#webpage\",\"url\":\"https:\/\/www.visit-ulcinj.com\/blog\/2017\/02\/26\/fotolajm-sean-paul-te-performoje-ne-sea-dance-festival-ne-budva\/\",\"name\":\"FOTO\/LAJM Sean Paul do t\u00eb performoj\u00eb n\u00eb \u2018Sea Dance Festival\u2019, n\u00eb Budva - Lajme nga Ulqini\",\"isPartOf\":{\"@id\":\"https:\/\/www.visit-ulcinj.com\/blog\/#website\"},\"primaryImageOfPage\":{\"@id\":\"https:\/\/www.visit-ulcinj.com\/blog\/2017\/02\/26\/fotolajm-sean-paul-te-performoje-ne-sea-dance-festival-ne-budva\/#primaryimage\"},\"datePublished\":\"2017-02-25T23:42:30+00:00\",\"dateModified\":\"2017-02-25T23:44:29+00:00\",\"author\":{\"@id\":\"https:\/\/www.visit-ulcinj.com\/blog\/#\/schema\/person\/dcab619c614d3038751c63bc2aadc06d\"},\"description\":\"Sean Paul, m\u00eb 15 korrik do t\u00eb performoj\u00eb n\u00eb nat\u00ebn finale t\u00eb edicionit t\u00eb kat\u00ebrt t\u00eb festivalit Sea Dance, q\u00eb mbahet n\u00eb Budv\u00eb t\u00eb Malit t\u00eb Zi, shkruan\",\"breadcrumb\":{\"@id\":\"https:\/\/www.visit-ulcinj.com\/blog\/2017\/02\/26\/fotolajm-sean-paul-te-performoje-ne-sea-dance-festival-ne-budva\/#breadcrumb\"},\"inLanguage\":\"en-US\",\"potentialAction\":[{\"@type\":\"ReadAction\",\"target\":[\"https:\/\/www.visit-ulcinj.com\/blog\/2017\/02\/26\/fotolajm-sean-paul-te-performoje-ne-sea-dance-festival-ne-budva\/\"]}]},{\"@type\":\"BreadcrumbList\",\"@id\":\"https:\/\/www.visit-ulcinj.com\/blog\/2017\/02\/26\/fotolajm-sean-paul-te-performoje-ne-sea-dance-festival-ne-budva\/#breadcrumb\",\"itemListElement\":[{\"@type\":\"ListItem\",\"position\":1,\"name\":\"FOTO\/LAJM Sean Paul do t\u00eb performoj\u00eb n\u00eb \u2018Sea Dance Festival\u2019, n\u00eb Budva\"}]},{\"@type\":\"Person\",\"@id\":\"https:\/\/www.visit-ulcinj.com\/blog\/#\/schema\/person\/dcab619c614d3038751c63bc2aadc06d\",\"name\":\"ulqini\",\"sameAs\":[\"http:\/\/www.visit-ulcinj.com\"],\"url\":\"https:\/\/www.visit-ulcinj.com\/blog\/author\/admin\/\"}]}<\/script>\n<!-- \/ Yoast SEO plugin. -->","yoast_head_json":{"title":"FOTO\/LAJM Sean Paul do t\u00eb performoj\u00eb n\u00eb \u2018Sea Dance Festival\u2019, n\u00eb Budva - Lajme nga Ulqini","description":"Sean Paul, m\u00eb 15 korrik do t\u00eb performoj\u00eb n\u00eb nat\u00ebn finale t\u00eb edicionit t\u00eb kat\u00ebrt t\u00eb festivalit Sea Dance, q\u00eb mbahet n\u00eb Budv\u00eb t\u00eb Malit t\u00eb Zi, shkruan","robots":{"index":"index","follow":"follow","max-snippet":"max-snippet:-1","max-image-preview":"max-image-preview:large","max-video-preview":"max-video-preview:-1"},"canonical":"https:\/\/www.visit-ulcinj.com\/blog\/2017\/02\/26\/fotolajm-sean-paul-te-performoje-ne-sea-dance-festival-ne-budva\/","og_locale":"en_US","og_type":"article","og_title":"FOTO\/LAJM Sean Paul do t\u00eb performoj\u00eb n\u00eb \u2018Sea Dance Festival\u2019, n\u00eb Budva - Lajme nga Ulqini","og_description":"Sean Paul, m\u00eb 15 korrik do t\u00eb performoj\u00eb n\u00eb nat\u00ebn finale t\u00eb edicionit t\u00eb kat\u00ebrt t\u00eb festivalit Sea Dance, q\u00eb mbahet n\u00eb Budv\u00eb t\u00eb Malit t\u00eb Zi, shkruan","og_url":"https:\/\/www.visit-ulcinj.com\/blog\/2017\/02\/26\/fotolajm-sean-paul-te-performoje-ne-sea-dance-festival-ne-budva\/","og_site_name":"Lajme nga Ulqini","article_published_time":"2017-02-25T23:42:30+00:00","article_modified_time":"2017-02-25T23:44:29+00:00","og_image":[{"url":"http:\/\/www.visit-ulcinj.com\/blog\/wp-content\/uploads\/2017\/02\/FOTOLAJM-Sean-Paul-Sea-Dance-Festival-Budva.jpg"}],"twitter_misc":{"Written by":"ulqini","Est. reading time":"1 minute"},"schema":{"@context":"https:\/\/schema.org","@graph":[{"@type":"WebSite","@id":"https:\/\/www.visit-ulcinj.com\/blog\/#website","url":"https:\/\/www.visit-ulcinj.com\/blog\/","name":"Lajme nga Ulqini","description":"Lajme,Vijesti,Ulqini,Ulqin,Crna Gora,Mali i Zi","potentialAction":[{"@type":"SearchAction","target":{"@type":"EntryPoint","urlTemplate":"https:\/\/www.visit-ulcinj.com\/blog\/?s={search_term_string}"},"query-input":"required name=search_term_string"}],"inLanguage":"en-US"},{"@type":"ImageObject","inLanguage":"en-US","@id":"https:\/\/www.visit-ulcinj.com\/blog\/2017\/02\/26\/fotolajm-sean-paul-te-performoje-ne-sea-dance-festival-ne-budva\/#primaryimage","url":"http:\/\/www.visit-ulcinj.com\/blog\/wp-content\/uploads\/2017\/02\/FOTOLAJM-Sean-Paul-Sea-Dance-Festival-Budva.jpg","contentUrl":"http:\/\/www.visit-ulcinj.com\/blog\/wp-content\/uploads\/2017\/02\/FOTOLAJM-Sean-Paul-Sea-Dance-Festival-Budva.jpg"},{"@type":"WebPage","@id":"https:\/\/www.visit-ulcinj.com\/blog\/2017\/02\/26\/fotolajm-sean-paul-te-performoje-ne-sea-dance-festival-ne-budva\/#webpage","url":"https:\/\/www.visit-ulcinj.com\/blog\/2017\/02\/26\/fotolajm-sean-paul-te-performoje-ne-sea-dance-festival-ne-budva\/","name":"FOTO\/LAJM Sean Paul do t\u00eb performoj\u00eb n\u00eb \u2018Sea Dance Festival\u2019, n\u00eb Budva - Lajme nga Ulqini","isPartOf":{"@id":"https:\/\/www.visit-ulcinj.com\/blog\/#website"},"primaryImageOfPage":{"@id":"https:\/\/www.visit-ulcinj.com\/blog\/2017\/02\/26\/fotolajm-sean-paul-te-performoje-ne-sea-dance-festival-ne-budva\/#primaryimage"},"datePublished":"2017-02-25T23:42:30+00:00","dateModified":"2017-02-25T23:44:29+00:00","author":{"@id":"https:\/\/www.visit-ulcinj.com\/blog\/#\/schema\/person\/dcab619c614d3038751c63bc2aadc06d"},"description":"Sean Paul, m\u00eb 15 korrik do t\u00eb performoj\u00eb n\u00eb nat\u00ebn finale t\u00eb edicionit t\u00eb kat\u00ebrt t\u00eb festivalit Sea Dance, q\u00eb mbahet n\u00eb Budv\u00eb t\u00eb Malit t\u00eb Zi, shkruan","breadcrumb":{"@id":"https:\/\/www.visit-ulcinj.com\/blog\/2017\/02\/26\/fotolajm-sean-paul-te-performoje-ne-sea-dance-festival-ne-budva\/#breadcrumb"},"inLanguage":"en-US","potentialAction":[{"@type":"ReadAction","target":["https:\/\/www.visit-ulcinj.com\/blog\/2017\/02\/26\/fotolajm-sean-paul-te-performoje-ne-sea-dance-festival-ne-budva\/"]}]},{"@type":"BreadcrumbList","@id":"https:\/\/www.visit-ulcinj.com\/blog\/2017\/02\/26\/fotolajm-sean-paul-te-performoje-ne-sea-dance-festival-ne-budva\/#breadcrumb","itemListElement":[{"@type":"ListItem","position":1,"name":"FOTO\/LAJM Sean Paul do t\u00eb performoj\u00eb n\u00eb \u2018Sea Dance Festival\u2019, n\u00eb Budva"}]},{"@type":"Person","@id":"https:\/\/www.visit-ulcinj.com\/blog\/#\/schema\/person\/dcab619c614d3038751c63bc2aadc06d","name":"ulqini","sameAs":["http:\/\/www.visit-ulcinj.com"],"url":"https:\/\/www.visit-ulcinj.com\/blog\/author\/admin\/"}]}},"jetpack_featured_media_url":"","jetpack_sharing_enabled":true,"jetpack_shortlink":"https:\/\/wp.me\/pe6lTn-qRC","_links":{"self":[{"href":"https:\/\/www.visit-ulcinj.com\/blog\/wp-json\/wp\/v2\/posts\/103268"}],"collection":[{"href":"https:\/\/www.visit-ulcinj.com\/blog\/wp-json\/wp\/v2\/posts"}],"about":[{"href":"https:\/\/www.visit-ulcinj.com\/blog\/wp-json\/wp\/v2\/types\/post"}],"author":[{"embeddable":true,"href":"https:\/\/www.visit-ulcinj.com\/blog\/wp-json\/wp\/v2\/users\/1"}],"replies":[{"embeddable":true,"href":"https:\/\/www.visit-ulcinj.com\/blog\/wp-json\/wp\/v2\/comments?post=103268"}],"version-history":[{"count":2,"href":"https:\/\/www.visit-ulcinj.com\/blog\/wp-json\/wp\/v2\/posts\/103268\/revisions"}],"predecessor-version":[{"id":103271,"href":"https:\/\/www.visit-ulcinj.com\/blog\/wp-json\/wp\/v2\/posts\/103268\/revisions\/103271"}],"wp:attachment":[{"href":"https:\/\/www.visit-ulcinj.com\/blog\/wp-json\/wp\/v2\/media?parent=103268"}],"wp:term":[{"taxonomy":"category","embeddable":true,"href":"https:\/\/www.visit-ulcinj.com\/blog\/wp-json\/wp\/v2\/categories?post=103268"},{"taxonomy":"post_tag","embeddable":true,"href":"https:\/\/www.visit-ulcinj.com\/blog\/wp-json\/wp\/v2\/tags?post=103268"}],"curies":[{"name":"wp","href":"https:\/\/api.w.org\/{rel}","templated":true}]}}