{"id":103279,"date":"2017-02-27T10:29:11","date_gmt":"2017-02-27T09:29:11","guid":{"rendered":"http:\/\/www.visit-ulcinj.com\/blog\/?p=103279"},"modified":"2017-02-27T10:29:11","modified_gmt":"2017-02-27T09:29:11","slug":"reagim-fuqishem-nga-berjashi-per-rritjen-e-cmimit-te-ujit","status":"publish","type":"post","link":"https:\/\/www.visit-ulcinj.com\/blog\/2017\/02\/27\/reagim-fuqishem-nga-berjashi-per-rritjen-e-cmimit-te-ujit\/","title":{"rendered":"Reagim i fuqish\u00ebm nga I. Berjashi, p\u00ebr rritjen e \u00e7mimit t\u00eb ujit"},"content":{"rendered":"<p><strong><a href=\"http:\/\/www.visit-ulcinj.com\/blog\/wp-content\/uploads\/2014\/04\/Ibrahim-Berjashi.jpg\"><img loading=\"lazy\" class=\"alignleft wp-image-81799\" src=\"http:\/\/www.visit-ulcinj.com\/blog\/wp-content\/uploads\/2014\/04\/Ibrahim-Berjashi.jpg\" alt=\"Ibrahim-Berjashi\" width=\"508\" height=\"339\" srcset=\"https:\/\/www.visit-ulcinj.com\/blog\/wp-content\/uploads\/2014\/04\/Ibrahim-Berjashi.jpg 1000w, https:\/\/www.visit-ulcinj.com\/blog\/wp-content\/uploads\/2014\/04\/Ibrahim-Berjashi-300x200.jpg 300w\" sizes=\"(max-width: 508px) 100vw, 508px\" \/><\/a>(Reagim mbi\u00a0paralajm\u00ebrimin e ngritjes\u00a0 s\u00eb \u00e7mimit t\u00eb ujit)<\/strong><\/p>\n<p>Nj\u00eb lajm, q\u00eb k\u00ebto dit\u00eb erdh nga NP \u201eUj\u00ebsjell\u00ebsi dhe kanalizimi Ulqin\u201c, me\u00a0shum\u00eb arsye ka befasuar, zhg\u00ebnjyer\u00a0dhe habitur\u00a0banor\u00ebt e\u00a0 Komun\u00ebs s\u00eb Ulqinit, sidomos ata q\u00eb kan\u00eb kushte\u00a0t\u00eb v\u00ebshtira ekonomike, duke p\u00ebrfshir\u00eb edhe mbipopullimin e\u00a0t\u00eb pun\u00ebsuarve n\u00eb k\u00ebt\u00eb nd\u00ebrmarrje publike, raporton portali Ul.info.<\/p>\n<p>K\u00ebrkesa p\u00ebr t\u00eb rritur \u00e7mimin e ujit dhe t\u00eb sh\u00ebrbimeve p\u00ebr\u00a0shfryt\u00ebzimin e kanalizimit, se \u2026 \u00ebsht\u00eb k\u00ebrkes\u00eb e \u201ek\u00ebshilluesve\u00a0 t\u00eb huaj\u201c t\u00eb cil\u00ebt punojn\u00eb n\u00eb realizimin e projektit t\u00eb p\u00ebrmir\u00ebsimit t\u00eb uj\u00ebsjell\u00ebsit dhe kanalizimit\u00a0 n\u00eb komun\u00ebn e Ulqnit \u201c, shihet si hap i pa menduar mir\u00eb.<\/p>\n<p>N\u00eb k\u00ebt\u00eb rast\u00a0shtrohet nj\u00eb pyetje e thjesht\u00eb logjike p\u00ebr ata q\u00eb kan\u00eb p\u00ebrgatitur\u00a0k\u00ebt\u00eb k\u00ebrkes\u00eb q\u00eb t\u00eb miratohet nga\u00a0Kuvendi i Ulqinit\u00a0n\u00eb seanc\u00ebn e ardhshme, a jan\u00eb n\u00eb dijeni \u201ek\u00ebshilluesit e\u00a0 huaj\u201c me kart\u00ebn sociale t\u00eb banor\u00ebve vendor\u00eb t\u00eb Ulqinit, pjes\u00ebs urbane edhe asaj rurale, a jan\u00eb n\u00eb dijeni me mbipopullimin e t\u00eb pun\u00ebsuarve partiak\u00eb n\u00eb k\u00ebt\u00eb NP, i kan\u00eb shlyer borxhet\u00a0ndaj Uj\u00ebsjell\u00ebsit \u201embi 4 mij\u00eb investuesit\u00a0 ilegal\u00eb\u201c, jan\u00eb n\u00eb dijeni \u201ek\u00ebshilluesit\u00a0 e huaj\u201c se\u00a0n\u00eb Ulqin me dekada nuk hapet\u00a0asnj\u00eb vend pune me konkurs dhe pun\u00ebsim ligjor, dhe se me qindra t\u00eb rinj me p\u00ebrgatitje edhe pasuniversitare, madje, n\u00eb Zyr\u00ebn e pun\u00ebsimit m\u00eb kot\u00a0 presin ndonj\u00eb pun\u00eb,jetojn\u00eb n\u00eb krah t\u00eb familjeve pa t\u00eb ardhura, edhe 24 or\u00eb d\u00ebgjohet refreni i tyre \u201eM\u00eb jep shansin t\u00eb punoj, e mos\u00a0na d\u00ebboni nga vendlindja\u201c?<\/p>\n<p>T\u00eb nderuar propozues\u00a0t\u00eb korrigjimit t\u00eb k\u00ebtyre \u00e7mimeve, cili \u00ebsht\u00eb funksioni i tarif\u00ebs\u00a0q\u00eb p\u00ebr \u00e7do fatur\u00eb gllab\u00ebroni nga 1,00 euro? Mos\u00a0m\u00eb thoni se \u201esh\u00ebrben p\u00ebr mir\u00ebmbajtjen e sistemit t\u00eb uj\u00ebsjell\u00ebsit\u201c? Jan\u00eb n\u00eb dijeni \u201ek\u00ebshilluesit e huaj\u201c se n\u00eb terren bashk\u00ebrisht\u00a0 dalin nga 2- 3 inkasant\u00eb?<\/p>\n<p>Qytetar\u00ebt\u00a0 jan\u00eb t\u00eb bindur\u00a0se p\u00ebrfaq\u00ebsuesit e tyre n\u00eb Kuvendin e Ulqinit n\u00eb mbledhjen e ardhshme\u00a0k\u00ebrkes\u00ebn e ardhur nga Uj\u00ebsjell\u00ebsi pa asnj\u00eb hamendje do ta refuzojn\u00eb edhe do t\u00eb punojn\u00eb p\u00ebr t\u00eb sjell\u00eb at\u00eb n\u00eb gjendje normale dhe efikase, pa nepotiz\u00ebm, militant\u00eb t\u00eb partive politike, por me vizion t\u00eb qart\u00eb e racional !?<\/p>\n<p>Para disa\u00a0viteve, Kuvendi vendor i Ulqinit, me nj\u00eb eufori politike vendosi t\u00eb inkuadroj\u00eb Ulqinin n\u00eb Uj\u00ebsjell\u00ebsin rajonal t\u00eb bregdetit t\u00eb Malit t\u00eb Zi, pa i studiuar dhe analizuar mir\u00eb interesat e qytetar\u00ebve t\u00eb k\u00ebsaj komune, n\u00eb vend se t\u00eb zgjeronin kapacitetet dhe hulumtuar burimet e reja q\u00eb t\u00eb t\u00eb siguroj\u00eb uj\u00eb t\u00eb pish\u00ebm mjaftuesh\u00ebm edhe p\u00ebr stin\u00ebn turistike.<\/p>\n<p>(Ibrahim Berjashi, gazetar n\u00eb pension, Ulqin)<\/p>\n","protected":false},"excerpt":{"rendered":"<p>(Reagim mbi\u00a0paralajm\u00ebrimin e ngritjes\u00a0 s\u00eb \u00e7mimit t\u00eb ujit) Nj\u00eb lajm, q\u00eb k\u00ebto dit\u00eb erdh nga NP \u201eUj\u00ebsjell\u00ebsi dhe kanalizimi Ulqin\u201c, me\u00a0shum\u00eb arsye ka befasuar, zhg\u00ebnjyer\u00a0dhe habitur\u00a0banor\u00ebt e\u00a0 Komun\u00ebs s\u00eb Ulqinit, sidomos ata q\u00eb kan\u00eb kushte\u00a0t\u00eb v\u00ebshtira ekonomike, duke p\u00ebrfshir\u00eb edhe mbipopullimin e\u00a0t\u00eb pun\u00ebsuarve n\u00eb k\u00ebt\u00eb nd\u00ebrmarrje publike, raporton portali Ul.info. K\u00ebrkesa p\u00ebr t\u00eb rritur \u00e7mimin [&hellip;]<\/p>\n","protected":false},"author":1,"featured_media":0,"comment_status":"closed","ping_status":"closed","sticky":false,"template":"","format":"standard","meta":{"spay_email":"","jetpack_publicize_message":"","jetpack_is_tweetstorm":false,"jetpack_publicize_feature_enabled":true},"categories":[12],"tags":[],"jetpack_publicize_connections":[],"yoast_head":"<!-- This site is optimized with the Yoast SEO plugin v19.1 - https:\/\/yoast.com\/wordpress\/plugins\/seo\/ -->\n<title>Reagim i fuqish\u00ebm nga I. Berjashi, p\u00ebr rritjen e \u00e7mimit t\u00eb ujit - Lajme nga Ulqini<\/title>\n<meta name=\"description\" content=\"(Reagim mbi\u00a0paralajm\u00ebrimin e ngritjes\u00a0 s\u00eb \u00e7mimit t\u00eb ujit) Nj\u00eb lajm, q\u00eb k\u00ebto dit\u00eb erdh nga NP \u201eUj\u00ebsjell\u00ebsi dhe kanalizimi Ulqin\u201c, me\u00a0shum\u00eb arsye ka\" \/>\n<meta name=\"robots\" content=\"index, follow, max-snippet:-1, max-image-preview:large, max-video-preview:-1\" \/>\n<link rel=\"canonical\" href=\"https:\/\/www.visit-ulcinj.com\/blog\/2017\/02\/27\/reagim-fuqishem-nga-berjashi-per-rritjen-e-cmimit-te-ujit\/\" \/>\n<meta property=\"og:locale\" content=\"en_US\" \/>\n<meta property=\"og:type\" content=\"article\" \/>\n<meta property=\"og:title\" content=\"Reagim i fuqish\u00ebm nga I. Berjashi, p\u00ebr rritjen e \u00e7mimit t\u00eb ujit - Lajme nga Ulqini\" \/>\n<meta property=\"og:description\" content=\"(Reagim mbi\u00a0paralajm\u00ebrimin e ngritjes\u00a0 s\u00eb \u00e7mimit t\u00eb ujit) Nj\u00eb lajm, q\u00eb k\u00ebto dit\u00eb erdh nga NP \u201eUj\u00ebsjell\u00ebsi dhe kanalizimi Ulqin\u201c, me\u00a0shum\u00eb arsye ka\" \/>\n<meta property=\"og:url\" content=\"https:\/\/www.visit-ulcinj.com\/blog\/2017\/02\/27\/reagim-fuqishem-nga-berjashi-per-rritjen-e-cmimit-te-ujit\/\" \/>\n<meta property=\"og:site_name\" content=\"Lajme nga Ulqini\" \/>\n<meta property=\"article:published_time\" content=\"2017-02-27T09:29:11+00:00\" \/>\n<meta property=\"og:image\" content=\"http:\/\/www.visit-ulcinj.com\/blog\/wp-content\/uploads\/2014\/04\/Ibrahim-Berjashi.jpg\" \/>\n<meta name=\"twitter:label1\" content=\"Written by\" \/>\n\t<meta name=\"twitter:data1\" content=\"ulqini\" \/>\n\t<meta name=\"twitter:label2\" content=\"Est. reading time\" \/>\n\t<meta name=\"twitter:data2\" content=\"2 minutes\" \/>\n<script type=\"application\/ld+json\" class=\"yoast-schema-graph\">{\"@context\":\"https:\/\/schema.org\",\"@graph\":[{\"@type\":\"WebSite\",\"@id\":\"https:\/\/www.visit-ulcinj.com\/blog\/#website\",\"url\":\"https:\/\/www.visit-ulcinj.com\/blog\/\",\"name\":\"Lajme nga Ulqini\",\"description\":\"Lajme,Vijesti,Ulqini,Ulqin,Crna Gora,Mali i Zi\",\"potentialAction\":[{\"@type\":\"SearchAction\",\"target\":{\"@type\":\"EntryPoint\",\"urlTemplate\":\"https:\/\/www.visit-ulcinj.com\/blog\/?s={search_term_string}\"},\"query-input\":\"required name=search_term_string\"}],\"inLanguage\":\"en-US\"},{\"@type\":\"ImageObject\",\"inLanguage\":\"en-US\",\"@id\":\"https:\/\/www.visit-ulcinj.com\/blog\/2017\/02\/27\/reagim-fuqishem-nga-berjashi-per-rritjen-e-cmimit-te-ujit\/#primaryimage\",\"url\":\"https:\/\/www.visit-ulcinj.com\/blog\/wp-content\/uploads\/2014\/04\/Ibrahim-Berjashi.jpg\",\"contentUrl\":\"https:\/\/www.visit-ulcinj.com\/blog\/wp-content\/uploads\/2014\/04\/Ibrahim-Berjashi.jpg\",\"width\":1000,\"height\":667},{\"@type\":\"WebPage\",\"@id\":\"https:\/\/www.visit-ulcinj.com\/blog\/2017\/02\/27\/reagim-fuqishem-nga-berjashi-per-rritjen-e-cmimit-te-ujit\/#webpage\",\"url\":\"https:\/\/www.visit-ulcinj.com\/blog\/2017\/02\/27\/reagim-fuqishem-nga-berjashi-per-rritjen-e-cmimit-te-ujit\/\",\"name\":\"Reagim i fuqish\u00ebm nga I. Berjashi, p\u00ebr rritjen e \u00e7mimit t\u00eb ujit - Lajme nga Ulqini\",\"isPartOf\":{\"@id\":\"https:\/\/www.visit-ulcinj.com\/blog\/#website\"},\"primaryImageOfPage\":{\"@id\":\"https:\/\/www.visit-ulcinj.com\/blog\/2017\/02\/27\/reagim-fuqishem-nga-berjashi-per-rritjen-e-cmimit-te-ujit\/#primaryimage\"},\"datePublished\":\"2017-02-27T09:29:11+00:00\",\"dateModified\":\"2017-02-27T09:29:11+00:00\",\"author\":{\"@id\":\"https:\/\/www.visit-ulcinj.com\/blog\/#\/schema\/person\/dcab619c614d3038751c63bc2aadc06d\"},\"description\":\"(Reagim mbi\u00a0paralajm\u00ebrimin e ngritjes\u00a0 s\u00eb \u00e7mimit t\u00eb ujit) Nj\u00eb lajm, q\u00eb k\u00ebto dit\u00eb erdh nga NP \u201eUj\u00ebsjell\u00ebsi dhe kanalizimi Ulqin\u201c, me\u00a0shum\u00eb arsye ka\",\"breadcrumb\":{\"@id\":\"https:\/\/www.visit-ulcinj.com\/blog\/2017\/02\/27\/reagim-fuqishem-nga-berjashi-per-rritjen-e-cmimit-te-ujit\/#breadcrumb\"},\"inLanguage\":\"en-US\",\"potentialAction\":[{\"@type\":\"ReadAction\",\"target\":[\"https:\/\/www.visit-ulcinj.com\/blog\/2017\/02\/27\/reagim-fuqishem-nga-berjashi-per-rritjen-e-cmimit-te-ujit\/\"]}]},{\"@type\":\"BreadcrumbList\",\"@id\":\"https:\/\/www.visit-ulcinj.com\/blog\/2017\/02\/27\/reagim-fuqishem-nga-berjashi-per-rritjen-e-cmimit-te-ujit\/#breadcrumb\",\"itemListElement\":[{\"@type\":\"ListItem\",\"position\":1,\"name\":\"Reagim i fuqish\u00ebm nga I. Berjashi, p\u00ebr rritjen e \u00e7mimit t\u00eb ujit\"}]},{\"@type\":\"Person\",\"@id\":\"https:\/\/www.visit-ulcinj.com\/blog\/#\/schema\/person\/dcab619c614d3038751c63bc2aadc06d\",\"name\":\"ulqini\",\"sameAs\":[\"http:\/\/www.visit-ulcinj.com\"],\"url\":\"https:\/\/www.visit-ulcinj.com\/blog\/author\/admin\/\"}]}<\/script>\n<!-- \/ Yoast SEO plugin. -->","yoast_head_json":{"title":"Reagim i fuqish\u00ebm nga I. Berjashi, p\u00ebr rritjen e \u00e7mimit t\u00eb ujit - Lajme nga Ulqini","description":"(Reagim mbi\u00a0paralajm\u00ebrimin e ngritjes\u00a0 s\u00eb \u00e7mimit t\u00eb ujit) Nj\u00eb lajm, q\u00eb k\u00ebto dit\u00eb erdh nga NP \u201eUj\u00ebsjell\u00ebsi dhe kanalizimi Ulqin\u201c, me\u00a0shum\u00eb arsye ka","robots":{"index":"index","follow":"follow","max-snippet":"max-snippet:-1","max-image-preview":"max-image-preview:large","max-video-preview":"max-video-preview:-1"},"canonical":"https:\/\/www.visit-ulcinj.com\/blog\/2017\/02\/27\/reagim-fuqishem-nga-berjashi-per-rritjen-e-cmimit-te-ujit\/","og_locale":"en_US","og_type":"article","og_title":"Reagim i fuqish\u00ebm nga I. Berjashi, p\u00ebr rritjen e \u00e7mimit t\u00eb ujit - Lajme nga Ulqini","og_description":"(Reagim mbi\u00a0paralajm\u00ebrimin e ngritjes\u00a0 s\u00eb \u00e7mimit t\u00eb ujit) Nj\u00eb lajm, q\u00eb k\u00ebto dit\u00eb erdh nga NP \u201eUj\u00ebsjell\u00ebsi dhe kanalizimi Ulqin\u201c, me\u00a0shum\u00eb arsye ka","og_url":"https:\/\/www.visit-ulcinj.com\/blog\/2017\/02\/27\/reagim-fuqishem-nga-berjashi-per-rritjen-e-cmimit-te-ujit\/","og_site_name":"Lajme nga Ulqini","article_published_time":"2017-02-27T09:29:11+00:00","og_image":[{"url":"http:\/\/www.visit-ulcinj.com\/blog\/wp-content\/uploads\/2014\/04\/Ibrahim-Berjashi.jpg"}],"twitter_misc":{"Written by":"ulqini","Est. reading time":"2 minutes"},"schema":{"@context":"https:\/\/schema.org","@graph":[{"@type":"WebSite","@id":"https:\/\/www.visit-ulcinj.com\/blog\/#website","url":"https:\/\/www.visit-ulcinj.com\/blog\/","name":"Lajme nga Ulqini","description":"Lajme,Vijesti,Ulqini,Ulqin,Crna Gora,Mali i Zi","potentialAction":[{"@type":"SearchAction","target":{"@type":"EntryPoint","urlTemplate":"https:\/\/www.visit-ulcinj.com\/blog\/?s={search_term_string}"},"query-input":"required name=search_term_string"}],"inLanguage":"en-US"},{"@type":"ImageObject","inLanguage":"en-US","@id":"https:\/\/www.visit-ulcinj.com\/blog\/2017\/02\/27\/reagim-fuqishem-nga-berjashi-per-rritjen-e-cmimit-te-ujit\/#primaryimage","url":"https:\/\/www.visit-ulcinj.com\/blog\/wp-content\/uploads\/2014\/04\/Ibrahim-Berjashi.jpg","contentUrl":"https:\/\/www.visit-ulcinj.com\/blog\/wp-content\/uploads\/2014\/04\/Ibrahim-Berjashi.jpg","width":1000,"height":667},{"@type":"WebPage","@id":"https:\/\/www.visit-ulcinj.com\/blog\/2017\/02\/27\/reagim-fuqishem-nga-berjashi-per-rritjen-e-cmimit-te-ujit\/#webpage","url":"https:\/\/www.visit-ulcinj.com\/blog\/2017\/02\/27\/reagim-fuqishem-nga-berjashi-per-rritjen-e-cmimit-te-ujit\/","name":"Reagim i fuqish\u00ebm nga I. Berjashi, p\u00ebr rritjen e \u00e7mimit t\u00eb ujit - Lajme nga Ulqini","isPartOf":{"@id":"https:\/\/www.visit-ulcinj.com\/blog\/#website"},"primaryImageOfPage":{"@id":"https:\/\/www.visit-ulcinj.com\/blog\/2017\/02\/27\/reagim-fuqishem-nga-berjashi-per-rritjen-e-cmimit-te-ujit\/#primaryimage"},"datePublished":"2017-02-27T09:29:11+00:00","dateModified":"2017-02-27T09:29:11+00:00","author":{"@id":"https:\/\/www.visit-ulcinj.com\/blog\/#\/schema\/person\/dcab619c614d3038751c63bc2aadc06d"},"description":"(Reagim mbi\u00a0paralajm\u00ebrimin e ngritjes\u00a0 s\u00eb \u00e7mimit t\u00eb ujit) Nj\u00eb lajm, q\u00eb k\u00ebto dit\u00eb erdh nga NP \u201eUj\u00ebsjell\u00ebsi dhe kanalizimi Ulqin\u201c, me\u00a0shum\u00eb arsye ka","breadcrumb":{"@id":"https:\/\/www.visit-ulcinj.com\/blog\/2017\/02\/27\/reagim-fuqishem-nga-berjashi-per-rritjen-e-cmimit-te-ujit\/#breadcrumb"},"inLanguage":"en-US","potentialAction":[{"@type":"ReadAction","target":["https:\/\/www.visit-ulcinj.com\/blog\/2017\/02\/27\/reagim-fuqishem-nga-berjashi-per-rritjen-e-cmimit-te-ujit\/"]}]},{"@type":"BreadcrumbList","@id":"https:\/\/www.visit-ulcinj.com\/blog\/2017\/02\/27\/reagim-fuqishem-nga-berjashi-per-rritjen-e-cmimit-te-ujit\/#breadcrumb","itemListElement":[{"@type":"ListItem","position":1,"name":"Reagim i fuqish\u00ebm nga I. Berjashi, p\u00ebr rritjen e \u00e7mimit t\u00eb ujit"}]},{"@type":"Person","@id":"https:\/\/www.visit-ulcinj.com\/blog\/#\/schema\/person\/dcab619c614d3038751c63bc2aadc06d","name":"ulqini","sameAs":["http:\/\/www.visit-ulcinj.com"],"url":"https:\/\/www.visit-ulcinj.com\/blog\/author\/admin\/"}]}},"jetpack_featured_media_url":"","jetpack_sharing_enabled":true,"jetpack_shortlink":"https:\/\/wp.me\/pe6lTn-qRN","_links":{"self":[{"href":"https:\/\/www.visit-ulcinj.com\/blog\/wp-json\/wp\/v2\/posts\/103279"}],"collection":[{"href":"https:\/\/www.visit-ulcinj.com\/blog\/wp-json\/wp\/v2\/posts"}],"about":[{"href":"https:\/\/www.visit-ulcinj.com\/blog\/wp-json\/wp\/v2\/types\/post"}],"author":[{"embeddable":true,"href":"https:\/\/www.visit-ulcinj.com\/blog\/wp-json\/wp\/v2\/users\/1"}],"replies":[{"embeddable":true,"href":"https:\/\/www.visit-ulcinj.com\/blog\/wp-json\/wp\/v2\/comments?post=103279"}],"version-history":[{"count":1,"href":"https:\/\/www.visit-ulcinj.com\/blog\/wp-json\/wp\/v2\/posts\/103279\/revisions"}],"predecessor-version":[{"id":103280,"href":"https:\/\/www.visit-ulcinj.com\/blog\/wp-json\/wp\/v2\/posts\/103279\/revisions\/103280"}],"wp:attachment":[{"href":"https:\/\/www.visit-ulcinj.com\/blog\/wp-json\/wp\/v2\/media?parent=103279"}],"wp:term":[{"taxonomy":"category","embeddable":true,"href":"https:\/\/www.visit-ulcinj.com\/blog\/wp-json\/wp\/v2\/categories?post=103279"},{"taxonomy":"post_tag","embeddable":true,"href":"https:\/\/www.visit-ulcinj.com\/blog\/wp-json\/wp\/v2\/tags?post=103279"}],"curies":[{"name":"wp","href":"https:\/\/api.w.org\/{rel}","templated":true}]}}