{"id":103281,"date":"2017-02-27T10:59:58","date_gmt":"2017-02-27T09:59:58","guid":{"rendered":"http:\/\/www.visit-ulcinj.com\/blog\/?p=103281"},"modified":"2017-02-27T10:59:58","modified_gmt":"2017-02-27T09:59:58","slug":"ndricimi-led-ne-rrugen-e-mehalles-se-re","status":"publish","type":"post","link":"https:\/\/www.visit-ulcinj.com\/blog\/2017\/02\/27\/ndricimi-led-ne-rrugen-e-mehalles-se-re\/","title":{"rendered":"Ndri\u00e7imi led n\u00eb rrug\u00ebn e M\u00ebhall\u00ebs s\u00eb Re"},"content":{"rendered":"<p><strong><a href=\"http:\/\/www.visit-ulcinj.com\/blog\/wp-content\/uploads\/2017\/02\/Ulqini-do-b\u00ebhet-me-ndri\u00e7im-solar.jpg\"><img loading=\"lazy\" class=\"alignleft wp-image-103282\" src=\"http:\/\/www.visit-ulcinj.com\/blog\/wp-content\/uploads\/2017\/02\/Ulqini-do-b\u00ebhet-me-ndri\u00e7im-solar.jpg\" alt=\"Ulqini do b\u00ebhet me ndri\u00e7im solar\" width=\"508\" height=\"286\" srcset=\"https:\/\/www.visit-ulcinj.com\/blog\/wp-content\/uploads\/2017\/02\/Ulqini-do-b\u00ebhet-me-ndri\u00e7im-solar.jpg 462w, https:\/\/www.visit-ulcinj.com\/blog\/wp-content\/uploads\/2017\/02\/Ulqini-do-b\u00ebhet-me-ndri\u00e7im-solar-300x169.jpg 300w\" sizes=\"(max-width: 508px) 100vw, 508px\" \/><\/a>Ulqini do b\u00ebhet me ndri\u00e7im solar<\/strong><\/p>\n<h4>Komuna e Ulqinit me nj\u00eb projekt t\u00eb p\u00ebrbashk\u00ebt me Agjencionin p\u00ebr Zhvillim dhe Nd\u00ebrtim \u00ebsht\u00eb duke realizuar projektin e ndri\u00e7imit publik solar n\u00eb qytetin e Ulqinit, thuhet n\u00eb faqen personale t\u00eb Facebookut t\u00eb kryetarit t\u00eb komun\u00ebs Nazif Cungu.<\/h4>\n<p>Komuna e Ulqinit n\u00eb bashk\u00ebpunim me Agjencionin p\u00ebr Zhvillim dhe Nd\u00ebrtim i \u00ebsht\u00eb p\u00ebrgjigjur k\u00ebrkes\u00ebs s\u00eb banor\u00ebve t\u00eb M\u00ebhall\u00ebs s\u00eb Re dha ka p\u00ebrgatitur nj\u00eb projekt q\u00eb p\u00ebrfshin rregullimin ndri\u00e7imit, trotuarit si dhe mbjelljen e bim\u00ebve dekorative prej rrethit deri tek supermarketi Adi. Ky do jet\u00eb projekti i par\u00eb n\u00eb Ulqin q\u00eb do t\u00eb ket\u00eb ndri\u00e7im LED i cili kursen energji, thuhet n\u00eb faqen e tij\u00eb personale t\u00eb Facebookut.<\/p>\n<h4><\/h4>\n","protected":false},"excerpt":{"rendered":"<p>Ulqini do b\u00ebhet me ndri\u00e7im solar Komuna e Ulqinit me nj\u00eb projekt t\u00eb p\u00ebrbashk\u00ebt me Agjencionin p\u00ebr Zhvillim dhe Nd\u00ebrtim \u00ebsht\u00eb duke realizuar projektin e ndri\u00e7imit publik solar n\u00eb qytetin e Ulqinit, thuhet n\u00eb faqen personale t\u00eb Facebookut t\u00eb kryetarit t\u00eb komun\u00ebs Nazif Cungu. Komuna e Ulqinit n\u00eb bashk\u00ebpunim me Agjencionin p\u00ebr Zhvillim dhe Nd\u00ebrtim [&hellip;]<\/p>\n","protected":false},"author":1,"featured_media":0,"comment_status":"closed","ping_status":"closed","sticky":false,"template":"","format":"standard","meta":{"spay_email":"","jetpack_publicize_message":"","jetpack_is_tweetstorm":false,"jetpack_publicize_feature_enabled":true},"categories":[11],"tags":[],"jetpack_publicize_connections":[],"yoast_head":"<!-- This site is optimized with the Yoast SEO plugin v19.1 - https:\/\/yoast.com\/wordpress\/plugins\/seo\/ -->\n<title>Ndri\u00e7imi led n\u00eb rrug\u00ebn e M\u00ebhall\u00ebs s\u00eb Re - Lajme nga Ulqini<\/title>\n<meta name=\"description\" content=\"Ulqini do b\u00ebhet me ndri\u00e7im solar Komuna e Ulqinit me nj\u00eb projekt t\u00eb p\u00ebrbashk\u00ebt me Agjencionin p\u00ebr Zhvillim dhe Nd\u00ebrtim \u00ebsht\u00eb duke realizuar projektin e\" \/>\n<meta name=\"robots\" content=\"index, follow, max-snippet:-1, max-image-preview:large, max-video-preview:-1\" \/>\n<link rel=\"canonical\" href=\"https:\/\/www.visit-ulcinj.com\/blog\/2017\/02\/27\/ndricimi-led-ne-rrugen-e-mehalles-se-re\/\" \/>\n<meta property=\"og:locale\" content=\"en_US\" \/>\n<meta property=\"og:type\" content=\"article\" \/>\n<meta property=\"og:title\" content=\"Ndri\u00e7imi led n\u00eb rrug\u00ebn e M\u00ebhall\u00ebs s\u00eb Re - Lajme nga Ulqini\" \/>\n<meta property=\"og:description\" content=\"Ulqini do b\u00ebhet me ndri\u00e7im solar Komuna e Ulqinit me nj\u00eb projekt t\u00eb p\u00ebrbashk\u00ebt me Agjencionin p\u00ebr Zhvillim dhe Nd\u00ebrtim \u00ebsht\u00eb duke realizuar projektin e\" \/>\n<meta property=\"og:url\" content=\"https:\/\/www.visit-ulcinj.com\/blog\/2017\/02\/27\/ndricimi-led-ne-rrugen-e-mehalles-se-re\/\" \/>\n<meta property=\"og:site_name\" content=\"Lajme nga Ulqini\" \/>\n<meta property=\"article:published_time\" content=\"2017-02-27T09:59:58+00:00\" \/>\n<meta name=\"twitter:label1\" content=\"Written by\" \/>\n\t<meta name=\"twitter:data1\" content=\"ulqini\" \/>\n\t<meta name=\"twitter:label2\" content=\"Est. reading time\" \/>\n\t<meta name=\"twitter:data2\" content=\"1 minute\" \/>\n<script type=\"application\/ld+json\" class=\"yoast-schema-graph\">{\"@context\":\"https:\/\/schema.org\",\"@graph\":[{\"@type\":\"WebSite\",\"@id\":\"https:\/\/www.visit-ulcinj.com\/blog\/#website\",\"url\":\"https:\/\/www.visit-ulcinj.com\/blog\/\",\"name\":\"Lajme nga Ulqini\",\"description\":\"Lajme,Vijesti,Ulqini,Ulqin,Crna Gora,Mali i Zi\",\"potentialAction\":[{\"@type\":\"SearchAction\",\"target\":{\"@type\":\"EntryPoint\",\"urlTemplate\":\"https:\/\/www.visit-ulcinj.com\/blog\/?s={search_term_string}\"},\"query-input\":\"required name=search_term_string\"}],\"inLanguage\":\"en-US\"},{\"@type\":\"WebPage\",\"@id\":\"https:\/\/www.visit-ulcinj.com\/blog\/2017\/02\/27\/ndricimi-led-ne-rrugen-e-mehalles-se-re\/#webpage\",\"url\":\"https:\/\/www.visit-ulcinj.com\/blog\/2017\/02\/27\/ndricimi-led-ne-rrugen-e-mehalles-se-re\/\",\"name\":\"Ndri\u00e7imi led n\u00eb rrug\u00ebn e M\u00ebhall\u00ebs s\u00eb Re - Lajme nga Ulqini\",\"isPartOf\":{\"@id\":\"https:\/\/www.visit-ulcinj.com\/blog\/#website\"},\"datePublished\":\"2017-02-27T09:59:58+00:00\",\"dateModified\":\"2017-02-27T09:59:58+00:00\",\"author\":{\"@id\":\"https:\/\/www.visit-ulcinj.com\/blog\/#\/schema\/person\/dcab619c614d3038751c63bc2aadc06d\"},\"description\":\"Ulqini do b\u00ebhet me ndri\u00e7im solar Komuna e Ulqinit me nj\u00eb projekt t\u00eb p\u00ebrbashk\u00ebt me Agjencionin p\u00ebr Zhvillim dhe Nd\u00ebrtim \u00ebsht\u00eb duke realizuar projektin e\",\"breadcrumb\":{\"@id\":\"https:\/\/www.visit-ulcinj.com\/blog\/2017\/02\/27\/ndricimi-led-ne-rrugen-e-mehalles-se-re\/#breadcrumb\"},\"inLanguage\":\"en-US\",\"potentialAction\":[{\"@type\":\"ReadAction\",\"target\":[\"https:\/\/www.visit-ulcinj.com\/blog\/2017\/02\/27\/ndricimi-led-ne-rrugen-e-mehalles-se-re\/\"]}]},{\"@type\":\"BreadcrumbList\",\"@id\":\"https:\/\/www.visit-ulcinj.com\/blog\/2017\/02\/27\/ndricimi-led-ne-rrugen-e-mehalles-se-re\/#breadcrumb\",\"itemListElement\":[{\"@type\":\"ListItem\",\"position\":1,\"name\":\"Ndri\u00e7imi led n\u00eb rrug\u00ebn e M\u00ebhall\u00ebs s\u00eb Re\"}]},{\"@type\":\"Person\",\"@id\":\"https:\/\/www.visit-ulcinj.com\/blog\/#\/schema\/person\/dcab619c614d3038751c63bc2aadc06d\",\"name\":\"ulqini\",\"sameAs\":[\"http:\/\/www.visit-ulcinj.com\"],\"url\":\"https:\/\/www.visit-ulcinj.com\/blog\/author\/admin\/\"}]}<\/script>\n<!-- \/ Yoast SEO plugin. -->","yoast_head_json":{"title":"Ndri\u00e7imi led n\u00eb rrug\u00ebn e M\u00ebhall\u00ebs s\u00eb Re - Lajme nga Ulqini","description":"Ulqini do b\u00ebhet me ndri\u00e7im solar Komuna e Ulqinit me nj\u00eb projekt t\u00eb p\u00ebrbashk\u00ebt me Agjencionin p\u00ebr Zhvillim dhe Nd\u00ebrtim \u00ebsht\u00eb duke realizuar projektin e","robots":{"index":"index","follow":"follow","max-snippet":"max-snippet:-1","max-image-preview":"max-image-preview:large","max-video-preview":"max-video-preview:-1"},"canonical":"https:\/\/www.visit-ulcinj.com\/blog\/2017\/02\/27\/ndricimi-led-ne-rrugen-e-mehalles-se-re\/","og_locale":"en_US","og_type":"article","og_title":"Ndri\u00e7imi led n\u00eb rrug\u00ebn e M\u00ebhall\u00ebs s\u00eb Re - Lajme nga Ulqini","og_description":"Ulqini do b\u00ebhet me ndri\u00e7im solar Komuna e Ulqinit me nj\u00eb projekt t\u00eb p\u00ebrbashk\u00ebt me Agjencionin p\u00ebr Zhvillim dhe Nd\u00ebrtim \u00ebsht\u00eb duke realizuar projektin e","og_url":"https:\/\/www.visit-ulcinj.com\/blog\/2017\/02\/27\/ndricimi-led-ne-rrugen-e-mehalles-se-re\/","og_site_name":"Lajme nga Ulqini","article_published_time":"2017-02-27T09:59:58+00:00","twitter_misc":{"Written by":"ulqini","Est. reading time":"1 minute"},"schema":{"@context":"https:\/\/schema.org","@graph":[{"@type":"WebSite","@id":"https:\/\/www.visit-ulcinj.com\/blog\/#website","url":"https:\/\/www.visit-ulcinj.com\/blog\/","name":"Lajme nga Ulqini","description":"Lajme,Vijesti,Ulqini,Ulqin,Crna Gora,Mali i Zi","potentialAction":[{"@type":"SearchAction","target":{"@type":"EntryPoint","urlTemplate":"https:\/\/www.visit-ulcinj.com\/blog\/?s={search_term_string}"},"query-input":"required name=search_term_string"}],"inLanguage":"en-US"},{"@type":"WebPage","@id":"https:\/\/www.visit-ulcinj.com\/blog\/2017\/02\/27\/ndricimi-led-ne-rrugen-e-mehalles-se-re\/#webpage","url":"https:\/\/www.visit-ulcinj.com\/blog\/2017\/02\/27\/ndricimi-led-ne-rrugen-e-mehalles-se-re\/","name":"Ndri\u00e7imi led n\u00eb rrug\u00ebn e M\u00ebhall\u00ebs s\u00eb Re - Lajme nga Ulqini","isPartOf":{"@id":"https:\/\/www.visit-ulcinj.com\/blog\/#website"},"datePublished":"2017-02-27T09:59:58+00:00","dateModified":"2017-02-27T09:59:58+00:00","author":{"@id":"https:\/\/www.visit-ulcinj.com\/blog\/#\/schema\/person\/dcab619c614d3038751c63bc2aadc06d"},"description":"Ulqini do b\u00ebhet me ndri\u00e7im solar Komuna e Ulqinit me nj\u00eb projekt t\u00eb p\u00ebrbashk\u00ebt me Agjencionin p\u00ebr Zhvillim dhe Nd\u00ebrtim \u00ebsht\u00eb duke realizuar projektin e","breadcrumb":{"@id":"https:\/\/www.visit-ulcinj.com\/blog\/2017\/02\/27\/ndricimi-led-ne-rrugen-e-mehalles-se-re\/#breadcrumb"},"inLanguage":"en-US","potentialAction":[{"@type":"ReadAction","target":["https:\/\/www.visit-ulcinj.com\/blog\/2017\/02\/27\/ndricimi-led-ne-rrugen-e-mehalles-se-re\/"]}]},{"@type":"BreadcrumbList","@id":"https:\/\/www.visit-ulcinj.com\/blog\/2017\/02\/27\/ndricimi-led-ne-rrugen-e-mehalles-se-re\/#breadcrumb","itemListElement":[{"@type":"ListItem","position":1,"name":"Ndri\u00e7imi led n\u00eb rrug\u00ebn e M\u00ebhall\u00ebs s\u00eb Re"}]},{"@type":"Person","@id":"https:\/\/www.visit-ulcinj.com\/blog\/#\/schema\/person\/dcab619c614d3038751c63bc2aadc06d","name":"ulqini","sameAs":["http:\/\/www.visit-ulcinj.com"],"url":"https:\/\/www.visit-ulcinj.com\/blog\/author\/admin\/"}]}},"jetpack_featured_media_url":"","jetpack_sharing_enabled":true,"jetpack_shortlink":"https:\/\/wp.me\/pe6lTn-qRP","_links":{"self":[{"href":"https:\/\/www.visit-ulcinj.com\/blog\/wp-json\/wp\/v2\/posts\/103281"}],"collection":[{"href":"https:\/\/www.visit-ulcinj.com\/blog\/wp-json\/wp\/v2\/posts"}],"about":[{"href":"https:\/\/www.visit-ulcinj.com\/blog\/wp-json\/wp\/v2\/types\/post"}],"author":[{"embeddable":true,"href":"https:\/\/www.visit-ulcinj.com\/blog\/wp-json\/wp\/v2\/users\/1"}],"replies":[{"embeddable":true,"href":"https:\/\/www.visit-ulcinj.com\/blog\/wp-json\/wp\/v2\/comments?post=103281"}],"version-history":[{"count":1,"href":"https:\/\/www.visit-ulcinj.com\/blog\/wp-json\/wp\/v2\/posts\/103281\/revisions"}],"predecessor-version":[{"id":103283,"href":"https:\/\/www.visit-ulcinj.com\/blog\/wp-json\/wp\/v2\/posts\/103281\/revisions\/103283"}],"wp:attachment":[{"href":"https:\/\/www.visit-ulcinj.com\/blog\/wp-json\/wp\/v2\/media?parent=103281"}],"wp:term":[{"taxonomy":"category","embeddable":true,"href":"https:\/\/www.visit-ulcinj.com\/blog\/wp-json\/wp\/v2\/categories?post=103281"},{"taxonomy":"post_tag","embeddable":true,"href":"https:\/\/www.visit-ulcinj.com\/blog\/wp-json\/wp\/v2\/tags?post=103281"}],"curies":[{"name":"wp","href":"https:\/\/api.w.org\/{rel}","templated":true}]}}