{"id":103285,"date":"2017-02-27T17:32:42","date_gmt":"2017-02-27T16:32:42","guid":{"rendered":"http:\/\/www.visit-ulcinj.com\/blog\/?p=103285"},"modified":"2017-02-27T17:32:42","modified_gmt":"2017-02-27T16:32:42","slug":"nika-partite-shqiptare-ne-mal-te-zi-te-ndjekin-ata-te-maqedonise-para-se-te-shkojne-ne","status":"publish","type":"post","link":"https:\/\/www.visit-ulcinj.com\/blog\/2017\/02\/27\/nika-partite-shqiptare-ne-mal-te-zi-te-ndjekin-ata-te-maqedonise-para-se-te-shkojne-ne\/","title":{"rendered":"Nika: Partit\u00eb shqiptare n\u00eb Mal t\u00eb Zi : T\u00eb ndjekin ata t\u00eb Maqedonis\u00eb para se t\u00eb shkojn\u00eb n\u00eb &#8230;?!!"},"content":{"rendered":"<p><strong><a href=\"http:\/\/www.visit-ulcinj.com\/blog\/wp-content\/uploads\/2014\/02\/partit-shqiptare-ulqin.jpg\"><img loading=\"lazy\" class=\"alignleft wp-image-79548\" src=\"http:\/\/www.visit-ulcinj.com\/blog\/wp-content\/uploads\/2014\/02\/partit-shqiptare-ulqin.jpg\" alt=\"partit-shqiptare-ulqin\" width=\"508\" height=\"323\" srcset=\"https:\/\/www.visit-ulcinj.com\/blog\/wp-content\/uploads\/2014\/02\/partit-shqiptare-ulqin.jpg 400w, https:\/\/www.visit-ulcinj.com\/blog\/wp-content\/uploads\/2014\/02\/partit-shqiptare-ulqin-300x190.jpg 300w\" sizes=\"(max-width: 508px) 100vw, 508px\" \/><\/a>Shkruan Muhamet Nika<\/strong><\/p>\n<p><strong>Vazhdim II<\/strong><\/p>\n<p><strong>( koha \u00ebsht\u00eb shpat\u00eb n\u00ebse ti nuk e pret, t\u00eb pret ajo ty- profeti Muhamed. A.s.)<\/strong><\/p>\n<p>Duhet \u00a0ta pranojm\u00eb \u00a0q\u00eb\u00a0 pas \u00a0zgjedhjeve\u00a0 parlamentare n\u00eb k\u00ebto dy shtete , \u00a0i \u00a0ra q\u00eb shqiptar\u00ebt \u00a0t\u00eb jen\u00eb\u00a0 faktor\u00a0 stabilizimi (Maqedoni) dhe destabilizimi &#8211; \u00a0Mal t\u00eb Zi&#8230;.?! Themi k\u00ebt\u00eb se marr\u00ebdh\u00ebniet \u00a0e popullsis\u00eb maqedonase\u00a0 e \u00a0shqiptare \u00a0\u00a0nuk kan\u00eb qen\u00eb kurr\u00eb m\u00eb n\u00eb nivel \u00a0t\u00eb mir\u00eb, \u00a0p\u00ebr dallim t\u00eb atyre\u00a0 malazezo shqiptare \u00a0\u00a0q\u00eb\u00a0 jan\u00eb sot \u2013 n\u00eb aspektin politik\u00eb..?!!<\/p>\n<p>Ka pasur edhe koh\u00eb \u00a0shum\u00eb m\u00eb t\u00eb v\u00ebshtira \u2013 por\u00a0 rrall\u00eb na \u00ebsht\u00eb shar\u00eb\u00a0 n\u00ebna si sot n\u00eb parlament dhe as gj\u00eb\u00a0 as kujt&#8230;?! Por t\u00eb hyjm\u00eb aty ku duam t\u00eb dalim:<\/p>\n<p>Derisa \u00a0n\u00eb k\u00ebto zgjedhje &#8230;, q\u00eb n\u00eb start \u2013 shqiptar\u00ebt , si opozit\u00eb &#8211; pa kushte p\u00ebrkrahen\u00a0 DPS-in \u2013 pakic\u00eb, \u00a0duke e sjell\u00eb p\u00ebrs\u00ebri n\u00eb pushtet, atje (Maqedoni) fillimisht \u00a0\u00a0shqiptar\u00ebt p\u00ebrkrah \u00ebn \u00a0pozit\u00ebn \u00a0e Grujevskit shumic\u00eb me bisedime \u00a0dhe \u00a0kur\u00a0 nuk iu plot\u00ebsuan \u00a0kushtet \u00a0i nis\u00ebn\u00a0 bisedimet me opozit\u00eb.<\/p>\n<p>Kjo ishte edhe kusht me Marr\u00ebveshjen e Ohrit pas konfliktit maqedonas\u00a0 me shqiptar\u00eb.<\/p>\n<p>Si duket Marr\u00ebveshja\u00a0 e Ohrit , filloi t\u00eb jap\u00eb rezultatet\u00a0 e veta\u00a0\u00a0 edhe pse nuk besohej n\u00eb te. N\u00eb esenc\u00eb\u00a0 marr\u00ebveshja at\u00ebher\u00eb \u00a0parashihte barazin\u00eb e gjuh\u00ebve , \u00e7ka Grujevski e shkeli?!.<\/p>\n<p>K\u00ebta \u201c tan\u00ebt..\u201d, \u00a0jo q\u00eb vepruan t\u00eb kund\u00ebrt\u00ebn , por\u00a0 edhe e shantazhuan\u00a0 shumic\u00ebn malazeze\u00a0 n\u00eb komision\u00a0 zgjedhor \u2013 \u00a0p\u00ebr mes falsifikimit t\u00eb dokumentave \u2013 si\u00e7 pohohet.<\/p>\n<p>Pra po del\u00a0 se \u00a0jan\u00eb t\u00eb kapur \u201c me presh n\u00eb dor\u00eb..\u201d?! .Ata \u00a0manipuluan \u00a0me besim tonin&#8230;.?!\u00a0 B\u00ebn\u00eb shumic\u00ebn\u00a0 \u00a0pakic\u00eb &#8211; \u00a0partit\u00eb opozitare -serbo malazeze\u00a0 e \u00a0na futen \u00a0\u00a0me siguri edhe\u00a0 ne \u00a0\u00a0n\u00eb qull\u00eb?!<\/p>\n<p><strong><em>Si t\u00eb veprohet?!<\/em><\/strong><\/p>\n<p>Realitet i pashmangsh\u00ebm dhe bind\u00ebs p\u00ebr q\u00ebndrimin ton\u00eb,\u00a0 \u00ebsht\u00eb fakti\u00a0 q\u00eb \u00a0\u00a0ne shqiptar\u00ebt, as k\u00eb nuk mund t\u00eb bindim dhe as na takon \u00a0t\u00eb bindim, pra as \u00a0\u00a0t\u00eb huajt\u00a0 e as Naton, q\u00eb qeverin\u00eb \u00a0dhe shtetin\u00a0 \u00a0malazez e \u00a0duam edhe m\u00eb shum\u00eb se vet\u00eb malazez\u00ebt- \u00a0indipendist\u00ebt, psh Krivokapiqi \u00a0etj.<\/p>\n<p>Sipas meje- \u00a0Mjer\u00eb ai popull q\u00eb nuk mund t\u00eb vendos\u00eb p\u00ebr vete , n\u00eb rrokopujat e historis\u00eb \u00a0si shkak i \u00a0munges\u00ebs s\u00eb \u00a0vizionit dhe guximit. Asesi \u00a0nuk besoj q\u00eb \u00a0malazez\u00ebt jan\u00eb \u00a0t\u00eb ngjash\u00ebm\u00a0 me ne shqiptar\u00ebt dhe q\u00eb nuk mund t\u00eb \u00a0vendosin vet\u00a0 pa \u00a0nj\u00eb nd\u00ebrhyrje nga jasht\u00eb . E aq \u00a0m\u00eb pak\u00eb nuk mendoj se\u00a0 s\u2019 b\u00ebjn\u00eb \u00a0at\u00eb\u00a0 edhe \u00a0pa ndihm\u00ebn ton\u00eb. ..?!<\/p>\n<p>E\u00a0 jona \u00ebsht\u00eb t\u00eb p\u00ebrkrahim ashtu \u00a0sa ata na p\u00ebrkrahin , por kuptohet duke mos\u00a0 i\u00a0 lejuar\u00a0 t\u00eb\u00a0 ken\u00eb\u00a0 marr\u00ebveshje\u00a0 \u00a0t\u00eb\u00a0 fshehta udbashash\u00a0 , p\u00ebr grabitje mandatesh \u00a0\u00a0her\u00eb nj\u00ebri e her\u00eb tjetri t\u00eb shqiptar\u00ebve-\u00a0 \u00a0\u00a0prapa shpin\u00ebs\u00a0 s\u00eb votuesit shqiptar\u00eb&#8230;?!<\/p>\n<p><strong><em>EDHE\u00a0 DPS \u2013i\u00a0 E SHKELI\u00a0\u00a0 MARR\u00cbVESHJEN\u00a0 E VITIT 1996 DUKE MOS\u00a0 E AVANSUAR\u00a0 AT\u00cb?!!<\/em><\/strong><\/p>\n<p>Por , pyesim: a e din\u00eb\u00a0 dhe a e ka par\u00eb at\u00eb ministri \u2013 n\u00ebnkryetari i Kuvendit dhe kryetari i K\u00ebshillit komb\u00ebtar \u2013 betohem q\u00eb jo dhe\u00a0 me kusht\u00a0 t\u00eb v\u00ebnies\u00a0 s\u00eb kok\u00ebs\u00a0 n\u00eb cung para sopat\u00ebs?!!!<\/p>\n<p>Kujtoi\u00a0 se n\u00eb\u00a0 koh\u00ebn time\u00a0 pat\u00ebm \u00a0n\u00ebnshkruar\u00a0 nj\u00eb marr\u00ebveshje p\u00ebr\u00a0 minimumin e parimeve demokratike , me pozit\u00ebn dhe opozit\u00ebn\u00a0 serbo- malazeze e n\u00ebse k\u00ebt\u00eb DPS- e shkeli bashk\u00eb\u00a0 me opozit\u00ebn duke nisur \u00a0q\u00eb nga\u00a0 ligji zgjedhor etj- \u00a0por edhe me fajin\u00a0 e deputet\u00ebve shqiptar\u00eb, at\u00ebher\u00eb pse \u00a0t\u00eb mos \u00a0nisen bisedimet me opozit\u00ebn malazeze\u00a0 p\u00ebr t\u00eb \u00a0p\u00ebrmir\u00ebsuar\u00a0\u00a0 pozit\u00ebn?!<\/p>\n<p>N\u00eb koh\u00ebn\u00a0 time \u00a0\u00a0edhe pse merrnim\u00a0 pjes\u00eb\u00a0 n\u00eb k\u00ebshillat drejtuese\u00a0 dhe trupat punuese t\u00eb DPS-it n\u00eb kuvend , \u00a0p\u00ebrkundrejt\u00a0 opozit\u00ebs \u00a0serbo\u00a0 malazeze \u00a0q\u00eb bojkotonte parlamentin \u00a0,disa muaj punuam n\u00eb m\u00ebnyr\u00eb paralele, \u00a0deri sa nuk prodhuam\u00a0 kriz\u00eb\u00a0\u00a0 parlamentare dhe p\u00ebr\u00e7arje t\u00eb DPS-it ?!!!<\/p>\n<p>Un\u00eb mendoj\u00a0 se ngjash\u00ebm\u00a0 duhet t\u00eb veprojn\u00eb edhe sot \u2013 Pse t\u00eb\u00a0 \u00e7ohen tensionet\u00a0 p\u00ebr z\u00ebnka me fjal\u00eb dhe\u00a0 me kumtesa- nuk \u00a0ta \u00a0kuptoj.<\/p>\n<p>Vet\u00ebm na shqiptar\u00ebt \u00a0n\u00eb Mal t\u00eb Zi, kam bindjen\u00a0 q\u00eb\u00a0 n\u00eb politik\u00eb, jemi\u00a0 b\u00ebr\u00eb\u00a0 rob\u00ebr t\u00eb sendimentit(shurr\u00ebs) \u2013 testamentit (amanetit nacional ), po si rezultat edhe t\u00eb\u00a0 rendimentit\u00a0 t\u00eb ul\u00ebt\u00a0 politik\u00eb q\u00eb \u00ebsht\u00eb p\u00ebrplot hile dyfytyr\u00ebsi \u00a0dhe shterp\u00eb ..?!!<\/p>\n<p><strong><em>Vazhdon\u00a0 III:<\/em><\/strong><\/p>\n<p><strong><em>\u00a0Si\u00a0 DPS- i nuk kish bes\u00eb n\u00eb Mua p\u00ebr deputet\u00a0 q\u00eb do i p\u00ebrkrahte qeverin\u00eb dhe\u00a0 b\u00ebn\u00eb Ujdi p\u00ebr\u00a0\u00a0 pushtet\u00a0 me Zharko Rak\u00e7eviqin (SDP)- sot \u00a0Ura\u00a0 pasi ma vodh\u00ebn\u00a0\u00a0 gjith\u00eb\u00a0 s\u00eb bashku\u00a0 , mandatin n\u00eb zgjedhjet 98&#8230;?!!<\/em><\/strong><\/p>\n<p>&nbsp;<\/p>\n","protected":false},"excerpt":{"rendered":"<p>Shkruan Muhamet Nika Vazhdim II ( koha \u00ebsht\u00eb shpat\u00eb n\u00ebse ti nuk e pret, t\u00eb pret ajo ty- profeti Muhamed. A.s.) Duhet \u00a0ta pranojm\u00eb \u00a0q\u00eb\u00a0 pas \u00a0zgjedhjeve\u00a0 parlamentare n\u00eb k\u00ebto dy shtete , \u00a0i \u00a0ra q\u00eb shqiptar\u00ebt \u00a0t\u00eb jen\u00eb\u00a0 faktor\u00a0 stabilizimi (Maqedoni) dhe destabilizimi &#8211; \u00a0Mal t\u00eb Zi&#8230;.?! Themi k\u00ebt\u00eb se marr\u00ebdh\u00ebniet \u00a0e popullsis\u00eb maqedonase\u00a0 [&hellip;]<\/p>\n","protected":false},"author":1,"featured_media":0,"comment_status":"closed","ping_status":"closed","sticky":false,"template":"","format":"standard","meta":{"spay_email":"","jetpack_publicize_message":"","jetpack_is_tweetstorm":false,"jetpack_publicize_feature_enabled":true},"categories":[14249],"tags":[],"jetpack_publicize_connections":[],"yoast_head":"<!-- This site is optimized with the Yoast SEO plugin v19.1 - https:\/\/yoast.com\/wordpress\/plugins\/seo\/ -->\n<title>Nika: Partit\u00eb shqiptare n\u00eb Mal t\u00eb Zi : T\u00eb ndjekin ata t\u00eb Maqedonis\u00eb para se t\u00eb shkojn\u00eb n\u00eb ...?!! - Lajme nga Ulqini<\/title>\n<meta name=\"description\" content=\"Shkruan Muhamet Nika Vazhdim II ( koha \u00ebsht\u00eb shpat\u00eb n\u00ebse ti nuk e pret, t\u00eb pret ajo ty- profeti Muhamed. A.s.) Duhet \u00a0ta pranojm\u00eb \u00a0q\u00eb\u00a0 pas \u00a0zgjedhjeve\u00a0\" \/>\n<meta name=\"robots\" content=\"index, follow, max-snippet:-1, max-image-preview:large, max-video-preview:-1\" \/>\n<link rel=\"canonical\" href=\"https:\/\/www.visit-ulcinj.com\/blog\/2017\/02\/27\/nika-partite-shqiptare-ne-mal-te-zi-te-ndjekin-ata-te-maqedonise-para-se-te-shkojne-ne\/\" \/>\n<meta property=\"og:locale\" content=\"en_US\" \/>\n<meta property=\"og:type\" content=\"article\" \/>\n<meta property=\"og:title\" content=\"Nika: Partit\u00eb shqiptare n\u00eb Mal t\u00eb Zi : T\u00eb ndjekin ata t\u00eb Maqedonis\u00eb para se t\u00eb shkojn\u00eb n\u00eb ...?!! - Lajme nga Ulqini\" \/>\n<meta property=\"og:description\" content=\"Shkruan Muhamet Nika Vazhdim II ( koha \u00ebsht\u00eb shpat\u00eb n\u00ebse ti nuk e pret, t\u00eb pret ajo ty- profeti Muhamed. A.s.) Duhet \u00a0ta pranojm\u00eb \u00a0q\u00eb\u00a0 pas \u00a0zgjedhjeve\u00a0\" \/>\n<meta property=\"og:url\" content=\"https:\/\/www.visit-ulcinj.com\/blog\/2017\/02\/27\/nika-partite-shqiptare-ne-mal-te-zi-te-ndjekin-ata-te-maqedonise-para-se-te-shkojne-ne\/\" \/>\n<meta property=\"og:site_name\" content=\"Lajme nga Ulqini\" \/>\n<meta property=\"article:published_time\" content=\"2017-02-27T16:32:42+00:00\" \/>\n<meta property=\"og:image\" content=\"http:\/\/www.visit-ulcinj.com\/blog\/wp-content\/uploads\/2014\/02\/partit-shqiptare-ulqin.jpg\" \/>\n<meta name=\"twitter:label1\" content=\"Written by\" \/>\n\t<meta name=\"twitter:data1\" content=\"ulqini\" \/>\n\t<meta name=\"twitter:label2\" content=\"Est. reading time\" \/>\n\t<meta name=\"twitter:data2\" content=\"4 minutes\" \/>\n<script type=\"application\/ld+json\" class=\"yoast-schema-graph\">{\"@context\":\"https:\/\/schema.org\",\"@graph\":[{\"@type\":\"WebSite\",\"@id\":\"https:\/\/www.visit-ulcinj.com\/blog\/#website\",\"url\":\"https:\/\/www.visit-ulcinj.com\/blog\/\",\"name\":\"Lajme nga Ulqini\",\"description\":\"Lajme,Vijesti,Ulqini,Ulqin,Crna Gora,Mali i Zi\",\"potentialAction\":[{\"@type\":\"SearchAction\",\"target\":{\"@type\":\"EntryPoint\",\"urlTemplate\":\"https:\/\/www.visit-ulcinj.com\/blog\/?s={search_term_string}\"},\"query-input\":\"required name=search_term_string\"}],\"inLanguage\":\"en-US\"},{\"@type\":\"ImageObject\",\"inLanguage\":\"en-US\",\"@id\":\"https:\/\/www.visit-ulcinj.com\/blog\/2017\/02\/27\/nika-partite-shqiptare-ne-mal-te-zi-te-ndjekin-ata-te-maqedonise-para-se-te-shkojne-ne\/#primaryimage\",\"url\":\"https:\/\/www.visit-ulcinj.com\/blog\/wp-content\/uploads\/2014\/02\/partit-shqiptare-ulqin.jpg\",\"contentUrl\":\"https:\/\/www.visit-ulcinj.com\/blog\/wp-content\/uploads\/2014\/02\/partit-shqiptare-ulqin.jpg\",\"width\":400,\"height\":254},{\"@type\":\"WebPage\",\"@id\":\"https:\/\/www.visit-ulcinj.com\/blog\/2017\/02\/27\/nika-partite-shqiptare-ne-mal-te-zi-te-ndjekin-ata-te-maqedonise-para-se-te-shkojne-ne\/#webpage\",\"url\":\"https:\/\/www.visit-ulcinj.com\/blog\/2017\/02\/27\/nika-partite-shqiptare-ne-mal-te-zi-te-ndjekin-ata-te-maqedonise-para-se-te-shkojne-ne\/\",\"name\":\"Nika: Partit\u00eb shqiptare n\u00eb Mal t\u00eb Zi : T\u00eb ndjekin ata t\u00eb Maqedonis\u00eb para se t\u00eb shkojn\u00eb n\u00eb ...?!! - Lajme nga Ulqini\",\"isPartOf\":{\"@id\":\"https:\/\/www.visit-ulcinj.com\/blog\/#website\"},\"primaryImageOfPage\":{\"@id\":\"https:\/\/www.visit-ulcinj.com\/blog\/2017\/02\/27\/nika-partite-shqiptare-ne-mal-te-zi-te-ndjekin-ata-te-maqedonise-para-se-te-shkojne-ne\/#primaryimage\"},\"datePublished\":\"2017-02-27T16:32:42+00:00\",\"dateModified\":\"2017-02-27T16:32:42+00:00\",\"author\":{\"@id\":\"https:\/\/www.visit-ulcinj.com\/blog\/#\/schema\/person\/dcab619c614d3038751c63bc2aadc06d\"},\"description\":\"Shkruan Muhamet Nika Vazhdim II ( koha \u00ebsht\u00eb shpat\u00eb n\u00ebse ti nuk e pret, t\u00eb pret ajo ty- profeti Muhamed. A.s.) Duhet \u00a0ta pranojm\u00eb \u00a0q\u00eb\u00a0 pas \u00a0zgjedhjeve\u00a0\",\"breadcrumb\":{\"@id\":\"https:\/\/www.visit-ulcinj.com\/blog\/2017\/02\/27\/nika-partite-shqiptare-ne-mal-te-zi-te-ndjekin-ata-te-maqedonise-para-se-te-shkojne-ne\/#breadcrumb\"},\"inLanguage\":\"en-US\",\"potentialAction\":[{\"@type\":\"ReadAction\",\"target\":[\"https:\/\/www.visit-ulcinj.com\/blog\/2017\/02\/27\/nika-partite-shqiptare-ne-mal-te-zi-te-ndjekin-ata-te-maqedonise-para-se-te-shkojne-ne\/\"]}]},{\"@type\":\"BreadcrumbList\",\"@id\":\"https:\/\/www.visit-ulcinj.com\/blog\/2017\/02\/27\/nika-partite-shqiptare-ne-mal-te-zi-te-ndjekin-ata-te-maqedonise-para-se-te-shkojne-ne\/#breadcrumb\",\"itemListElement\":[{\"@type\":\"ListItem\",\"position\":1,\"name\":\"Nika: Partit\u00eb shqiptare n\u00eb Mal t\u00eb Zi : T\u00eb ndjekin ata t\u00eb Maqedonis\u00eb para se t\u00eb shkojn\u00eb n\u00eb &#8230;?!!\"}]},{\"@type\":\"Person\",\"@id\":\"https:\/\/www.visit-ulcinj.com\/blog\/#\/schema\/person\/dcab619c614d3038751c63bc2aadc06d\",\"name\":\"ulqini\",\"sameAs\":[\"http:\/\/www.visit-ulcinj.com\"],\"url\":\"https:\/\/www.visit-ulcinj.com\/blog\/author\/admin\/\"}]}<\/script>\n<!-- \/ Yoast SEO plugin. -->","yoast_head_json":{"title":"Nika: Partit\u00eb shqiptare n\u00eb Mal t\u00eb Zi : T\u00eb ndjekin ata t\u00eb Maqedonis\u00eb para se t\u00eb shkojn\u00eb n\u00eb ...?!! - Lajme nga Ulqini","description":"Shkruan Muhamet Nika Vazhdim II ( koha \u00ebsht\u00eb shpat\u00eb n\u00ebse ti nuk e pret, t\u00eb pret ajo ty- profeti Muhamed. A.s.) Duhet \u00a0ta pranojm\u00eb \u00a0q\u00eb\u00a0 pas \u00a0zgjedhjeve\u00a0","robots":{"index":"index","follow":"follow","max-snippet":"max-snippet:-1","max-image-preview":"max-image-preview:large","max-video-preview":"max-video-preview:-1"},"canonical":"https:\/\/www.visit-ulcinj.com\/blog\/2017\/02\/27\/nika-partite-shqiptare-ne-mal-te-zi-te-ndjekin-ata-te-maqedonise-para-se-te-shkojne-ne\/","og_locale":"en_US","og_type":"article","og_title":"Nika: Partit\u00eb shqiptare n\u00eb Mal t\u00eb Zi : T\u00eb ndjekin ata t\u00eb Maqedonis\u00eb para se t\u00eb shkojn\u00eb n\u00eb ...?!! - Lajme nga Ulqini","og_description":"Shkruan Muhamet Nika Vazhdim II ( koha \u00ebsht\u00eb shpat\u00eb n\u00ebse ti nuk e pret, t\u00eb pret ajo ty- profeti Muhamed. A.s.) Duhet \u00a0ta pranojm\u00eb \u00a0q\u00eb\u00a0 pas \u00a0zgjedhjeve\u00a0","og_url":"https:\/\/www.visit-ulcinj.com\/blog\/2017\/02\/27\/nika-partite-shqiptare-ne-mal-te-zi-te-ndjekin-ata-te-maqedonise-para-se-te-shkojne-ne\/","og_site_name":"Lajme nga Ulqini","article_published_time":"2017-02-27T16:32:42+00:00","og_image":[{"url":"http:\/\/www.visit-ulcinj.com\/blog\/wp-content\/uploads\/2014\/02\/partit-shqiptare-ulqin.jpg"}],"twitter_misc":{"Written by":"ulqini","Est. reading time":"4 minutes"},"schema":{"@context":"https:\/\/schema.org","@graph":[{"@type":"WebSite","@id":"https:\/\/www.visit-ulcinj.com\/blog\/#website","url":"https:\/\/www.visit-ulcinj.com\/blog\/","name":"Lajme nga Ulqini","description":"Lajme,Vijesti,Ulqini,Ulqin,Crna Gora,Mali i Zi","potentialAction":[{"@type":"SearchAction","target":{"@type":"EntryPoint","urlTemplate":"https:\/\/www.visit-ulcinj.com\/blog\/?s={search_term_string}"},"query-input":"required name=search_term_string"}],"inLanguage":"en-US"},{"@type":"ImageObject","inLanguage":"en-US","@id":"https:\/\/www.visit-ulcinj.com\/blog\/2017\/02\/27\/nika-partite-shqiptare-ne-mal-te-zi-te-ndjekin-ata-te-maqedonise-para-se-te-shkojne-ne\/#primaryimage","url":"https:\/\/www.visit-ulcinj.com\/blog\/wp-content\/uploads\/2014\/02\/partit-shqiptare-ulqin.jpg","contentUrl":"https:\/\/www.visit-ulcinj.com\/blog\/wp-content\/uploads\/2014\/02\/partit-shqiptare-ulqin.jpg","width":400,"height":254},{"@type":"WebPage","@id":"https:\/\/www.visit-ulcinj.com\/blog\/2017\/02\/27\/nika-partite-shqiptare-ne-mal-te-zi-te-ndjekin-ata-te-maqedonise-para-se-te-shkojne-ne\/#webpage","url":"https:\/\/www.visit-ulcinj.com\/blog\/2017\/02\/27\/nika-partite-shqiptare-ne-mal-te-zi-te-ndjekin-ata-te-maqedonise-para-se-te-shkojne-ne\/","name":"Nika: Partit\u00eb shqiptare n\u00eb Mal t\u00eb Zi : T\u00eb ndjekin ata t\u00eb Maqedonis\u00eb para se t\u00eb shkojn\u00eb n\u00eb ...?!! - Lajme nga Ulqini","isPartOf":{"@id":"https:\/\/www.visit-ulcinj.com\/blog\/#website"},"primaryImageOfPage":{"@id":"https:\/\/www.visit-ulcinj.com\/blog\/2017\/02\/27\/nika-partite-shqiptare-ne-mal-te-zi-te-ndjekin-ata-te-maqedonise-para-se-te-shkojne-ne\/#primaryimage"},"datePublished":"2017-02-27T16:32:42+00:00","dateModified":"2017-02-27T16:32:42+00:00","author":{"@id":"https:\/\/www.visit-ulcinj.com\/blog\/#\/schema\/person\/dcab619c614d3038751c63bc2aadc06d"},"description":"Shkruan Muhamet Nika Vazhdim II ( koha \u00ebsht\u00eb shpat\u00eb n\u00ebse ti nuk e pret, t\u00eb pret ajo ty- profeti Muhamed. A.s.) Duhet \u00a0ta pranojm\u00eb \u00a0q\u00eb\u00a0 pas \u00a0zgjedhjeve\u00a0","breadcrumb":{"@id":"https:\/\/www.visit-ulcinj.com\/blog\/2017\/02\/27\/nika-partite-shqiptare-ne-mal-te-zi-te-ndjekin-ata-te-maqedonise-para-se-te-shkojne-ne\/#breadcrumb"},"inLanguage":"en-US","potentialAction":[{"@type":"ReadAction","target":["https:\/\/www.visit-ulcinj.com\/blog\/2017\/02\/27\/nika-partite-shqiptare-ne-mal-te-zi-te-ndjekin-ata-te-maqedonise-para-se-te-shkojne-ne\/"]}]},{"@type":"BreadcrumbList","@id":"https:\/\/www.visit-ulcinj.com\/blog\/2017\/02\/27\/nika-partite-shqiptare-ne-mal-te-zi-te-ndjekin-ata-te-maqedonise-para-se-te-shkojne-ne\/#breadcrumb","itemListElement":[{"@type":"ListItem","position":1,"name":"Nika: Partit\u00eb shqiptare n\u00eb Mal t\u00eb Zi : T\u00eb ndjekin ata t\u00eb Maqedonis\u00eb para se t\u00eb shkojn\u00eb n\u00eb &#8230;?!!"}]},{"@type":"Person","@id":"https:\/\/www.visit-ulcinj.com\/blog\/#\/schema\/person\/dcab619c614d3038751c63bc2aadc06d","name":"ulqini","sameAs":["http:\/\/www.visit-ulcinj.com"],"url":"https:\/\/www.visit-ulcinj.com\/blog\/author\/admin\/"}]}},"jetpack_featured_media_url":"","jetpack_sharing_enabled":true,"jetpack_shortlink":"https:\/\/wp.me\/pe6lTn-qRT","_links":{"self":[{"href":"https:\/\/www.visit-ulcinj.com\/blog\/wp-json\/wp\/v2\/posts\/103285"}],"collection":[{"href":"https:\/\/www.visit-ulcinj.com\/blog\/wp-json\/wp\/v2\/posts"}],"about":[{"href":"https:\/\/www.visit-ulcinj.com\/blog\/wp-json\/wp\/v2\/types\/post"}],"author":[{"embeddable":true,"href":"https:\/\/www.visit-ulcinj.com\/blog\/wp-json\/wp\/v2\/users\/1"}],"replies":[{"embeddable":true,"href":"https:\/\/www.visit-ulcinj.com\/blog\/wp-json\/wp\/v2\/comments?post=103285"}],"version-history":[{"count":1,"href":"https:\/\/www.visit-ulcinj.com\/blog\/wp-json\/wp\/v2\/posts\/103285\/revisions"}],"predecessor-version":[{"id":103286,"href":"https:\/\/www.visit-ulcinj.com\/blog\/wp-json\/wp\/v2\/posts\/103285\/revisions\/103286"}],"wp:attachment":[{"href":"https:\/\/www.visit-ulcinj.com\/blog\/wp-json\/wp\/v2\/media?parent=103285"}],"wp:term":[{"taxonomy":"category","embeddable":true,"href":"https:\/\/www.visit-ulcinj.com\/blog\/wp-json\/wp\/v2\/categories?post=103285"},{"taxonomy":"post_tag","embeddable":true,"href":"https:\/\/www.visit-ulcinj.com\/blog\/wp-json\/wp\/v2\/tags?post=103285"}],"curies":[{"name":"wp","href":"https:\/\/api.w.org\/{rel}","templated":true}]}}