{"id":1033,"date":"2008-03-25T13:38:16","date_gmt":"2008-03-25T18:38:16","guid":{"rendered":"http:\/\/www.visit-ulcinj.com\/blog\/2008\/03\/25\/izgradnja-regionalnog-vodovoda-pocinje-u-aprilu-a-zavrsava-u-ulcinj-2010-godine\/"},"modified":"2008-03-25T17:32:38","modified_gmt":"2008-03-25T22:32:38","slug":"izgradnja-regionalnog-vodovoda-pocinje-u-aprilu-a-zavrsava-u-ulcinj-2010-godine","status":"publish","type":"post","link":"https:\/\/www.visit-ulcinj.com\/blog\/2008\/03\/25\/izgradnja-regionalnog-vodovoda-pocinje-u-aprilu-a-zavrsava-u-ulcinj-2010-godine\/","title":{"rendered":"Izgradnja regionalnog vodovoda po?inje u aprilu  a zavr\u0161ava u Ulcinj 2010 godine"},"content":{"rendered":"<p><a href=\"http:\/\/www.visit-ulcinj.com\/blog\/wp-content\/uploads\/2008\/03\/vodovod.jpg\" title=\"vodovod_ulcinj\"><img loading=\"lazy\" src=\"http:\/\/www.visit-ulcinj.com\/blog\/wp-content\/uploads\/2008\/03\/vodovod.thumbnail.jpg\" alt=\"vodovod_ulcinj\" align=\"left\" height=\"113\" width=\"200\" \/><\/a>Po?etkom aprila ove godine po?e?e se sa realizacijom projekta rehabilitacije i izgradnje regionalnog vodovodnog sistema za Crnogorsko primorje na dionici ?urmani\u2013Budva u du\u017eini od 96 kilometara, kazao je za Radio Budvu, izvr\u0161ni direktor JP \u201cRegionalni vodovod\u201d Zoran Bo\u0161njak<br \/>\nKako je kazao stvoreni su preduslovi za po?etak radova jer su zavr\u0161ene benefit analize koje je na nalogu Vlade Crne Gore uradio Ekonomski fakultet iz Podgorice jo\u0161 2005. godine kojim su jasno definisane nedostaju?e koli?ine vode i potencijalna izvori\u0161ta,a donijeta je odluka da izvori\u0161te za sistem regionalnog vodovoda bude Skadarsko jezero,tako?e je odlukom Vlade odre?en na?in finansiranja.<br \/>\nCrnogorska Vlada i Evropska banka za obnovu i razvoj potpisali su Ugovor o garanciji za izgradnju crnogorskog regionalnog vodovoda.<a href=\"http:\/\/www.visit-ulcinj.com\/blog\/wp-content\/uploads\/2008\/03\/zoran-bosnjak-_igor-luksic.jpg\" title=\"Zoran Bo\u0161njak _Igor Luk\u0161i?\"><img loading=\"lazy\" src=\"http:\/\/www.visit-ulcinj.com\/blog\/wp-content\/uploads\/2008\/03\/zoran-bosnjak-_igor-luksic.thumbnail.jpg\" alt=\"Zoran Bo\u0161njak _Igor Luk\u0161i?\" align=\"right\" height=\"150\" width=\"200\" \/><\/a><br \/>\nBo\u0161njak navodi da je osmog novembra pro\u0161le godine raspisan tender za radove na dionici ?urmani-Perzi?a do-Budva, a da je otvaranje ponuda bilo 21. januara ove godine, dok je 27. decembra 2007. raspisan tender za kontinentalni dio za izvo?enje radova pod vodom &#8211; po dnu Skadarskog jezera du\u017eine osam i po kilometara , te za ju\u017eni krak od ?urmana do Bara.<br \/>\nKompletan sistem ?e imati 126 km du\u017eine. Planiramo da u toku prolje?a po?nemo sa realiazcijom kopnenog dijela , polaganjem cjevovoda du\u017e Sakdarskog jezera i od ?urmana prema Baru ,jer je to izvjesno i pro\u0161lo je na tenderu.<br \/>\nProjektom je predvi?eno da Bar, Budva, Tivat i Kotor dobiju nove koli?ine vode do po?etka ljeta 2010, a Ulcinj i Herceg Novi do kraja iste godine.<\/p>\n<p><a href=\"http:\/\/wikimapia.org\/#lat=41.869621&amp;lon=19.346055&amp;z=18&amp;l=0&amp;m=a&amp;v=2\" title=\"ulqin,ulqini,ulcinj,montenegro\" target=\"_blank\">http:\/\/wikimapia.org\/<\/a><\/p>\n","protected":false},"excerpt":{"rendered":"<p><img loading=\"lazy\" src=\"http:\/\/www.visit-ulcinj.com\/blog\/wp-content\/uploads\/2008\/03\/vodovod.thumbnail.jpg\" alt=\"vodovod_ulcinj\" align=\"left\" height=\"140\" width=\"140\" \/><\/p>\n","protected":false},"author":1,"featured_media":0,"comment_status":"open","ping_status":"closed","sticky":false,"template":"","format":"standard","meta":{"spay_email":"","jetpack_publicize_message":"","jetpack_is_tweetstorm":false,"jetpack_publicize_feature_enabled":true},"categories":[11],"tags":[],"jetpack_publicize_connections":[],"yoast_head":"<!-- This site is optimized with the Yoast SEO plugin v19.1 - https:\/\/yoast.com\/wordpress\/plugins\/seo\/ -->\n<title>Izgradnja regionalnog vodovoda po?inje u aprilu a zavr\u0161ava u Ulcinj 2010 godine - Lajme nga Ulqini<\/title>\n<meta name=\"robots\" content=\"index, follow, max-snippet:-1, max-image-preview:large, max-video-preview:-1\" \/>\n<link rel=\"canonical\" href=\"https:\/\/www.visit-ulcinj.com\/blog\/2008\/03\/25\/izgradnja-regionalnog-vodovoda-pocinje-u-aprilu-a-zavrsava-u-ulcinj-2010-godine\/\" \/>\n<meta property=\"og:locale\" content=\"en_US\" \/>\n<meta property=\"og:type\" content=\"article\" \/>\n<meta property=\"og:title\" content=\"Izgradnja regionalnog vodovoda po?inje u aprilu a zavr\u0161ava u Ulcinj 2010 godine - Lajme nga Ulqini\" \/>\n<meta property=\"og:url\" content=\"https:\/\/www.visit-ulcinj.com\/blog\/2008\/03\/25\/izgradnja-regionalnog-vodovoda-pocinje-u-aprilu-a-zavrsava-u-ulcinj-2010-godine\/\" \/>\n<meta property=\"og:site_name\" content=\"Lajme nga Ulqini\" \/>\n<meta property=\"article:published_time\" content=\"2008-03-25T18:38:16+00:00\" \/>\n<meta property=\"article:modified_time\" content=\"2008-03-25T22:32:38+00:00\" \/>\n<meta property=\"og:image\" content=\"http:\/\/www.visit-ulcinj.com\/blog\/wp-content\/uploads\/2008\/03\/vodovod.thumbnail.jpg\" \/>\n<meta name=\"twitter:label1\" content=\"Written by\" \/>\n\t<meta name=\"twitter:data1\" content=\"ulqini\" \/>\n\t<meta name=\"twitter:label2\" content=\"Est. reading time\" \/>\n\t<meta name=\"twitter:data2\" content=\"1 minute\" \/>\n<script type=\"application\/ld+json\" class=\"yoast-schema-graph\">{\"@context\":\"https:\/\/schema.org\",\"@graph\":[{\"@type\":\"WebSite\",\"@id\":\"https:\/\/www.visit-ulcinj.com\/blog\/#website\",\"url\":\"https:\/\/www.visit-ulcinj.com\/blog\/\",\"name\":\"Lajme nga Ulqini\",\"description\":\"Lajme,Vijesti,Ulqini,Ulqin,Crna Gora,Mali i Zi\",\"potentialAction\":[{\"@type\":\"SearchAction\",\"target\":{\"@type\":\"EntryPoint\",\"urlTemplate\":\"https:\/\/www.visit-ulcinj.com\/blog\/?s={search_term_string}\"},\"query-input\":\"required name=search_term_string\"}],\"inLanguage\":\"en-US\"},{\"@type\":\"ImageObject\",\"inLanguage\":\"en-US\",\"@id\":\"https:\/\/www.visit-ulcinj.com\/blog\/2008\/03\/25\/izgradnja-regionalnog-vodovoda-pocinje-u-aprilu-a-zavrsava-u-ulcinj-2010-godine\/#primaryimage\",\"url\":\"http:\/\/www.visit-ulcinj.com\/blog\/wp-content\/uploads\/2008\/03\/vodovod.thumbnail.jpg\",\"contentUrl\":\"http:\/\/www.visit-ulcinj.com\/blog\/wp-content\/uploads\/2008\/03\/vodovod.thumbnail.jpg\"},{\"@type\":\"WebPage\",\"@id\":\"https:\/\/www.visit-ulcinj.com\/blog\/2008\/03\/25\/izgradnja-regionalnog-vodovoda-pocinje-u-aprilu-a-zavrsava-u-ulcinj-2010-godine\/#webpage\",\"url\":\"https:\/\/www.visit-ulcinj.com\/blog\/2008\/03\/25\/izgradnja-regionalnog-vodovoda-pocinje-u-aprilu-a-zavrsava-u-ulcinj-2010-godine\/\",\"name\":\"Izgradnja regionalnog vodovoda po?inje u aprilu a zavr\u0161ava u Ulcinj 2010 godine - Lajme nga Ulqini\",\"isPartOf\":{\"@id\":\"https:\/\/www.visit-ulcinj.com\/blog\/#website\"},\"primaryImageOfPage\":{\"@id\":\"https:\/\/www.visit-ulcinj.com\/blog\/2008\/03\/25\/izgradnja-regionalnog-vodovoda-pocinje-u-aprilu-a-zavrsava-u-ulcinj-2010-godine\/#primaryimage\"},\"datePublished\":\"2008-03-25T18:38:16+00:00\",\"dateModified\":\"2008-03-25T22:32:38+00:00\",\"author\":{\"@id\":\"https:\/\/www.visit-ulcinj.com\/blog\/#\/schema\/person\/dcab619c614d3038751c63bc2aadc06d\"},\"breadcrumb\":{\"@id\":\"https:\/\/www.visit-ulcinj.com\/blog\/2008\/03\/25\/izgradnja-regionalnog-vodovoda-pocinje-u-aprilu-a-zavrsava-u-ulcinj-2010-godine\/#breadcrumb\"},\"inLanguage\":\"en-US\",\"potentialAction\":[{\"@type\":\"ReadAction\",\"target\":[\"https:\/\/www.visit-ulcinj.com\/blog\/2008\/03\/25\/izgradnja-regionalnog-vodovoda-pocinje-u-aprilu-a-zavrsava-u-ulcinj-2010-godine\/\"]}]},{\"@type\":\"BreadcrumbList\",\"@id\":\"https:\/\/www.visit-ulcinj.com\/blog\/2008\/03\/25\/izgradnja-regionalnog-vodovoda-pocinje-u-aprilu-a-zavrsava-u-ulcinj-2010-godine\/#breadcrumb\",\"itemListElement\":[{\"@type\":\"ListItem\",\"position\":1,\"name\":\"Izgradnja regionalnog vodovoda po?inje u aprilu a zavr\u0161ava u Ulcinj 2010 godine\"}]},{\"@type\":\"Person\",\"@id\":\"https:\/\/www.visit-ulcinj.com\/blog\/#\/schema\/person\/dcab619c614d3038751c63bc2aadc06d\",\"name\":\"ulqini\",\"sameAs\":[\"http:\/\/www.visit-ulcinj.com\"],\"url\":\"https:\/\/www.visit-ulcinj.com\/blog\/author\/admin\/\"}]}<\/script>\n<!-- \/ Yoast SEO plugin. -->","yoast_head_json":{"title":"Izgradnja regionalnog vodovoda po?inje u aprilu a zavr\u0161ava u Ulcinj 2010 godine - Lajme nga Ulqini","robots":{"index":"index","follow":"follow","max-snippet":"max-snippet:-1","max-image-preview":"max-image-preview:large","max-video-preview":"max-video-preview:-1"},"canonical":"https:\/\/www.visit-ulcinj.com\/blog\/2008\/03\/25\/izgradnja-regionalnog-vodovoda-pocinje-u-aprilu-a-zavrsava-u-ulcinj-2010-godine\/","og_locale":"en_US","og_type":"article","og_title":"Izgradnja regionalnog vodovoda po?inje u aprilu a zavr\u0161ava u Ulcinj 2010 godine - Lajme nga Ulqini","og_url":"https:\/\/www.visit-ulcinj.com\/blog\/2008\/03\/25\/izgradnja-regionalnog-vodovoda-pocinje-u-aprilu-a-zavrsava-u-ulcinj-2010-godine\/","og_site_name":"Lajme nga Ulqini","article_published_time":"2008-03-25T18:38:16+00:00","article_modified_time":"2008-03-25T22:32:38+00:00","og_image":[{"url":"http:\/\/www.visit-ulcinj.com\/blog\/wp-content\/uploads\/2008\/03\/vodovod.thumbnail.jpg"}],"twitter_misc":{"Written by":"ulqini","Est. reading time":"1 minute"},"schema":{"@context":"https:\/\/schema.org","@graph":[{"@type":"WebSite","@id":"https:\/\/www.visit-ulcinj.com\/blog\/#website","url":"https:\/\/www.visit-ulcinj.com\/blog\/","name":"Lajme nga Ulqini","description":"Lajme,Vijesti,Ulqini,Ulqin,Crna Gora,Mali i Zi","potentialAction":[{"@type":"SearchAction","target":{"@type":"EntryPoint","urlTemplate":"https:\/\/www.visit-ulcinj.com\/blog\/?s={search_term_string}"},"query-input":"required name=search_term_string"}],"inLanguage":"en-US"},{"@type":"ImageObject","inLanguage":"en-US","@id":"https:\/\/www.visit-ulcinj.com\/blog\/2008\/03\/25\/izgradnja-regionalnog-vodovoda-pocinje-u-aprilu-a-zavrsava-u-ulcinj-2010-godine\/#primaryimage","url":"http:\/\/www.visit-ulcinj.com\/blog\/wp-content\/uploads\/2008\/03\/vodovod.thumbnail.jpg","contentUrl":"http:\/\/www.visit-ulcinj.com\/blog\/wp-content\/uploads\/2008\/03\/vodovod.thumbnail.jpg"},{"@type":"WebPage","@id":"https:\/\/www.visit-ulcinj.com\/blog\/2008\/03\/25\/izgradnja-regionalnog-vodovoda-pocinje-u-aprilu-a-zavrsava-u-ulcinj-2010-godine\/#webpage","url":"https:\/\/www.visit-ulcinj.com\/blog\/2008\/03\/25\/izgradnja-regionalnog-vodovoda-pocinje-u-aprilu-a-zavrsava-u-ulcinj-2010-godine\/","name":"Izgradnja regionalnog vodovoda po?inje u aprilu a zavr\u0161ava u Ulcinj 2010 godine - Lajme nga Ulqini","isPartOf":{"@id":"https:\/\/www.visit-ulcinj.com\/blog\/#website"},"primaryImageOfPage":{"@id":"https:\/\/www.visit-ulcinj.com\/blog\/2008\/03\/25\/izgradnja-regionalnog-vodovoda-pocinje-u-aprilu-a-zavrsava-u-ulcinj-2010-godine\/#primaryimage"},"datePublished":"2008-03-25T18:38:16+00:00","dateModified":"2008-03-25T22:32:38+00:00","author":{"@id":"https:\/\/www.visit-ulcinj.com\/blog\/#\/schema\/person\/dcab619c614d3038751c63bc2aadc06d"},"breadcrumb":{"@id":"https:\/\/www.visit-ulcinj.com\/blog\/2008\/03\/25\/izgradnja-regionalnog-vodovoda-pocinje-u-aprilu-a-zavrsava-u-ulcinj-2010-godine\/#breadcrumb"},"inLanguage":"en-US","potentialAction":[{"@type":"ReadAction","target":["https:\/\/www.visit-ulcinj.com\/blog\/2008\/03\/25\/izgradnja-regionalnog-vodovoda-pocinje-u-aprilu-a-zavrsava-u-ulcinj-2010-godine\/"]}]},{"@type":"BreadcrumbList","@id":"https:\/\/www.visit-ulcinj.com\/blog\/2008\/03\/25\/izgradnja-regionalnog-vodovoda-pocinje-u-aprilu-a-zavrsava-u-ulcinj-2010-godine\/#breadcrumb","itemListElement":[{"@type":"ListItem","position":1,"name":"Izgradnja regionalnog vodovoda po?inje u aprilu a zavr\u0161ava u Ulcinj 2010 godine"}]},{"@type":"Person","@id":"https:\/\/www.visit-ulcinj.com\/blog\/#\/schema\/person\/dcab619c614d3038751c63bc2aadc06d","name":"ulqini","sameAs":["http:\/\/www.visit-ulcinj.com"],"url":"https:\/\/www.visit-ulcinj.com\/blog\/author\/admin\/"}]}},"jetpack_featured_media_url":"","jetpack_sharing_enabled":true,"jetpack_shortlink":"https:\/\/wp.me\/pe6lTn-gF","_links":{"self":[{"href":"https:\/\/www.visit-ulcinj.com\/blog\/wp-json\/wp\/v2\/posts\/1033"}],"collection":[{"href":"https:\/\/www.visit-ulcinj.com\/blog\/wp-json\/wp\/v2\/posts"}],"about":[{"href":"https:\/\/www.visit-ulcinj.com\/blog\/wp-json\/wp\/v2\/types\/post"}],"author":[{"embeddable":true,"href":"https:\/\/www.visit-ulcinj.com\/blog\/wp-json\/wp\/v2\/users\/1"}],"replies":[{"embeddable":true,"href":"https:\/\/www.visit-ulcinj.com\/blog\/wp-json\/wp\/v2\/comments?post=1033"}],"version-history":[{"count":0,"href":"https:\/\/www.visit-ulcinj.com\/blog\/wp-json\/wp\/v2\/posts\/1033\/revisions"}],"wp:attachment":[{"href":"https:\/\/www.visit-ulcinj.com\/blog\/wp-json\/wp\/v2\/media?parent=1033"}],"wp:term":[{"taxonomy":"category","embeddable":true,"href":"https:\/\/www.visit-ulcinj.com\/blog\/wp-json\/wp\/v2\/categories?post=1033"},{"taxonomy":"post_tag","embeddable":true,"href":"https:\/\/www.visit-ulcinj.com\/blog\/wp-json\/wp\/v2\/tags?post=1033"}],"curies":[{"name":"wp","href":"https:\/\/api.w.org\/{rel}","templated":true}]}}