{"id":10330,"date":"2009-02-02T19:07:21","date_gmt":"2009-02-02T18:07:21","guid":{"rendered":"http:\/\/www.visit-ulcinj.com\/blog\/?p=10330"},"modified":"2009-02-02T19:07:26","modified_gmt":"2009-02-02T18:07:26","slug":"zbog-duga-epcg-ulcinjska-solana-u-mraku","status":"publish","type":"post","link":"https:\/\/www.visit-ulcinj.com\/blog\/2009\/02\/02\/zbog-duga-epcg-ulcinjska-solana-u-mraku\/","title":{"rendered":"Zbog duga epcg ulcinjska  solana u mraku"},"content":{"rendered":"<p><a rel=\"attachment wp-att-10331\" href=\"http:\/\/www.visit-ulcinj.com\/blog\/2009\/02\/02\/zbog-duga-epcg-ulcinjska-solana-u-mraku\/solana-bajo-sekluic-ulcinj\/\"><img loading=\"lazy\" class=\"alignleft size-full wp-image-10331\" title=\"solana-bajo-sekluic-ulcinj\" src=\"http:\/\/www.visit-ulcinj.com\/blog\/wp-content\/uploads\/2009\/02\/solana-bajo-sekluic-ulcinj.jpg\" alt=\"solana-bajo-sekluic-ulcinj\" width=\"570\" height=\"400\" \/><\/a>Ulcinj &#8211; Solana \u201eBajo Seklui?\u201c u Ulcinju i dalje je bez struje, a zbog ogromnih gubitaka ta kompanija, kojom gazduje Eurofond ve?inskog vlasnika Veselina Barovi?a, najavljuje tu\u017ebu protiv Elektroprivrede Crne Gore. Jedina fabrika soli u Crnoj Gori u mraku je od kraja pro\u0161le godine zbog duga od 45 hiljada eura. U me?uvremenu, pristigao je i decembarski ra?un od 7 hiljada eura, ali u menad\u017ementu tvrde da je stvarni ukupni dug znatno manji.<\/p>\n<p>&#8211; U nekoliko navrata zahtijevali smo revidiranje duga zbog gubitaka koje smo imali tokom pro\u0161le i pretpro\u0161le godine usljed nenajavljenih prekida napajanja strujom, koja su se doga?ala ?ak i tokom berbe. Budu?i da odgovora nema i to ?e biti predmet sudskog postupka koji ?emo uskoro pokrenuti &#8211; navodi se u saop\u0161tenju menad\u017ementa dostavljenog \u201cVijestima\u201d, koje je potpisala izvr\u0161ni direktor Jelena Aleksi?. Dodaje se da je \u0161tetu trenutno nemogu?e procijeniti.<\/p>\n<p>&#8211; ?ak i u ovom momentu da dobijemo struju, bi?e nam potrebno 4-5 dana da osu\u0161imo ma\u0161ine i elektromotore i tek tada utvrdimo da li je i koliko vlaga izazvala o\u0161te?enja. Osim toga, imamo 67 kilometara brentova, odnosno nasipa i tek kad izvu?emo vodu sa polja, zna?emo da li su i oni i koliko o\u0161te?eni. Na pojedinim mjestima, uru\u0161avanja su evidentna &#8211; isti?u u menad\u017ementu. \u0160tetu, kako tvrde u toj kompaniji, trpe i kupci.<\/p>\n<p>&#8211; Solana je potpisala nekoliko vrijednih ugovora, ali ne mo\u017ee da ispo\u0161tuje svoje kupce jer nema proizvodnje. Ugovor sa kupcima iz Srbije vrijedan je 1.120.000 eura, sa BiH 720.000, sa Austrijom 420.000 i sa Kosovom, u zavisnosti od vrste soli koja se potra\u017euje, izme?u 400 i 500 hiljada. U ovom trenutku, kupcima iz Srbije kasnimo sa isporukom robe vrijedne skoro 100 hiljada eura &#8211; pi\u0161e u dopisu i podvla?i da se uz dosta pote\u0161ko?a jedino po\u0161tuje ugovor sa \u201cCrnagoraputem\u201d o isporukama soli za puteve \u201e\u0161to je od najve?eg interesa za gra?ane i njihovu bezbjednost na putevima \u0161irom sjevera Crne Gore\u201c. U Solani se pitaju \u0161ta da rade sa kupcima ako se Elektroprivreda tako odnosi prema jednoj od rijetkih proizvodnih firmi u Crnoj Gori i da li su i isklju?enja sa mre\u017ee mjere suzbijanja posljedica ekonomske krize.<\/p>\n<p>&#8211; Solana je dobila ponudu o zaklju?ivanju protokola sa ultimativnom dinamikom izmirivanja ukupnog duga u roku od svega tridesetak dana. Menad\u017ement je odbio da potpi\u0161e ugovor ?ije datumske odredbe ne mo\u017ee ispo\u0161tovati. Politika koju Elektroprivreda vodi prema Solani dobija za?u?uju?u dimenziju ako se zna da postoji mogu?nost izmiravanja ukupnog duga za struju u 6 jednakih mjese?nih rata &#8211; smatraju u mend\u017ementu Solane i tvrde da se isklju?enja u Ulcinju sprovode selektivno.<\/p>\n<p>&#8211; Zanima nas da li je direktor za naplatu Milo\u0161 Bigovi? nedavno nagra?en za uspje\u0161nu naplatu u poslu koji radi na osnovu selektivnog isklju?ivanja potro\u0161a?a jer imamo saznanja da u Ulcinju osim, privrednih subjekata ima i fizi?kih lica, koja za utro\u0161enu struju duguju vi\u0161e od iznosa zbog koga je Solana isklju?ena sa mre\u017ee &#8211; tvrdi se na kraju dopisa.<br \/>\n\u201cVijesti\u201d u ulcinjskoj Elektrodistribuciji nijesu mogle dobiti informaciju o najve?im du\u017enicima. PR menad\u017eer Elektroprivrede Ivana Radulovi?-Gatolin, koja je na odmoru, ljubazno nas je uputila na Mitra Vu?kovi?a, ali on nije odgovarao na pozive.<br \/>\nDirektor za naplatu u Elektroprivredi Milo\u0161 Bigovi? kazao je ju?e \u201cVijestima\u201d da u Ulcinju nije bilo selektivnog isklju?ivanja potro\u0161a?a.<\/p>\n<p>&#8211; To nije ta?no &#8211; kazao je Bigovi? u kratkom telefonskom razgovoru. On je naglasio da Solana nije po\u0161tovala ranije postignute dogovore oko dinamike isplate duga.<br \/>\n&#8211; I pored toga, krajem pro\u0161le godine ponudili smo toj kompaniji da plati dio duga kako bi izbjegli isklju?enje, ali bez uspjeha &#8211; kazao je on.<br \/>\n<strong>S.A.<br \/>\nIzvor \/ Vijesti<\/strong><\/p>\n<!--YouTube Error: bad URL entered-->\n","protected":false},"excerpt":{"rendered":"<p>Ulcinj &#8211; Solana \u201eBajo Seklui?\u201c u Ulcinju i dalje je bez struje, a zbog ogromnih gubitaka ta kompanija, kojom gazduje Eurofond ve?inskog vlasnika Veselina Barovi?a, najavljuje tu\u017ebu protiv Elektroprivrede Crne Gore. Jedina fabrika soli u Crnoj Gori u mraku je od kraja pro\u0161le godine zbog duga od 45 hiljada eura. U me?uvremenu, pristigao je i [&hellip;]<\/p>\n","protected":false},"author":1,"featured_media":0,"comment_status":"open","ping_status":"closed","sticky":false,"template":"","format":"standard","meta":{"spay_email":"","jetpack_publicize_message":"","jetpack_is_tweetstorm":false,"jetpack_publicize_feature_enabled":true},"categories":[10],"tags":[6352,6351,6350,6349,6353,19],"jetpack_publicize_connections":[],"yoast_head":"<!-- This site is optimized with the Yoast SEO plugin v19.1 - https:\/\/yoast.com\/wordpress\/plugins\/seo\/ -->\n<title>Zbog duga epcg ulcinjska solana u mraku - Lajme nga Ulqini<\/title>\n<meta name=\"description\" content=\"Ulcinj - Solana \u201eBajo Seklui?\u201c u Ulcinju i dalje je bez struje, a zbog ogromnih gubitaka ta kompanija, kojom gazduje Eurofond ve?inskog vlasnika Veselina\" \/>\n<meta name=\"robots\" content=\"index, follow, max-snippet:-1, max-image-preview:large, max-video-preview:-1\" \/>\n<link rel=\"canonical\" href=\"https:\/\/www.visit-ulcinj.com\/blog\/2009\/02\/02\/zbog-duga-epcg-ulcinjska-solana-u-mraku\/\" \/>\n<meta property=\"og:locale\" content=\"en_US\" \/>\n<meta property=\"og:type\" content=\"article\" \/>\n<meta property=\"og:title\" content=\"Zbog duga epcg ulcinjska solana u mraku - Lajme nga Ulqini\" \/>\n<meta property=\"og:description\" content=\"Ulcinj - Solana \u201eBajo Seklui?\u201c u Ulcinju i dalje je bez struje, a zbog ogromnih gubitaka ta kompanija, kojom gazduje Eurofond ve?inskog vlasnika Veselina\" \/>\n<meta property=\"og:url\" content=\"https:\/\/www.visit-ulcinj.com\/blog\/2009\/02\/02\/zbog-duga-epcg-ulcinjska-solana-u-mraku\/\" \/>\n<meta property=\"og:site_name\" content=\"Lajme nga Ulqini\" \/>\n<meta property=\"article:published_time\" content=\"2009-02-02T18:07:21+00:00\" \/>\n<meta property=\"article:modified_time\" content=\"2009-02-02T18:07:26+00:00\" \/>\n<meta property=\"og:image\" content=\"http:\/\/www.visit-ulcinj.com\/blog\/wp-content\/uploads\/2009\/02\/solana-bajo-sekluic-ulcinj.jpg\" \/>\n<meta name=\"twitter:label1\" content=\"Written by\" \/>\n\t<meta name=\"twitter:data1\" content=\"ulqini\" \/>\n\t<meta name=\"twitter:label2\" content=\"Est. reading time\" \/>\n\t<meta name=\"twitter:data2\" content=\"3 minutes\" \/>\n<script type=\"application\/ld+json\" class=\"yoast-schema-graph\">{\"@context\":\"https:\/\/schema.org\",\"@graph\":[{\"@type\":\"WebSite\",\"@id\":\"https:\/\/www.visit-ulcinj.com\/blog\/#website\",\"url\":\"https:\/\/www.visit-ulcinj.com\/blog\/\",\"name\":\"Lajme nga Ulqini\",\"description\":\"Lajme,Vijesti,Ulqini,Ulqin,Crna Gora,Mali i Zi\",\"potentialAction\":[{\"@type\":\"SearchAction\",\"target\":{\"@type\":\"EntryPoint\",\"urlTemplate\":\"https:\/\/www.visit-ulcinj.com\/blog\/?s={search_term_string}\"},\"query-input\":\"required name=search_term_string\"}],\"inLanguage\":\"en-US\"},{\"@type\":\"ImageObject\",\"inLanguage\":\"en-US\",\"@id\":\"https:\/\/www.visit-ulcinj.com\/blog\/2009\/02\/02\/zbog-duga-epcg-ulcinjska-solana-u-mraku\/#primaryimage\",\"url\":\"https:\/\/www.visit-ulcinj.com\/blog\/wp-content\/uploads\/2009\/02\/solana-bajo-sekluic-ulcinj.jpg\",\"contentUrl\":\"https:\/\/www.visit-ulcinj.com\/blog\/wp-content\/uploads\/2009\/02\/solana-bajo-sekluic-ulcinj.jpg\",\"width\":\"981\",\"height\":\"656\"},{\"@type\":\"WebPage\",\"@id\":\"https:\/\/www.visit-ulcinj.com\/blog\/2009\/02\/02\/zbog-duga-epcg-ulcinjska-solana-u-mraku\/#webpage\",\"url\":\"https:\/\/www.visit-ulcinj.com\/blog\/2009\/02\/02\/zbog-duga-epcg-ulcinjska-solana-u-mraku\/\",\"name\":\"Zbog duga epcg ulcinjska solana u mraku - Lajme nga Ulqini\",\"isPartOf\":{\"@id\":\"https:\/\/www.visit-ulcinj.com\/blog\/#website\"},\"primaryImageOfPage\":{\"@id\":\"https:\/\/www.visit-ulcinj.com\/blog\/2009\/02\/02\/zbog-duga-epcg-ulcinjska-solana-u-mraku\/#primaryimage\"},\"datePublished\":\"2009-02-02T18:07:21+00:00\",\"dateModified\":\"2009-02-02T18:07:26+00:00\",\"author\":{\"@id\":\"https:\/\/www.visit-ulcinj.com\/blog\/#\/schema\/person\/dcab619c614d3038751c63bc2aadc06d\"},\"description\":\"Ulcinj - Solana \u201eBajo Seklui?\u201c u Ulcinju i dalje je bez struje, a zbog ogromnih gubitaka ta kompanija, kojom gazduje Eurofond ve?inskog vlasnika Veselina\",\"breadcrumb\":{\"@id\":\"https:\/\/www.visit-ulcinj.com\/blog\/2009\/02\/02\/zbog-duga-epcg-ulcinjska-solana-u-mraku\/#breadcrumb\"},\"inLanguage\":\"en-US\",\"potentialAction\":[{\"@type\":\"ReadAction\",\"target\":[\"https:\/\/www.visit-ulcinj.com\/blog\/2009\/02\/02\/zbog-duga-epcg-ulcinjska-solana-u-mraku\/\"]}]},{\"@type\":\"BreadcrumbList\",\"@id\":\"https:\/\/www.visit-ulcinj.com\/blog\/2009\/02\/02\/zbog-duga-epcg-ulcinjska-solana-u-mraku\/#breadcrumb\",\"itemListElement\":[{\"@type\":\"ListItem\",\"position\":1,\"name\":\"Zbog duga epcg ulcinjska solana u mraku\"}]},{\"@type\":\"Person\",\"@id\":\"https:\/\/www.visit-ulcinj.com\/blog\/#\/schema\/person\/dcab619c614d3038751c63bc2aadc06d\",\"name\":\"ulqini\",\"sameAs\":[\"http:\/\/www.visit-ulcinj.com\"],\"url\":\"https:\/\/www.visit-ulcinj.com\/blog\/author\/admin\/\"}]}<\/script>\n<!-- \/ Yoast SEO plugin. -->","yoast_head_json":{"title":"Zbog duga epcg ulcinjska solana u mraku - Lajme nga Ulqini","description":"Ulcinj - Solana \u201eBajo Seklui?\u201c u Ulcinju i dalje je bez struje, a zbog ogromnih gubitaka ta kompanija, kojom gazduje Eurofond ve?inskog vlasnika Veselina","robots":{"index":"index","follow":"follow","max-snippet":"max-snippet:-1","max-image-preview":"max-image-preview:large","max-video-preview":"max-video-preview:-1"},"canonical":"https:\/\/www.visit-ulcinj.com\/blog\/2009\/02\/02\/zbog-duga-epcg-ulcinjska-solana-u-mraku\/","og_locale":"en_US","og_type":"article","og_title":"Zbog duga epcg ulcinjska solana u mraku - Lajme nga Ulqini","og_description":"Ulcinj - Solana \u201eBajo Seklui?\u201c u Ulcinju i dalje je bez struje, a zbog ogromnih gubitaka ta kompanija, kojom gazduje Eurofond ve?inskog vlasnika Veselina","og_url":"https:\/\/www.visit-ulcinj.com\/blog\/2009\/02\/02\/zbog-duga-epcg-ulcinjska-solana-u-mraku\/","og_site_name":"Lajme nga Ulqini","article_published_time":"2009-02-02T18:07:21+00:00","article_modified_time":"2009-02-02T18:07:26+00:00","og_image":[{"url":"http:\/\/www.visit-ulcinj.com\/blog\/wp-content\/uploads\/2009\/02\/solana-bajo-sekluic-ulcinj.jpg"}],"twitter_misc":{"Written by":"ulqini","Est. reading time":"3 minutes"},"schema":{"@context":"https:\/\/schema.org","@graph":[{"@type":"WebSite","@id":"https:\/\/www.visit-ulcinj.com\/blog\/#website","url":"https:\/\/www.visit-ulcinj.com\/blog\/","name":"Lajme nga Ulqini","description":"Lajme,Vijesti,Ulqini,Ulqin,Crna Gora,Mali i Zi","potentialAction":[{"@type":"SearchAction","target":{"@type":"EntryPoint","urlTemplate":"https:\/\/www.visit-ulcinj.com\/blog\/?s={search_term_string}"},"query-input":"required name=search_term_string"}],"inLanguage":"en-US"},{"@type":"ImageObject","inLanguage":"en-US","@id":"https:\/\/www.visit-ulcinj.com\/blog\/2009\/02\/02\/zbog-duga-epcg-ulcinjska-solana-u-mraku\/#primaryimage","url":"https:\/\/www.visit-ulcinj.com\/blog\/wp-content\/uploads\/2009\/02\/solana-bajo-sekluic-ulcinj.jpg","contentUrl":"https:\/\/www.visit-ulcinj.com\/blog\/wp-content\/uploads\/2009\/02\/solana-bajo-sekluic-ulcinj.jpg","width":"981","height":"656"},{"@type":"WebPage","@id":"https:\/\/www.visit-ulcinj.com\/blog\/2009\/02\/02\/zbog-duga-epcg-ulcinjska-solana-u-mraku\/#webpage","url":"https:\/\/www.visit-ulcinj.com\/blog\/2009\/02\/02\/zbog-duga-epcg-ulcinjska-solana-u-mraku\/","name":"Zbog duga epcg ulcinjska solana u mraku - Lajme nga Ulqini","isPartOf":{"@id":"https:\/\/www.visit-ulcinj.com\/blog\/#website"},"primaryImageOfPage":{"@id":"https:\/\/www.visit-ulcinj.com\/blog\/2009\/02\/02\/zbog-duga-epcg-ulcinjska-solana-u-mraku\/#primaryimage"},"datePublished":"2009-02-02T18:07:21+00:00","dateModified":"2009-02-02T18:07:26+00:00","author":{"@id":"https:\/\/www.visit-ulcinj.com\/blog\/#\/schema\/person\/dcab619c614d3038751c63bc2aadc06d"},"description":"Ulcinj - Solana \u201eBajo Seklui?\u201c u Ulcinju i dalje je bez struje, a zbog ogromnih gubitaka ta kompanija, kojom gazduje Eurofond ve?inskog vlasnika Veselina","breadcrumb":{"@id":"https:\/\/www.visit-ulcinj.com\/blog\/2009\/02\/02\/zbog-duga-epcg-ulcinjska-solana-u-mraku\/#breadcrumb"},"inLanguage":"en-US","potentialAction":[{"@type":"ReadAction","target":["https:\/\/www.visit-ulcinj.com\/blog\/2009\/02\/02\/zbog-duga-epcg-ulcinjska-solana-u-mraku\/"]}]},{"@type":"BreadcrumbList","@id":"https:\/\/www.visit-ulcinj.com\/blog\/2009\/02\/02\/zbog-duga-epcg-ulcinjska-solana-u-mraku\/#breadcrumb","itemListElement":[{"@type":"ListItem","position":1,"name":"Zbog duga epcg ulcinjska solana u mraku"}]},{"@type":"Person","@id":"https:\/\/www.visit-ulcinj.com\/blog\/#\/schema\/person\/dcab619c614d3038751c63bc2aadc06d","name":"ulqini","sameAs":["http:\/\/www.visit-ulcinj.com"],"url":"https:\/\/www.visit-ulcinj.com\/blog\/author\/admin\/"}]}},"jetpack_featured_media_url":"","jetpack_sharing_enabled":true,"jetpack_shortlink":"https:\/\/wp.me\/pe6lTn-2GC","_links":{"self":[{"href":"https:\/\/www.visit-ulcinj.com\/blog\/wp-json\/wp\/v2\/posts\/10330"}],"collection":[{"href":"https:\/\/www.visit-ulcinj.com\/blog\/wp-json\/wp\/v2\/posts"}],"about":[{"href":"https:\/\/www.visit-ulcinj.com\/blog\/wp-json\/wp\/v2\/types\/post"}],"author":[{"embeddable":true,"href":"https:\/\/www.visit-ulcinj.com\/blog\/wp-json\/wp\/v2\/users\/1"}],"replies":[{"embeddable":true,"href":"https:\/\/www.visit-ulcinj.com\/blog\/wp-json\/wp\/v2\/comments?post=10330"}],"version-history":[{"count":0,"href":"https:\/\/www.visit-ulcinj.com\/blog\/wp-json\/wp\/v2\/posts\/10330\/revisions"}],"wp:attachment":[{"href":"https:\/\/www.visit-ulcinj.com\/blog\/wp-json\/wp\/v2\/media?parent=10330"}],"wp:term":[{"taxonomy":"category","embeddable":true,"href":"https:\/\/www.visit-ulcinj.com\/blog\/wp-json\/wp\/v2\/categories?post=10330"},{"taxonomy":"post_tag","embeddable":true,"href":"https:\/\/www.visit-ulcinj.com\/blog\/wp-json\/wp\/v2\/tags?post=10330"}],"curies":[{"name":"wp","href":"https:\/\/api.w.org\/{rel}","templated":true}]}}