{"id":103306,"date":"2017-02-28T18:37:03","date_gmt":"2017-02-28T17:37:03","guid":{"rendered":"http:\/\/www.visit-ulcinj.com\/blog\/?p=103306"},"modified":"2017-02-28T18:37:03","modified_gmt":"2017-02-28T17:37:03","slug":"abazoviq-pds-duhet-opoziten-te-filloje-dialogun-per-pergatitjen-e-zgjedhjeve-te-jashtezakonshme-parlamentare","status":"publish","type":"post","link":"https:\/\/www.visit-ulcinj.com\/blog\/2017\/02\/28\/abazoviq-pds-duhet-opoziten-te-filloje-dialogun-per-pergatitjen-e-zgjedhjeve-te-jashtezakonshme-parlamentare\/","title":{"rendered":"Abazoviq: PDS duhet me opozit\u00ebn t\u00eb filloj\u00eb dialogun p\u00ebr p\u00ebrgatitjen e zgjedhjeve t\u00eb jasht\u00ebzakonshme parlamentare"},"content":{"rendered":"<p><a href=\"http:\/\/www.visit-ulcinj.com\/blog\/wp-content\/uploads\/2017\/02\/Dritan-Abazovic.jpg\"><img loading=\"lazy\" class=\"alignleft wp-image-103307\" src=\"http:\/\/www.visit-ulcinj.com\/blog\/wp-content\/uploads\/2017\/02\/Dritan-Abazovic.jpg\" alt=\"Dritan-Abazovic\" width=\"508\" height=\"339\" srcset=\"https:\/\/www.visit-ulcinj.com\/blog\/wp-content\/uploads\/2017\/02\/Dritan-Abazovic.jpg 960w, https:\/\/www.visit-ulcinj.com\/blog\/wp-content\/uploads\/2017\/02\/Dritan-Abazovic-300x200.jpg 300w, https:\/\/www.visit-ulcinj.com\/blog\/wp-content\/uploads\/2017\/02\/Dritan-Abazovic-768x512.jpg 768w\" sizes=\"(max-width: 508px) 100vw, 508px\" \/><\/a>Partia Demokratike e Socialist\u00ebve duhet q\u00eb me opozit\u00ebn t\u00eb filloj\u00eb dialogun n\u00eb lidhje me p\u00ebrgatitjen e zgjedhjeve t\u00eb jasht\u00ebzakonshme parlamentare, deklaroi deputeti i L\u00ebvizjes qytetare URA, Dritan Abazoviq.<\/p>\n<p>Ai duke komentuar deklarat\u00ebn e drejtorit politik t\u00eb PDS-s\u00eb Tarzan Millosheviq, se Partia Demokratike e Socialist\u00ebve \u00ebsht\u00eb e gatshme p\u00ebr bisedime me opozit\u00ebn, tha se dialogu duhet t\u00eb fillohet n\u00eb lidhje me p\u00ebrgatitjen e zgjedhjeve t\u00eb jasht\u00ebzakonshme. N\u00eb k\u00ebt\u00eb m\u00ebnyr\u00eb do t\u00eb shmangim\u00a0 t\u00eb gjitha dilemat t\u00eb cilat kan\u00eb qen\u00eb n\u00eb vitin 2016, deklaroi Abazoviq p\u00ebr Pobjed\u00ebn.<\/p>\n<p>Sipas fjal\u00ebve t\u00eb tij, pjesa e pakos q\u00eb ka t\u00eb b\u00ebj\u00eb me p\u00ebrs\u00ebritjen e zgjedhjeve parlamentare, duhet t\u00eb jen\u00eb edhe zgjedhjet n\u00eb Nikshiq, sepse si\u00e7 tha ai, ato n\u00eb m\u00ebnyr\u00ebn se si jan\u00eb paramenduar ia hupin kuptimin procesit zgjedhor. Abazoviq ka p\u00ebrkujtuar se q\u00ebndrimi i m\u00ebparsh\u00ebm i harmonizuar i opozit\u00ebs \u00ebsht\u00eb q\u00eb zgjedhje e jasht\u00ebzakonshme t\u00eb shpallen nj\u00ebkoh\u00ebsisht me zgjedhjet presidenciale n\u00eb vitin 2018.<\/p>\n<p>N\u00eb qoft\u00eb se PDS-ja nuk \u00ebsht\u00eb e gatshme t\u00eb shkoj\u00eb n\u00eb zgjedhjet e parakohshme parlamentare, at\u00ebher\u00eb nuk ka kurrfar\u00eb baze p\u00ebr hapjen e \u00e7far\u00ebdo dialogu, deklaroi Abazoviq.<\/p>\n<p>RTCG<\/p>\n","protected":false},"excerpt":{"rendered":"<p>Partia Demokratike e Socialist\u00ebve duhet q\u00eb me opozit\u00ebn t\u00eb filloj\u00eb dialogun n\u00eb lidhje me p\u00ebrgatitjen e zgjedhjeve t\u00eb jasht\u00ebzakonshme parlamentare, deklaroi deputeti i L\u00ebvizjes qytetare URA, Dritan Abazoviq. Ai duke komentuar deklarat\u00ebn e drejtorit politik t\u00eb PDS-s\u00eb Tarzan Millosheviq, se Partia Demokratike e Socialist\u00ebve \u00ebsht\u00eb e gatshme p\u00ebr bisedime me opozit\u00ebn, tha se dialogu duhet [&hellip;]<\/p>\n","protected":false},"author":1,"featured_media":0,"comment_status":"closed","ping_status":"closed","sticky":false,"template":"","format":"standard","meta":{"spay_email":"","jetpack_publicize_message":"","jetpack_is_tweetstorm":false,"jetpack_publicize_feature_enabled":true},"categories":[6],"tags":[],"jetpack_publicize_connections":[],"yoast_head":"<!-- This site is optimized with the Yoast SEO plugin v19.1 - https:\/\/yoast.com\/wordpress\/plugins\/seo\/ -->\n<title>Abazoviq: PDS duhet me opozit\u00ebn t\u00eb filloj\u00eb dialogun p\u00ebr p\u00ebrgatitjen e zgjedhjeve t\u00eb jasht\u00ebzakonshme parlamentare - Lajme nga Ulqini<\/title>\n<meta name=\"description\" content=\"Partia Demokratike e Socialist\u00ebve duhet q\u00eb me opozit\u00ebn t\u00eb filloj\u00eb dialogun n\u00eb lidhje me p\u00ebrgatitjen e zgjedhjeve t\u00eb jasht\u00ebzakonshme parlamentare, deklaroi\" \/>\n<meta name=\"robots\" content=\"index, follow, max-snippet:-1, max-image-preview:large, max-video-preview:-1\" \/>\n<link rel=\"canonical\" href=\"https:\/\/www.visit-ulcinj.com\/blog\/2017\/02\/28\/abazoviq-pds-duhet-opoziten-te-filloje-dialogun-per-pergatitjen-e-zgjedhjeve-te-jashtezakonshme-parlamentare\/\" \/>\n<meta property=\"og:locale\" content=\"en_US\" \/>\n<meta property=\"og:type\" content=\"article\" \/>\n<meta property=\"og:title\" content=\"Abazoviq: PDS duhet me opozit\u00ebn t\u00eb filloj\u00eb dialogun p\u00ebr p\u00ebrgatitjen e zgjedhjeve t\u00eb jasht\u00ebzakonshme parlamentare - Lajme nga Ulqini\" \/>\n<meta property=\"og:description\" content=\"Partia Demokratike e Socialist\u00ebve duhet q\u00eb me opozit\u00ebn t\u00eb filloj\u00eb dialogun n\u00eb lidhje me p\u00ebrgatitjen e zgjedhjeve t\u00eb jasht\u00ebzakonshme parlamentare, deklaroi\" \/>\n<meta property=\"og:url\" content=\"https:\/\/www.visit-ulcinj.com\/blog\/2017\/02\/28\/abazoviq-pds-duhet-opoziten-te-filloje-dialogun-per-pergatitjen-e-zgjedhjeve-te-jashtezakonshme-parlamentare\/\" \/>\n<meta property=\"og:site_name\" content=\"Lajme nga Ulqini\" \/>\n<meta property=\"article:published_time\" content=\"2017-02-28T17:37:03+00:00\" \/>\n<meta property=\"og:image\" content=\"http:\/\/www.visit-ulcinj.com\/blog\/wp-content\/uploads\/2017\/02\/Dritan-Abazovic.jpg\" \/>\n<meta name=\"twitter:label1\" content=\"Written by\" \/>\n\t<meta name=\"twitter:data1\" content=\"ulqini\" \/>\n\t<meta name=\"twitter:label2\" content=\"Est. reading time\" \/>\n\t<meta name=\"twitter:data2\" content=\"1 minute\" \/>\n<script type=\"application\/ld+json\" class=\"yoast-schema-graph\">{\"@context\":\"https:\/\/schema.org\",\"@graph\":[{\"@type\":\"WebSite\",\"@id\":\"https:\/\/www.visit-ulcinj.com\/blog\/#website\",\"url\":\"https:\/\/www.visit-ulcinj.com\/blog\/\",\"name\":\"Lajme nga Ulqini\",\"description\":\"Lajme,Vijesti,Ulqini,Ulqin,Crna Gora,Mali i Zi\",\"potentialAction\":[{\"@type\":\"SearchAction\",\"target\":{\"@type\":\"EntryPoint\",\"urlTemplate\":\"https:\/\/www.visit-ulcinj.com\/blog\/?s={search_term_string}\"},\"query-input\":\"required name=search_term_string\"}],\"inLanguage\":\"en-US\"},{\"@type\":\"ImageObject\",\"inLanguage\":\"en-US\",\"@id\":\"https:\/\/www.visit-ulcinj.com\/blog\/2017\/02\/28\/abazoviq-pds-duhet-opoziten-te-filloje-dialogun-per-pergatitjen-e-zgjedhjeve-te-jashtezakonshme-parlamentare\/#primaryimage\",\"url\":\"https:\/\/www.visit-ulcinj.com\/blog\/wp-content\/uploads\/2017\/02\/Dritan-Abazovic.jpg\",\"contentUrl\":\"https:\/\/www.visit-ulcinj.com\/blog\/wp-content\/uploads\/2017\/02\/Dritan-Abazovic.jpg\",\"width\":960,\"height\":640},{\"@type\":\"WebPage\",\"@id\":\"https:\/\/www.visit-ulcinj.com\/blog\/2017\/02\/28\/abazoviq-pds-duhet-opoziten-te-filloje-dialogun-per-pergatitjen-e-zgjedhjeve-te-jashtezakonshme-parlamentare\/#webpage\",\"url\":\"https:\/\/www.visit-ulcinj.com\/blog\/2017\/02\/28\/abazoviq-pds-duhet-opoziten-te-filloje-dialogun-per-pergatitjen-e-zgjedhjeve-te-jashtezakonshme-parlamentare\/\",\"name\":\"Abazoviq: PDS duhet me opozit\u00ebn t\u00eb filloj\u00eb dialogun p\u00ebr p\u00ebrgatitjen e zgjedhjeve t\u00eb jasht\u00ebzakonshme parlamentare - Lajme nga Ulqini\",\"isPartOf\":{\"@id\":\"https:\/\/www.visit-ulcinj.com\/blog\/#website\"},\"primaryImageOfPage\":{\"@id\":\"https:\/\/www.visit-ulcinj.com\/blog\/2017\/02\/28\/abazoviq-pds-duhet-opoziten-te-filloje-dialogun-per-pergatitjen-e-zgjedhjeve-te-jashtezakonshme-parlamentare\/#primaryimage\"},\"datePublished\":\"2017-02-28T17:37:03+00:00\",\"dateModified\":\"2017-02-28T17:37:03+00:00\",\"author\":{\"@id\":\"https:\/\/www.visit-ulcinj.com\/blog\/#\/schema\/person\/dcab619c614d3038751c63bc2aadc06d\"},\"description\":\"Partia Demokratike e Socialist\u00ebve duhet q\u00eb me opozit\u00ebn t\u00eb filloj\u00eb dialogun n\u00eb lidhje me p\u00ebrgatitjen e zgjedhjeve t\u00eb jasht\u00ebzakonshme parlamentare, deklaroi\",\"breadcrumb\":{\"@id\":\"https:\/\/www.visit-ulcinj.com\/blog\/2017\/02\/28\/abazoviq-pds-duhet-opoziten-te-filloje-dialogun-per-pergatitjen-e-zgjedhjeve-te-jashtezakonshme-parlamentare\/#breadcrumb\"},\"inLanguage\":\"en-US\",\"potentialAction\":[{\"@type\":\"ReadAction\",\"target\":[\"https:\/\/www.visit-ulcinj.com\/blog\/2017\/02\/28\/abazoviq-pds-duhet-opoziten-te-filloje-dialogun-per-pergatitjen-e-zgjedhjeve-te-jashtezakonshme-parlamentare\/\"]}]},{\"@type\":\"BreadcrumbList\",\"@id\":\"https:\/\/www.visit-ulcinj.com\/blog\/2017\/02\/28\/abazoviq-pds-duhet-opoziten-te-filloje-dialogun-per-pergatitjen-e-zgjedhjeve-te-jashtezakonshme-parlamentare\/#breadcrumb\",\"itemListElement\":[{\"@type\":\"ListItem\",\"position\":1,\"name\":\"Abazoviq: PDS duhet me opozit\u00ebn t\u00eb filloj\u00eb dialogun p\u00ebr p\u00ebrgatitjen e zgjedhjeve t\u00eb jasht\u00ebzakonshme parlamentare\"}]},{\"@type\":\"Person\",\"@id\":\"https:\/\/www.visit-ulcinj.com\/blog\/#\/schema\/person\/dcab619c614d3038751c63bc2aadc06d\",\"name\":\"ulqini\",\"sameAs\":[\"http:\/\/www.visit-ulcinj.com\"],\"url\":\"https:\/\/www.visit-ulcinj.com\/blog\/author\/admin\/\"}]}<\/script>\n<!-- \/ Yoast SEO plugin. -->","yoast_head_json":{"title":"Abazoviq: PDS duhet me opozit\u00ebn t\u00eb filloj\u00eb dialogun p\u00ebr p\u00ebrgatitjen e zgjedhjeve t\u00eb jasht\u00ebzakonshme parlamentare - Lajme nga Ulqini","description":"Partia Demokratike e Socialist\u00ebve duhet q\u00eb me opozit\u00ebn t\u00eb filloj\u00eb dialogun n\u00eb lidhje me p\u00ebrgatitjen e zgjedhjeve t\u00eb jasht\u00ebzakonshme parlamentare, deklaroi","robots":{"index":"index","follow":"follow","max-snippet":"max-snippet:-1","max-image-preview":"max-image-preview:large","max-video-preview":"max-video-preview:-1"},"canonical":"https:\/\/www.visit-ulcinj.com\/blog\/2017\/02\/28\/abazoviq-pds-duhet-opoziten-te-filloje-dialogun-per-pergatitjen-e-zgjedhjeve-te-jashtezakonshme-parlamentare\/","og_locale":"en_US","og_type":"article","og_title":"Abazoviq: PDS duhet me opozit\u00ebn t\u00eb filloj\u00eb dialogun p\u00ebr p\u00ebrgatitjen e zgjedhjeve t\u00eb jasht\u00ebzakonshme parlamentare - Lajme nga Ulqini","og_description":"Partia Demokratike e Socialist\u00ebve duhet q\u00eb me opozit\u00ebn t\u00eb filloj\u00eb dialogun n\u00eb lidhje me p\u00ebrgatitjen e zgjedhjeve t\u00eb jasht\u00ebzakonshme parlamentare, deklaroi","og_url":"https:\/\/www.visit-ulcinj.com\/blog\/2017\/02\/28\/abazoviq-pds-duhet-opoziten-te-filloje-dialogun-per-pergatitjen-e-zgjedhjeve-te-jashtezakonshme-parlamentare\/","og_site_name":"Lajme nga Ulqini","article_published_time":"2017-02-28T17:37:03+00:00","og_image":[{"url":"http:\/\/www.visit-ulcinj.com\/blog\/wp-content\/uploads\/2017\/02\/Dritan-Abazovic.jpg"}],"twitter_misc":{"Written by":"ulqini","Est. reading time":"1 minute"},"schema":{"@context":"https:\/\/schema.org","@graph":[{"@type":"WebSite","@id":"https:\/\/www.visit-ulcinj.com\/blog\/#website","url":"https:\/\/www.visit-ulcinj.com\/blog\/","name":"Lajme nga Ulqini","description":"Lajme,Vijesti,Ulqini,Ulqin,Crna Gora,Mali i Zi","potentialAction":[{"@type":"SearchAction","target":{"@type":"EntryPoint","urlTemplate":"https:\/\/www.visit-ulcinj.com\/blog\/?s={search_term_string}"},"query-input":"required name=search_term_string"}],"inLanguage":"en-US"},{"@type":"ImageObject","inLanguage":"en-US","@id":"https:\/\/www.visit-ulcinj.com\/blog\/2017\/02\/28\/abazoviq-pds-duhet-opoziten-te-filloje-dialogun-per-pergatitjen-e-zgjedhjeve-te-jashtezakonshme-parlamentare\/#primaryimage","url":"https:\/\/www.visit-ulcinj.com\/blog\/wp-content\/uploads\/2017\/02\/Dritan-Abazovic.jpg","contentUrl":"https:\/\/www.visit-ulcinj.com\/blog\/wp-content\/uploads\/2017\/02\/Dritan-Abazovic.jpg","width":960,"height":640},{"@type":"WebPage","@id":"https:\/\/www.visit-ulcinj.com\/blog\/2017\/02\/28\/abazoviq-pds-duhet-opoziten-te-filloje-dialogun-per-pergatitjen-e-zgjedhjeve-te-jashtezakonshme-parlamentare\/#webpage","url":"https:\/\/www.visit-ulcinj.com\/blog\/2017\/02\/28\/abazoviq-pds-duhet-opoziten-te-filloje-dialogun-per-pergatitjen-e-zgjedhjeve-te-jashtezakonshme-parlamentare\/","name":"Abazoviq: PDS duhet me opozit\u00ebn t\u00eb filloj\u00eb dialogun p\u00ebr p\u00ebrgatitjen e zgjedhjeve t\u00eb jasht\u00ebzakonshme parlamentare - Lajme nga Ulqini","isPartOf":{"@id":"https:\/\/www.visit-ulcinj.com\/blog\/#website"},"primaryImageOfPage":{"@id":"https:\/\/www.visit-ulcinj.com\/blog\/2017\/02\/28\/abazoviq-pds-duhet-opoziten-te-filloje-dialogun-per-pergatitjen-e-zgjedhjeve-te-jashtezakonshme-parlamentare\/#primaryimage"},"datePublished":"2017-02-28T17:37:03+00:00","dateModified":"2017-02-28T17:37:03+00:00","author":{"@id":"https:\/\/www.visit-ulcinj.com\/blog\/#\/schema\/person\/dcab619c614d3038751c63bc2aadc06d"},"description":"Partia Demokratike e Socialist\u00ebve duhet q\u00eb me opozit\u00ebn t\u00eb filloj\u00eb dialogun n\u00eb lidhje me p\u00ebrgatitjen e zgjedhjeve t\u00eb jasht\u00ebzakonshme parlamentare, deklaroi","breadcrumb":{"@id":"https:\/\/www.visit-ulcinj.com\/blog\/2017\/02\/28\/abazoviq-pds-duhet-opoziten-te-filloje-dialogun-per-pergatitjen-e-zgjedhjeve-te-jashtezakonshme-parlamentare\/#breadcrumb"},"inLanguage":"en-US","potentialAction":[{"@type":"ReadAction","target":["https:\/\/www.visit-ulcinj.com\/blog\/2017\/02\/28\/abazoviq-pds-duhet-opoziten-te-filloje-dialogun-per-pergatitjen-e-zgjedhjeve-te-jashtezakonshme-parlamentare\/"]}]},{"@type":"BreadcrumbList","@id":"https:\/\/www.visit-ulcinj.com\/blog\/2017\/02\/28\/abazoviq-pds-duhet-opoziten-te-filloje-dialogun-per-pergatitjen-e-zgjedhjeve-te-jashtezakonshme-parlamentare\/#breadcrumb","itemListElement":[{"@type":"ListItem","position":1,"name":"Abazoviq: PDS duhet me opozit\u00ebn t\u00eb filloj\u00eb dialogun p\u00ebr p\u00ebrgatitjen e zgjedhjeve t\u00eb jasht\u00ebzakonshme parlamentare"}]},{"@type":"Person","@id":"https:\/\/www.visit-ulcinj.com\/blog\/#\/schema\/person\/dcab619c614d3038751c63bc2aadc06d","name":"ulqini","sameAs":["http:\/\/www.visit-ulcinj.com"],"url":"https:\/\/www.visit-ulcinj.com\/blog\/author\/admin\/"}]}},"jetpack_featured_media_url":"","jetpack_sharing_enabled":true,"jetpack_shortlink":"https:\/\/wp.me\/pe6lTn-qSe","_links":{"self":[{"href":"https:\/\/www.visit-ulcinj.com\/blog\/wp-json\/wp\/v2\/posts\/103306"}],"collection":[{"href":"https:\/\/www.visit-ulcinj.com\/blog\/wp-json\/wp\/v2\/posts"}],"about":[{"href":"https:\/\/www.visit-ulcinj.com\/blog\/wp-json\/wp\/v2\/types\/post"}],"author":[{"embeddable":true,"href":"https:\/\/www.visit-ulcinj.com\/blog\/wp-json\/wp\/v2\/users\/1"}],"replies":[{"embeddable":true,"href":"https:\/\/www.visit-ulcinj.com\/blog\/wp-json\/wp\/v2\/comments?post=103306"}],"version-history":[{"count":1,"href":"https:\/\/www.visit-ulcinj.com\/blog\/wp-json\/wp\/v2\/posts\/103306\/revisions"}],"predecessor-version":[{"id":103308,"href":"https:\/\/www.visit-ulcinj.com\/blog\/wp-json\/wp\/v2\/posts\/103306\/revisions\/103308"}],"wp:attachment":[{"href":"https:\/\/www.visit-ulcinj.com\/blog\/wp-json\/wp\/v2\/media?parent=103306"}],"wp:term":[{"taxonomy":"category","embeddable":true,"href":"https:\/\/www.visit-ulcinj.com\/blog\/wp-json\/wp\/v2\/categories?post=103306"},{"taxonomy":"post_tag","embeddable":true,"href":"https:\/\/www.visit-ulcinj.com\/blog\/wp-json\/wp\/v2\/tags?post=103306"}],"curies":[{"name":"wp","href":"https:\/\/api.w.org\/{rel}","templated":true}]}}