{"id":103319,"date":"2017-03-03T07:41:46","date_gmt":"2017-03-03T06:41:46","guid":{"rendered":"http:\/\/www.visit-ulcinj.com\/blog\/?p=103319"},"modified":"2017-03-03T07:41:46","modified_gmt":"2017-03-03T06:41:46","slug":"ulqinakja-qe-cmend-meshkujt-kosovar","status":"publish","type":"post","link":"https:\/\/www.visit-ulcinj.com\/blog\/2017\/03\/03\/ulqinakja-qe-cmend-meshkujt-kosovar\/","title":{"rendered":"Ulqinakja q\u00eb i \u2018\u00e7mend\u2019 meshkujt kosovar"},"content":{"rendered":"<div class=\"ExcerptBold\">\n<p><a href=\"http:\/\/www.visit-ulcinj.com\/blog\/wp-content\/uploads\/2017\/03\/Gjuste-Vulaj-Ulqin.jpg\"><img loading=\"lazy\" class=\"alignleft wp-image-103320\" src=\"http:\/\/www.visit-ulcinj.com\/blog\/wp-content\/uploads\/2017\/03\/Gjuste-Vulaj-Ulqin.jpg\" alt=\"Gjuste Vulaj-Ulqin\" width=\"508\" height=\"327\" \/><\/a>\u00cbsht\u00eb kjo Gjyste Vulaj e cila qysh nga fillimi i karrier\u00ebs s\u00eb saj muzikore ka qen\u00eb n\u00eb qend\u00ebr t\u00eb v\u00ebmendjes p\u00ebr linjat seksi q\u00eb ka.<\/p>\n<\/div>\n<p>Ajo n\u00eb \u00e7do paraqitje t\u00eb saj ka nj\u00eb detaj q\u00eb i nxit t\u00eb gjith\u00eb, her\u00eb zbulon gjoksin bombastik, e disa her\u00eb edhe ka provokuar me t\u00eb pasmet e saj, shkruan gazetablic.<\/p>\n<p>Gjystja ishte dhe mbetet edhe tani, si femra m\u00eb seksi q\u00eb ka estrada jon\u00eb!<\/p>\n<p><a href=\"http:\/\/www.visit-ulcinj.com\/blog\/wp-content\/uploads\/2017\/03\/Gjuste-Vulaj-Ulqin-1.jpg\"><img loading=\"lazy\" class=\"alignleft wp-image-103321\" src=\"http:\/\/www.visit-ulcinj.com\/blog\/wp-content\/uploads\/2017\/03\/Gjuste-Vulaj-Ulqin-1.jpg\" alt=\"Gjuste Vulaj-Ulqin-1\" width=\"508\" height=\"538\" \/><\/a> <a href=\"http:\/\/www.visit-ulcinj.com\/blog\/wp-content\/uploads\/2017\/03\/Gjuste-Vulaj-Ulqin-2.jpg\"><img loading=\"lazy\" class=\"alignleft wp-image-103322\" src=\"http:\/\/www.visit-ulcinj.com\/blog\/wp-content\/uploads\/2017\/03\/Gjuste-Vulaj-Ulqin-2.jpg\" alt=\"Gjuste Vulaj-Ulqin-2\" width=\"508\" height=\"347\" \/><\/a><\/p>\n","protected":false},"excerpt":{"rendered":"<p>\u00cbsht\u00eb kjo Gjyste Vulaj e cila qysh nga fillimi i karrier\u00ebs s\u00eb saj muzikore ka qen\u00eb n\u00eb qend\u00ebr t\u00eb v\u00ebmendjes p\u00ebr linjat seksi q\u00eb ka. Ajo n\u00eb \u00e7do paraqitje t\u00eb saj ka nj\u00eb detaj q\u00eb i nxit t\u00eb gjith\u00eb, her\u00eb zbulon gjoksin bombastik, e disa her\u00eb edhe ka provokuar me t\u00eb pasmet e saj, shkruan [&hellip;]<\/p>\n","protected":false},"author":1,"featured_media":0,"comment_status":"closed","ping_status":"closed","sticky":false,"template":"","format":"standard","meta":{"spay_email":"","jetpack_publicize_message":"","jetpack_is_tweetstorm":false,"jetpack_publicize_feature_enabled":true},"categories":[1],"tags":[],"jetpack_publicize_connections":[],"yoast_head":"<!-- This site is optimized with the Yoast SEO plugin v19.1 - https:\/\/yoast.com\/wordpress\/plugins\/seo\/ -->\n<title>Ulqinakja q\u00eb i \u2018\u00e7mend\u2019 meshkujt kosovar - Lajme nga Ulqini<\/title>\n<meta name=\"description\" content=\"\u00cbsht\u00eb kjo Gjyste Vulaj e cila qysh nga fillimi i karrier\u00ebs s\u00eb saj muzikore ka qen\u00eb n\u00eb qend\u00ebr t\u00eb v\u00ebmendjes p\u00ebr linjat seksi q\u00eb ka. Ajo n\u00eb \u00e7do paraqitje t\u00eb\" \/>\n<meta name=\"robots\" content=\"index, follow, max-snippet:-1, max-image-preview:large, max-video-preview:-1\" \/>\n<link rel=\"canonical\" href=\"https:\/\/www.visit-ulcinj.com\/blog\/2017\/03\/03\/ulqinakja-qe-cmend-meshkujt-kosovar\/\" \/>\n<meta property=\"og:locale\" content=\"en_US\" \/>\n<meta property=\"og:type\" content=\"article\" \/>\n<meta property=\"og:title\" content=\"Ulqinakja q\u00eb i \u2018\u00e7mend\u2019 meshkujt kosovar - Lajme nga Ulqini\" \/>\n<meta property=\"og:description\" content=\"\u00cbsht\u00eb kjo Gjyste Vulaj e cila qysh nga fillimi i karrier\u00ebs s\u00eb saj muzikore ka qen\u00eb n\u00eb qend\u00ebr t\u00eb v\u00ebmendjes p\u00ebr linjat seksi q\u00eb ka. Ajo n\u00eb \u00e7do paraqitje t\u00eb\" \/>\n<meta property=\"og:url\" content=\"https:\/\/www.visit-ulcinj.com\/blog\/2017\/03\/03\/ulqinakja-qe-cmend-meshkujt-kosovar\/\" \/>\n<meta property=\"og:site_name\" content=\"Lajme nga Ulqini\" \/>\n<meta property=\"article:published_time\" content=\"2017-03-03T06:41:46+00:00\" \/>\n<meta property=\"og:image\" content=\"http:\/\/www.visit-ulcinj.com\/blog\/wp-content\/uploads\/2017\/03\/Gjuste-Vulaj-Ulqin.jpg\" \/>\n<meta name=\"twitter:label1\" content=\"Written by\" \/>\n\t<meta name=\"twitter:data1\" content=\"ulqini\" \/>\n<script type=\"application\/ld+json\" class=\"yoast-schema-graph\">{\"@context\":\"https:\/\/schema.org\",\"@graph\":[{\"@type\":\"WebSite\",\"@id\":\"https:\/\/www.visit-ulcinj.com\/blog\/#website\",\"url\":\"https:\/\/www.visit-ulcinj.com\/blog\/\",\"name\":\"Lajme nga Ulqini\",\"description\":\"Lajme,Vijesti,Ulqini,Ulqin,Crna Gora,Mali i Zi\",\"potentialAction\":[{\"@type\":\"SearchAction\",\"target\":{\"@type\":\"EntryPoint\",\"urlTemplate\":\"https:\/\/www.visit-ulcinj.com\/blog\/?s={search_term_string}\"},\"query-input\":\"required name=search_term_string\"}],\"inLanguage\":\"en-US\"},{\"@type\":\"ImageObject\",\"inLanguage\":\"en-US\",\"@id\":\"https:\/\/www.visit-ulcinj.com\/blog\/2017\/03\/03\/ulqinakja-qe-cmend-meshkujt-kosovar\/#primaryimage\",\"url\":\"http:\/\/www.visit-ulcinj.com\/blog\/wp-content\/uploads\/2017\/03\/Gjuste-Vulaj-Ulqin.jpg\",\"contentUrl\":\"http:\/\/www.visit-ulcinj.com\/blog\/wp-content\/uploads\/2017\/03\/Gjuste-Vulaj-Ulqin.jpg\"},{\"@type\":\"WebPage\",\"@id\":\"https:\/\/www.visit-ulcinj.com\/blog\/2017\/03\/03\/ulqinakja-qe-cmend-meshkujt-kosovar\/#webpage\",\"url\":\"https:\/\/www.visit-ulcinj.com\/blog\/2017\/03\/03\/ulqinakja-qe-cmend-meshkujt-kosovar\/\",\"name\":\"Ulqinakja q\u00eb i \u2018\u00e7mend\u2019 meshkujt kosovar - Lajme nga Ulqini\",\"isPartOf\":{\"@id\":\"https:\/\/www.visit-ulcinj.com\/blog\/#website\"},\"primaryImageOfPage\":{\"@id\":\"https:\/\/www.visit-ulcinj.com\/blog\/2017\/03\/03\/ulqinakja-qe-cmend-meshkujt-kosovar\/#primaryimage\"},\"datePublished\":\"2017-03-03T06:41:46+00:00\",\"dateModified\":\"2017-03-03T06:41:46+00:00\",\"author\":{\"@id\":\"https:\/\/www.visit-ulcinj.com\/blog\/#\/schema\/person\/dcab619c614d3038751c63bc2aadc06d\"},\"description\":\"\u00cbsht\u00eb kjo Gjyste Vulaj e cila qysh nga fillimi i karrier\u00ebs s\u00eb saj muzikore ka qen\u00eb n\u00eb qend\u00ebr t\u00eb v\u00ebmendjes p\u00ebr linjat seksi q\u00eb ka. Ajo n\u00eb \u00e7do paraqitje t\u00eb\",\"breadcrumb\":{\"@id\":\"https:\/\/www.visit-ulcinj.com\/blog\/2017\/03\/03\/ulqinakja-qe-cmend-meshkujt-kosovar\/#breadcrumb\"},\"inLanguage\":\"en-US\",\"potentialAction\":[{\"@type\":\"ReadAction\",\"target\":[\"https:\/\/www.visit-ulcinj.com\/blog\/2017\/03\/03\/ulqinakja-qe-cmend-meshkujt-kosovar\/\"]}]},{\"@type\":\"BreadcrumbList\",\"@id\":\"https:\/\/www.visit-ulcinj.com\/blog\/2017\/03\/03\/ulqinakja-qe-cmend-meshkujt-kosovar\/#breadcrumb\",\"itemListElement\":[{\"@type\":\"ListItem\",\"position\":1,\"name\":\"Ulqinakja q\u00eb i \u2018\u00e7mend\u2019 meshkujt kosovar\"}]},{\"@type\":\"Person\",\"@id\":\"https:\/\/www.visit-ulcinj.com\/blog\/#\/schema\/person\/dcab619c614d3038751c63bc2aadc06d\",\"name\":\"ulqini\",\"sameAs\":[\"http:\/\/www.visit-ulcinj.com\"],\"url\":\"https:\/\/www.visit-ulcinj.com\/blog\/author\/admin\/\"}]}<\/script>\n<!-- \/ Yoast SEO plugin. -->","yoast_head_json":{"title":"Ulqinakja q\u00eb i \u2018\u00e7mend\u2019 meshkujt kosovar - Lajme nga Ulqini","description":"\u00cbsht\u00eb kjo Gjyste Vulaj e cila qysh nga fillimi i karrier\u00ebs s\u00eb saj muzikore ka qen\u00eb n\u00eb qend\u00ebr t\u00eb v\u00ebmendjes p\u00ebr linjat seksi q\u00eb ka. Ajo n\u00eb \u00e7do paraqitje t\u00eb","robots":{"index":"index","follow":"follow","max-snippet":"max-snippet:-1","max-image-preview":"max-image-preview:large","max-video-preview":"max-video-preview:-1"},"canonical":"https:\/\/www.visit-ulcinj.com\/blog\/2017\/03\/03\/ulqinakja-qe-cmend-meshkujt-kosovar\/","og_locale":"en_US","og_type":"article","og_title":"Ulqinakja q\u00eb i \u2018\u00e7mend\u2019 meshkujt kosovar - Lajme nga Ulqini","og_description":"\u00cbsht\u00eb kjo Gjyste Vulaj e cila qysh nga fillimi i karrier\u00ebs s\u00eb saj muzikore ka qen\u00eb n\u00eb qend\u00ebr t\u00eb v\u00ebmendjes p\u00ebr linjat seksi q\u00eb ka. Ajo n\u00eb \u00e7do paraqitje t\u00eb","og_url":"https:\/\/www.visit-ulcinj.com\/blog\/2017\/03\/03\/ulqinakja-qe-cmend-meshkujt-kosovar\/","og_site_name":"Lajme nga Ulqini","article_published_time":"2017-03-03T06:41:46+00:00","og_image":[{"url":"http:\/\/www.visit-ulcinj.com\/blog\/wp-content\/uploads\/2017\/03\/Gjuste-Vulaj-Ulqin.jpg"}],"twitter_misc":{"Written by":"ulqini"},"schema":{"@context":"https:\/\/schema.org","@graph":[{"@type":"WebSite","@id":"https:\/\/www.visit-ulcinj.com\/blog\/#website","url":"https:\/\/www.visit-ulcinj.com\/blog\/","name":"Lajme nga Ulqini","description":"Lajme,Vijesti,Ulqini,Ulqin,Crna Gora,Mali i Zi","potentialAction":[{"@type":"SearchAction","target":{"@type":"EntryPoint","urlTemplate":"https:\/\/www.visit-ulcinj.com\/blog\/?s={search_term_string}"},"query-input":"required name=search_term_string"}],"inLanguage":"en-US"},{"@type":"ImageObject","inLanguage":"en-US","@id":"https:\/\/www.visit-ulcinj.com\/blog\/2017\/03\/03\/ulqinakja-qe-cmend-meshkujt-kosovar\/#primaryimage","url":"http:\/\/www.visit-ulcinj.com\/blog\/wp-content\/uploads\/2017\/03\/Gjuste-Vulaj-Ulqin.jpg","contentUrl":"http:\/\/www.visit-ulcinj.com\/blog\/wp-content\/uploads\/2017\/03\/Gjuste-Vulaj-Ulqin.jpg"},{"@type":"WebPage","@id":"https:\/\/www.visit-ulcinj.com\/blog\/2017\/03\/03\/ulqinakja-qe-cmend-meshkujt-kosovar\/#webpage","url":"https:\/\/www.visit-ulcinj.com\/blog\/2017\/03\/03\/ulqinakja-qe-cmend-meshkujt-kosovar\/","name":"Ulqinakja q\u00eb i \u2018\u00e7mend\u2019 meshkujt kosovar - Lajme nga Ulqini","isPartOf":{"@id":"https:\/\/www.visit-ulcinj.com\/blog\/#website"},"primaryImageOfPage":{"@id":"https:\/\/www.visit-ulcinj.com\/blog\/2017\/03\/03\/ulqinakja-qe-cmend-meshkujt-kosovar\/#primaryimage"},"datePublished":"2017-03-03T06:41:46+00:00","dateModified":"2017-03-03T06:41:46+00:00","author":{"@id":"https:\/\/www.visit-ulcinj.com\/blog\/#\/schema\/person\/dcab619c614d3038751c63bc2aadc06d"},"description":"\u00cbsht\u00eb kjo Gjyste Vulaj e cila qysh nga fillimi i karrier\u00ebs s\u00eb saj muzikore ka qen\u00eb n\u00eb qend\u00ebr t\u00eb v\u00ebmendjes p\u00ebr linjat seksi q\u00eb ka. Ajo n\u00eb \u00e7do paraqitje t\u00eb","breadcrumb":{"@id":"https:\/\/www.visit-ulcinj.com\/blog\/2017\/03\/03\/ulqinakja-qe-cmend-meshkujt-kosovar\/#breadcrumb"},"inLanguage":"en-US","potentialAction":[{"@type":"ReadAction","target":["https:\/\/www.visit-ulcinj.com\/blog\/2017\/03\/03\/ulqinakja-qe-cmend-meshkujt-kosovar\/"]}]},{"@type":"BreadcrumbList","@id":"https:\/\/www.visit-ulcinj.com\/blog\/2017\/03\/03\/ulqinakja-qe-cmend-meshkujt-kosovar\/#breadcrumb","itemListElement":[{"@type":"ListItem","position":1,"name":"Ulqinakja q\u00eb i \u2018\u00e7mend\u2019 meshkujt kosovar"}]},{"@type":"Person","@id":"https:\/\/www.visit-ulcinj.com\/blog\/#\/schema\/person\/dcab619c614d3038751c63bc2aadc06d","name":"ulqini","sameAs":["http:\/\/www.visit-ulcinj.com"],"url":"https:\/\/www.visit-ulcinj.com\/blog\/author\/admin\/"}]}},"jetpack_featured_media_url":"","jetpack_sharing_enabled":true,"jetpack_shortlink":"https:\/\/wp.me\/pe6lTn-qSr","_links":{"self":[{"href":"https:\/\/www.visit-ulcinj.com\/blog\/wp-json\/wp\/v2\/posts\/103319"}],"collection":[{"href":"https:\/\/www.visit-ulcinj.com\/blog\/wp-json\/wp\/v2\/posts"}],"about":[{"href":"https:\/\/www.visit-ulcinj.com\/blog\/wp-json\/wp\/v2\/types\/post"}],"author":[{"embeddable":true,"href":"https:\/\/www.visit-ulcinj.com\/blog\/wp-json\/wp\/v2\/users\/1"}],"replies":[{"embeddable":true,"href":"https:\/\/www.visit-ulcinj.com\/blog\/wp-json\/wp\/v2\/comments?post=103319"}],"version-history":[{"count":1,"href":"https:\/\/www.visit-ulcinj.com\/blog\/wp-json\/wp\/v2\/posts\/103319\/revisions"}],"predecessor-version":[{"id":103323,"href":"https:\/\/www.visit-ulcinj.com\/blog\/wp-json\/wp\/v2\/posts\/103319\/revisions\/103323"}],"wp:attachment":[{"href":"https:\/\/www.visit-ulcinj.com\/blog\/wp-json\/wp\/v2\/media?parent=103319"}],"wp:term":[{"taxonomy":"category","embeddable":true,"href":"https:\/\/www.visit-ulcinj.com\/blog\/wp-json\/wp\/v2\/categories?post=103319"},{"taxonomy":"post_tag","embeddable":true,"href":"https:\/\/www.visit-ulcinj.com\/blog\/wp-json\/wp\/v2\/tags?post=103319"}],"curies":[{"name":"wp","href":"https:\/\/api.w.org\/{rel}","templated":true}]}}