{"id":103335,"date":"2017-03-03T15:30:01","date_gmt":"2017-03-03T14:30:01","guid":{"rendered":"http:\/\/www.visit-ulcinj.com\/blog\/?p=103335"},"modified":"2017-03-03T15:30:01","modified_gmt":"2017-03-03T14:30:01","slug":"ura-taksat-e-reja-koalicioni-po-e-cone-ulqinin-drejt-gremines","status":"publish","type":"post","link":"https:\/\/www.visit-ulcinj.com\/blog\/2017\/03\/03\/ura-taksat-e-reja-koalicioni-po-e-cone-ulqinin-drejt-gremines\/","title":{"rendered":"URA: Taksat e reja, koalicioni po e \u00e7on\u00eb Ulqinin drejt gremin\u00ebs"},"content":{"rendered":"<p><strong><a href=\"http:\/\/www.visit-ulcinj.com\/blog\/wp-content\/uploads\/2015\/06\/Predsjednik-OO-Gradjanskog-pokreta-URA-Ulcinj.jpg\"><img loading=\"lazy\" class=\"alignleft wp-image-90967\" src=\"http:\/\/www.visit-ulcinj.com\/blog\/wp-content\/uploads\/2015\/06\/Predsjednik-OO-Gradjanskog-pokreta-URA-Ulcinj.jpg\" alt=\"Predsjednik OO Gradjanskog pokreta URA Ulcinj\" width=\"508\" height=\"380\" srcset=\"https:\/\/www.visit-ulcinj.com\/blog\/wp-content\/uploads\/2015\/06\/Predsjednik-OO-Gradjanskog-pokreta-URA-Ulcinj.jpg 960w, https:\/\/www.visit-ulcinj.com\/blog\/wp-content\/uploads\/2015\/06\/Predsjednik-OO-Gradjanskog-pokreta-URA-Ulcinj-300x225.jpg 300w\" sizes=\"(max-width: 508px) 100vw, 508px\" \/><\/a>Kumtesa p\u00ebr opinion e K\u00ebshillit komunal t\u00eb L\u00ebvizjes qytetare URA Ulqin.<\/strong><\/p>\n<p>N\u00eb munges\u00eb t\u00eb vizionit elementar dhe strategjis\u00eb s\u00eb veprimit n\u00eb interes publik, pushteti lokal vazhdon me goditje n\u00eb xhepin e qytetar\u00ebve, raporton portali Ul.info.<\/p>\n<p>Mbasi q\u00eb menj\u00ebher\u00eb pas marrjes s\u00eb pushtetit kan\u00eb rritur tatimin n\u00eb patundshm\u00ebri dhe taks\u00ebn e banimit, tani na ofrojn\u00eb \u201czgjidhjen\u201d e dyt\u00eb, gjegj\u00ebsisht rritjen e \u00e7mimit t\u00eb ujit dhe t\u00eb mbeturinave komunale, pa asnj\u00ebfar\u00eb paralajm\u00ebrimi dhe shpjegimi zyrtar!?<\/p>\n<p>Por, nuk ka vend p\u00ebr habi, sepse apetitet e koalicionit t\u00eb madh jan\u00eb me t\u00eb v\u00ebrtet\u00eb t\u00eb m\u00ebdha.<\/p>\n<p>N\u00eb vend q\u00eb t\u00eb punohet n\u00eb p\u00ebrmir\u00ebsimin e pages\u00ebs dhe zgjerimin e evidenc\u00ebs s\u00eb shfryt\u00ebzuesve n\u00eb m\u00ebnyr\u00eb q\u00eb t\u00eb gjith\u00eb t\u00eb paguajn\u00eb detyrimet e tyre, ne kemi situat\u00eb t\u00eb kund\u00ebrt. N\u00eb k\u00ebt\u00eb m\u00ebnyr\u00eb, ato q\u00eb rregullisht paguajn\u00eb detyrimet n\u00eb t\u00eb ardhmen do t\u00eb paguajn\u00eb m\u00eb shum\u00eb n\u00eb m\u00ebnyr\u00eb q\u00eb mbulohet ai grup i cili shmang pages\u00ebn e detyrimeve t\u00eb veta ose \u00ebsht\u00eb jasht\u00eb evidencave.<\/p>\n<p>Po ashtu, ky hap paraqet goditje ndaj sip\u00ebrmarr\u00ebsve t\u00eb vegj\u00ebl, p\u00ebr t\u00eb cil\u00ebt, si\u00e7 duket, askush nga pushteti nuk ka sens.<\/p>\n<p>Prandaj me \u201chedhjen e adut\u00ebve\u201d n\u00eb Parlamentin komunal tentohet t\u00eb mbulohen k\u00ebto veprime jopopullore t\u00eb drejtuesve t\u00eb Ulqinit t\u00eb cil\u00ebt, n\u00eb k\u00ebt\u00eb m\u00ebnyr\u00eb d\u00ebshmojn\u00eb se jan\u00eb nx\u00ebn\u00ebs t\u00eb mir\u00eb t\u00eb pushtetit qendror i cili i ka instaluar n\u00eb pushtet n\u00eb Ulqin.<\/p>\n","protected":false},"excerpt":{"rendered":"<p>Kumtesa p\u00ebr opinion e K\u00ebshillit komunal t\u00eb L\u00ebvizjes qytetare URA Ulqin. N\u00eb munges\u00eb t\u00eb vizionit elementar dhe strategjis\u00eb s\u00eb veprimit n\u00eb interes publik, pushteti lokal vazhdon me goditje n\u00eb xhepin e qytetar\u00ebve, raporton portali Ul.info. Mbasi q\u00eb menj\u00ebher\u00eb pas marrjes s\u00eb pushtetit kan\u00eb rritur tatimin n\u00eb patundshm\u00ebri dhe taks\u00ebn e banimit, tani na ofrojn\u00eb \u201czgjidhjen\u201d [&hellip;]<\/p>\n","protected":false},"author":1,"featured_media":0,"comment_status":"closed","ping_status":"closed","sticky":false,"template":"","format":"standard","meta":{"spay_email":"","jetpack_publicize_message":"","jetpack_is_tweetstorm":false,"jetpack_publicize_feature_enabled":true},"categories":[10],"tags":[],"jetpack_publicize_connections":[],"yoast_head":"<!-- This site is optimized with the Yoast SEO plugin v19.1 - https:\/\/yoast.com\/wordpress\/plugins\/seo\/ -->\n<title>URA: Taksat e reja, koalicioni po e \u00e7on\u00eb Ulqinin drejt gremin\u00ebs - Lajme nga Ulqini<\/title>\n<meta name=\"description\" content=\"Kumtesa p\u00ebr opinion e K\u00ebshillit komunal t\u00eb L\u00ebvizjes qytetare URA Ulqin. N\u00eb munges\u00eb t\u00eb vizionit elementar dhe strategjis\u00eb s\u00eb veprimit n\u00eb interes publik,\" \/>\n<meta name=\"robots\" content=\"index, follow, max-snippet:-1, max-image-preview:large, max-video-preview:-1\" \/>\n<link rel=\"canonical\" href=\"https:\/\/www.visit-ulcinj.com\/blog\/2017\/03\/03\/ura-taksat-e-reja-koalicioni-po-e-cone-ulqinin-drejt-gremines\/\" \/>\n<meta property=\"og:locale\" content=\"en_US\" \/>\n<meta property=\"og:type\" content=\"article\" \/>\n<meta property=\"og:title\" content=\"URA: Taksat e reja, koalicioni po e \u00e7on\u00eb Ulqinin drejt gremin\u00ebs - Lajme nga Ulqini\" \/>\n<meta property=\"og:description\" content=\"Kumtesa p\u00ebr opinion e K\u00ebshillit komunal t\u00eb L\u00ebvizjes qytetare URA Ulqin. N\u00eb munges\u00eb t\u00eb vizionit elementar dhe strategjis\u00eb s\u00eb veprimit n\u00eb interes publik,\" \/>\n<meta property=\"og:url\" content=\"https:\/\/www.visit-ulcinj.com\/blog\/2017\/03\/03\/ura-taksat-e-reja-koalicioni-po-e-cone-ulqinin-drejt-gremines\/\" \/>\n<meta property=\"og:site_name\" content=\"Lajme nga Ulqini\" \/>\n<meta property=\"article:published_time\" content=\"2017-03-03T14:30:01+00:00\" \/>\n<meta property=\"og:image\" content=\"http:\/\/www.visit-ulcinj.com\/blog\/wp-content\/uploads\/2015\/06\/Predsjednik-OO-Gradjanskog-pokreta-URA-Ulcinj.jpg\" \/>\n<meta name=\"twitter:label1\" content=\"Written by\" \/>\n\t<meta name=\"twitter:data1\" content=\"ulqini\" \/>\n\t<meta name=\"twitter:label2\" content=\"Est. reading time\" \/>\n\t<meta name=\"twitter:data2\" content=\"1 minute\" \/>\n<script type=\"application\/ld+json\" class=\"yoast-schema-graph\">{\"@context\":\"https:\/\/schema.org\",\"@graph\":[{\"@type\":\"WebSite\",\"@id\":\"https:\/\/www.visit-ulcinj.com\/blog\/#website\",\"url\":\"https:\/\/www.visit-ulcinj.com\/blog\/\",\"name\":\"Lajme nga Ulqini\",\"description\":\"Lajme,Vijesti,Ulqini,Ulqin,Crna Gora,Mali i Zi\",\"potentialAction\":[{\"@type\":\"SearchAction\",\"target\":{\"@type\":\"EntryPoint\",\"urlTemplate\":\"https:\/\/www.visit-ulcinj.com\/blog\/?s={search_term_string}\"},\"query-input\":\"required name=search_term_string\"}],\"inLanguage\":\"en-US\"},{\"@type\":\"ImageObject\",\"inLanguage\":\"en-US\",\"@id\":\"https:\/\/www.visit-ulcinj.com\/blog\/2017\/03\/03\/ura-taksat-e-reja-koalicioni-po-e-cone-ulqinin-drejt-gremines\/#primaryimage\",\"url\":\"https:\/\/www.visit-ulcinj.com\/blog\/wp-content\/uploads\/2015\/06\/Predsjednik-OO-Gradjanskog-pokreta-URA-Ulcinj.jpg\",\"contentUrl\":\"https:\/\/www.visit-ulcinj.com\/blog\/wp-content\/uploads\/2015\/06\/Predsjednik-OO-Gradjanskog-pokreta-URA-Ulcinj.jpg\",\"width\":960,\"height\":719},{\"@type\":\"WebPage\",\"@id\":\"https:\/\/www.visit-ulcinj.com\/blog\/2017\/03\/03\/ura-taksat-e-reja-koalicioni-po-e-cone-ulqinin-drejt-gremines\/#webpage\",\"url\":\"https:\/\/www.visit-ulcinj.com\/blog\/2017\/03\/03\/ura-taksat-e-reja-koalicioni-po-e-cone-ulqinin-drejt-gremines\/\",\"name\":\"URA: Taksat e reja, koalicioni po e \u00e7on\u00eb Ulqinin drejt gremin\u00ebs - Lajme nga Ulqini\",\"isPartOf\":{\"@id\":\"https:\/\/www.visit-ulcinj.com\/blog\/#website\"},\"primaryImageOfPage\":{\"@id\":\"https:\/\/www.visit-ulcinj.com\/blog\/2017\/03\/03\/ura-taksat-e-reja-koalicioni-po-e-cone-ulqinin-drejt-gremines\/#primaryimage\"},\"datePublished\":\"2017-03-03T14:30:01+00:00\",\"dateModified\":\"2017-03-03T14:30:01+00:00\",\"author\":{\"@id\":\"https:\/\/www.visit-ulcinj.com\/blog\/#\/schema\/person\/dcab619c614d3038751c63bc2aadc06d\"},\"description\":\"Kumtesa p\u00ebr opinion e K\u00ebshillit komunal t\u00eb L\u00ebvizjes qytetare URA Ulqin. N\u00eb munges\u00eb t\u00eb vizionit elementar dhe strategjis\u00eb s\u00eb veprimit n\u00eb interes publik,\",\"breadcrumb\":{\"@id\":\"https:\/\/www.visit-ulcinj.com\/blog\/2017\/03\/03\/ura-taksat-e-reja-koalicioni-po-e-cone-ulqinin-drejt-gremines\/#breadcrumb\"},\"inLanguage\":\"en-US\",\"potentialAction\":[{\"@type\":\"ReadAction\",\"target\":[\"https:\/\/www.visit-ulcinj.com\/blog\/2017\/03\/03\/ura-taksat-e-reja-koalicioni-po-e-cone-ulqinin-drejt-gremines\/\"]}]},{\"@type\":\"BreadcrumbList\",\"@id\":\"https:\/\/www.visit-ulcinj.com\/blog\/2017\/03\/03\/ura-taksat-e-reja-koalicioni-po-e-cone-ulqinin-drejt-gremines\/#breadcrumb\",\"itemListElement\":[{\"@type\":\"ListItem\",\"position\":1,\"name\":\"URA: Taksat e reja, koalicioni po e \u00e7on\u00eb Ulqinin drejt gremin\u00ebs\"}]},{\"@type\":\"Person\",\"@id\":\"https:\/\/www.visit-ulcinj.com\/blog\/#\/schema\/person\/dcab619c614d3038751c63bc2aadc06d\",\"name\":\"ulqini\",\"sameAs\":[\"http:\/\/www.visit-ulcinj.com\"],\"url\":\"https:\/\/www.visit-ulcinj.com\/blog\/author\/admin\/\"}]}<\/script>\n<!-- \/ Yoast SEO plugin. -->","yoast_head_json":{"title":"URA: Taksat e reja, koalicioni po e \u00e7on\u00eb Ulqinin drejt gremin\u00ebs - Lajme nga Ulqini","description":"Kumtesa p\u00ebr opinion e K\u00ebshillit komunal t\u00eb L\u00ebvizjes qytetare URA Ulqin. N\u00eb munges\u00eb t\u00eb vizionit elementar dhe strategjis\u00eb s\u00eb veprimit n\u00eb interes publik,","robots":{"index":"index","follow":"follow","max-snippet":"max-snippet:-1","max-image-preview":"max-image-preview:large","max-video-preview":"max-video-preview:-1"},"canonical":"https:\/\/www.visit-ulcinj.com\/blog\/2017\/03\/03\/ura-taksat-e-reja-koalicioni-po-e-cone-ulqinin-drejt-gremines\/","og_locale":"en_US","og_type":"article","og_title":"URA: Taksat e reja, koalicioni po e \u00e7on\u00eb Ulqinin drejt gremin\u00ebs - Lajme nga Ulqini","og_description":"Kumtesa p\u00ebr opinion e K\u00ebshillit komunal t\u00eb L\u00ebvizjes qytetare URA Ulqin. N\u00eb munges\u00eb t\u00eb vizionit elementar dhe strategjis\u00eb s\u00eb veprimit n\u00eb interes publik,","og_url":"https:\/\/www.visit-ulcinj.com\/blog\/2017\/03\/03\/ura-taksat-e-reja-koalicioni-po-e-cone-ulqinin-drejt-gremines\/","og_site_name":"Lajme nga Ulqini","article_published_time":"2017-03-03T14:30:01+00:00","og_image":[{"url":"http:\/\/www.visit-ulcinj.com\/blog\/wp-content\/uploads\/2015\/06\/Predsjednik-OO-Gradjanskog-pokreta-URA-Ulcinj.jpg"}],"twitter_misc":{"Written by":"ulqini","Est. reading time":"1 minute"},"schema":{"@context":"https:\/\/schema.org","@graph":[{"@type":"WebSite","@id":"https:\/\/www.visit-ulcinj.com\/blog\/#website","url":"https:\/\/www.visit-ulcinj.com\/blog\/","name":"Lajme nga Ulqini","description":"Lajme,Vijesti,Ulqini,Ulqin,Crna Gora,Mali i Zi","potentialAction":[{"@type":"SearchAction","target":{"@type":"EntryPoint","urlTemplate":"https:\/\/www.visit-ulcinj.com\/blog\/?s={search_term_string}"},"query-input":"required name=search_term_string"}],"inLanguage":"en-US"},{"@type":"ImageObject","inLanguage":"en-US","@id":"https:\/\/www.visit-ulcinj.com\/blog\/2017\/03\/03\/ura-taksat-e-reja-koalicioni-po-e-cone-ulqinin-drejt-gremines\/#primaryimage","url":"https:\/\/www.visit-ulcinj.com\/blog\/wp-content\/uploads\/2015\/06\/Predsjednik-OO-Gradjanskog-pokreta-URA-Ulcinj.jpg","contentUrl":"https:\/\/www.visit-ulcinj.com\/blog\/wp-content\/uploads\/2015\/06\/Predsjednik-OO-Gradjanskog-pokreta-URA-Ulcinj.jpg","width":960,"height":719},{"@type":"WebPage","@id":"https:\/\/www.visit-ulcinj.com\/blog\/2017\/03\/03\/ura-taksat-e-reja-koalicioni-po-e-cone-ulqinin-drejt-gremines\/#webpage","url":"https:\/\/www.visit-ulcinj.com\/blog\/2017\/03\/03\/ura-taksat-e-reja-koalicioni-po-e-cone-ulqinin-drejt-gremines\/","name":"URA: Taksat e reja, koalicioni po e \u00e7on\u00eb Ulqinin drejt gremin\u00ebs - Lajme nga Ulqini","isPartOf":{"@id":"https:\/\/www.visit-ulcinj.com\/blog\/#website"},"primaryImageOfPage":{"@id":"https:\/\/www.visit-ulcinj.com\/blog\/2017\/03\/03\/ura-taksat-e-reja-koalicioni-po-e-cone-ulqinin-drejt-gremines\/#primaryimage"},"datePublished":"2017-03-03T14:30:01+00:00","dateModified":"2017-03-03T14:30:01+00:00","author":{"@id":"https:\/\/www.visit-ulcinj.com\/blog\/#\/schema\/person\/dcab619c614d3038751c63bc2aadc06d"},"description":"Kumtesa p\u00ebr opinion e K\u00ebshillit komunal t\u00eb L\u00ebvizjes qytetare URA Ulqin. N\u00eb munges\u00eb t\u00eb vizionit elementar dhe strategjis\u00eb s\u00eb veprimit n\u00eb interes publik,","breadcrumb":{"@id":"https:\/\/www.visit-ulcinj.com\/blog\/2017\/03\/03\/ura-taksat-e-reja-koalicioni-po-e-cone-ulqinin-drejt-gremines\/#breadcrumb"},"inLanguage":"en-US","potentialAction":[{"@type":"ReadAction","target":["https:\/\/www.visit-ulcinj.com\/blog\/2017\/03\/03\/ura-taksat-e-reja-koalicioni-po-e-cone-ulqinin-drejt-gremines\/"]}]},{"@type":"BreadcrumbList","@id":"https:\/\/www.visit-ulcinj.com\/blog\/2017\/03\/03\/ura-taksat-e-reja-koalicioni-po-e-cone-ulqinin-drejt-gremines\/#breadcrumb","itemListElement":[{"@type":"ListItem","position":1,"name":"URA: Taksat e reja, koalicioni po e \u00e7on\u00eb Ulqinin drejt gremin\u00ebs"}]},{"@type":"Person","@id":"https:\/\/www.visit-ulcinj.com\/blog\/#\/schema\/person\/dcab619c614d3038751c63bc2aadc06d","name":"ulqini","sameAs":["http:\/\/www.visit-ulcinj.com"],"url":"https:\/\/www.visit-ulcinj.com\/blog\/author\/admin\/"}]}},"jetpack_featured_media_url":"","jetpack_sharing_enabled":true,"jetpack_shortlink":"https:\/\/wp.me\/pe6lTn-qSH","_links":{"self":[{"href":"https:\/\/www.visit-ulcinj.com\/blog\/wp-json\/wp\/v2\/posts\/103335"}],"collection":[{"href":"https:\/\/www.visit-ulcinj.com\/blog\/wp-json\/wp\/v2\/posts"}],"about":[{"href":"https:\/\/www.visit-ulcinj.com\/blog\/wp-json\/wp\/v2\/types\/post"}],"author":[{"embeddable":true,"href":"https:\/\/www.visit-ulcinj.com\/blog\/wp-json\/wp\/v2\/users\/1"}],"replies":[{"embeddable":true,"href":"https:\/\/www.visit-ulcinj.com\/blog\/wp-json\/wp\/v2\/comments?post=103335"}],"version-history":[{"count":1,"href":"https:\/\/www.visit-ulcinj.com\/blog\/wp-json\/wp\/v2\/posts\/103335\/revisions"}],"predecessor-version":[{"id":103336,"href":"https:\/\/www.visit-ulcinj.com\/blog\/wp-json\/wp\/v2\/posts\/103335\/revisions\/103336"}],"wp:attachment":[{"href":"https:\/\/www.visit-ulcinj.com\/blog\/wp-json\/wp\/v2\/media?parent=103335"}],"wp:term":[{"taxonomy":"category","embeddable":true,"href":"https:\/\/www.visit-ulcinj.com\/blog\/wp-json\/wp\/v2\/categories?post=103335"},{"taxonomy":"post_tag","embeddable":true,"href":"https:\/\/www.visit-ulcinj.com\/blog\/wp-json\/wp\/v2\/tags?post=103335"}],"curies":[{"name":"wp","href":"https:\/\/api.w.org\/{rel}","templated":true}]}}