{"id":103337,"date":"2017-03-03T16:01:21","date_gmt":"2017-03-03T15:01:21","guid":{"rendered":"http:\/\/www.visit-ulcinj.com\/blog\/?p=103337"},"modified":"2017-03-03T16:04:38","modified_gmt":"2017-03-03T15:04:38","slug":"kksh-ta-shenoi-diten-e-mesuesit-7-marsin-program-festiv","status":"publish","type":"post","link":"https:\/\/www.visit-ulcinj.com\/blog\/2017\/03\/03\/kksh-ta-shenoi-diten-e-mesuesit-7-marsin-program-festiv\/","title":{"rendered":"KKSH do ta sh\u00ebnoi Dit\u00ebn e m\u00ebsuesit, 7 Marsin me program festiv n\u00eb Ulqin"},"content":{"rendered":"<h3 class=\"r\"><a href=\"http:\/\/www.visit-ulcinj.com\/blog\/wp-content\/uploads\/2017\/03\/Nga-Ulqini-p\u00ebr-t\u00eb-uruar-7-marsin-dit\u00ebn-e-m\u00ebsuesit-KKSH-1.jpg\"><img loading=\"lazy\" class=\"alignleft wp-image-103338\" src=\"http:\/\/www.visit-ulcinj.com\/blog\/wp-content\/uploads\/2017\/03\/Nga-Ulqini-p\u00ebr-t\u00eb-uruar-7-marsin-dit\u00ebn-e-m\u00ebsuesit-KKSH-1.jpg\" alt=\"Nga Ulqini p\u00ebr t\u00eb uruar 7 marsin, dit\u00ebn e m\u00ebsuesit - KKSH-1\" width=\"508\" height=\"280\" srcset=\"https:\/\/www.visit-ulcinj.com\/blog\/wp-content\/uploads\/2017\/03\/Nga-Ulqini-p\u00ebr-t\u00eb-uruar-7-marsin-dit\u00ebn-e-m\u00ebsuesit-KKSH-1.jpg 713w, https:\/\/www.visit-ulcinj.com\/blog\/wp-content\/uploads\/2017\/03\/Nga-Ulqini-p\u00ebr-t\u00eb-uruar-7-marsin-dit\u00ebn-e-m\u00ebsuesit-KKSH-1-300x165.jpg 300w\" sizes=\"(max-width: 508px) 100vw, 508px\" \/><\/a>Program festiv n\u00eb Ulqin, me rastin e 7 marsit &#8220;Dita e m\u00ebsuesit&#8221;<\/h3>\n<p>Si\u00a0 p\u00ebr \u00e7do vit festohet 7 Marsi- Dita e M\u00ebsuesit, q\u00eb na p\u00ebrkujton dit\u00ebn kur m\u00eb 7 mars 1887, u hap n\u00eb Kor\u00e7\u00eb, n\u00ebn drejtimin e Pandeli Sotirit, M\u00ebsonj\u00ebtorja komb\u00ebtare shqipe. Ajo ishte shkoll\u00eb me karakter komb\u00ebtar e laik ( jo fetar ) ku t\u00eb gjitha m\u00ebsimet jepeshin n\u00eb gjuh\u00ebn shqipe.<\/p>\n<p>K\u00ebshilli Komb\u00ebtar i Shqiptar\u00ebve n\u00eb Mal t\u00eb Zi me rastin e 7 Marsit , Dit\u00ebs s\u00eb M\u00ebsuesit, do t\u00eb organizoj\u00eb program festiv n\u00eb Qendr\u00ebn p\u00ebr Kultur\u00eb n\u00eb Ulqin.<\/p>\n<p>Programi do t\u00eb mbahet me 7 mars, me fillim n\u00eb ora 19.00, kurse i ftuar special do t\u00eb jet\u00eb aktori i njohur shqiptar Mirush Kabashi.<\/p>\n<p><a href=\"http:\/\/www.visit-ulcinj.com\/blog\/wp-content\/uploads\/2017\/03\/Nga-Ulqini-p\u00ebr-t\u00eb-uruar-7-marsin-dit\u00ebn-e-m\u00ebsuesit-KKSH.jpg\"><img loading=\"lazy\" class=\"alignleft wp-image-103339\" src=\"http:\/\/www.visit-ulcinj.com\/blog\/wp-content\/uploads\/2017\/03\/Nga-Ulqini-p\u00ebr-t\u00eb-uruar-7-marsin-dit\u00ebn-e-m\u00ebsuesit-KKSH.jpg\" alt=\"Nga Ulqini p\u00ebr t\u00eb uruar 7 marsin, dit\u00ebn e m\u00ebsuesit - KKSH\" width=\"508\" height=\"711\" srcset=\"https:\/\/www.visit-ulcinj.com\/blog\/wp-content\/uploads\/2017\/03\/Nga-Ulqini-p\u00ebr-t\u00eb-uruar-7-marsin-dit\u00ebn-e-m\u00ebsuesit-KKSH.jpg 714w, https:\/\/www.visit-ulcinj.com\/blog\/wp-content\/uploads\/2017\/03\/Nga-Ulqini-p\u00ebr-t\u00eb-uruar-7-marsin-dit\u00ebn-e-m\u00ebsuesit-KKSH-214x300.jpg 214w\" sizes=\"(max-width: 508px) 100vw, 508px\" \/><\/a><\/p>\n","protected":false},"excerpt":{"rendered":"<p>Program festiv n\u00eb Ulqin, me rastin e 7 marsit &#8220;Dita e m\u00ebsuesit&#8221; Si\u00a0 p\u00ebr \u00e7do vit festohet 7 Marsi- Dita e M\u00ebsuesit, q\u00eb na p\u00ebrkujton dit\u00ebn kur m\u00eb 7 mars 1887, u hap n\u00eb Kor\u00e7\u00eb, n\u00ebn drejtimin e Pandeli Sotirit, M\u00ebsonj\u00ebtorja komb\u00ebtare shqipe. Ajo ishte shkoll\u00eb me karakter komb\u00ebtar e laik ( jo fetar ) [&hellip;]<\/p>\n","protected":false},"author":1,"featured_media":0,"comment_status":"closed","ping_status":"closed","sticky":false,"template":"","format":"standard","meta":{"spay_email":"","jetpack_publicize_message":"","jetpack_is_tweetstorm":false,"jetpack_publicize_feature_enabled":true},"categories":[6950],"tags":[],"jetpack_publicize_connections":[],"yoast_head":"<!-- This site is optimized with the Yoast SEO plugin v19.1 - https:\/\/yoast.com\/wordpress\/plugins\/seo\/ -->\n<title>KKSH do ta sh\u00ebnoi Dit\u00ebn e m\u00ebsuesit, 7 Marsin me program festiv n\u00eb Ulqin - Lajme nga Ulqini<\/title>\n<meta name=\"description\" content=\"Program festiv n\u00eb Ulqin, me rastin e 7 marsit &quot;Dita e m\u00ebsuesit&quot; Si\u00a0 p\u00ebr \u00e7do vit festohet 7 Marsi- Dita e M\u00ebsuesit, q\u00eb na p\u00ebrkujton dit\u00ebn kur m\u00eb 7 mars\" \/>\n<meta name=\"robots\" content=\"index, follow, max-snippet:-1, max-image-preview:large, max-video-preview:-1\" \/>\n<link rel=\"canonical\" href=\"https:\/\/www.visit-ulcinj.com\/blog\/2017\/03\/03\/kksh-ta-shenoi-diten-e-mesuesit-7-marsin-program-festiv\/\" \/>\n<meta property=\"og:locale\" content=\"en_US\" \/>\n<meta property=\"og:type\" content=\"article\" \/>\n<meta property=\"og:title\" content=\"KKSH do ta sh\u00ebnoi Dit\u00ebn e m\u00ebsuesit, 7 Marsin me program festiv n\u00eb Ulqin - Lajme nga Ulqini\" \/>\n<meta property=\"og:description\" content=\"Program festiv n\u00eb Ulqin, me rastin e 7 marsit &quot;Dita e m\u00ebsuesit&quot; Si\u00a0 p\u00ebr \u00e7do vit festohet 7 Marsi- Dita e M\u00ebsuesit, q\u00eb na p\u00ebrkujton dit\u00ebn kur m\u00eb 7 mars\" \/>\n<meta property=\"og:url\" content=\"https:\/\/www.visit-ulcinj.com\/blog\/2017\/03\/03\/kksh-ta-shenoi-diten-e-mesuesit-7-marsin-program-festiv\/\" \/>\n<meta property=\"og:site_name\" content=\"Lajme nga Ulqini\" \/>\n<meta property=\"article:published_time\" content=\"2017-03-03T15:01:21+00:00\" \/>\n<meta property=\"article:modified_time\" content=\"2017-03-03T15:04:38+00:00\" \/>\n<meta name=\"twitter:label1\" content=\"Written by\" \/>\n\t<meta name=\"twitter:data1\" content=\"ulqini\" \/>\n\t<meta name=\"twitter:label2\" content=\"Est. reading time\" \/>\n\t<meta name=\"twitter:data2\" content=\"1 minute\" \/>\n<script type=\"application\/ld+json\" class=\"yoast-schema-graph\">{\"@context\":\"https:\/\/schema.org\",\"@graph\":[{\"@type\":\"WebSite\",\"@id\":\"https:\/\/www.visit-ulcinj.com\/blog\/#website\",\"url\":\"https:\/\/www.visit-ulcinj.com\/blog\/\",\"name\":\"Lajme nga Ulqini\",\"description\":\"Lajme,Vijesti,Ulqini,Ulqin,Crna Gora,Mali i Zi\",\"potentialAction\":[{\"@type\":\"SearchAction\",\"target\":{\"@type\":\"EntryPoint\",\"urlTemplate\":\"https:\/\/www.visit-ulcinj.com\/blog\/?s={search_term_string}\"},\"query-input\":\"required name=search_term_string\"}],\"inLanguage\":\"en-US\"},{\"@type\":\"WebPage\",\"@id\":\"https:\/\/www.visit-ulcinj.com\/blog\/2017\/03\/03\/kksh-ta-shenoi-diten-e-mesuesit-7-marsin-program-festiv\/#webpage\",\"url\":\"https:\/\/www.visit-ulcinj.com\/blog\/2017\/03\/03\/kksh-ta-shenoi-diten-e-mesuesit-7-marsin-program-festiv\/\",\"name\":\"KKSH do ta sh\u00ebnoi Dit\u00ebn e m\u00ebsuesit, 7 Marsin me program festiv n\u00eb Ulqin - Lajme nga Ulqini\",\"isPartOf\":{\"@id\":\"https:\/\/www.visit-ulcinj.com\/blog\/#website\"},\"datePublished\":\"2017-03-03T15:01:21+00:00\",\"dateModified\":\"2017-03-03T15:04:38+00:00\",\"author\":{\"@id\":\"https:\/\/www.visit-ulcinj.com\/blog\/#\/schema\/person\/dcab619c614d3038751c63bc2aadc06d\"},\"description\":\"Program festiv n\u00eb Ulqin, me rastin e 7 marsit \\\"Dita e m\u00ebsuesit\\\" Si\u00a0 p\u00ebr \u00e7do vit festohet 7 Marsi- Dita e M\u00ebsuesit, q\u00eb na p\u00ebrkujton dit\u00ebn kur m\u00eb 7 mars\",\"breadcrumb\":{\"@id\":\"https:\/\/www.visit-ulcinj.com\/blog\/2017\/03\/03\/kksh-ta-shenoi-diten-e-mesuesit-7-marsin-program-festiv\/#breadcrumb\"},\"inLanguage\":\"en-US\",\"potentialAction\":[{\"@type\":\"ReadAction\",\"target\":[\"https:\/\/www.visit-ulcinj.com\/blog\/2017\/03\/03\/kksh-ta-shenoi-diten-e-mesuesit-7-marsin-program-festiv\/\"]}]},{\"@type\":\"BreadcrumbList\",\"@id\":\"https:\/\/www.visit-ulcinj.com\/blog\/2017\/03\/03\/kksh-ta-shenoi-diten-e-mesuesit-7-marsin-program-festiv\/#breadcrumb\",\"itemListElement\":[{\"@type\":\"ListItem\",\"position\":1,\"name\":\"KKSH do ta sh\u00ebnoi Dit\u00ebn e m\u00ebsuesit, 7 Marsin me program festiv n\u00eb Ulqin\"}]},{\"@type\":\"Person\",\"@id\":\"https:\/\/www.visit-ulcinj.com\/blog\/#\/schema\/person\/dcab619c614d3038751c63bc2aadc06d\",\"name\":\"ulqini\",\"sameAs\":[\"http:\/\/www.visit-ulcinj.com\"],\"url\":\"https:\/\/www.visit-ulcinj.com\/blog\/author\/admin\/\"}]}<\/script>\n<!-- \/ Yoast SEO plugin. -->","yoast_head_json":{"title":"KKSH do ta sh\u00ebnoi Dit\u00ebn e m\u00ebsuesit, 7 Marsin me program festiv n\u00eb Ulqin - Lajme nga Ulqini","description":"Program festiv n\u00eb Ulqin, me rastin e 7 marsit \"Dita e m\u00ebsuesit\" Si\u00a0 p\u00ebr \u00e7do vit festohet 7 Marsi- Dita e M\u00ebsuesit, q\u00eb na p\u00ebrkujton dit\u00ebn kur m\u00eb 7 mars","robots":{"index":"index","follow":"follow","max-snippet":"max-snippet:-1","max-image-preview":"max-image-preview:large","max-video-preview":"max-video-preview:-1"},"canonical":"https:\/\/www.visit-ulcinj.com\/blog\/2017\/03\/03\/kksh-ta-shenoi-diten-e-mesuesit-7-marsin-program-festiv\/","og_locale":"en_US","og_type":"article","og_title":"KKSH do ta sh\u00ebnoi Dit\u00ebn e m\u00ebsuesit, 7 Marsin me program festiv n\u00eb Ulqin - Lajme nga Ulqini","og_description":"Program festiv n\u00eb Ulqin, me rastin e 7 marsit \"Dita e m\u00ebsuesit\" Si\u00a0 p\u00ebr \u00e7do vit festohet 7 Marsi- Dita e M\u00ebsuesit, q\u00eb na p\u00ebrkujton dit\u00ebn kur m\u00eb 7 mars","og_url":"https:\/\/www.visit-ulcinj.com\/blog\/2017\/03\/03\/kksh-ta-shenoi-diten-e-mesuesit-7-marsin-program-festiv\/","og_site_name":"Lajme nga Ulqini","article_published_time":"2017-03-03T15:01:21+00:00","article_modified_time":"2017-03-03T15:04:38+00:00","twitter_misc":{"Written by":"ulqini","Est. reading time":"1 minute"},"schema":{"@context":"https:\/\/schema.org","@graph":[{"@type":"WebSite","@id":"https:\/\/www.visit-ulcinj.com\/blog\/#website","url":"https:\/\/www.visit-ulcinj.com\/blog\/","name":"Lajme nga Ulqini","description":"Lajme,Vijesti,Ulqini,Ulqin,Crna Gora,Mali i Zi","potentialAction":[{"@type":"SearchAction","target":{"@type":"EntryPoint","urlTemplate":"https:\/\/www.visit-ulcinj.com\/blog\/?s={search_term_string}"},"query-input":"required name=search_term_string"}],"inLanguage":"en-US"},{"@type":"WebPage","@id":"https:\/\/www.visit-ulcinj.com\/blog\/2017\/03\/03\/kksh-ta-shenoi-diten-e-mesuesit-7-marsin-program-festiv\/#webpage","url":"https:\/\/www.visit-ulcinj.com\/blog\/2017\/03\/03\/kksh-ta-shenoi-diten-e-mesuesit-7-marsin-program-festiv\/","name":"KKSH do ta sh\u00ebnoi Dit\u00ebn e m\u00ebsuesit, 7 Marsin me program festiv n\u00eb Ulqin - Lajme nga Ulqini","isPartOf":{"@id":"https:\/\/www.visit-ulcinj.com\/blog\/#website"},"datePublished":"2017-03-03T15:01:21+00:00","dateModified":"2017-03-03T15:04:38+00:00","author":{"@id":"https:\/\/www.visit-ulcinj.com\/blog\/#\/schema\/person\/dcab619c614d3038751c63bc2aadc06d"},"description":"Program festiv n\u00eb Ulqin, me rastin e 7 marsit \"Dita e m\u00ebsuesit\" Si\u00a0 p\u00ebr \u00e7do vit festohet 7 Marsi- Dita e M\u00ebsuesit, q\u00eb na p\u00ebrkujton dit\u00ebn kur m\u00eb 7 mars","breadcrumb":{"@id":"https:\/\/www.visit-ulcinj.com\/blog\/2017\/03\/03\/kksh-ta-shenoi-diten-e-mesuesit-7-marsin-program-festiv\/#breadcrumb"},"inLanguage":"en-US","potentialAction":[{"@type":"ReadAction","target":["https:\/\/www.visit-ulcinj.com\/blog\/2017\/03\/03\/kksh-ta-shenoi-diten-e-mesuesit-7-marsin-program-festiv\/"]}]},{"@type":"BreadcrumbList","@id":"https:\/\/www.visit-ulcinj.com\/blog\/2017\/03\/03\/kksh-ta-shenoi-diten-e-mesuesit-7-marsin-program-festiv\/#breadcrumb","itemListElement":[{"@type":"ListItem","position":1,"name":"KKSH do ta sh\u00ebnoi Dit\u00ebn e m\u00ebsuesit, 7 Marsin me program festiv n\u00eb Ulqin"}]},{"@type":"Person","@id":"https:\/\/www.visit-ulcinj.com\/blog\/#\/schema\/person\/dcab619c614d3038751c63bc2aadc06d","name":"ulqini","sameAs":["http:\/\/www.visit-ulcinj.com"],"url":"https:\/\/www.visit-ulcinj.com\/blog\/author\/admin\/"}]}},"jetpack_featured_media_url":"","jetpack_sharing_enabled":true,"jetpack_shortlink":"https:\/\/wp.me\/pe6lTn-qSJ","_links":{"self":[{"href":"https:\/\/www.visit-ulcinj.com\/blog\/wp-json\/wp\/v2\/posts\/103337"}],"collection":[{"href":"https:\/\/www.visit-ulcinj.com\/blog\/wp-json\/wp\/v2\/posts"}],"about":[{"href":"https:\/\/www.visit-ulcinj.com\/blog\/wp-json\/wp\/v2\/types\/post"}],"author":[{"embeddable":true,"href":"https:\/\/www.visit-ulcinj.com\/blog\/wp-json\/wp\/v2\/users\/1"}],"replies":[{"embeddable":true,"href":"https:\/\/www.visit-ulcinj.com\/blog\/wp-json\/wp\/v2\/comments?post=103337"}],"version-history":[{"count":2,"href":"https:\/\/www.visit-ulcinj.com\/blog\/wp-json\/wp\/v2\/posts\/103337\/revisions"}],"predecessor-version":[{"id":103341,"href":"https:\/\/www.visit-ulcinj.com\/blog\/wp-json\/wp\/v2\/posts\/103337\/revisions\/103341"}],"wp:attachment":[{"href":"https:\/\/www.visit-ulcinj.com\/blog\/wp-json\/wp\/v2\/media?parent=103337"}],"wp:term":[{"taxonomy":"category","embeddable":true,"href":"https:\/\/www.visit-ulcinj.com\/blog\/wp-json\/wp\/v2\/categories?post=103337"},{"taxonomy":"post_tag","embeddable":true,"href":"https:\/\/www.visit-ulcinj.com\/blog\/wp-json\/wp\/v2\/tags?post=103337"}],"curies":[{"name":"wp","href":"https:\/\/api.w.org\/{rel}","templated":true}]}}