{"id":103342,"date":"2017-03-03T16:18:41","date_gmt":"2017-03-03T15:18:41","guid":{"rendered":"http:\/\/www.visit-ulcinj.com\/blog\/?p=103342"},"modified":"2017-03-03T16:19:19","modified_gmt":"2017-03-03T15:19:19","slug":"medalje-bronzi-per-bilal-krajen-ne-manifestimin-xiv-nderkombetar-i-kultivuesve-te-ullirit-ne-split-2017","status":"publish","type":"post","link":"https:\/\/www.visit-ulcinj.com\/blog\/2017\/03\/03\/medalje-bronzi-per-bilal-krajen-ne-manifestimin-xiv-nderkombetar-i-kultivuesve-te-ullirit-ne-split-2017\/","title":{"rendered":"Medalje bronzi p\u00ebr Bilal Kraj\u00ebn n\u00eb \u201cManifestimin XIV nd\u00ebrkomb\u00ebtar i kultivuesve t\u00eb ullirit n\u00eb Split 2017\u201d"},"content":{"rendered":"<p><a href=\"http:\/\/www.visit-ulcinj.com\/blog\/wp-content\/uploads\/2017\/03\/Bilal-Kraja-goldendropofulcinj.jpg\"><img loading=\"lazy\" class=\"alignleft wp-image-103343\" src=\"http:\/\/www.visit-ulcinj.com\/blog\/wp-content\/uploads\/2017\/03\/Bilal-Kraja-goldendropofulcinj.jpg\" alt=\"Bilal Kraja-goldendropofulcinj\" width=\"508\" height=\"529\" srcset=\"https:\/\/www.visit-ulcinj.com\/blog\/wp-content\/uploads\/2017\/03\/Bilal-Kraja-goldendropofulcinj.jpg 537w, https:\/\/www.visit-ulcinj.com\/blog\/wp-content\/uploads\/2017\/03\/Bilal-Kraja-goldendropofulcinj-288x300.jpg 288w\" sizes=\"(max-width: 508px) 100vw, 508px\" \/><\/a>Bilal Kraja fitoi medaljen e bronzt\u00eb n\u00eb manifestimin tradicional \u201cManifestimi XIV nd\u00ebrkomb\u00ebtar i kultivuesve t\u00eb ullirit 2017\u201d, q\u00eb dit\u00eb m\u00eb par\u00eb u mbajt n\u00eb Split, raporton portali TV Teuta.<\/p>\n<p>\u201cUn\u00eb patjet\u00ebr q\u00eb jam i k\u00ebnaqur me \u00e7mimin q\u00eb kam marr\u00eb n\u00eb Manifestimin e ullishtar\u00ebve, dhe prodhues\u00ebve t\u00eb vajit t\u00eb ullirit n\u00eb Split, sepse ka qen\u00eb nj\u00eb konurrenc\u00eb e madhe mbi 500 veta,por un\u00eb kam pritur \u00e7mim m\u00eb t\u00eb lart\u00eb meqen\u00ebse vjelja dhe p\u00ebrpunimi i ullirit b\u00ebhet n\u00eb m\u00ebnyr\u00ebn m\u00eb bashkohore,si dhe cil\u00ebsia e frytit ka qen\u00eb n\u00eb nivel.<\/p>\n<p>Si duket gjat\u00eb transportit deri n\u00eb Split , nga temperaturat ekstreme vaji \u00ebsht\u00eb ngrir\u00eb dhe ka humbur pak n\u00eb kualitet, por gjithsesi q\u00eb ky \u00e7mim m\u00eb g\u00ebzon dhe m\u00eb nderon\u201d shprehet p\u00ebr televizionin Teuta,\u00a0 Bilal Kraja . Kraja ishte i vetmi ullishtar\u00eb nga Mali i Zi q\u00eb ka mori pjes\u00eb n\u00eb k\u00ebt\u00eb manifestim.<\/p>\n","protected":false},"excerpt":{"rendered":"<p>Bilal Kraja fitoi medaljen e bronzt\u00eb n\u00eb manifestimin tradicional \u201cManifestimi XIV nd\u00ebrkomb\u00ebtar i kultivuesve t\u00eb ullirit 2017\u201d, q\u00eb dit\u00eb m\u00eb par\u00eb u mbajt n\u00eb Split, raporton portali TV Teuta. \u201cUn\u00eb patjet\u00ebr q\u00eb jam i k\u00ebnaqur me \u00e7mimin q\u00eb kam marr\u00eb n\u00eb Manifestimin e ullishtar\u00ebve, dhe prodhues\u00ebve t\u00eb vajit t\u00eb ullirit n\u00eb Split, sepse ka qen\u00eb [&hellip;]<\/p>\n","protected":false},"author":1,"featured_media":0,"comment_status":"closed","ping_status":"closed","sticky":false,"template":"","format":"standard","meta":{"spay_email":"","jetpack_publicize_message":"","jetpack_is_tweetstorm":false,"jetpack_publicize_feature_enabled":true},"categories":[13],"tags":[],"jetpack_publicize_connections":[],"yoast_head":"<!-- This site is optimized with the Yoast SEO plugin v19.1 - https:\/\/yoast.com\/wordpress\/plugins\/seo\/ -->\n<title>Medalje bronzi p\u00ebr Bilal Kraj\u00ebn n\u00eb \u201cManifestimin XIV nd\u00ebrkomb\u00ebtar i kultivuesve t\u00eb ullirit n\u00eb Split 2017\u201d - Lajme nga Ulqini<\/title>\n<meta name=\"description\" content=\"Bilal Kraja fitoi medaljen e bronzt\u00eb n\u00eb manifestimin tradicional \u201cManifestimi XIV nd\u00ebrkomb\u00ebtar i kultivuesve t\u00eb ullirit 2017\u201d, q\u00eb dit\u00eb m\u00eb par\u00eb u mbajt n\u00eb\" \/>\n<meta name=\"robots\" content=\"index, follow, max-snippet:-1, max-image-preview:large, max-video-preview:-1\" \/>\n<link rel=\"canonical\" href=\"https:\/\/www.visit-ulcinj.com\/blog\/2017\/03\/03\/medalje-bronzi-per-bilal-krajen-ne-manifestimin-xiv-nderkombetar-i-kultivuesve-te-ullirit-ne-split-2017\/\" \/>\n<meta property=\"og:locale\" content=\"en_US\" \/>\n<meta property=\"og:type\" content=\"article\" \/>\n<meta property=\"og:title\" content=\"Medalje bronzi p\u00ebr Bilal Kraj\u00ebn n\u00eb \u201cManifestimin XIV nd\u00ebrkomb\u00ebtar i kultivuesve t\u00eb ullirit n\u00eb Split 2017\u201d - Lajme nga Ulqini\" \/>\n<meta property=\"og:description\" content=\"Bilal Kraja fitoi medaljen e bronzt\u00eb n\u00eb manifestimin tradicional \u201cManifestimi XIV nd\u00ebrkomb\u00ebtar i kultivuesve t\u00eb ullirit 2017\u201d, q\u00eb dit\u00eb m\u00eb par\u00eb u mbajt n\u00eb\" \/>\n<meta property=\"og:url\" content=\"https:\/\/www.visit-ulcinj.com\/blog\/2017\/03\/03\/medalje-bronzi-per-bilal-krajen-ne-manifestimin-xiv-nderkombetar-i-kultivuesve-te-ullirit-ne-split-2017\/\" \/>\n<meta property=\"og:site_name\" content=\"Lajme nga Ulqini\" \/>\n<meta property=\"article:published_time\" content=\"2017-03-03T15:18:41+00:00\" \/>\n<meta property=\"article:modified_time\" content=\"2017-03-03T15:19:19+00:00\" \/>\n<meta property=\"og:image\" content=\"http:\/\/www.visit-ulcinj.com\/blog\/wp-content\/uploads\/2017\/03\/Bilal-Kraja-goldendropofulcinj.jpg\" \/>\n<meta name=\"twitter:label1\" content=\"Written by\" \/>\n\t<meta name=\"twitter:data1\" content=\"ulqini\" \/>\n\t<meta name=\"twitter:label2\" content=\"Est. reading time\" \/>\n\t<meta name=\"twitter:data2\" content=\"1 minute\" \/>\n<script type=\"application\/ld+json\" class=\"yoast-schema-graph\">{\"@context\":\"https:\/\/schema.org\",\"@graph\":[{\"@type\":\"WebSite\",\"@id\":\"https:\/\/www.visit-ulcinj.com\/blog\/#website\",\"url\":\"https:\/\/www.visit-ulcinj.com\/blog\/\",\"name\":\"Lajme nga Ulqini\",\"description\":\"Lajme,Vijesti,Ulqini,Ulqin,Crna Gora,Mali i Zi\",\"potentialAction\":[{\"@type\":\"SearchAction\",\"target\":{\"@type\":\"EntryPoint\",\"urlTemplate\":\"https:\/\/www.visit-ulcinj.com\/blog\/?s={search_term_string}\"},\"query-input\":\"required name=search_term_string\"}],\"inLanguage\":\"en-US\"},{\"@type\":\"ImageObject\",\"inLanguage\":\"en-US\",\"@id\":\"https:\/\/www.visit-ulcinj.com\/blog\/2017\/03\/03\/medalje-bronzi-per-bilal-krajen-ne-manifestimin-xiv-nderkombetar-i-kultivuesve-te-ullirit-ne-split-2017\/#primaryimage\",\"url\":\"https:\/\/www.visit-ulcinj.com\/blog\/wp-content\/uploads\/2017\/03\/Bilal-Kraja-goldendropofulcinj.jpg\",\"contentUrl\":\"https:\/\/www.visit-ulcinj.com\/blog\/wp-content\/uploads\/2017\/03\/Bilal-Kraja-goldendropofulcinj.jpg\",\"width\":537,\"height\":559},{\"@type\":\"WebPage\",\"@id\":\"https:\/\/www.visit-ulcinj.com\/blog\/2017\/03\/03\/medalje-bronzi-per-bilal-krajen-ne-manifestimin-xiv-nderkombetar-i-kultivuesve-te-ullirit-ne-split-2017\/#webpage\",\"url\":\"https:\/\/www.visit-ulcinj.com\/blog\/2017\/03\/03\/medalje-bronzi-per-bilal-krajen-ne-manifestimin-xiv-nderkombetar-i-kultivuesve-te-ullirit-ne-split-2017\/\",\"name\":\"Medalje bronzi p\u00ebr Bilal Kraj\u00ebn n\u00eb \u201cManifestimin XIV nd\u00ebrkomb\u00ebtar i kultivuesve t\u00eb ullirit n\u00eb Split 2017\u201d - Lajme nga Ulqini\",\"isPartOf\":{\"@id\":\"https:\/\/www.visit-ulcinj.com\/blog\/#website\"},\"primaryImageOfPage\":{\"@id\":\"https:\/\/www.visit-ulcinj.com\/blog\/2017\/03\/03\/medalje-bronzi-per-bilal-krajen-ne-manifestimin-xiv-nderkombetar-i-kultivuesve-te-ullirit-ne-split-2017\/#primaryimage\"},\"datePublished\":\"2017-03-03T15:18:41+00:00\",\"dateModified\":\"2017-03-03T15:19:19+00:00\",\"author\":{\"@id\":\"https:\/\/www.visit-ulcinj.com\/blog\/#\/schema\/person\/dcab619c614d3038751c63bc2aadc06d\"},\"description\":\"Bilal Kraja fitoi medaljen e bronzt\u00eb n\u00eb manifestimin tradicional \u201cManifestimi XIV nd\u00ebrkomb\u00ebtar i kultivuesve t\u00eb ullirit 2017\u201d, q\u00eb dit\u00eb m\u00eb par\u00eb u mbajt n\u00eb\",\"breadcrumb\":{\"@id\":\"https:\/\/www.visit-ulcinj.com\/blog\/2017\/03\/03\/medalje-bronzi-per-bilal-krajen-ne-manifestimin-xiv-nderkombetar-i-kultivuesve-te-ullirit-ne-split-2017\/#breadcrumb\"},\"inLanguage\":\"en-US\",\"potentialAction\":[{\"@type\":\"ReadAction\",\"target\":[\"https:\/\/www.visit-ulcinj.com\/blog\/2017\/03\/03\/medalje-bronzi-per-bilal-krajen-ne-manifestimin-xiv-nderkombetar-i-kultivuesve-te-ullirit-ne-split-2017\/\"]}]},{\"@type\":\"BreadcrumbList\",\"@id\":\"https:\/\/www.visit-ulcinj.com\/blog\/2017\/03\/03\/medalje-bronzi-per-bilal-krajen-ne-manifestimin-xiv-nderkombetar-i-kultivuesve-te-ullirit-ne-split-2017\/#breadcrumb\",\"itemListElement\":[{\"@type\":\"ListItem\",\"position\":1,\"name\":\"Medalje bronzi p\u00ebr Bilal Kraj\u00ebn n\u00eb \u201cManifestimin XIV nd\u00ebrkomb\u00ebtar i kultivuesve t\u00eb ullirit n\u00eb Split 2017\u201d\"}]},{\"@type\":\"Person\",\"@id\":\"https:\/\/www.visit-ulcinj.com\/blog\/#\/schema\/person\/dcab619c614d3038751c63bc2aadc06d\",\"name\":\"ulqini\",\"sameAs\":[\"http:\/\/www.visit-ulcinj.com\"],\"url\":\"https:\/\/www.visit-ulcinj.com\/blog\/author\/admin\/\"}]}<\/script>\n<!-- \/ Yoast SEO plugin. -->","yoast_head_json":{"title":"Medalje bronzi p\u00ebr Bilal Kraj\u00ebn n\u00eb \u201cManifestimin XIV nd\u00ebrkomb\u00ebtar i kultivuesve t\u00eb ullirit n\u00eb Split 2017\u201d - Lajme nga Ulqini","description":"Bilal Kraja fitoi medaljen e bronzt\u00eb n\u00eb manifestimin tradicional \u201cManifestimi XIV nd\u00ebrkomb\u00ebtar i kultivuesve t\u00eb ullirit 2017\u201d, q\u00eb dit\u00eb m\u00eb par\u00eb u mbajt n\u00eb","robots":{"index":"index","follow":"follow","max-snippet":"max-snippet:-1","max-image-preview":"max-image-preview:large","max-video-preview":"max-video-preview:-1"},"canonical":"https:\/\/www.visit-ulcinj.com\/blog\/2017\/03\/03\/medalje-bronzi-per-bilal-krajen-ne-manifestimin-xiv-nderkombetar-i-kultivuesve-te-ullirit-ne-split-2017\/","og_locale":"en_US","og_type":"article","og_title":"Medalje bronzi p\u00ebr Bilal Kraj\u00ebn n\u00eb \u201cManifestimin XIV nd\u00ebrkomb\u00ebtar i kultivuesve t\u00eb ullirit n\u00eb Split 2017\u201d - Lajme nga Ulqini","og_description":"Bilal Kraja fitoi medaljen e bronzt\u00eb n\u00eb manifestimin tradicional \u201cManifestimi XIV nd\u00ebrkomb\u00ebtar i kultivuesve t\u00eb ullirit 2017\u201d, q\u00eb dit\u00eb m\u00eb par\u00eb u mbajt n\u00eb","og_url":"https:\/\/www.visit-ulcinj.com\/blog\/2017\/03\/03\/medalje-bronzi-per-bilal-krajen-ne-manifestimin-xiv-nderkombetar-i-kultivuesve-te-ullirit-ne-split-2017\/","og_site_name":"Lajme nga Ulqini","article_published_time":"2017-03-03T15:18:41+00:00","article_modified_time":"2017-03-03T15:19:19+00:00","og_image":[{"url":"http:\/\/www.visit-ulcinj.com\/blog\/wp-content\/uploads\/2017\/03\/Bilal-Kraja-goldendropofulcinj.jpg"}],"twitter_misc":{"Written by":"ulqini","Est. reading time":"1 minute"},"schema":{"@context":"https:\/\/schema.org","@graph":[{"@type":"WebSite","@id":"https:\/\/www.visit-ulcinj.com\/blog\/#website","url":"https:\/\/www.visit-ulcinj.com\/blog\/","name":"Lajme nga Ulqini","description":"Lajme,Vijesti,Ulqini,Ulqin,Crna Gora,Mali i Zi","potentialAction":[{"@type":"SearchAction","target":{"@type":"EntryPoint","urlTemplate":"https:\/\/www.visit-ulcinj.com\/blog\/?s={search_term_string}"},"query-input":"required name=search_term_string"}],"inLanguage":"en-US"},{"@type":"ImageObject","inLanguage":"en-US","@id":"https:\/\/www.visit-ulcinj.com\/blog\/2017\/03\/03\/medalje-bronzi-per-bilal-krajen-ne-manifestimin-xiv-nderkombetar-i-kultivuesve-te-ullirit-ne-split-2017\/#primaryimage","url":"https:\/\/www.visit-ulcinj.com\/blog\/wp-content\/uploads\/2017\/03\/Bilal-Kraja-goldendropofulcinj.jpg","contentUrl":"https:\/\/www.visit-ulcinj.com\/blog\/wp-content\/uploads\/2017\/03\/Bilal-Kraja-goldendropofulcinj.jpg","width":537,"height":559},{"@type":"WebPage","@id":"https:\/\/www.visit-ulcinj.com\/blog\/2017\/03\/03\/medalje-bronzi-per-bilal-krajen-ne-manifestimin-xiv-nderkombetar-i-kultivuesve-te-ullirit-ne-split-2017\/#webpage","url":"https:\/\/www.visit-ulcinj.com\/blog\/2017\/03\/03\/medalje-bronzi-per-bilal-krajen-ne-manifestimin-xiv-nderkombetar-i-kultivuesve-te-ullirit-ne-split-2017\/","name":"Medalje bronzi p\u00ebr Bilal Kraj\u00ebn n\u00eb \u201cManifestimin XIV nd\u00ebrkomb\u00ebtar i kultivuesve t\u00eb ullirit n\u00eb Split 2017\u201d - Lajme nga Ulqini","isPartOf":{"@id":"https:\/\/www.visit-ulcinj.com\/blog\/#website"},"primaryImageOfPage":{"@id":"https:\/\/www.visit-ulcinj.com\/blog\/2017\/03\/03\/medalje-bronzi-per-bilal-krajen-ne-manifestimin-xiv-nderkombetar-i-kultivuesve-te-ullirit-ne-split-2017\/#primaryimage"},"datePublished":"2017-03-03T15:18:41+00:00","dateModified":"2017-03-03T15:19:19+00:00","author":{"@id":"https:\/\/www.visit-ulcinj.com\/blog\/#\/schema\/person\/dcab619c614d3038751c63bc2aadc06d"},"description":"Bilal Kraja fitoi medaljen e bronzt\u00eb n\u00eb manifestimin tradicional \u201cManifestimi XIV nd\u00ebrkomb\u00ebtar i kultivuesve t\u00eb ullirit 2017\u201d, q\u00eb dit\u00eb m\u00eb par\u00eb u mbajt n\u00eb","breadcrumb":{"@id":"https:\/\/www.visit-ulcinj.com\/blog\/2017\/03\/03\/medalje-bronzi-per-bilal-krajen-ne-manifestimin-xiv-nderkombetar-i-kultivuesve-te-ullirit-ne-split-2017\/#breadcrumb"},"inLanguage":"en-US","potentialAction":[{"@type":"ReadAction","target":["https:\/\/www.visit-ulcinj.com\/blog\/2017\/03\/03\/medalje-bronzi-per-bilal-krajen-ne-manifestimin-xiv-nderkombetar-i-kultivuesve-te-ullirit-ne-split-2017\/"]}]},{"@type":"BreadcrumbList","@id":"https:\/\/www.visit-ulcinj.com\/blog\/2017\/03\/03\/medalje-bronzi-per-bilal-krajen-ne-manifestimin-xiv-nderkombetar-i-kultivuesve-te-ullirit-ne-split-2017\/#breadcrumb","itemListElement":[{"@type":"ListItem","position":1,"name":"Medalje bronzi p\u00ebr Bilal Kraj\u00ebn n\u00eb \u201cManifestimin XIV nd\u00ebrkomb\u00ebtar i kultivuesve t\u00eb ullirit n\u00eb Split 2017\u201d"}]},{"@type":"Person","@id":"https:\/\/www.visit-ulcinj.com\/blog\/#\/schema\/person\/dcab619c614d3038751c63bc2aadc06d","name":"ulqini","sameAs":["http:\/\/www.visit-ulcinj.com"],"url":"https:\/\/www.visit-ulcinj.com\/blog\/author\/admin\/"}]}},"jetpack_featured_media_url":"","jetpack_sharing_enabled":true,"jetpack_shortlink":"https:\/\/wp.me\/pe6lTn-qSO","_links":{"self":[{"href":"https:\/\/www.visit-ulcinj.com\/blog\/wp-json\/wp\/v2\/posts\/103342"}],"collection":[{"href":"https:\/\/www.visit-ulcinj.com\/blog\/wp-json\/wp\/v2\/posts"}],"about":[{"href":"https:\/\/www.visit-ulcinj.com\/blog\/wp-json\/wp\/v2\/types\/post"}],"author":[{"embeddable":true,"href":"https:\/\/www.visit-ulcinj.com\/blog\/wp-json\/wp\/v2\/users\/1"}],"replies":[{"embeddable":true,"href":"https:\/\/www.visit-ulcinj.com\/blog\/wp-json\/wp\/v2\/comments?post=103342"}],"version-history":[{"count":2,"href":"https:\/\/www.visit-ulcinj.com\/blog\/wp-json\/wp\/v2\/posts\/103342\/revisions"}],"predecessor-version":[{"id":103345,"href":"https:\/\/www.visit-ulcinj.com\/blog\/wp-json\/wp\/v2\/posts\/103342\/revisions\/103345"}],"wp:attachment":[{"href":"https:\/\/www.visit-ulcinj.com\/blog\/wp-json\/wp\/v2\/media?parent=103342"}],"wp:term":[{"taxonomy":"category","embeddable":true,"href":"https:\/\/www.visit-ulcinj.com\/blog\/wp-json\/wp\/v2\/categories?post=103342"},{"taxonomy":"post_tag","embeddable":true,"href":"https:\/\/www.visit-ulcinj.com\/blog\/wp-json\/wp\/v2\/tags?post=103342"}],"curies":[{"name":"wp","href":"https:\/\/api.w.org\/{rel}","templated":true}]}}