{"id":103346,"date":"2017-03-03T16:35:48","date_gmt":"2017-03-03T15:35:48","guid":{"rendered":"http:\/\/www.visit-ulcinj.com\/blog\/?p=103346"},"modified":"2017-03-03T17:06:45","modified_gmt":"2017-03-03T16:06:45","slug":"mogerini-ne-facebook-ballkani-eshte-vet-evropa","status":"publish","type":"post","link":"https:\/\/www.visit-ulcinj.com\/blog\/2017\/03\/03\/mogerini-ne-facebook-ballkani-eshte-vet-evropa\/","title":{"rendered":"Mogerini n\u00eb Facebook: Ballkani \u00ebsht\u00eb vet Evropa"},"content":{"rendered":"<p><a href=\"http:\/\/www.visit-ulcinj.com\/blog\/wp-content\/uploads\/2017\/03\/Mogerini-Facebook-Montenegro.jpg\"><img loading=\"lazy\" class=\"alignleft wp-image-103348\" src=\"http:\/\/www.visit-ulcinj.com\/blog\/wp-content\/uploads\/2017\/03\/Mogerini-Facebook-Montenegro.jpg\" alt=\"Mogerini Facebook Montenegro\" width=\"508\" height=\"339\" srcset=\"https:\/\/www.visit-ulcinj.com\/blog\/wp-content\/uploads\/2017\/03\/Mogerini-Facebook-Montenegro.jpg 999w, https:\/\/www.visit-ulcinj.com\/blog\/wp-content\/uploads\/2017\/03\/Mogerini-Facebook-Montenegro-300x200.jpg 300w, https:\/\/www.visit-ulcinj.com\/blog\/wp-content\/uploads\/2017\/03\/Mogerini-Facebook-Montenegro-768x512.jpg 768w\" sizes=\"(max-width: 508px) 100vw, 508px\" \/><\/a>Shefja e diplomacis\u00eb evropiane Federika Mogherini shpjegon me nj\u00eb status n\u00eb fejsbuk q\u00ebllimin e vizit\u00ebs n\u00eb Ballkan, duke e cil\u00ebsuar at\u00eb si nj\u00eb rajon strategjik n\u00eb \u00cbvrop\u00eb.<\/p>\n<p>Mogerini shpjegon,\u00a0itinerarin e vizitave n\u00eb rajon, duke vler\u00ebsuar nd\u00ebr t\u00eb tjerash pozitivisht Malin e Zi p\u00ebr arritjet q\u00eb ka b\u00ebr\u00eb k\u00ebto vitet e fundit dhe pjes\u00ebmarrjen e tij s\u00eb shpejti n\u00eb familjen e madhe t\u00eb \u00a0Nato-s.<\/p>\n<p>Po ashtu ka sqaruar se nuk b\u00ebhet fjal\u00eb p\u00ebr nj\u00eb zgjerim t\u00eb Bashkimit Evropian, por, p\u00ebr nj\u00eb bashkim t\u00eb Ballkanit, sepse Ballkani \u00ebsht\u00eb vet\u00eb Evropa dhe n\u00eb k\u00ebto 60 vjet histori kemi kuptuar se duke punuar s\u00eb bashku \u00ebsht\u00eb shum\u00eb her\u00eb m\u00eb mir\u00eb se t\u00eb luftosh, ka p\u00ebrfunduar mesazhin e saj n\u00eb fejsbuk Federika Mogehrini.<\/p>\n<p><strong>ALSAT<\/strong><\/p>\n<p><strong>F.Mogherini;\u00a0 Dialogu konstruktiv, vendimtar\u00a0 p\u00ebr t\u00eb ardhmen e Malit t\u00eb Zi<\/strong><\/p>\n<p>Rruga drejt\u00eb an\u00ebtar\u00ebsimin n\u00eb UE nuk \u00ebsht\u00eb e leht\u00eb, por dialogu konstruktiv politik\u00eb \u00ebsht\u00eb vendimtar\u00eb p\u00ebr t\u00eb ardhmen e Malit t\u00eb Zi , p\u00ebr demokracin\u00eb e tij dhe prosperitetin e qytetar\u00ebve, ka theksuar p\u00ebrfaq\u00ebsuesja e lart\u00eb e UE p\u00ebr politik\u00eb t\u00eb jashtme dhe siguri Federika Mogerini.<\/p>\n<p>Ajo k\u00ebt\u00eb e ka theksuar n\u00eb p\u00ebrgjigjen n\u00eb letr\u00ebn e deputetit t\u00eb FD Nebojsha Medojeviq, n\u00eb t\u00eb cil\u00ebn kjo aleanc\u00eb politike ka protestuar p\u00ebr shkak t\u00eb vendimit t\u00eb Mogerinit, q\u00eb gjat\u00eb vizit\u00ebs s\u00eb saj\u00eb n\u00eb Mal t\u00eb Zi, t\u00eb mos takohet me p\u00ebrfaq\u00ebsuesit e opozit\u00ebs.<\/p>\n<p>Ajo ka p\u00ebrkujtuar se gjat\u00eb fjalimit n\u00eb parlament ka theksuar se p\u00ebrkrahja Integrimeve Evropiane, i tejkalon q\u00ebndrimet partiake dhe se rruga drejt\u00eb an\u00ebtar\u00ebsimit n\u00eb UE duhet t\u00eb sh\u00ebrbej si motivim i fort\u00eb q\u00eb t\u00eb tejkalohen t\u00eb gjitha mospajtimet politike gj\u00eb q\u00eb \u00ebsht\u00eb e natyrshme n\u00eb demokraci.<\/p>\n<p>Ajo ka theksuar se i vjen keq p\u00ebr faktin se deputetet e FD nuk ishin prezent n\u00eb Kuvend dhe se nuk \u00ebsht\u00eb shfryt\u00ebzuar rasti p\u00ebr nj\u00eb shk\u00ebmbim konstruktiv t\u00eb mendimeve. Ajo ka v\u00ebrtetuar se \u00ebsht\u00eb e k\u00ebnaqur q\u00eb ndan q\u00ebllim t\u00eb nj\u00ebjt\u00eb- lufta p\u00ebr demokraci, p\u00ebr sundim t\u00eb ligjit dhe respektimi i t\u00eb drejtave njer\u00ebzore.<\/p>\n<p>K\u00ebto jan\u00eb vlera ky\u00e7e t\u00eb UE dhe un\u00eb e p\u00ebrsh\u00ebndes q\u00ebndrimin tuaj ndaj idealeve t\u00eb nj\u00ebjta.<\/p>\n<p>Mogerini ka theksuar se shpreson se dialogu do t\u00eb vazhdoj\u00eb n\u00eb periudh\u00ebn q\u00eb vjen.<\/p>\n<p>TVCG<\/p>\n","protected":false},"excerpt":{"rendered":"<p>Shefja e diplomacis\u00eb evropiane Federika Mogherini shpjegon me nj\u00eb status n\u00eb fejsbuk q\u00ebllimin e vizit\u00ebs n\u00eb Ballkan, duke e cil\u00ebsuar at\u00eb si nj\u00eb rajon strategjik n\u00eb \u00cbvrop\u00eb. Mogerini shpjegon,\u00a0itinerarin e vizitave n\u00eb rajon, duke vler\u00ebsuar nd\u00ebr t\u00eb tjerash pozitivisht Malin e Zi p\u00ebr arritjet q\u00eb ka b\u00ebr\u00eb k\u00ebto vitet e fundit dhe pjes\u00ebmarrjen e tij [&hellip;]<\/p>\n","protected":false},"author":1,"featured_media":0,"comment_status":"closed","ping_status":"closed","sticky":false,"template":"","format":"standard","meta":{"spay_email":"","jetpack_publicize_message":"","jetpack_is_tweetstorm":false,"jetpack_publicize_feature_enabled":true},"categories":[6],"tags":[],"jetpack_publicize_connections":[],"yoast_head":"<!-- This site is optimized with the Yoast SEO plugin v19.1 - https:\/\/yoast.com\/wordpress\/plugins\/seo\/ -->\n<title>Mogerini n\u00eb Facebook: Ballkani \u00ebsht\u00eb vet Evropa - Lajme nga Ulqini<\/title>\n<meta name=\"description\" content=\"Shefja e diplomacis\u00eb evropiane Federika Mogherini shpjegon me nj\u00eb status n\u00eb fejsbuk q\u00ebllimin e vizit\u00ebs n\u00eb Ballkan, duke e cil\u00ebsuar at\u00eb si nj\u00eb rajon\" \/>\n<meta name=\"robots\" content=\"index, follow, max-snippet:-1, max-image-preview:large, max-video-preview:-1\" \/>\n<link rel=\"canonical\" href=\"https:\/\/www.visit-ulcinj.com\/blog\/2017\/03\/03\/mogerini-ne-facebook-ballkani-eshte-vet-evropa\/\" \/>\n<meta property=\"og:locale\" content=\"en_US\" \/>\n<meta property=\"og:type\" content=\"article\" \/>\n<meta property=\"og:title\" content=\"Mogerini n\u00eb Facebook: Ballkani \u00ebsht\u00eb vet Evropa - Lajme nga Ulqini\" \/>\n<meta property=\"og:description\" content=\"Shefja e diplomacis\u00eb evropiane Federika Mogherini shpjegon me nj\u00eb status n\u00eb fejsbuk q\u00ebllimin e vizit\u00ebs n\u00eb Ballkan, duke e cil\u00ebsuar at\u00eb si nj\u00eb rajon\" \/>\n<meta property=\"og:url\" content=\"https:\/\/www.visit-ulcinj.com\/blog\/2017\/03\/03\/mogerini-ne-facebook-ballkani-eshte-vet-evropa\/\" \/>\n<meta property=\"og:site_name\" content=\"Lajme nga Ulqini\" \/>\n<meta property=\"article:published_time\" content=\"2017-03-03T15:35:48+00:00\" \/>\n<meta property=\"article:modified_time\" content=\"2017-03-03T16:06:45+00:00\" \/>\n<meta property=\"og:image\" content=\"http:\/\/www.visit-ulcinj.com\/blog\/wp-content\/uploads\/2017\/03\/Mogerini-Facebook-Montenegro.jpg\" \/>\n<meta name=\"twitter:label1\" content=\"Written by\" \/>\n\t<meta name=\"twitter:data1\" content=\"ulqini\" \/>\n\t<meta name=\"twitter:label2\" content=\"Est. reading time\" \/>\n\t<meta name=\"twitter:data2\" content=\"2 minutes\" \/>\n<script type=\"application\/ld+json\" class=\"yoast-schema-graph\">{\"@context\":\"https:\/\/schema.org\",\"@graph\":[{\"@type\":\"WebSite\",\"@id\":\"https:\/\/www.visit-ulcinj.com\/blog\/#website\",\"url\":\"https:\/\/www.visit-ulcinj.com\/blog\/\",\"name\":\"Lajme nga Ulqini\",\"description\":\"Lajme,Vijesti,Ulqini,Ulqin,Crna Gora,Mali i Zi\",\"potentialAction\":[{\"@type\":\"SearchAction\",\"target\":{\"@type\":\"EntryPoint\",\"urlTemplate\":\"https:\/\/www.visit-ulcinj.com\/blog\/?s={search_term_string}\"},\"query-input\":\"required name=search_term_string\"}],\"inLanguage\":\"en-US\"},{\"@type\":\"ImageObject\",\"inLanguage\":\"en-US\",\"@id\":\"https:\/\/www.visit-ulcinj.com\/blog\/2017\/03\/03\/mogerini-ne-facebook-ballkani-eshte-vet-evropa\/#primaryimage\",\"url\":\"https:\/\/www.visit-ulcinj.com\/blog\/wp-content\/uploads\/2017\/03\/Mogerini-Facebook-Montenegro.jpg\",\"contentUrl\":\"https:\/\/www.visit-ulcinj.com\/blog\/wp-content\/uploads\/2017\/03\/Mogerini-Facebook-Montenegro.jpg\",\"width\":999,\"height\":666},{\"@type\":\"WebPage\",\"@id\":\"https:\/\/www.visit-ulcinj.com\/blog\/2017\/03\/03\/mogerini-ne-facebook-ballkani-eshte-vet-evropa\/#webpage\",\"url\":\"https:\/\/www.visit-ulcinj.com\/blog\/2017\/03\/03\/mogerini-ne-facebook-ballkani-eshte-vet-evropa\/\",\"name\":\"Mogerini n\u00eb Facebook: Ballkani \u00ebsht\u00eb vet Evropa - Lajme nga Ulqini\",\"isPartOf\":{\"@id\":\"https:\/\/www.visit-ulcinj.com\/blog\/#website\"},\"primaryImageOfPage\":{\"@id\":\"https:\/\/www.visit-ulcinj.com\/blog\/2017\/03\/03\/mogerini-ne-facebook-ballkani-eshte-vet-evropa\/#primaryimage\"},\"datePublished\":\"2017-03-03T15:35:48+00:00\",\"dateModified\":\"2017-03-03T16:06:45+00:00\",\"author\":{\"@id\":\"https:\/\/www.visit-ulcinj.com\/blog\/#\/schema\/person\/dcab619c614d3038751c63bc2aadc06d\"},\"description\":\"Shefja e diplomacis\u00eb evropiane Federika Mogherini shpjegon me nj\u00eb status n\u00eb fejsbuk q\u00ebllimin e vizit\u00ebs n\u00eb Ballkan, duke e cil\u00ebsuar at\u00eb si nj\u00eb rajon\",\"breadcrumb\":{\"@id\":\"https:\/\/www.visit-ulcinj.com\/blog\/2017\/03\/03\/mogerini-ne-facebook-ballkani-eshte-vet-evropa\/#breadcrumb\"},\"inLanguage\":\"en-US\",\"potentialAction\":[{\"@type\":\"ReadAction\",\"target\":[\"https:\/\/www.visit-ulcinj.com\/blog\/2017\/03\/03\/mogerini-ne-facebook-ballkani-eshte-vet-evropa\/\"]}]},{\"@type\":\"BreadcrumbList\",\"@id\":\"https:\/\/www.visit-ulcinj.com\/blog\/2017\/03\/03\/mogerini-ne-facebook-ballkani-eshte-vet-evropa\/#breadcrumb\",\"itemListElement\":[{\"@type\":\"ListItem\",\"position\":1,\"name\":\"Mogerini n\u00eb Facebook: Ballkani \u00ebsht\u00eb vet Evropa\"}]},{\"@type\":\"Person\",\"@id\":\"https:\/\/www.visit-ulcinj.com\/blog\/#\/schema\/person\/dcab619c614d3038751c63bc2aadc06d\",\"name\":\"ulqini\",\"sameAs\":[\"http:\/\/www.visit-ulcinj.com\"],\"url\":\"https:\/\/www.visit-ulcinj.com\/blog\/author\/admin\/\"}]}<\/script>\n<!-- \/ Yoast SEO plugin. -->","yoast_head_json":{"title":"Mogerini n\u00eb Facebook: Ballkani \u00ebsht\u00eb vet Evropa - Lajme nga Ulqini","description":"Shefja e diplomacis\u00eb evropiane Federika Mogherini shpjegon me nj\u00eb status n\u00eb fejsbuk q\u00ebllimin e vizit\u00ebs n\u00eb Ballkan, duke e cil\u00ebsuar at\u00eb si nj\u00eb rajon","robots":{"index":"index","follow":"follow","max-snippet":"max-snippet:-1","max-image-preview":"max-image-preview:large","max-video-preview":"max-video-preview:-1"},"canonical":"https:\/\/www.visit-ulcinj.com\/blog\/2017\/03\/03\/mogerini-ne-facebook-ballkani-eshte-vet-evropa\/","og_locale":"en_US","og_type":"article","og_title":"Mogerini n\u00eb Facebook: Ballkani \u00ebsht\u00eb vet Evropa - Lajme nga Ulqini","og_description":"Shefja e diplomacis\u00eb evropiane Federika Mogherini shpjegon me nj\u00eb status n\u00eb fejsbuk q\u00ebllimin e vizit\u00ebs n\u00eb Ballkan, duke e cil\u00ebsuar at\u00eb si nj\u00eb rajon","og_url":"https:\/\/www.visit-ulcinj.com\/blog\/2017\/03\/03\/mogerini-ne-facebook-ballkani-eshte-vet-evropa\/","og_site_name":"Lajme nga Ulqini","article_published_time":"2017-03-03T15:35:48+00:00","article_modified_time":"2017-03-03T16:06:45+00:00","og_image":[{"url":"http:\/\/www.visit-ulcinj.com\/blog\/wp-content\/uploads\/2017\/03\/Mogerini-Facebook-Montenegro.jpg"}],"twitter_misc":{"Written by":"ulqini","Est. reading time":"2 minutes"},"schema":{"@context":"https:\/\/schema.org","@graph":[{"@type":"WebSite","@id":"https:\/\/www.visit-ulcinj.com\/blog\/#website","url":"https:\/\/www.visit-ulcinj.com\/blog\/","name":"Lajme nga Ulqini","description":"Lajme,Vijesti,Ulqini,Ulqin,Crna Gora,Mali i Zi","potentialAction":[{"@type":"SearchAction","target":{"@type":"EntryPoint","urlTemplate":"https:\/\/www.visit-ulcinj.com\/blog\/?s={search_term_string}"},"query-input":"required name=search_term_string"}],"inLanguage":"en-US"},{"@type":"ImageObject","inLanguage":"en-US","@id":"https:\/\/www.visit-ulcinj.com\/blog\/2017\/03\/03\/mogerini-ne-facebook-ballkani-eshte-vet-evropa\/#primaryimage","url":"https:\/\/www.visit-ulcinj.com\/blog\/wp-content\/uploads\/2017\/03\/Mogerini-Facebook-Montenegro.jpg","contentUrl":"https:\/\/www.visit-ulcinj.com\/blog\/wp-content\/uploads\/2017\/03\/Mogerini-Facebook-Montenegro.jpg","width":999,"height":666},{"@type":"WebPage","@id":"https:\/\/www.visit-ulcinj.com\/blog\/2017\/03\/03\/mogerini-ne-facebook-ballkani-eshte-vet-evropa\/#webpage","url":"https:\/\/www.visit-ulcinj.com\/blog\/2017\/03\/03\/mogerini-ne-facebook-ballkani-eshte-vet-evropa\/","name":"Mogerini n\u00eb Facebook: Ballkani \u00ebsht\u00eb vet Evropa - Lajme nga Ulqini","isPartOf":{"@id":"https:\/\/www.visit-ulcinj.com\/blog\/#website"},"primaryImageOfPage":{"@id":"https:\/\/www.visit-ulcinj.com\/blog\/2017\/03\/03\/mogerini-ne-facebook-ballkani-eshte-vet-evropa\/#primaryimage"},"datePublished":"2017-03-03T15:35:48+00:00","dateModified":"2017-03-03T16:06:45+00:00","author":{"@id":"https:\/\/www.visit-ulcinj.com\/blog\/#\/schema\/person\/dcab619c614d3038751c63bc2aadc06d"},"description":"Shefja e diplomacis\u00eb evropiane Federika Mogherini shpjegon me nj\u00eb status n\u00eb fejsbuk q\u00ebllimin e vizit\u00ebs n\u00eb Ballkan, duke e cil\u00ebsuar at\u00eb si nj\u00eb rajon","breadcrumb":{"@id":"https:\/\/www.visit-ulcinj.com\/blog\/2017\/03\/03\/mogerini-ne-facebook-ballkani-eshte-vet-evropa\/#breadcrumb"},"inLanguage":"en-US","potentialAction":[{"@type":"ReadAction","target":["https:\/\/www.visit-ulcinj.com\/blog\/2017\/03\/03\/mogerini-ne-facebook-ballkani-eshte-vet-evropa\/"]}]},{"@type":"BreadcrumbList","@id":"https:\/\/www.visit-ulcinj.com\/blog\/2017\/03\/03\/mogerini-ne-facebook-ballkani-eshte-vet-evropa\/#breadcrumb","itemListElement":[{"@type":"ListItem","position":1,"name":"Mogerini n\u00eb Facebook: Ballkani \u00ebsht\u00eb vet Evropa"}]},{"@type":"Person","@id":"https:\/\/www.visit-ulcinj.com\/blog\/#\/schema\/person\/dcab619c614d3038751c63bc2aadc06d","name":"ulqini","sameAs":["http:\/\/www.visit-ulcinj.com"],"url":"https:\/\/www.visit-ulcinj.com\/blog\/author\/admin\/"}]}},"jetpack_featured_media_url":"","jetpack_sharing_enabled":true,"jetpack_shortlink":"https:\/\/wp.me\/pe6lTn-qSS","_links":{"self":[{"href":"https:\/\/www.visit-ulcinj.com\/blog\/wp-json\/wp\/v2\/posts\/103346"}],"collection":[{"href":"https:\/\/www.visit-ulcinj.com\/blog\/wp-json\/wp\/v2\/posts"}],"about":[{"href":"https:\/\/www.visit-ulcinj.com\/blog\/wp-json\/wp\/v2\/types\/post"}],"author":[{"embeddable":true,"href":"https:\/\/www.visit-ulcinj.com\/blog\/wp-json\/wp\/v2\/users\/1"}],"replies":[{"embeddable":true,"href":"https:\/\/www.visit-ulcinj.com\/blog\/wp-json\/wp\/v2\/comments?post=103346"}],"version-history":[{"count":2,"href":"https:\/\/www.visit-ulcinj.com\/blog\/wp-json\/wp\/v2\/posts\/103346\/revisions"}],"predecessor-version":[{"id":103355,"href":"https:\/\/www.visit-ulcinj.com\/blog\/wp-json\/wp\/v2\/posts\/103346\/revisions\/103355"}],"wp:attachment":[{"href":"https:\/\/www.visit-ulcinj.com\/blog\/wp-json\/wp\/v2\/media?parent=103346"}],"wp:term":[{"taxonomy":"category","embeddable":true,"href":"https:\/\/www.visit-ulcinj.com\/blog\/wp-json\/wp\/v2\/categories?post=103346"},{"taxonomy":"post_tag","embeddable":true,"href":"https:\/\/www.visit-ulcinj.com\/blog\/wp-json\/wp\/v2\/tags?post=103346"}],"curies":[{"name":"wp","href":"https:\/\/api.w.org\/{rel}","templated":true}]}}