{"id":103365,"date":"2017-03-03T23:28:33","date_gmt":"2017-03-03T22:28:33","guid":{"rendered":"http:\/\/www.visit-ulcinj.com\/blog\/?p=103365"},"modified":"2017-03-03T23:31:32","modified_gmt":"2017-03-03T22:31:32","slug":"ministar-zdravlja-hrapovic-boravio-u-ulcinj","status":"publish","type":"post","link":"https:\/\/www.visit-ulcinj.com\/blog\/2017\/03\/03\/ministar-zdravlja-hrapovic-boravio-u-ulcinj\/","title":{"rendered":"Ministar zdravlja Hrapovi\u0107 boravio u Ulcinj"},"content":{"rendered":"<p><a href=\"http:\/\/www.visit-ulcinj.com\/blog\/wp-content\/uploads\/2017\/03\/Kenan-Hrapovic-Nazif-Cungu-Ulcinj-Ulqin-1.jpg\"><img loading=\"lazy\" class=\"alignleft wp-image-103363\" src=\"http:\/\/www.visit-ulcinj.com\/blog\/wp-content\/uploads\/2017\/03\/Kenan-Hrapovic-Nazif-Cungu-Ulcinj-Ulqin-1.jpg\" alt=\"Kenan Hrapovic -Nazif Cungu-Ulcinj-Ulqin-1\" width=\"508\" height=\"286\" srcset=\"https:\/\/www.visit-ulcinj.com\/blog\/wp-content\/uploads\/2017\/03\/Kenan-Hrapovic-Nazif-Cungu-Ulcinj-Ulqin-1.jpg 1099w, https:\/\/www.visit-ulcinj.com\/blog\/wp-content\/uploads\/2017\/03\/Kenan-Hrapovic-Nazif-Cungu-Ulcinj-Ulqin-1-300x169.jpg 300w, https:\/\/www.visit-ulcinj.com\/blog\/wp-content\/uploads\/2017\/03\/Kenan-Hrapovic-Nazif-Cungu-Ulcinj-Ulqin-1-768x432.jpg 768w, https:\/\/www.visit-ulcinj.com\/blog\/wp-content\/uploads\/2017\/03\/Kenan-Hrapovic-Nazif-Cungu-Ulcinj-Ulqin-1-1024x576.jpg 1024w\" sizes=\"(max-width: 508px) 100vw, 508px\" \/><\/a>Danas je u Op\u0161tini Ulcinj u slu\u017ebenoj posjeti boravio ministar zdravlja Crne Gore Kenan Hrapovi\u0107 sa saradnicima. U dru\u0161tvu ministra Hrapovi\u0107a bio je i direktor Fonda za zdravstveno osiguranje Crne Gore Sead \u010cigi\u0107.<\/p>\n<p>Njih je u svom kabinetu primio predsjednik Op\u0161tine Ulcinj Nazif Cungu sa predsjednikom Skup\u0161tine Op\u0161tine Ulcinj Loro Nreki\u0107.<\/p>\n<p>Tokom razgovora predsjednik Cungu je rekao da Op\u0161tina ima veoma dorbu saradnju sa Domom zdravlja i Zavodom za hitnu medicinsku pomo\u0107 u Ulcinju, dok je me\u0111u problemima na kojima treba poraditi pomenuo problem nedostatka operacione sale i transfuzije krvi u ulcinjskom porodili\u0161tu, problem nedostatka doktora koji govore albanski jezik u Op\u0161toj bolcini u Baru, problem komaraca i preno\u0161enja bolesti tokom ljetnje sezone, kao i problem zaga\u0111enja Port Milene.<\/p>\n<p>Ministar Hrapovi\u0107 je rekao da \u0107e se tokom novih zapo\u0161ljavanja u Domu zdravlja u Ulcinju i Op\u0161toj Bolnici u Baru prioritet dati doktorima iz ova dva grada, da za unapre\u0111enje kvaliteta usluga u zdravstvu treba razmisliti u pravcu uvo\u0111enje privatno-javnog partnerstva i da \u0107e on od Istituta za javno zdravlje tra\u017eiti da tokom sezone redovno prati kvalitet vode u Port Mileni kako bi pravovremeno reagovali ako se uka\u017ee potreba. On je dodao da o\u010dekuje podr\u0161ku Op\u0161tine u otvaranju turisti\u010dkih ambulanti tokom sezone u najfrekfentnijim zonama u Ulcinju.<\/p>\n<p><a href=\"http:\/\/www.visit-ulcinj.com\/blog\/wp-content\/uploads\/2017\/03\/Kenan-Hrapovic-Nazif-Cungu-Ulcinj-Ulqin.jpg\"><img loading=\"lazy\" class=\"alignleft wp-image-103362\" src=\"http:\/\/www.visit-ulcinj.com\/blog\/wp-content\/uploads\/2017\/03\/Kenan-Hrapovic-Nazif-Cungu-Ulcinj-Ulqin.jpg\" alt=\"Kenan Hrapovic -Nazif Cungu-Ulcinj-Ulqin\" width=\"508\" height=\"286\" srcset=\"https:\/\/www.visit-ulcinj.com\/blog\/wp-content\/uploads\/2017\/03\/Kenan-Hrapovic-Nazif-Cungu-Ulcinj-Ulqin.jpg 1099w, https:\/\/www.visit-ulcinj.com\/blog\/wp-content\/uploads\/2017\/03\/Kenan-Hrapovic-Nazif-Cungu-Ulcinj-Ulqin-300x169.jpg 300w, https:\/\/www.visit-ulcinj.com\/blog\/wp-content\/uploads\/2017\/03\/Kenan-Hrapovic-Nazif-Cungu-Ulcinj-Ulqin-768x432.jpg 768w, https:\/\/www.visit-ulcinj.com\/blog\/wp-content\/uploads\/2017\/03\/Kenan-Hrapovic-Nazif-Cungu-Ulcinj-Ulqin-1024x576.jpg 1024w\" sizes=\"(max-width: 508px) 100vw, 508px\" \/><\/a><\/p>\n","protected":false},"excerpt":{"rendered":"<p>Danas je u Op\u0161tini Ulcinj u slu\u017ebenoj posjeti boravio ministar zdravlja Crne Gore Kenan Hrapovi\u0107 sa saradnicima. U dru\u0161tvu ministra Hrapovi\u0107a bio je i direktor Fonda za zdravstveno osiguranje Crne Gore Sead \u010cigi\u0107. Njih je u svom kabinetu primio predsjednik Op\u0161tine Ulcinj Nazif Cungu sa predsjednikom Skup\u0161tine Op\u0161tine Ulcinj Loro Nreki\u0107. Tokom razgovora predsjednik Cungu [&hellip;]<\/p>\n","protected":false},"author":1,"featured_media":0,"comment_status":"closed","ping_status":"closed","sticky":false,"template":"","format":"standard","meta":{"spay_email":"","jetpack_publicize_message":"","jetpack_is_tweetstorm":false,"jetpack_publicize_feature_enabled":true},"categories":[8337],"tags":[],"jetpack_publicize_connections":[],"yoast_head":"<!-- This site is optimized with the Yoast SEO plugin v19.1 - https:\/\/yoast.com\/wordpress\/plugins\/seo\/ -->\n<title>Ministar zdravlja Hrapovi\u0107 boravio u Ulcinj - Lajme nga Ulqini<\/title>\n<meta name=\"description\" content=\"Danas je u Op\u0161tini Ulcinj u slu\u017ebenoj posjeti boravio ministar zdravlja Crne Gore Kenan Hrapovi\u0107 sa saradnicima. U dru\u0161tvu ministra Hrapovi\u0107a bio je i\" \/>\n<meta name=\"robots\" content=\"index, follow, max-snippet:-1, max-image-preview:large, max-video-preview:-1\" \/>\n<link rel=\"canonical\" href=\"https:\/\/www.visit-ulcinj.com\/blog\/2017\/03\/03\/ministar-zdravlja-hrapovic-boravio-u-ulcinj\/\" \/>\n<meta property=\"og:locale\" content=\"en_US\" \/>\n<meta property=\"og:type\" content=\"article\" \/>\n<meta property=\"og:title\" content=\"Ministar zdravlja Hrapovi\u0107 boravio u Ulcinj - Lajme nga Ulqini\" \/>\n<meta property=\"og:description\" content=\"Danas je u Op\u0161tini Ulcinj u slu\u017ebenoj posjeti boravio ministar zdravlja Crne Gore Kenan Hrapovi\u0107 sa saradnicima. U dru\u0161tvu ministra Hrapovi\u0107a bio je i\" \/>\n<meta property=\"og:url\" content=\"https:\/\/www.visit-ulcinj.com\/blog\/2017\/03\/03\/ministar-zdravlja-hrapovic-boravio-u-ulcinj\/\" \/>\n<meta property=\"og:site_name\" content=\"Lajme nga Ulqini\" \/>\n<meta property=\"article:published_time\" content=\"2017-03-03T22:28:33+00:00\" \/>\n<meta property=\"article:modified_time\" content=\"2017-03-03T22:31:32+00:00\" \/>\n<meta property=\"og:image\" content=\"http:\/\/www.visit-ulcinj.com\/blog\/wp-content\/uploads\/2017\/03\/Kenan-Hrapovic-Nazif-Cungu-Ulcinj-Ulqin-1.jpg\" \/>\n<meta name=\"twitter:label1\" content=\"Written by\" \/>\n\t<meta name=\"twitter:data1\" content=\"ulqini\" \/>\n\t<meta name=\"twitter:label2\" content=\"Est. reading time\" \/>\n\t<meta name=\"twitter:data2\" content=\"1 minute\" \/>\n<script type=\"application\/ld+json\" class=\"yoast-schema-graph\">{\"@context\":\"https:\/\/schema.org\",\"@graph\":[{\"@type\":\"WebSite\",\"@id\":\"https:\/\/www.visit-ulcinj.com\/blog\/#website\",\"url\":\"https:\/\/www.visit-ulcinj.com\/blog\/\",\"name\":\"Lajme nga Ulqini\",\"description\":\"Lajme,Vijesti,Ulqini,Ulqin,Crna Gora,Mali i Zi\",\"potentialAction\":[{\"@type\":\"SearchAction\",\"target\":{\"@type\":\"EntryPoint\",\"urlTemplate\":\"https:\/\/www.visit-ulcinj.com\/blog\/?s={search_term_string}\"},\"query-input\":\"required name=search_term_string\"}],\"inLanguage\":\"en-US\"},{\"@type\":\"ImageObject\",\"inLanguage\":\"en-US\",\"@id\":\"https:\/\/www.visit-ulcinj.com\/blog\/2017\/03\/03\/ministar-zdravlja-hrapovic-boravio-u-ulcinj\/#primaryimage\",\"url\":\"https:\/\/www.visit-ulcinj.com\/blog\/wp-content\/uploads\/2017\/03\/Kenan-Hrapovic-Nazif-Cungu-Ulcinj-Ulqin-1.jpg\",\"contentUrl\":\"https:\/\/www.visit-ulcinj.com\/blog\/wp-content\/uploads\/2017\/03\/Kenan-Hrapovic-Nazif-Cungu-Ulcinj-Ulqin-1.jpg\",\"width\":1099,\"height\":618},{\"@type\":\"WebPage\",\"@id\":\"https:\/\/www.visit-ulcinj.com\/blog\/2017\/03\/03\/ministar-zdravlja-hrapovic-boravio-u-ulcinj\/#webpage\",\"url\":\"https:\/\/www.visit-ulcinj.com\/blog\/2017\/03\/03\/ministar-zdravlja-hrapovic-boravio-u-ulcinj\/\",\"name\":\"Ministar zdravlja Hrapovi\u0107 boravio u Ulcinj - Lajme nga Ulqini\",\"isPartOf\":{\"@id\":\"https:\/\/www.visit-ulcinj.com\/blog\/#website\"},\"primaryImageOfPage\":{\"@id\":\"https:\/\/www.visit-ulcinj.com\/blog\/2017\/03\/03\/ministar-zdravlja-hrapovic-boravio-u-ulcinj\/#primaryimage\"},\"datePublished\":\"2017-03-03T22:28:33+00:00\",\"dateModified\":\"2017-03-03T22:31:32+00:00\",\"author\":{\"@id\":\"https:\/\/www.visit-ulcinj.com\/blog\/#\/schema\/person\/dcab619c614d3038751c63bc2aadc06d\"},\"description\":\"Danas je u Op\u0161tini Ulcinj u slu\u017ebenoj posjeti boravio ministar zdravlja Crne Gore Kenan Hrapovi\u0107 sa saradnicima. U dru\u0161tvu ministra Hrapovi\u0107a bio je i\",\"breadcrumb\":{\"@id\":\"https:\/\/www.visit-ulcinj.com\/blog\/2017\/03\/03\/ministar-zdravlja-hrapovic-boravio-u-ulcinj\/#breadcrumb\"},\"inLanguage\":\"en-US\",\"potentialAction\":[{\"@type\":\"ReadAction\",\"target\":[\"https:\/\/www.visit-ulcinj.com\/blog\/2017\/03\/03\/ministar-zdravlja-hrapovic-boravio-u-ulcinj\/\"]}]},{\"@type\":\"BreadcrumbList\",\"@id\":\"https:\/\/www.visit-ulcinj.com\/blog\/2017\/03\/03\/ministar-zdravlja-hrapovic-boravio-u-ulcinj\/#breadcrumb\",\"itemListElement\":[{\"@type\":\"ListItem\",\"position\":1,\"name\":\"Ministar zdravlja Hrapovi\u0107 boravio u Ulcinj\"}]},{\"@type\":\"Person\",\"@id\":\"https:\/\/www.visit-ulcinj.com\/blog\/#\/schema\/person\/dcab619c614d3038751c63bc2aadc06d\",\"name\":\"ulqini\",\"sameAs\":[\"http:\/\/www.visit-ulcinj.com\"],\"url\":\"https:\/\/www.visit-ulcinj.com\/blog\/author\/admin\/\"}]}<\/script>\n<!-- \/ Yoast SEO plugin. -->","yoast_head_json":{"title":"Ministar zdravlja Hrapovi\u0107 boravio u Ulcinj - Lajme nga Ulqini","description":"Danas je u Op\u0161tini Ulcinj u slu\u017ebenoj posjeti boravio ministar zdravlja Crne Gore Kenan Hrapovi\u0107 sa saradnicima. U dru\u0161tvu ministra Hrapovi\u0107a bio je i","robots":{"index":"index","follow":"follow","max-snippet":"max-snippet:-1","max-image-preview":"max-image-preview:large","max-video-preview":"max-video-preview:-1"},"canonical":"https:\/\/www.visit-ulcinj.com\/blog\/2017\/03\/03\/ministar-zdravlja-hrapovic-boravio-u-ulcinj\/","og_locale":"en_US","og_type":"article","og_title":"Ministar zdravlja Hrapovi\u0107 boravio u Ulcinj - Lajme nga Ulqini","og_description":"Danas je u Op\u0161tini Ulcinj u slu\u017ebenoj posjeti boravio ministar zdravlja Crne Gore Kenan Hrapovi\u0107 sa saradnicima. U dru\u0161tvu ministra Hrapovi\u0107a bio je i","og_url":"https:\/\/www.visit-ulcinj.com\/blog\/2017\/03\/03\/ministar-zdravlja-hrapovic-boravio-u-ulcinj\/","og_site_name":"Lajme nga Ulqini","article_published_time":"2017-03-03T22:28:33+00:00","article_modified_time":"2017-03-03T22:31:32+00:00","og_image":[{"url":"http:\/\/www.visit-ulcinj.com\/blog\/wp-content\/uploads\/2017\/03\/Kenan-Hrapovic-Nazif-Cungu-Ulcinj-Ulqin-1.jpg"}],"twitter_misc":{"Written by":"ulqini","Est. reading time":"1 minute"},"schema":{"@context":"https:\/\/schema.org","@graph":[{"@type":"WebSite","@id":"https:\/\/www.visit-ulcinj.com\/blog\/#website","url":"https:\/\/www.visit-ulcinj.com\/blog\/","name":"Lajme nga Ulqini","description":"Lajme,Vijesti,Ulqini,Ulqin,Crna Gora,Mali i Zi","potentialAction":[{"@type":"SearchAction","target":{"@type":"EntryPoint","urlTemplate":"https:\/\/www.visit-ulcinj.com\/blog\/?s={search_term_string}"},"query-input":"required name=search_term_string"}],"inLanguage":"en-US"},{"@type":"ImageObject","inLanguage":"en-US","@id":"https:\/\/www.visit-ulcinj.com\/blog\/2017\/03\/03\/ministar-zdravlja-hrapovic-boravio-u-ulcinj\/#primaryimage","url":"https:\/\/www.visit-ulcinj.com\/blog\/wp-content\/uploads\/2017\/03\/Kenan-Hrapovic-Nazif-Cungu-Ulcinj-Ulqin-1.jpg","contentUrl":"https:\/\/www.visit-ulcinj.com\/blog\/wp-content\/uploads\/2017\/03\/Kenan-Hrapovic-Nazif-Cungu-Ulcinj-Ulqin-1.jpg","width":1099,"height":618},{"@type":"WebPage","@id":"https:\/\/www.visit-ulcinj.com\/blog\/2017\/03\/03\/ministar-zdravlja-hrapovic-boravio-u-ulcinj\/#webpage","url":"https:\/\/www.visit-ulcinj.com\/blog\/2017\/03\/03\/ministar-zdravlja-hrapovic-boravio-u-ulcinj\/","name":"Ministar zdravlja Hrapovi\u0107 boravio u Ulcinj - Lajme nga Ulqini","isPartOf":{"@id":"https:\/\/www.visit-ulcinj.com\/blog\/#website"},"primaryImageOfPage":{"@id":"https:\/\/www.visit-ulcinj.com\/blog\/2017\/03\/03\/ministar-zdravlja-hrapovic-boravio-u-ulcinj\/#primaryimage"},"datePublished":"2017-03-03T22:28:33+00:00","dateModified":"2017-03-03T22:31:32+00:00","author":{"@id":"https:\/\/www.visit-ulcinj.com\/blog\/#\/schema\/person\/dcab619c614d3038751c63bc2aadc06d"},"description":"Danas je u Op\u0161tini Ulcinj u slu\u017ebenoj posjeti boravio ministar zdravlja Crne Gore Kenan Hrapovi\u0107 sa saradnicima. U dru\u0161tvu ministra Hrapovi\u0107a bio je i","breadcrumb":{"@id":"https:\/\/www.visit-ulcinj.com\/blog\/2017\/03\/03\/ministar-zdravlja-hrapovic-boravio-u-ulcinj\/#breadcrumb"},"inLanguage":"en-US","potentialAction":[{"@type":"ReadAction","target":["https:\/\/www.visit-ulcinj.com\/blog\/2017\/03\/03\/ministar-zdravlja-hrapovic-boravio-u-ulcinj\/"]}]},{"@type":"BreadcrumbList","@id":"https:\/\/www.visit-ulcinj.com\/blog\/2017\/03\/03\/ministar-zdravlja-hrapovic-boravio-u-ulcinj\/#breadcrumb","itemListElement":[{"@type":"ListItem","position":1,"name":"Ministar zdravlja Hrapovi\u0107 boravio u Ulcinj"}]},{"@type":"Person","@id":"https:\/\/www.visit-ulcinj.com\/blog\/#\/schema\/person\/dcab619c614d3038751c63bc2aadc06d","name":"ulqini","sameAs":["http:\/\/www.visit-ulcinj.com"],"url":"https:\/\/www.visit-ulcinj.com\/blog\/author\/admin\/"}]}},"jetpack_featured_media_url":"","jetpack_sharing_enabled":true,"jetpack_shortlink":"https:\/\/wp.me\/pe6lTn-qTb","_links":{"self":[{"href":"https:\/\/www.visit-ulcinj.com\/blog\/wp-json\/wp\/v2\/posts\/103365"}],"collection":[{"href":"https:\/\/www.visit-ulcinj.com\/blog\/wp-json\/wp\/v2\/posts"}],"about":[{"href":"https:\/\/www.visit-ulcinj.com\/blog\/wp-json\/wp\/v2\/types\/post"}],"author":[{"embeddable":true,"href":"https:\/\/www.visit-ulcinj.com\/blog\/wp-json\/wp\/v2\/users\/1"}],"replies":[{"embeddable":true,"href":"https:\/\/www.visit-ulcinj.com\/blog\/wp-json\/wp\/v2\/comments?post=103365"}],"version-history":[{"count":1,"href":"https:\/\/www.visit-ulcinj.com\/blog\/wp-json\/wp\/v2\/posts\/103365\/revisions"}],"predecessor-version":[{"id":103366,"href":"https:\/\/www.visit-ulcinj.com\/blog\/wp-json\/wp\/v2\/posts\/103365\/revisions\/103366"}],"wp:attachment":[{"href":"https:\/\/www.visit-ulcinj.com\/blog\/wp-json\/wp\/v2\/media?parent=103365"}],"wp:term":[{"taxonomy":"category","embeddable":true,"href":"https:\/\/www.visit-ulcinj.com\/blog\/wp-json\/wp\/v2\/categories?post=103365"},{"taxonomy":"post_tag","embeddable":true,"href":"https:\/\/www.visit-ulcinj.com\/blog\/wp-json\/wp\/v2\/tags?post=103365"}],"curies":[{"name":"wp","href":"https:\/\/api.w.org\/{rel}","templated":true}]}}