{"id":103378,"date":"2017-03-05T08:53:38","date_gmt":"2017-03-05T07:53:38","guid":{"rendered":"http:\/\/www.visit-ulcinj.com\/blog\/?p=103378"},"modified":"2017-03-05T08:55:32","modified_gmt":"2017-03-05T07:55:32","slug":"premiera-e-filmit-perla-e-bunes-u-mbajt-dje-ne-ulqin-foto-video","status":"publish","type":"post","link":"https:\/\/www.visit-ulcinj.com\/blog\/2017\/03\/05\/premiera-e-filmit-perla-e-bunes-u-mbajt-dje-ne-ulqin-foto-video\/","title":{"rendered":"Premiera e filmit &#8220;Perla e Bun\u00ebs&#8221; u mbajt dje n\u00eb Ulqin + Foto &#8211; Video"},"content":{"rendered":"<p><strong><a href=\"http:\/\/www.visit-ulcinj.com\/blog\/wp-content\/uploads\/2017\/02\/Premijera-Bisera-bojane-u-Beogradu-1.jpg\"><img loading=\"lazy\" class=\"alignleft wp-image-103011\" src=\"http:\/\/www.visit-ulcinj.com\/blog\/wp-content\/uploads\/2017\/02\/Premijera-Bisera-bojane-u-Beogradu-1.jpg\" alt=\"Premijera -Bisera bojane-u-Beogradu-1\" width=\"508\" height=\"718\" srcset=\"https:\/\/www.visit-ulcinj.com\/blog\/wp-content\/uploads\/2017\/02\/Premijera-Bisera-bojane-u-Beogradu-1.jpg 700w, https:\/\/www.visit-ulcinj.com\/blog\/wp-content\/uploads\/2017\/02\/Premijera-Bisera-bojane-u-Beogradu-1-212x300.jpg 212w\" sizes=\"(max-width: 508px) 100vw, 508px\" \/><\/a>N\u00eb pranin\u00eb e shum\u00eb shiquesve ulqinak, mbr\u00ebm u shfaq premiera e filmit \u201cPerla e Bun\u00ebs\u201d- &#8220;<span class=\"st\">Biser Bojane&#8221;<\/span><br \/>\n<\/strong><\/p>\n<p>Premiera e filmit \u201cPerla e Bun\u00ebs\u201d- &#8220;<span class=\"st\">Biser Bojane&#8221;<\/span> <span class=\"st\">e cila u mbajt mbr\u00ebm\u00a0n\u00eb ora 20.00, n\u00eb Qendr\u00ebn p\u00ebr kultur\u00eb n\u00eb Ulqin, film ky<\/span> i cili pjes\u00ebn m\u00eb t\u00eb madhe \u00ebsht\u00eb realizuar n\u00eb qytetin ton\u00eb.<\/p>\n<p>Xhirimet e mrekullueshme t\u00eb cilat jan b\u00ebr\u00eb n\u00eb Ad\u00eb, n\u00eb brigjet e lumit Buna, Plazh\u00eb t\u00eb madh\u00eb dhe n\u00eb Kriporen e Ulqinit do t\u00eb mbesin p\u00ebr turizmin e Ulqinit nji kart vizit\u00eb p\u00ebr ringjalljen e ekonomis\u00eb s\u00eb Ulqinit. P\u00ebr ulqinak\u00ebt arsyeja p\u00ebr ta shikuar k\u00ebt\u00eb film \u00ebsht\u00eb edhe m\u00eb e madhe, p\u00ebr shkak t\u00eb krenaris\u00eb s\u00eb vendit ku xhirohet nj\u00eb pjes\u00eb e madhe e filmit.<\/p>\n<p>N\u00eb premier\u00eb mor\u00ebn pjes\u00eb regjisori i filmit\u00a0 Mima Karaxhiq, aktor\u00ebt e filmit si dhe mysafir\u00eb t\u00eb ftuar t\u00eb shum\u00ebt.<\/p>\n<p>Kjo premier\u00eb do t\u00eb shfaqet edhe sot n\u00eb sall\u00ebn e <span class=\"st\">Qendr\u00ebs p\u00ebr kultur\u00eb ku do t\u00eb ket\u00eb dy projeksione.<\/span><\/p>\n<p><strong>Foto: Slavica Dragovic dhe Zenepa Lika Facebook<\/strong><\/p>\n<p><a href=\"http:\/\/www.visit-ulcinj.com\/blog\/wp-content\/uploads\/2017\/03\/Premiera-e-filmit-Perla-e-Bun\u00ebs-Biser-Bojane-Ulcinj-Ulqin.jpg\"><img loading=\"lazy\" class=\"alignleft wp-image-103379\" src=\"http:\/\/www.visit-ulcinj.com\/blog\/wp-content\/uploads\/2017\/03\/Premiera-e-filmit-Perla-e-Bun\u00ebs-Biser-Bojane-Ulcinj-Ulqin.jpg\" alt=\"Premiera e filmit -Perla e Bun\u00ebs-Biser Bojane-Ulcinj-Ulqin\" width=\"508\" height=\"284\" srcset=\"https:\/\/www.visit-ulcinj.com\/blog\/wp-content\/uploads\/2017\/03\/Premiera-e-filmit-Perla-e-Bun\u00ebs-Biser-Bojane-Ulcinj-Ulqin.jpg 600w, https:\/\/www.visit-ulcinj.com\/blog\/wp-content\/uploads\/2017\/03\/Premiera-e-filmit-Perla-e-Bun\u00ebs-Biser-Bojane-Ulcinj-Ulqin-300x168.jpg 300w\" sizes=\"(max-width: 508px) 100vw, 508px\" \/><\/a><\/p>\n<p><a href=\"http:\/\/www.visit-ulcinj.com\/blog\/wp-content\/uploads\/2017\/03\/Premiera-e-filmit-Perla-e-Bun\u00ebs-Biser-Bojane-Ulcinj-Ulqin-1.jpg\"><img loading=\"lazy\" class=\"alignleft wp-image-103380\" src=\"http:\/\/www.visit-ulcinj.com\/blog\/wp-content\/uploads\/2017\/03\/Premiera-e-filmit-Perla-e-Bun\u00ebs-Biser-Bojane-Ulcinj-Ulqin-1.jpg\" alt=\"Premiera e filmit -Perla e Bun\u00ebs-Biser Bojane-Ulcinj-Ulqin-1\" width=\"508\" height=\"286\" srcset=\"https:\/\/www.visit-ulcinj.com\/blog\/wp-content\/uploads\/2017\/03\/Premiera-e-filmit-Perla-e-Bun\u00ebs-Biser-Bojane-Ulcinj-Ulqin-1.jpg 960w, https:\/\/www.visit-ulcinj.com\/blog\/wp-content\/uploads\/2017\/03\/Premiera-e-filmit-Perla-e-Bun\u00ebs-Biser-Bojane-Ulcinj-Ulqin-1-300x169.jpg 300w, https:\/\/www.visit-ulcinj.com\/blog\/wp-content\/uploads\/2017\/03\/Premiera-e-filmit-Perla-e-Bun\u00ebs-Biser-Bojane-Ulcinj-Ulqin-1-768x432.jpg 768w\" sizes=\"(max-width: 508px) 100vw, 508px\" \/><\/a><\/p>\n<p>&nbsp;<\/p>\n<p><a href=\"http:\/\/www.visit-ulcinj.com\/blog\/wp-content\/uploads\/2017\/03\/Premiera-e-filmit-Perla-e-Bun\u00ebs-Biser-Bojane-Ulcinj-Ulqin-2.jpg\"><img loading=\"lazy\" class=\"alignleft wp-image-103381\" src=\"http:\/\/www.visit-ulcinj.com\/blog\/wp-content\/uploads\/2017\/03\/Premiera-e-filmit-Perla-e-Bun\u00ebs-Biser-Bojane-Ulcinj-Ulqin-2.jpg\" alt=\"Premiera e filmit -Perla e Bun\u00ebs-Biser Bojane-Ulcinj-Ulqin-2\" width=\"508\" height=\"285\" srcset=\"https:\/\/www.visit-ulcinj.com\/blog\/wp-content\/uploads\/2017\/03\/Premiera-e-filmit-Perla-e-Bun\u00ebs-Biser-Bojane-Ulcinj-Ulqin-2.jpg 960w, https:\/\/www.visit-ulcinj.com\/blog\/wp-content\/uploads\/2017\/03\/Premiera-e-filmit-Perla-e-Bun\u00ebs-Biser-Bojane-Ulcinj-Ulqin-2-300x168.jpg 300w, https:\/\/www.visit-ulcinj.com\/blog\/wp-content\/uploads\/2017\/03\/Premiera-e-filmit-Perla-e-Bun\u00ebs-Biser-Bojane-Ulcinj-Ulqin-2-768x431.jpg 768w\" sizes=\"(max-width: 508px) 100vw, 508px\" \/><\/a><iframe loading=\"lazy\" style=\"border: none; overflow: hidden;\" src=\"https:\/\/www.facebook.com\/plugins\/video.php?href=https%3A%2F%2Fwww.facebook.com%2Fslavica.capunovicdragovic%2Fvideos%2F1703842989642422%2F&amp;show_text=0&amp;width=508\" width=\"508\" height=\"335\" frameborder=\"0\" scrolling=\"no\" allowfullscreen=\"allowfullscreen\"><\/iframe><\/p>\n","protected":false},"excerpt":{"rendered":"<p>N\u00eb pranin\u00eb e shum\u00eb shiquesve ulqinak, mbr\u00ebm u shfaq premiera e filmit \u201cPerla e Bun\u00ebs\u201d- &#8220;Biser Bojane&#8221; Premiera e filmit \u201cPerla e Bun\u00ebs\u201d- &#8220;Biser Bojane&#8221; e cila u mbajt mbr\u00ebm\u00a0n\u00eb ora 20.00, n\u00eb Qendr\u00ebn p\u00ebr kultur\u00eb n\u00eb Ulqin, film ky i cili pjes\u00ebn m\u00eb t\u00eb madhe \u00ebsht\u00eb realizuar n\u00eb qytetin ton\u00eb. Xhirimet e mrekullueshme t\u00eb [&hellip;]<\/p>\n","protected":false},"author":1,"featured_media":0,"comment_status":"closed","ping_status":"closed","sticky":false,"template":"","format":"standard","meta":{"spay_email":"","jetpack_publicize_message":"","jetpack_is_tweetstorm":false,"jetpack_publicize_feature_enabled":true},"categories":[4],"tags":[],"jetpack_publicize_connections":[],"yoast_head":"<!-- This site is optimized with the Yoast SEO plugin v19.1 - https:\/\/yoast.com\/wordpress\/plugins\/seo\/ -->\n<title>Premiera e filmit &quot;Perla e Bun\u00ebs&quot; u mbajt dje n\u00eb Ulqin + Foto - Video - Lajme nga Ulqini<\/title>\n<meta name=\"description\" content=\"N\u00eb pranin\u00eb e shum\u00eb shiquesve ulqinak, mbr\u00ebm u shfaq premiera e filmit \u201cPerla e Bun\u00ebs\u201d- &quot;Biser Bojane&quot; Premiera e filmit \u201cPerla e Bun\u00ebs\u201d- &quot;Biser Bojane&quot; e\" \/>\n<meta name=\"robots\" content=\"index, follow, max-snippet:-1, max-image-preview:large, max-video-preview:-1\" \/>\n<link rel=\"canonical\" href=\"https:\/\/www.visit-ulcinj.com\/blog\/2017\/03\/05\/premiera-e-filmit-perla-e-bunes-u-mbajt-dje-ne-ulqin-foto-video\/\" \/>\n<meta property=\"og:locale\" content=\"en_US\" \/>\n<meta property=\"og:type\" content=\"article\" \/>\n<meta property=\"og:title\" content=\"Premiera e filmit &quot;Perla e Bun\u00ebs&quot; u mbajt dje n\u00eb Ulqin + Foto - Video - Lajme nga Ulqini\" \/>\n<meta property=\"og:description\" content=\"N\u00eb pranin\u00eb e shum\u00eb shiquesve ulqinak, mbr\u00ebm u shfaq premiera e filmit \u201cPerla e Bun\u00ebs\u201d- &quot;Biser Bojane&quot; Premiera e filmit \u201cPerla e Bun\u00ebs\u201d- &quot;Biser Bojane&quot; e\" \/>\n<meta property=\"og:url\" content=\"https:\/\/www.visit-ulcinj.com\/blog\/2017\/03\/05\/premiera-e-filmit-perla-e-bunes-u-mbajt-dje-ne-ulqin-foto-video\/\" \/>\n<meta property=\"og:site_name\" content=\"Lajme nga Ulqini\" \/>\n<meta property=\"article:published_time\" content=\"2017-03-05T07:53:38+00:00\" \/>\n<meta property=\"article:modified_time\" content=\"2017-03-05T07:55:32+00:00\" \/>\n<meta property=\"og:image\" content=\"http:\/\/www.visit-ulcinj.com\/blog\/wp-content\/uploads\/2017\/02\/Premijera-Bisera-bojane-u-Beogradu-1.jpg\" \/>\n<meta name=\"twitter:label1\" content=\"Written by\" \/>\n\t<meta name=\"twitter:data1\" content=\"ulqini\" \/>\n\t<meta name=\"twitter:label2\" content=\"Est. reading time\" \/>\n\t<meta name=\"twitter:data2\" content=\"1 minute\" \/>\n<script type=\"application\/ld+json\" class=\"yoast-schema-graph\">{\"@context\":\"https:\/\/schema.org\",\"@graph\":[{\"@type\":\"WebSite\",\"@id\":\"https:\/\/www.visit-ulcinj.com\/blog\/#website\",\"url\":\"https:\/\/www.visit-ulcinj.com\/blog\/\",\"name\":\"Lajme nga Ulqini\",\"description\":\"Lajme,Vijesti,Ulqini,Ulqin,Crna Gora,Mali i Zi\",\"potentialAction\":[{\"@type\":\"SearchAction\",\"target\":{\"@type\":\"EntryPoint\",\"urlTemplate\":\"https:\/\/www.visit-ulcinj.com\/blog\/?s={search_term_string}\"},\"query-input\":\"required name=search_term_string\"}],\"inLanguage\":\"en-US\"},{\"@type\":\"ImageObject\",\"inLanguage\":\"en-US\",\"@id\":\"https:\/\/www.visit-ulcinj.com\/blog\/2017\/03\/05\/premiera-e-filmit-perla-e-bunes-u-mbajt-dje-ne-ulqin-foto-video\/#primaryimage\",\"url\":\"https:\/\/www.visit-ulcinj.com\/blog\/wp-content\/uploads\/2017\/02\/Premijera-Bisera-bojane-u-Beogradu-1.jpg\",\"contentUrl\":\"https:\/\/www.visit-ulcinj.com\/blog\/wp-content\/uploads\/2017\/02\/Premijera-Bisera-bojane-u-Beogradu-1.jpg\",\"width\":700,\"height\":990},{\"@type\":\"WebPage\",\"@id\":\"https:\/\/www.visit-ulcinj.com\/blog\/2017\/03\/05\/premiera-e-filmit-perla-e-bunes-u-mbajt-dje-ne-ulqin-foto-video\/#webpage\",\"url\":\"https:\/\/www.visit-ulcinj.com\/blog\/2017\/03\/05\/premiera-e-filmit-perla-e-bunes-u-mbajt-dje-ne-ulqin-foto-video\/\",\"name\":\"Premiera e filmit \\\"Perla e Bun\u00ebs\\\" u mbajt dje n\u00eb Ulqin + Foto - Video - Lajme nga Ulqini\",\"isPartOf\":{\"@id\":\"https:\/\/www.visit-ulcinj.com\/blog\/#website\"},\"primaryImageOfPage\":{\"@id\":\"https:\/\/www.visit-ulcinj.com\/blog\/2017\/03\/05\/premiera-e-filmit-perla-e-bunes-u-mbajt-dje-ne-ulqin-foto-video\/#primaryimage\"},\"datePublished\":\"2017-03-05T07:53:38+00:00\",\"dateModified\":\"2017-03-05T07:55:32+00:00\",\"author\":{\"@id\":\"https:\/\/www.visit-ulcinj.com\/blog\/#\/schema\/person\/dcab619c614d3038751c63bc2aadc06d\"},\"description\":\"N\u00eb pranin\u00eb e shum\u00eb shiquesve ulqinak, mbr\u00ebm u shfaq premiera e filmit \u201cPerla e Bun\u00ebs\u201d- \\\"Biser Bojane\\\" Premiera e filmit \u201cPerla e Bun\u00ebs\u201d- \\\"Biser Bojane\\\" e\",\"breadcrumb\":{\"@id\":\"https:\/\/www.visit-ulcinj.com\/blog\/2017\/03\/05\/premiera-e-filmit-perla-e-bunes-u-mbajt-dje-ne-ulqin-foto-video\/#breadcrumb\"},\"inLanguage\":\"en-US\",\"potentialAction\":[{\"@type\":\"ReadAction\",\"target\":[\"https:\/\/www.visit-ulcinj.com\/blog\/2017\/03\/05\/premiera-e-filmit-perla-e-bunes-u-mbajt-dje-ne-ulqin-foto-video\/\"]}]},{\"@type\":\"BreadcrumbList\",\"@id\":\"https:\/\/www.visit-ulcinj.com\/blog\/2017\/03\/05\/premiera-e-filmit-perla-e-bunes-u-mbajt-dje-ne-ulqin-foto-video\/#breadcrumb\",\"itemListElement\":[{\"@type\":\"ListItem\",\"position\":1,\"name\":\"Premiera e filmit &#8220;Perla e Bun\u00ebs&#8221; u mbajt dje n\u00eb Ulqin + Foto &#8211; Video\"}]},{\"@type\":\"Person\",\"@id\":\"https:\/\/www.visit-ulcinj.com\/blog\/#\/schema\/person\/dcab619c614d3038751c63bc2aadc06d\",\"name\":\"ulqini\",\"sameAs\":[\"http:\/\/www.visit-ulcinj.com\"],\"url\":\"https:\/\/www.visit-ulcinj.com\/blog\/author\/admin\/\"}]}<\/script>\n<!-- \/ Yoast SEO plugin. -->","yoast_head_json":{"title":"Premiera e filmit \"Perla e Bun\u00ebs\" u mbajt dje n\u00eb Ulqin + Foto - Video - Lajme nga Ulqini","description":"N\u00eb pranin\u00eb e shum\u00eb shiquesve ulqinak, mbr\u00ebm u shfaq premiera e filmit \u201cPerla e Bun\u00ebs\u201d- \"Biser Bojane\" Premiera e filmit \u201cPerla e Bun\u00ebs\u201d- \"Biser Bojane\" e","robots":{"index":"index","follow":"follow","max-snippet":"max-snippet:-1","max-image-preview":"max-image-preview:large","max-video-preview":"max-video-preview:-1"},"canonical":"https:\/\/www.visit-ulcinj.com\/blog\/2017\/03\/05\/premiera-e-filmit-perla-e-bunes-u-mbajt-dje-ne-ulqin-foto-video\/","og_locale":"en_US","og_type":"article","og_title":"Premiera e filmit \"Perla e Bun\u00ebs\" u mbajt dje n\u00eb Ulqin + Foto - Video - Lajme nga Ulqini","og_description":"N\u00eb pranin\u00eb e shum\u00eb shiquesve ulqinak, mbr\u00ebm u shfaq premiera e filmit \u201cPerla e Bun\u00ebs\u201d- \"Biser Bojane\" Premiera e filmit \u201cPerla e Bun\u00ebs\u201d- \"Biser Bojane\" e","og_url":"https:\/\/www.visit-ulcinj.com\/blog\/2017\/03\/05\/premiera-e-filmit-perla-e-bunes-u-mbajt-dje-ne-ulqin-foto-video\/","og_site_name":"Lajme nga Ulqini","article_published_time":"2017-03-05T07:53:38+00:00","article_modified_time":"2017-03-05T07:55:32+00:00","og_image":[{"url":"http:\/\/www.visit-ulcinj.com\/blog\/wp-content\/uploads\/2017\/02\/Premijera-Bisera-bojane-u-Beogradu-1.jpg"}],"twitter_misc":{"Written by":"ulqini","Est. reading time":"1 minute"},"schema":{"@context":"https:\/\/schema.org","@graph":[{"@type":"WebSite","@id":"https:\/\/www.visit-ulcinj.com\/blog\/#website","url":"https:\/\/www.visit-ulcinj.com\/blog\/","name":"Lajme nga Ulqini","description":"Lajme,Vijesti,Ulqini,Ulqin,Crna Gora,Mali i Zi","potentialAction":[{"@type":"SearchAction","target":{"@type":"EntryPoint","urlTemplate":"https:\/\/www.visit-ulcinj.com\/blog\/?s={search_term_string}"},"query-input":"required name=search_term_string"}],"inLanguage":"en-US"},{"@type":"ImageObject","inLanguage":"en-US","@id":"https:\/\/www.visit-ulcinj.com\/blog\/2017\/03\/05\/premiera-e-filmit-perla-e-bunes-u-mbajt-dje-ne-ulqin-foto-video\/#primaryimage","url":"https:\/\/www.visit-ulcinj.com\/blog\/wp-content\/uploads\/2017\/02\/Premijera-Bisera-bojane-u-Beogradu-1.jpg","contentUrl":"https:\/\/www.visit-ulcinj.com\/blog\/wp-content\/uploads\/2017\/02\/Premijera-Bisera-bojane-u-Beogradu-1.jpg","width":700,"height":990},{"@type":"WebPage","@id":"https:\/\/www.visit-ulcinj.com\/blog\/2017\/03\/05\/premiera-e-filmit-perla-e-bunes-u-mbajt-dje-ne-ulqin-foto-video\/#webpage","url":"https:\/\/www.visit-ulcinj.com\/blog\/2017\/03\/05\/premiera-e-filmit-perla-e-bunes-u-mbajt-dje-ne-ulqin-foto-video\/","name":"Premiera e filmit \"Perla e Bun\u00ebs\" u mbajt dje n\u00eb Ulqin + Foto - Video - Lajme nga Ulqini","isPartOf":{"@id":"https:\/\/www.visit-ulcinj.com\/blog\/#website"},"primaryImageOfPage":{"@id":"https:\/\/www.visit-ulcinj.com\/blog\/2017\/03\/05\/premiera-e-filmit-perla-e-bunes-u-mbajt-dje-ne-ulqin-foto-video\/#primaryimage"},"datePublished":"2017-03-05T07:53:38+00:00","dateModified":"2017-03-05T07:55:32+00:00","author":{"@id":"https:\/\/www.visit-ulcinj.com\/blog\/#\/schema\/person\/dcab619c614d3038751c63bc2aadc06d"},"description":"N\u00eb pranin\u00eb e shum\u00eb shiquesve ulqinak, mbr\u00ebm u shfaq premiera e filmit \u201cPerla e Bun\u00ebs\u201d- \"Biser Bojane\" Premiera e filmit \u201cPerla e Bun\u00ebs\u201d- \"Biser Bojane\" e","breadcrumb":{"@id":"https:\/\/www.visit-ulcinj.com\/blog\/2017\/03\/05\/premiera-e-filmit-perla-e-bunes-u-mbajt-dje-ne-ulqin-foto-video\/#breadcrumb"},"inLanguage":"en-US","potentialAction":[{"@type":"ReadAction","target":["https:\/\/www.visit-ulcinj.com\/blog\/2017\/03\/05\/premiera-e-filmit-perla-e-bunes-u-mbajt-dje-ne-ulqin-foto-video\/"]}]},{"@type":"BreadcrumbList","@id":"https:\/\/www.visit-ulcinj.com\/blog\/2017\/03\/05\/premiera-e-filmit-perla-e-bunes-u-mbajt-dje-ne-ulqin-foto-video\/#breadcrumb","itemListElement":[{"@type":"ListItem","position":1,"name":"Premiera e filmit &#8220;Perla e Bun\u00ebs&#8221; u mbajt dje n\u00eb Ulqin + Foto &#8211; Video"}]},{"@type":"Person","@id":"https:\/\/www.visit-ulcinj.com\/blog\/#\/schema\/person\/dcab619c614d3038751c63bc2aadc06d","name":"ulqini","sameAs":["http:\/\/www.visit-ulcinj.com"],"url":"https:\/\/www.visit-ulcinj.com\/blog\/author\/admin\/"}]}},"jetpack_featured_media_url":"","jetpack_sharing_enabled":true,"jetpack_shortlink":"https:\/\/wp.me\/pe6lTn-qTo","_links":{"self":[{"href":"https:\/\/www.visit-ulcinj.com\/blog\/wp-json\/wp\/v2\/posts\/103378"}],"collection":[{"href":"https:\/\/www.visit-ulcinj.com\/blog\/wp-json\/wp\/v2\/posts"}],"about":[{"href":"https:\/\/www.visit-ulcinj.com\/blog\/wp-json\/wp\/v2\/types\/post"}],"author":[{"embeddable":true,"href":"https:\/\/www.visit-ulcinj.com\/blog\/wp-json\/wp\/v2\/users\/1"}],"replies":[{"embeddable":true,"href":"https:\/\/www.visit-ulcinj.com\/blog\/wp-json\/wp\/v2\/comments?post=103378"}],"version-history":[{"count":2,"href":"https:\/\/www.visit-ulcinj.com\/blog\/wp-json\/wp\/v2\/posts\/103378\/revisions"}],"predecessor-version":[{"id":103383,"href":"https:\/\/www.visit-ulcinj.com\/blog\/wp-json\/wp\/v2\/posts\/103378\/revisions\/103383"}],"wp:attachment":[{"href":"https:\/\/www.visit-ulcinj.com\/blog\/wp-json\/wp\/v2\/media?parent=103378"}],"wp:term":[{"taxonomy":"category","embeddable":true,"href":"https:\/\/www.visit-ulcinj.com\/blog\/wp-json\/wp\/v2\/categories?post=103378"},{"taxonomy":"post_tag","embeddable":true,"href":"https:\/\/www.visit-ulcinj.com\/blog\/wp-json\/wp\/v2\/tags?post=103378"}],"curies":[{"name":"wp","href":"https:\/\/api.w.org\/{rel}","templated":true}]}}