{"id":103387,"date":"2017-03-06T15:56:27","date_gmt":"2017-03-06T14:56:27","guid":{"rendered":"http:\/\/www.visit-ulcinj.com\/blog\/?p=103387"},"modified":"2017-03-06T15:56:53","modified_gmt":"2017-03-06T14:56:53","slug":"nika-per-anketen-anti-korrupcion-qe-po-behet-ne-ulqin","status":"publish","type":"post","link":"https:\/\/www.visit-ulcinj.com\/blog\/2017\/03\/06\/nika-per-anketen-anti-korrupcion-qe-po-behet-ne-ulqin\/","title":{"rendered":"Nika: P\u00ebr anket\u00ebn anti korrupcion q\u00eb po b\u00ebhet n\u00eb Ulqin"},"content":{"rendered":"<p><strong><a href=\"http:\/\/www.visit-ulcinj.com\/blog\/wp-content\/uploads\/2017\/03\/ulqin-anketa.jpg\"><img loading=\"lazy\" class=\"alignleft wp-image-103388\" src=\"http:\/\/www.visit-ulcinj.com\/blog\/wp-content\/uploads\/2017\/03\/ulqin-anketa.jpg\" alt=\"ulqin-anketa\" width=\"508\" height=\"381\" srcset=\"https:\/\/www.visit-ulcinj.com\/blog\/wp-content\/uploads\/2017\/03\/ulqin-anketa.jpg 480w, https:\/\/www.visit-ulcinj.com\/blog\/wp-content\/uploads\/2017\/03\/ulqin-anketa-300x225.jpg 300w\" sizes=\"(max-width: 508px) 100vw, 508px\" \/><\/a>Deri sa ne themi\u00a0 qe ujku, tjetri thot\u00eb \u00a0\u00a0\u201cKQYRI GJURM\u00cbT&#8230;\u201d?!!<\/strong><\/p>\n<p><strong>Shkruan Muhamet Nika<\/strong><\/p>\n<p>Tash m\u00eb\u00a0 \u00ebsht\u00eb e ditur \u00a0se me\u00a0 shembjen\u00a0 e komunizmit\u00a0 u formuan shum\u00eb subjekte politike q\u00eb erdh\u00ebn n\u00eb qeverisje , por e keqja e tyre shihej se ishte\u00a0 mungesa \u00a0e\u00a0 kontrollit t\u00eb pushtetit nga sektori civil q\u00eb mungonte. K\u00ebshtu \u00a0i binte\u00a0 q\u00eb \u00a0n\u00eb k\u00ebt\u00eb mes, kishim vet\u00ebm p\u00ebrpjekjet deklarative\u00a0 t\u00eb opozit\u00ebs p\u00ebr t\u00eb kontrolluar sa m\u00eb mir\u00eb pun\u00ebn e tij.<\/p>\n<p>Por edhe\u00a0 opozit\u00ebs \u00a0kur i buz\u00ebqeshte \u00a0fati e \u00a0\u00a0vinte n\u00eb pushtet, vazhdonte t\u00eb ndiqte praktikat e k\u00ebqija t\u00eb privatizimit t\u00eb funksionit q\u00eb \u00e7onte \u00a0doemos \u00a0\u00a0\u00a0direkt n\u00eb korrupsion.<\/p>\n<p>Per\u00ebndimoret ishin t\u00eb shqet\u00ebsuar p\u00ebr k\u00ebt\u00eb , andaj \u00a0u p\u00ebrkujdes\u00ebn\u00a0 p\u00ebrmes fondeve t\u00eb ndryshme t\u00eb financonin\u00a0 formimin e sektorit\u00a0 jo qeveritar p\u00ebr t\u00eb kontrolluar pushtetin.<\/p>\n<p>Por shpejt u hetua se rezultati\u00a0 i formimit t\u00eb \u00a0sektorit t\u00eb till\u00eb \u00a0\u00a0\u00a0ishte i pjessh\u00ebm, sepse shoqatat e formuara\u00a0 ishin t\u00eb etura\u00a0 p\u00ebr p\u00ebrfitime\u00a0 dhe vet\u00ebm formalisht u angazhuan ,ose nj\u00eb pjes\u00eb e tyre , u formuan \u201c me hile\u201d edhe nga vet\u00eb partia n\u00eb pushtet. K\u00ebshtu q\u00eb t\u00eb dy krah\u00ebt, shum\u00eb shpejt\u00eb \u00a0filluan dhe degjeneruan materialisht duke u vet\u00eb korruptuar . Madje pas\u00a0 krijimit &#8211; \u00a0shoqatat\u00a0 nuk\u00a0 e kishin t\u00eb huaj as\u00a0 edhe \u00a0shantazhin e pushtetit para t\u00eb huajve- \u00a0pasi arrinin t\u00eb siguronin informacion\u00a0\u00a0 p\u00ebr\u00a0 pushtetar\u00eb t\u00eb\u00a0 korruptuar t\u00eb sistemit.<\/p>\n<p>Atyre \u00a0u k\u00ebrkonin madje edhe para\u00a0 p\u00ebr t\u00eb heshtur problemet dhe aferat t\u00eb cilat\u00a0 zbuloheshin rast\u00ebsisht ose edhe benifite tjera &#8230;?!<\/p>\n<p>Ngjash\u00ebm ngjau dhe\u00a0 po ngjet edhe k\u00ebtu tek ne n\u00eb Ulqin.. E\u00a0 k\u00ebtij rreziku mund t\u2019i\u00a0 n\u00ebnshtrohen\u00a0 edhe ata\u00a0 t\u00eb cil\u00ebt me vullnet shum\u00eb t\u00eb mir\u00eb po hedhin n\u00ebnshkrimin p\u00ebr nj\u00eb projekt anti korrupsion\u00a0 q\u00eb ka nisur t\u00eb b\u00ebhet n\u00eb Ulqin k\u00ebtyre dit\u00ebve nga i cili dihet se kush p\u00ebrfiton- organizatori q\u00eb ka\u00a0 fituar projektin.<\/p>\n<p>Andaj na takon p\u00ebr hise t\u00eb shohim , n\u00eb p\u00ebr faqet e do\u00a0 portaleve \u00a0t\u00eb\u00a0 reflektojn\u00eb\u00a0 edhe\u00a0 do\u00a0 persona \u00a0\u00a0q\u00eb luftojn\u00eb\u00a0 korrupsionin dhe\u00a0 \u00a0b\u00ebjn\u00eb zhurm\u00eb\u00a0 sa p\u00ebr t\u00eb realizuar\u00a0 e arsyetuar\u00a0 marrjen e mjeteve \u00a0\u00a0\u00a0anti korrupsion &#8230;?!<\/p>\n<p><strong><em>\u00c7FAR\u00cb\u00a0 \u00cbSH\u00cbT KORRUPSIONI\u00a0 N\u00cb\u00a0 K\u00cbTO\u00a0 SITUATA ?!<\/em><\/strong><\/p>\n<p>Korrupsioni\u00a0 n\u00eb k\u00ebto situata\u00a0 i bie t\u00eb jet\u00eb \u00a0sipas asaj q\u00eb thon\u00eb:<\/p>\n<p>&#8211;\u00a0 Kur \u201c me\u00a0 letra\u00a0 t\u00eb projektit\u00a0 je n\u00eb rregull \u2013 por\u00a0 puna (mjetet p\u00ebr shpenzim rreth\u00a0 projektit, nuk jan\u00eb b\u00ebr\u00eb n\u00eb mas\u00ebn e treguar.<\/p>\n<p>Le t\u00eb marrim \u00a0s\u00eb fundmi ,si shembull i pun\u00ebve formale\u00a0 k\u00ebt\u00eb q\u00eb thuhet n\u00eb \u201c<strong>Kumtes\u00ebn\u00a0 p\u00ebr opinion e K\u00ebshillit komunal t\u00eb L\u00ebvizjes qytetare URA Ulqin.\u201d( K\u00ebtu\u00a0 nuk po flasim p\u00ebr p\u00ebrdorimin korruptues t\u00eb shkronj\u00ebs\u00a0 s\u00eb madhe\u00a0 n\u00eb secilin vend sipas \u201c pravo-<em><u>pisit\u201d <\/u><\/em>serbisht( n\u00eb t\u00eb gjitha rastet) sepse nuk \u00ebsht\u00eb di\u00e7ka e re ?!\u00a0 Ku shohim \u00a0thuhet edhe kjo : <\/strong>N\u00eb munges\u00eb t\u00eb vizionit elementar dhe strategjis\u00eb s\u00eb veprimit n\u00eb interes publik, pushteti lokal vazhdon me goditje n\u00eb xhepin e qytetar\u00ebve, raporton portali Ul.info.<\/p>\n<p><strong>Po si rri puna\u00a0 p\u00ebr shembull\u00a0 e korrupsionit\u00a0 me\u00a0 rritjen e\u00a0 \u00e7mimit t\u00eb ujit si taks\u00eb komunale e q\u00eb mbet e pa th\u00ebn\u00eb?!<\/strong><\/p>\n<p>Ura la\u00a0 pa th\u00ebn\u00eb\u00a0 edhe l\u00ebshimet e \u00a0pushtetit\u00a0 q\u00eb jan\u00eb edhe cenim\u00a0 i t\u00eb drejt\u00ebs\u00a0 kushtetuese nga Komunalja, si m\u00eb posht\u00eb-kuptohet jo pa q\u00ebllim:<\/p>\n<ul>\n<li>Komuna deri me ardhjen e k\u00ebtij kryetari t\u00eb parlamentit , nuk e kish t\u00eb nxjerr\u00eb vendimin kushtetues \u00a0q\u00eb komuna obligohet \u00a0\u00a0t\u00eb furnizoj\u00eb me uj\u00eb\u00a0 vendbanimet fshatare q\u00eb u b\u00eb s\u00eb fundmi n\u00eb kuvend.<\/li>\n<li><strong><em><u>E pse\u00a0 u b\u00eb\u00a0 \u00ebsht\u00eb \u00e7\u00ebshtje shum\u00eb e diskutueshme mu tashti kjo pik\u00eb \u2013 ne\u00a0 dyshojm\u00eb\u00a0 me prapavij\u00eb \u00a0manipulimi t\u00eb investimesh nga kredit\u00eb e huaja t\u00eb marra p\u00ebr komunale e \u00a0p\u00ebr t\u00eb cilat vlejn\u00eb\u00a0 benifite kur b\u00ebhen n\u00eb zonat fshatare&#8230;.?!!! Sipas praktik\u00ebs\u00a0 evropiane , n\u00eb k\u00ebto raste\u00a0 kredia zbutet- mbase..?!\u00a0 P\u00ebr k\u00ebt\u00eb pyesim p\u00ebrse nuk u p\u00ebrfshin\u00eb n\u00eb vendim zonat q\u00eb nuk kan\u00eb uj\u00eb t\u00eb pijsh\u00ebm-\u00a0 p\u00ebr shembull fshatrat e\u00a0 L. t\u00eb \u00a0Kravarit&#8230;?!<\/u><\/em><\/strong><\/li>\n<li>T\u00eb gjitha pagesat e \u00e7mimit t\u00eb ujit , sipas neve- \u00a0pas koh\u00ebs s\u00eb Mehmet\u00a0 Bardhit si kryetar\u00a0 komune\u00a0 jan\u00eb t\u00eb pa ligjshme sepse nuk u pyet kuvendi p\u00ebr rritjen e \u00e7mimit t\u00eb ujit, \u00a0si k\u00ebsaj radhe. Fjala \u00ebsht\u00eb p\u00ebr periudh\u00ebn 1996- 2016&#8230;?!! SHIH\u00a0 SA PARET U PAGUAN N\u00cb M\u00cbNYR\u00cb T\u00cb PA LIGJSHME T\u00cb UJIT NGA KJO KOH\u00cb?!<\/li>\n<li>Por edhe ky \u00e7mim\u00a0 \u00e7alon sepse nuk pati diskutim publik \u2013 organizim tribunash e tj..?!!<\/li>\n<li>Pasi kuvendi kryen edhe funksion kontrollues , PSE nuk\u00a0 k\u00ebrkoi q\u00eb\u00a0 n\u00ebse \u00ebsht\u00eb e sakt\u00eb\u00a0 sasia e ujit q\u00eb komunalja i pagoi Voda Comit dhe\u00a0 n\u00eb se kishte apo\u00a0 ka &#8211;\u00a0 or\u00eb kontrolluese\u00a0 p\u00ebr matjen e ujit q\u00eb hyn\u00eb n\u00eb Ulqin dhe q\u00eb Voda Comi\u00a0 thot\u00eb se e harxhuam&#8230;?!<\/li>\n<li>A mos ka k\u00ebtu hap\u00ebsir\u00eb q\u00eb n\u00eb em\u00ebr t\u00eb humbjeve \u2013 qytetar\u00ebt t\u00eb paguajn\u00eb edhe ujin e pa shpenzuar e si \u00ebsht\u00eb e siguruar hedhja e syrit nga bler\u00ebsi i ujit n\u00eb \u201ckandarin\u201d or\u00ebmat\u00ebsin e Vodakomit?!<\/li>\n<li>Po kur \u00ebsht\u00eb fjala p\u00ebr vete, a i lejojm\u00eb vetes t\u00eb paguajm\u00eb pa shikuar KANTARIN &#8230;?! Mendoj se jo.<\/li>\n<li>Tjet\u00ebr &#8211; A mos \u00ebsht\u00eb\u00a0 e ky\u00e7ur n\u00eb rrjetin e uj\u00ebsjell\u00ebsit t\u00eb Ulqinit edhe Deponia Sanitare etj. pasi or\u00ebmat\u00ebsi i\u00a0 ujit q\u00eb niset p\u00ebr\u00a0 Ulqin gjendet \u00a0n\u00eb territorin e komun\u00ebs s\u00eb Tivarit ku \u00ebsht\u00eb Sanitaria?! N\u00ebse gaboi , k\u00ebrkoj falje publike.<\/li>\n<li>Kush duhet t\u00eb ftohet n\u00eb p\u00ebrgjegj\u00ebsi nga komunalja n\u00eb se nuk ka fare or\u00ebmat\u00ebs p\u00ebs ujin e bler\u00eb, para se t\u00eb hyj n\u00eb basenin e Malit\u00a0 t\u00eb Bardh\u00eb?!<\/li>\n<li>A mos thot\u00eb kjo q\u00eb edhe bllokada e\u00a0 paradokohshme\u00a0 q\u00eb iu b\u00eb komun\u00ebs nga pranimi i borxhit p\u00ebr uj\u00eb meriton hetim<\/li>\n<li>. K\u00ebtu \u00e7\u00ebshtjet nuk mjaftojn\u00eb\u00a0 me arsyetimin se\u00a0 n\u00ebnshkrimi u hodh pa prezenc\u00ebn e drejtorit\u00a0 dhe\u00a0 q\u00eb doli \u2013 pasi ia \u00a0e kish t\u00eb \u00a0ndaluar t\u00eb flas shqip me kryetarin e vet.\u00a0 K\u00cbTU NUK \u00cbSHT\u00cb\u00a0 FJALA\u00a0 P\u00cbR SHQIP APO\u00a0 SERBISHT \u00a0por p\u00ebr hesape ..?!<\/li>\n<li>A e ka t\u00eb qart\u00eb drejtori dhe a e \u00a0ka d\u00ebgjuar p\u00ebr rastin \u00a0\u00a0q\u00eb Voda Comi , u kish shitur do komunave edhe ujin e pa shfryt\u00ebzuar\u00a0 dhe\u00a0 mund t\u00eb ken\u00eb nisur proces gjyq\u00ebsor\u00a0 , pasi ata kan\u00eb v\u00ebn\u00eb or\u00eb kontrolluese t\u00eb veten<\/li>\n<li>A e din pushteti lokal se kur lexohet gjendja e or\u00ebve t\u00eb cekura duhet t\u00eb\u00a0 formohen\u00a0 komisione mikse nga organet pun\u00eb drejtues t\u00eb nd\u00ebrmarrjeve , q\u00eb s\u00eb bashku\u00a0 lexojn\u00eb gjendjen. Po kjo nuk \u00ebsht\u00eb e vetmja\u00a0 pun\u00eb e pagesave korruptuese\u00a0 q\u00eb b\u00ebhen n\u00eb komun\u00eb, andaj pyesim<\/li>\n<li>Po kush nga komuna e lexon gjendjen e energjis\u00eb elektrike t\u00eb paguar p\u00ebr ndri\u00e7im publik n\u00eb komun\u00eb\u00a0 etj .etj \u00a0por edhe k\u00ebtu s\u2019merr \u201cdreqi vesht\u201d se sa paguajm\u00eb me taksat tona<\/li>\n<li>Shpresoj se k\u00ebta t\u00eb anket\u00ebs do ta ken\u00eb parasysh\u00a0 gjith\u00eb k\u00ebt\u00eb q\u00eb theksuam\u00a0 n\u00eb programin e pun\u00ebs s\u00eb paralajm\u00ebruar \u00a0nga ne p\u00ebr \u00a0anti korrupsion \u2013 vet\u00ebm brenda nj\u00eb pike t\u00eb rendit t\u00eb dit\u00ebs&#8230;.?!<\/li>\n<\/ul>\n<p>Pra \u00a0deri sa t\u00eb tjer\u00ebt, flasin p\u00ebr\u00a0 gjurm\u00ebt e korrupsionit\u00a0 , le t\u00eb shohin \u00a0n\u00eb fillim vet\u00eb \u00a0ujkun&#8230;, po\u00a0 iu mbajti &#8230;?<\/p>\n<p>Kurse vet vazhdoj t\u00eb shoh p\u00ebr sherr do \u00a0\u00ebndrra\u00a0 t\u00eb k\u00ebqija \u2013 \u00a0\u00a0se si\u00a0 padis tek t\u00eb huajt\u00a0 &#8211; pa pare\u00a0 , por nga qejfi te evropian\u00ebt \u2013 kuptohet\u00a0 bashk\u00eb me OJQ-t\u00eb ?!<\/p>\n","protected":false},"excerpt":{"rendered":"<p>Deri sa ne themi\u00a0 qe ujku, tjetri thot\u00eb \u00a0\u00a0\u201cKQYRI GJURM\u00cbT&#8230;\u201d?!! Shkruan Muhamet Nika Tash m\u00eb\u00a0 \u00ebsht\u00eb e ditur \u00a0se me\u00a0 shembjen\u00a0 e komunizmit\u00a0 u formuan shum\u00eb subjekte politike q\u00eb erdh\u00ebn n\u00eb qeverisje , por e keqja e tyre shihej se ishte\u00a0 mungesa \u00a0e\u00a0 kontrollit t\u00eb pushtetit nga sektori civil q\u00eb mungonte. K\u00ebshtu \u00a0i binte\u00a0 q\u00eb [&hellip;]<\/p>\n","protected":false},"author":1,"featured_media":0,"comment_status":"closed","ping_status":"closed","sticky":false,"template":"","format":"standard","meta":{"spay_email":"","jetpack_publicize_message":"","jetpack_is_tweetstorm":false,"jetpack_publicize_feature_enabled":true},"categories":[14249],"tags":[],"jetpack_publicize_connections":[],"yoast_head":"<!-- This site is optimized with the Yoast SEO plugin v19.1 - https:\/\/yoast.com\/wordpress\/plugins\/seo\/ -->\n<title>Nika: P\u00ebr anket\u00ebn anti korrupcion q\u00eb po b\u00ebhet n\u00eb Ulqin - Lajme nga Ulqini<\/title>\n<meta name=\"description\" content=\"Deri sa ne themi\u00a0 qe ujku, tjetri thot\u00eb \u00a0\u00a0\u201cKQYRI GJURM\u00cbT...\u201d?!! Shkruan Muhamet Nika Tash m\u00eb\u00a0 \u00ebsht\u00eb e ditur \u00a0se me\u00a0 shembjen\u00a0 e komunizmit\u00a0 u formuan\" \/>\n<meta name=\"robots\" content=\"index, follow, max-snippet:-1, max-image-preview:large, max-video-preview:-1\" \/>\n<link rel=\"canonical\" href=\"https:\/\/www.visit-ulcinj.com\/blog\/2017\/03\/06\/nika-per-anketen-anti-korrupcion-qe-po-behet-ne-ulqin\/\" \/>\n<meta property=\"og:locale\" content=\"en_US\" \/>\n<meta property=\"og:type\" content=\"article\" \/>\n<meta property=\"og:title\" content=\"Nika: P\u00ebr anket\u00ebn anti korrupcion q\u00eb po b\u00ebhet n\u00eb Ulqin - Lajme nga Ulqini\" \/>\n<meta property=\"og:description\" content=\"Deri sa ne themi\u00a0 qe ujku, tjetri thot\u00eb \u00a0\u00a0\u201cKQYRI GJURM\u00cbT...\u201d?!! Shkruan Muhamet Nika Tash m\u00eb\u00a0 \u00ebsht\u00eb e ditur \u00a0se me\u00a0 shembjen\u00a0 e komunizmit\u00a0 u formuan\" \/>\n<meta property=\"og:url\" content=\"https:\/\/www.visit-ulcinj.com\/blog\/2017\/03\/06\/nika-per-anketen-anti-korrupcion-qe-po-behet-ne-ulqin\/\" \/>\n<meta property=\"og:site_name\" content=\"Lajme nga Ulqini\" \/>\n<meta property=\"article:published_time\" content=\"2017-03-06T14:56:27+00:00\" \/>\n<meta property=\"article:modified_time\" content=\"2017-03-06T14:56:53+00:00\" \/>\n<meta property=\"og:image\" content=\"http:\/\/www.visit-ulcinj.com\/blog\/wp-content\/uploads\/2017\/03\/ulqin-anketa.jpg\" \/>\n<meta name=\"twitter:label1\" content=\"Written by\" \/>\n\t<meta name=\"twitter:data1\" content=\"ulqini\" \/>\n\t<meta name=\"twitter:label2\" content=\"Est. reading time\" \/>\n\t<meta name=\"twitter:data2\" content=\"6 minutes\" \/>\n<script type=\"application\/ld+json\" class=\"yoast-schema-graph\">{\"@context\":\"https:\/\/schema.org\",\"@graph\":[{\"@type\":\"WebSite\",\"@id\":\"https:\/\/www.visit-ulcinj.com\/blog\/#website\",\"url\":\"https:\/\/www.visit-ulcinj.com\/blog\/\",\"name\":\"Lajme nga Ulqini\",\"description\":\"Lajme,Vijesti,Ulqini,Ulqin,Crna Gora,Mali i Zi\",\"potentialAction\":[{\"@type\":\"SearchAction\",\"target\":{\"@type\":\"EntryPoint\",\"urlTemplate\":\"https:\/\/www.visit-ulcinj.com\/blog\/?s={search_term_string}\"},\"query-input\":\"required name=search_term_string\"}],\"inLanguage\":\"en-US\"},{\"@type\":\"ImageObject\",\"inLanguage\":\"en-US\",\"@id\":\"https:\/\/www.visit-ulcinj.com\/blog\/2017\/03\/06\/nika-per-anketen-anti-korrupcion-qe-po-behet-ne-ulqin\/#primaryimage\",\"url\":\"https:\/\/www.visit-ulcinj.com\/blog\/wp-content\/uploads\/2017\/03\/ulqin-anketa.jpg\",\"contentUrl\":\"https:\/\/www.visit-ulcinj.com\/blog\/wp-content\/uploads\/2017\/03\/ulqin-anketa.jpg\",\"width\":480,\"height\":360},{\"@type\":\"WebPage\",\"@id\":\"https:\/\/www.visit-ulcinj.com\/blog\/2017\/03\/06\/nika-per-anketen-anti-korrupcion-qe-po-behet-ne-ulqin\/#webpage\",\"url\":\"https:\/\/www.visit-ulcinj.com\/blog\/2017\/03\/06\/nika-per-anketen-anti-korrupcion-qe-po-behet-ne-ulqin\/\",\"name\":\"Nika: P\u00ebr anket\u00ebn anti korrupcion q\u00eb po b\u00ebhet n\u00eb Ulqin - Lajme nga Ulqini\",\"isPartOf\":{\"@id\":\"https:\/\/www.visit-ulcinj.com\/blog\/#website\"},\"primaryImageOfPage\":{\"@id\":\"https:\/\/www.visit-ulcinj.com\/blog\/2017\/03\/06\/nika-per-anketen-anti-korrupcion-qe-po-behet-ne-ulqin\/#primaryimage\"},\"datePublished\":\"2017-03-06T14:56:27+00:00\",\"dateModified\":\"2017-03-06T14:56:53+00:00\",\"author\":{\"@id\":\"https:\/\/www.visit-ulcinj.com\/blog\/#\/schema\/person\/dcab619c614d3038751c63bc2aadc06d\"},\"description\":\"Deri sa ne themi\u00a0 qe ujku, tjetri thot\u00eb \u00a0\u00a0\u201cKQYRI GJURM\u00cbT...\u201d?!! Shkruan Muhamet Nika Tash m\u00eb\u00a0 \u00ebsht\u00eb e ditur \u00a0se me\u00a0 shembjen\u00a0 e komunizmit\u00a0 u formuan\",\"breadcrumb\":{\"@id\":\"https:\/\/www.visit-ulcinj.com\/blog\/2017\/03\/06\/nika-per-anketen-anti-korrupcion-qe-po-behet-ne-ulqin\/#breadcrumb\"},\"inLanguage\":\"en-US\",\"potentialAction\":[{\"@type\":\"ReadAction\",\"target\":[\"https:\/\/www.visit-ulcinj.com\/blog\/2017\/03\/06\/nika-per-anketen-anti-korrupcion-qe-po-behet-ne-ulqin\/\"]}]},{\"@type\":\"BreadcrumbList\",\"@id\":\"https:\/\/www.visit-ulcinj.com\/blog\/2017\/03\/06\/nika-per-anketen-anti-korrupcion-qe-po-behet-ne-ulqin\/#breadcrumb\",\"itemListElement\":[{\"@type\":\"ListItem\",\"position\":1,\"name\":\"Nika: P\u00ebr anket\u00ebn anti korrupcion q\u00eb po b\u00ebhet n\u00eb Ulqin\"}]},{\"@type\":\"Person\",\"@id\":\"https:\/\/www.visit-ulcinj.com\/blog\/#\/schema\/person\/dcab619c614d3038751c63bc2aadc06d\",\"name\":\"ulqini\",\"sameAs\":[\"http:\/\/www.visit-ulcinj.com\"],\"url\":\"https:\/\/www.visit-ulcinj.com\/blog\/author\/admin\/\"}]}<\/script>\n<!-- \/ Yoast SEO plugin. -->","yoast_head_json":{"title":"Nika: P\u00ebr anket\u00ebn anti korrupcion q\u00eb po b\u00ebhet n\u00eb Ulqin - Lajme nga Ulqini","description":"Deri sa ne themi\u00a0 qe ujku, tjetri thot\u00eb \u00a0\u00a0\u201cKQYRI GJURM\u00cbT...\u201d?!! Shkruan Muhamet Nika Tash m\u00eb\u00a0 \u00ebsht\u00eb e ditur \u00a0se me\u00a0 shembjen\u00a0 e komunizmit\u00a0 u formuan","robots":{"index":"index","follow":"follow","max-snippet":"max-snippet:-1","max-image-preview":"max-image-preview:large","max-video-preview":"max-video-preview:-1"},"canonical":"https:\/\/www.visit-ulcinj.com\/blog\/2017\/03\/06\/nika-per-anketen-anti-korrupcion-qe-po-behet-ne-ulqin\/","og_locale":"en_US","og_type":"article","og_title":"Nika: P\u00ebr anket\u00ebn anti korrupcion q\u00eb po b\u00ebhet n\u00eb Ulqin - Lajme nga Ulqini","og_description":"Deri sa ne themi\u00a0 qe ujku, tjetri thot\u00eb \u00a0\u00a0\u201cKQYRI GJURM\u00cbT...\u201d?!! Shkruan Muhamet Nika Tash m\u00eb\u00a0 \u00ebsht\u00eb e ditur \u00a0se me\u00a0 shembjen\u00a0 e komunizmit\u00a0 u formuan","og_url":"https:\/\/www.visit-ulcinj.com\/blog\/2017\/03\/06\/nika-per-anketen-anti-korrupcion-qe-po-behet-ne-ulqin\/","og_site_name":"Lajme nga Ulqini","article_published_time":"2017-03-06T14:56:27+00:00","article_modified_time":"2017-03-06T14:56:53+00:00","og_image":[{"url":"http:\/\/www.visit-ulcinj.com\/blog\/wp-content\/uploads\/2017\/03\/ulqin-anketa.jpg"}],"twitter_misc":{"Written by":"ulqini","Est. reading time":"6 minutes"},"schema":{"@context":"https:\/\/schema.org","@graph":[{"@type":"WebSite","@id":"https:\/\/www.visit-ulcinj.com\/blog\/#website","url":"https:\/\/www.visit-ulcinj.com\/blog\/","name":"Lajme nga Ulqini","description":"Lajme,Vijesti,Ulqini,Ulqin,Crna Gora,Mali i Zi","potentialAction":[{"@type":"SearchAction","target":{"@type":"EntryPoint","urlTemplate":"https:\/\/www.visit-ulcinj.com\/blog\/?s={search_term_string}"},"query-input":"required name=search_term_string"}],"inLanguage":"en-US"},{"@type":"ImageObject","inLanguage":"en-US","@id":"https:\/\/www.visit-ulcinj.com\/blog\/2017\/03\/06\/nika-per-anketen-anti-korrupcion-qe-po-behet-ne-ulqin\/#primaryimage","url":"https:\/\/www.visit-ulcinj.com\/blog\/wp-content\/uploads\/2017\/03\/ulqin-anketa.jpg","contentUrl":"https:\/\/www.visit-ulcinj.com\/blog\/wp-content\/uploads\/2017\/03\/ulqin-anketa.jpg","width":480,"height":360},{"@type":"WebPage","@id":"https:\/\/www.visit-ulcinj.com\/blog\/2017\/03\/06\/nika-per-anketen-anti-korrupcion-qe-po-behet-ne-ulqin\/#webpage","url":"https:\/\/www.visit-ulcinj.com\/blog\/2017\/03\/06\/nika-per-anketen-anti-korrupcion-qe-po-behet-ne-ulqin\/","name":"Nika: P\u00ebr anket\u00ebn anti korrupcion q\u00eb po b\u00ebhet n\u00eb Ulqin - Lajme nga Ulqini","isPartOf":{"@id":"https:\/\/www.visit-ulcinj.com\/blog\/#website"},"primaryImageOfPage":{"@id":"https:\/\/www.visit-ulcinj.com\/blog\/2017\/03\/06\/nika-per-anketen-anti-korrupcion-qe-po-behet-ne-ulqin\/#primaryimage"},"datePublished":"2017-03-06T14:56:27+00:00","dateModified":"2017-03-06T14:56:53+00:00","author":{"@id":"https:\/\/www.visit-ulcinj.com\/blog\/#\/schema\/person\/dcab619c614d3038751c63bc2aadc06d"},"description":"Deri sa ne themi\u00a0 qe ujku, tjetri thot\u00eb \u00a0\u00a0\u201cKQYRI GJURM\u00cbT...\u201d?!! Shkruan Muhamet Nika Tash m\u00eb\u00a0 \u00ebsht\u00eb e ditur \u00a0se me\u00a0 shembjen\u00a0 e komunizmit\u00a0 u formuan","breadcrumb":{"@id":"https:\/\/www.visit-ulcinj.com\/blog\/2017\/03\/06\/nika-per-anketen-anti-korrupcion-qe-po-behet-ne-ulqin\/#breadcrumb"},"inLanguage":"en-US","potentialAction":[{"@type":"ReadAction","target":["https:\/\/www.visit-ulcinj.com\/blog\/2017\/03\/06\/nika-per-anketen-anti-korrupcion-qe-po-behet-ne-ulqin\/"]}]},{"@type":"BreadcrumbList","@id":"https:\/\/www.visit-ulcinj.com\/blog\/2017\/03\/06\/nika-per-anketen-anti-korrupcion-qe-po-behet-ne-ulqin\/#breadcrumb","itemListElement":[{"@type":"ListItem","position":1,"name":"Nika: P\u00ebr anket\u00ebn anti korrupcion q\u00eb po b\u00ebhet n\u00eb Ulqin"}]},{"@type":"Person","@id":"https:\/\/www.visit-ulcinj.com\/blog\/#\/schema\/person\/dcab619c614d3038751c63bc2aadc06d","name":"ulqini","sameAs":["http:\/\/www.visit-ulcinj.com"],"url":"https:\/\/www.visit-ulcinj.com\/blog\/author\/admin\/"}]}},"jetpack_featured_media_url":"","jetpack_sharing_enabled":true,"jetpack_shortlink":"https:\/\/wp.me\/pe6lTn-qTx","_links":{"self":[{"href":"https:\/\/www.visit-ulcinj.com\/blog\/wp-json\/wp\/v2\/posts\/103387"}],"collection":[{"href":"https:\/\/www.visit-ulcinj.com\/blog\/wp-json\/wp\/v2\/posts"}],"about":[{"href":"https:\/\/www.visit-ulcinj.com\/blog\/wp-json\/wp\/v2\/types\/post"}],"author":[{"embeddable":true,"href":"https:\/\/www.visit-ulcinj.com\/blog\/wp-json\/wp\/v2\/users\/1"}],"replies":[{"embeddable":true,"href":"https:\/\/www.visit-ulcinj.com\/blog\/wp-json\/wp\/v2\/comments?post=103387"}],"version-history":[{"count":2,"href":"https:\/\/www.visit-ulcinj.com\/blog\/wp-json\/wp\/v2\/posts\/103387\/revisions"}],"predecessor-version":[{"id":103390,"href":"https:\/\/www.visit-ulcinj.com\/blog\/wp-json\/wp\/v2\/posts\/103387\/revisions\/103390"}],"wp:attachment":[{"href":"https:\/\/www.visit-ulcinj.com\/blog\/wp-json\/wp\/v2\/media?parent=103387"}],"wp:term":[{"taxonomy":"category","embeddable":true,"href":"https:\/\/www.visit-ulcinj.com\/blog\/wp-json\/wp\/v2\/categories?post=103387"},{"taxonomy":"post_tag","embeddable":true,"href":"https:\/\/www.visit-ulcinj.com\/blog\/wp-json\/wp\/v2\/tags?post=103387"}],"curies":[{"name":"wp","href":"https:\/\/api.w.org\/{rel}","templated":true}]}}