{"id":103391,"date":"2017-03-06T16:06:29","date_gmt":"2017-03-06T15:06:29","guid":{"rendered":"http:\/\/www.visit-ulcinj.com\/blog\/?p=103391"},"modified":"2017-03-07T00:02:35","modified_gmt":"2017-03-06T23:02:35","slug":"cungu-priti-ne-takim-gjurkoviqin-dhe-mima-karaxhiqin","status":"publish","type":"post","link":"https:\/\/www.visit-ulcinj.com\/blog\/2017\/03\/06\/cungu-priti-ne-takim-gjurkoviqin-dhe-mima-karaxhiqin\/","title":{"rendered":"Cungu priti n\u00eb takim Gjurkoviqin dhe Mima Karaxhiqin"},"content":{"rendered":"<p><a href=\"http:\/\/www.visit-ulcinj.com\/blog\/wp-content\/uploads\/2017\/03\/Nazi-Cungu-Gjurkoviqin-Milan-Mima-Karaxhic.jpg\"><img loading=\"lazy\" class=\"alignleft wp-image-103392\" src=\"http:\/\/www.visit-ulcinj.com\/blog\/wp-content\/uploads\/2017\/03\/Nazi-Cungu-Gjurkoviqin-Milan-Mima-Karaxhic.jpg\" alt=\"Nazi Cungu Gjurkoviqin -Milan Mima Karaxhic\" width=\"508\" height=\"336\" srcset=\"https:\/\/www.visit-ulcinj.com\/blog\/wp-content\/uploads\/2017\/03\/Nazi-Cungu-Gjurkoviqin-Milan-Mima-Karaxhic.jpg 933w, https:\/\/www.visit-ulcinj.com\/blog\/wp-content\/uploads\/2017\/03\/Nazi-Cungu-Gjurkoviqin-Milan-Mima-Karaxhic-300x199.jpg 300w, https:\/\/www.visit-ulcinj.com\/blog\/wp-content\/uploads\/2017\/03\/Nazi-Cungu-Gjurkoviqin-Milan-Mima-Karaxhic-768x509.jpg 768w\" sizes=\"(max-width: 508px) 100vw, 508px\" \/><\/a>Kryetari Cungu priti sot p\u00ebrfaq\u00ebsuesin e Visionteam Dragan Gjurkoviq dhe aktorin e mirenjohur Milan Mima Karaxhiq q\u00eb realizuan filmin \u201cPerla e Bun\u00ebs\u201d i cili momentalisht po \u00e7faqet n\u00eb kinemat\u00eb e rajonit. N\u00eb takim kryetari Cungu i p\u00ebrgezoi t\u00eb pranishmit p\u00ebr pun\u00ebn q\u00eb po b\u00ebjn\u00eb dhe u falenderoi p\u00ebr promovimin q\u00eb ky film po i b\u00ebn qytetit t\u00eb Ulqinit.<\/p>\n<p>N\u00eb takim u diskutuan projektet e ardhshme n\u00eb lidhje me realizimin e nje seriali me t\u00eb nj\u00ebjtin em\u00ebr dhe mund\u00ebsin\u00eb e bashk\u00ebpunimit m\u00eb intenziv n\u00eb periudh\u00ebn e ardhshme ku komuna e Ulqinit s\u00eb bashku me t\u00eb gjitha ndermarrjet publike do vazhdojn\u00eb t\u00eb ndihmojn\u00eb realizuesit n\u00eb realizim t\u00eb projektit.<\/p>\n<p>Te pranishmit u dakorduan q\u00eb t\u00eb nisen procedurat zyrtare q\u00eb ky projekt t\u00eb marr\u00eb p\u00ebrkrahjen maksimale nga subjektet private dhe ato publike.<\/p>\n","protected":false},"excerpt":{"rendered":"<p>Kryetari Cungu priti sot p\u00ebrfaq\u00ebsuesin e Visionteam Dragan Gjurkoviq dhe aktorin e mirenjohur Milan Mima Karaxhiq q\u00eb realizuan filmin \u201cPerla e Bun\u00ebs\u201d i cili momentalisht po \u00e7faqet n\u00eb kinemat\u00eb e rajonit. N\u00eb takim kryetari Cungu i p\u00ebrgezoi t\u00eb pranishmit p\u00ebr pun\u00ebn q\u00eb po b\u00ebjn\u00eb dhe u falenderoi p\u00ebr promovimin q\u00eb ky film po i b\u00ebn [&hellip;]<\/p>\n","protected":false},"author":1,"featured_media":0,"comment_status":"closed","ping_status":"closed","sticky":false,"template":"","format":"standard","meta":{"spay_email":"","jetpack_publicize_message":"","jetpack_is_tweetstorm":false,"jetpack_publicize_feature_enabled":true},"categories":[1,6],"tags":[],"jetpack_publicize_connections":[],"yoast_head":"<!-- This site is optimized with the Yoast SEO plugin v19.1 - https:\/\/yoast.com\/wordpress\/plugins\/seo\/ -->\n<title>Cungu priti n\u00eb takim Gjurkoviqin dhe Mima Karaxhiqin - Lajme nga Ulqini<\/title>\n<meta name=\"description\" content=\"Kryetari Cungu priti sot p\u00ebrfaq\u00ebsuesin e Visionteam Dragan Gjurkoviq dhe aktorin e mirenjohur Milan Mima Karaxhiq q\u00eb realizuan filmin \u201cPerla e Bun\u00ebs\u201d i\" \/>\n<meta name=\"robots\" content=\"index, follow, max-snippet:-1, max-image-preview:large, max-video-preview:-1\" \/>\n<link rel=\"canonical\" href=\"https:\/\/www.visit-ulcinj.com\/blog\/2017\/03\/06\/cungu-priti-ne-takim-gjurkoviqin-dhe-mima-karaxhiqin\/\" \/>\n<meta property=\"og:locale\" content=\"en_US\" \/>\n<meta property=\"og:type\" content=\"article\" \/>\n<meta property=\"og:title\" content=\"Cungu priti n\u00eb takim Gjurkoviqin dhe Mima Karaxhiqin - Lajme nga Ulqini\" \/>\n<meta property=\"og:description\" content=\"Kryetari Cungu priti sot p\u00ebrfaq\u00ebsuesin e Visionteam Dragan Gjurkoviq dhe aktorin e mirenjohur Milan Mima Karaxhiq q\u00eb realizuan filmin \u201cPerla e Bun\u00ebs\u201d i\" \/>\n<meta property=\"og:url\" content=\"https:\/\/www.visit-ulcinj.com\/blog\/2017\/03\/06\/cungu-priti-ne-takim-gjurkoviqin-dhe-mima-karaxhiqin\/\" \/>\n<meta property=\"og:site_name\" content=\"Lajme nga Ulqini\" \/>\n<meta property=\"article:published_time\" content=\"2017-03-06T15:06:29+00:00\" \/>\n<meta property=\"article:modified_time\" content=\"2017-03-06T23:02:35+00:00\" \/>\n<meta property=\"og:image\" content=\"http:\/\/www.visit-ulcinj.com\/blog\/wp-content\/uploads\/2017\/03\/Nazi-Cungu-Gjurkoviqin-Milan-Mima-Karaxhic.jpg\" \/>\n<meta name=\"twitter:label1\" content=\"Written by\" \/>\n\t<meta name=\"twitter:data1\" content=\"ulqini\" \/>\n\t<meta name=\"twitter:label2\" content=\"Est. reading time\" \/>\n\t<meta name=\"twitter:data2\" content=\"1 minute\" \/>\n<script type=\"application\/ld+json\" class=\"yoast-schema-graph\">{\"@context\":\"https:\/\/schema.org\",\"@graph\":[{\"@type\":\"WebSite\",\"@id\":\"https:\/\/www.visit-ulcinj.com\/blog\/#website\",\"url\":\"https:\/\/www.visit-ulcinj.com\/blog\/\",\"name\":\"Lajme nga Ulqini\",\"description\":\"Lajme,Vijesti,Ulqini,Ulqin,Crna Gora,Mali i Zi\",\"potentialAction\":[{\"@type\":\"SearchAction\",\"target\":{\"@type\":\"EntryPoint\",\"urlTemplate\":\"https:\/\/www.visit-ulcinj.com\/blog\/?s={search_term_string}\"},\"query-input\":\"required name=search_term_string\"}],\"inLanguage\":\"en-US\"},{\"@type\":\"ImageObject\",\"inLanguage\":\"en-US\",\"@id\":\"https:\/\/www.visit-ulcinj.com\/blog\/2017\/03\/06\/cungu-priti-ne-takim-gjurkoviqin-dhe-mima-karaxhiqin\/#primaryimage\",\"url\":\"https:\/\/www.visit-ulcinj.com\/blog\/wp-content\/uploads\/2017\/03\/Nazi-Cungu-Gjurkoviqin-Milan-Mima-Karaxhic.jpg\",\"contentUrl\":\"https:\/\/www.visit-ulcinj.com\/blog\/wp-content\/uploads\/2017\/03\/Nazi-Cungu-Gjurkoviqin-Milan-Mima-Karaxhic.jpg\",\"width\":933,\"height\":618},{\"@type\":\"WebPage\",\"@id\":\"https:\/\/www.visit-ulcinj.com\/blog\/2017\/03\/06\/cungu-priti-ne-takim-gjurkoviqin-dhe-mima-karaxhiqin\/#webpage\",\"url\":\"https:\/\/www.visit-ulcinj.com\/blog\/2017\/03\/06\/cungu-priti-ne-takim-gjurkoviqin-dhe-mima-karaxhiqin\/\",\"name\":\"Cungu priti n\u00eb takim Gjurkoviqin dhe Mima Karaxhiqin - Lajme nga Ulqini\",\"isPartOf\":{\"@id\":\"https:\/\/www.visit-ulcinj.com\/blog\/#website\"},\"primaryImageOfPage\":{\"@id\":\"https:\/\/www.visit-ulcinj.com\/blog\/2017\/03\/06\/cungu-priti-ne-takim-gjurkoviqin-dhe-mima-karaxhiqin\/#primaryimage\"},\"datePublished\":\"2017-03-06T15:06:29+00:00\",\"dateModified\":\"2017-03-06T23:02:35+00:00\",\"author\":{\"@id\":\"https:\/\/www.visit-ulcinj.com\/blog\/#\/schema\/person\/dcab619c614d3038751c63bc2aadc06d\"},\"description\":\"Kryetari Cungu priti sot p\u00ebrfaq\u00ebsuesin e Visionteam Dragan Gjurkoviq dhe aktorin e mirenjohur Milan Mima Karaxhiq q\u00eb realizuan filmin \u201cPerla e Bun\u00ebs\u201d i\",\"breadcrumb\":{\"@id\":\"https:\/\/www.visit-ulcinj.com\/blog\/2017\/03\/06\/cungu-priti-ne-takim-gjurkoviqin-dhe-mima-karaxhiqin\/#breadcrumb\"},\"inLanguage\":\"en-US\",\"potentialAction\":[{\"@type\":\"ReadAction\",\"target\":[\"https:\/\/www.visit-ulcinj.com\/blog\/2017\/03\/06\/cungu-priti-ne-takim-gjurkoviqin-dhe-mima-karaxhiqin\/\"]}]},{\"@type\":\"BreadcrumbList\",\"@id\":\"https:\/\/www.visit-ulcinj.com\/blog\/2017\/03\/06\/cungu-priti-ne-takim-gjurkoviqin-dhe-mima-karaxhiqin\/#breadcrumb\",\"itemListElement\":[{\"@type\":\"ListItem\",\"position\":1,\"name\":\"Cungu priti n\u00eb takim Gjurkoviqin dhe Mima Karaxhiqin\"}]},{\"@type\":\"Person\",\"@id\":\"https:\/\/www.visit-ulcinj.com\/blog\/#\/schema\/person\/dcab619c614d3038751c63bc2aadc06d\",\"name\":\"ulqini\",\"sameAs\":[\"http:\/\/www.visit-ulcinj.com\"],\"url\":\"https:\/\/www.visit-ulcinj.com\/blog\/author\/admin\/\"}]}<\/script>\n<!-- \/ Yoast SEO plugin. -->","yoast_head_json":{"title":"Cungu priti n\u00eb takim Gjurkoviqin dhe Mima Karaxhiqin - Lajme nga Ulqini","description":"Kryetari Cungu priti sot p\u00ebrfaq\u00ebsuesin e Visionteam Dragan Gjurkoviq dhe aktorin e mirenjohur Milan Mima Karaxhiq q\u00eb realizuan filmin \u201cPerla e Bun\u00ebs\u201d i","robots":{"index":"index","follow":"follow","max-snippet":"max-snippet:-1","max-image-preview":"max-image-preview:large","max-video-preview":"max-video-preview:-1"},"canonical":"https:\/\/www.visit-ulcinj.com\/blog\/2017\/03\/06\/cungu-priti-ne-takim-gjurkoviqin-dhe-mima-karaxhiqin\/","og_locale":"en_US","og_type":"article","og_title":"Cungu priti n\u00eb takim Gjurkoviqin dhe Mima Karaxhiqin - Lajme nga Ulqini","og_description":"Kryetari Cungu priti sot p\u00ebrfaq\u00ebsuesin e Visionteam Dragan Gjurkoviq dhe aktorin e mirenjohur Milan Mima Karaxhiq q\u00eb realizuan filmin \u201cPerla e Bun\u00ebs\u201d i","og_url":"https:\/\/www.visit-ulcinj.com\/blog\/2017\/03\/06\/cungu-priti-ne-takim-gjurkoviqin-dhe-mima-karaxhiqin\/","og_site_name":"Lajme nga Ulqini","article_published_time":"2017-03-06T15:06:29+00:00","article_modified_time":"2017-03-06T23:02:35+00:00","og_image":[{"url":"http:\/\/www.visit-ulcinj.com\/blog\/wp-content\/uploads\/2017\/03\/Nazi-Cungu-Gjurkoviqin-Milan-Mima-Karaxhic.jpg"}],"twitter_misc":{"Written by":"ulqini","Est. reading time":"1 minute"},"schema":{"@context":"https:\/\/schema.org","@graph":[{"@type":"WebSite","@id":"https:\/\/www.visit-ulcinj.com\/blog\/#website","url":"https:\/\/www.visit-ulcinj.com\/blog\/","name":"Lajme nga Ulqini","description":"Lajme,Vijesti,Ulqini,Ulqin,Crna Gora,Mali i Zi","potentialAction":[{"@type":"SearchAction","target":{"@type":"EntryPoint","urlTemplate":"https:\/\/www.visit-ulcinj.com\/blog\/?s={search_term_string}"},"query-input":"required name=search_term_string"}],"inLanguage":"en-US"},{"@type":"ImageObject","inLanguage":"en-US","@id":"https:\/\/www.visit-ulcinj.com\/blog\/2017\/03\/06\/cungu-priti-ne-takim-gjurkoviqin-dhe-mima-karaxhiqin\/#primaryimage","url":"https:\/\/www.visit-ulcinj.com\/blog\/wp-content\/uploads\/2017\/03\/Nazi-Cungu-Gjurkoviqin-Milan-Mima-Karaxhic.jpg","contentUrl":"https:\/\/www.visit-ulcinj.com\/blog\/wp-content\/uploads\/2017\/03\/Nazi-Cungu-Gjurkoviqin-Milan-Mima-Karaxhic.jpg","width":933,"height":618},{"@type":"WebPage","@id":"https:\/\/www.visit-ulcinj.com\/blog\/2017\/03\/06\/cungu-priti-ne-takim-gjurkoviqin-dhe-mima-karaxhiqin\/#webpage","url":"https:\/\/www.visit-ulcinj.com\/blog\/2017\/03\/06\/cungu-priti-ne-takim-gjurkoviqin-dhe-mima-karaxhiqin\/","name":"Cungu priti n\u00eb takim Gjurkoviqin dhe Mima Karaxhiqin - Lajme nga Ulqini","isPartOf":{"@id":"https:\/\/www.visit-ulcinj.com\/blog\/#website"},"primaryImageOfPage":{"@id":"https:\/\/www.visit-ulcinj.com\/blog\/2017\/03\/06\/cungu-priti-ne-takim-gjurkoviqin-dhe-mima-karaxhiqin\/#primaryimage"},"datePublished":"2017-03-06T15:06:29+00:00","dateModified":"2017-03-06T23:02:35+00:00","author":{"@id":"https:\/\/www.visit-ulcinj.com\/blog\/#\/schema\/person\/dcab619c614d3038751c63bc2aadc06d"},"description":"Kryetari Cungu priti sot p\u00ebrfaq\u00ebsuesin e Visionteam Dragan Gjurkoviq dhe aktorin e mirenjohur Milan Mima Karaxhiq q\u00eb realizuan filmin \u201cPerla e Bun\u00ebs\u201d i","breadcrumb":{"@id":"https:\/\/www.visit-ulcinj.com\/blog\/2017\/03\/06\/cungu-priti-ne-takim-gjurkoviqin-dhe-mima-karaxhiqin\/#breadcrumb"},"inLanguage":"en-US","potentialAction":[{"@type":"ReadAction","target":["https:\/\/www.visit-ulcinj.com\/blog\/2017\/03\/06\/cungu-priti-ne-takim-gjurkoviqin-dhe-mima-karaxhiqin\/"]}]},{"@type":"BreadcrumbList","@id":"https:\/\/www.visit-ulcinj.com\/blog\/2017\/03\/06\/cungu-priti-ne-takim-gjurkoviqin-dhe-mima-karaxhiqin\/#breadcrumb","itemListElement":[{"@type":"ListItem","position":1,"name":"Cungu priti n\u00eb takim Gjurkoviqin dhe Mima Karaxhiqin"}]},{"@type":"Person","@id":"https:\/\/www.visit-ulcinj.com\/blog\/#\/schema\/person\/dcab619c614d3038751c63bc2aadc06d","name":"ulqini","sameAs":["http:\/\/www.visit-ulcinj.com"],"url":"https:\/\/www.visit-ulcinj.com\/blog\/author\/admin\/"}]}},"jetpack_featured_media_url":"","jetpack_sharing_enabled":true,"jetpack_shortlink":"https:\/\/wp.me\/pe6lTn-qTB","_links":{"self":[{"href":"https:\/\/www.visit-ulcinj.com\/blog\/wp-json\/wp\/v2\/posts\/103391"}],"collection":[{"href":"https:\/\/www.visit-ulcinj.com\/blog\/wp-json\/wp\/v2\/posts"}],"about":[{"href":"https:\/\/www.visit-ulcinj.com\/blog\/wp-json\/wp\/v2\/types\/post"}],"author":[{"embeddable":true,"href":"https:\/\/www.visit-ulcinj.com\/blog\/wp-json\/wp\/v2\/users\/1"}],"replies":[{"embeddable":true,"href":"https:\/\/www.visit-ulcinj.com\/blog\/wp-json\/wp\/v2\/comments?post=103391"}],"version-history":[{"count":1,"href":"https:\/\/www.visit-ulcinj.com\/blog\/wp-json\/wp\/v2\/posts\/103391\/revisions"}],"predecessor-version":[{"id":103393,"href":"https:\/\/www.visit-ulcinj.com\/blog\/wp-json\/wp\/v2\/posts\/103391\/revisions\/103393"}],"wp:attachment":[{"href":"https:\/\/www.visit-ulcinj.com\/blog\/wp-json\/wp\/v2\/media?parent=103391"}],"wp:term":[{"taxonomy":"category","embeddable":true,"href":"https:\/\/www.visit-ulcinj.com\/blog\/wp-json\/wp\/v2\/categories?post=103391"},{"taxonomy":"post_tag","embeddable":true,"href":"https:\/\/www.visit-ulcinj.com\/blog\/wp-json\/wp\/v2\/tags?post=103391"}],"curies":[{"name":"wp","href":"https:\/\/api.w.org\/{rel}","templated":true}]}}