{"id":103399,"date":"2017-03-07T00:00:42","date_gmt":"2017-03-06T23:00:42","guid":{"rendered":"http:\/\/www.visit-ulcinj.com\/blog\/?p=103399"},"modified":"2017-03-07T18:13:21","modified_gmt":"2017-03-07T17:13:21","slug":"kk-ulqini-shkelqen-ne-bosnje-dhe-kosove","status":"publish","type":"post","link":"https:\/\/www.visit-ulcinj.com\/blog\/2017\/03\/07\/kk-ulqini-shkelqen-ne-bosnje-dhe-kosove\/","title":{"rendered":"KK \u201cUlqini\u201d shk\u00eblqen n\u00eb Bosnj\u00eb dhe Kosov\u00eb"},"content":{"rendered":"<p><strong><a href=\"http:\/\/www.visit-ulcinj.com\/blog\/wp-content\/uploads\/2017\/03\/Karate-Club-Ulqini-Ulcinj-Montenegro-Bosna-hercegovina.jpg\"><img loading=\"lazy\" class=\"alignleft wp-image-103400\" src=\"http:\/\/www.visit-ulcinj.com\/blog\/wp-content\/uploads\/2017\/03\/Karate-Club-Ulqini-Ulcinj-Montenegro-Bosna-hercegovina.jpg\" alt=\"Karate Club Ulqini-Ulcinj Montenegro-Bosna-hercegovina\" width=\"508\" height=\"381\" srcset=\"https:\/\/www.visit-ulcinj.com\/blog\/wp-content\/uploads\/2017\/03\/Karate-Club-Ulqini-Ulcinj-Montenegro-Bosna-hercegovina.jpg 960w, https:\/\/www.visit-ulcinj.com\/blog\/wp-content\/uploads\/2017\/03\/Karate-Club-Ulqini-Ulcinj-Montenegro-Bosna-hercegovina-300x225.jpg 300w, https:\/\/www.visit-ulcinj.com\/blog\/wp-content\/uploads\/2017\/03\/Karate-Club-Ulqini-Ulcinj-Montenegro-Bosna-hercegovina-768x576.jpg 768w\" sizes=\"(max-width: 508px) 100vw, 508px\" \/><\/a>Klubi i Karates\u00eb \u201cUlqini\u201d fundjav\u00ebn e kaluar mori pjes\u00eb n\u00eb dy turne nd\u00ebrkomb\u00ebtar\u00eb<br \/>\n<\/strong><\/p>\n<p>T\u00eb shtun\u00ebn dhe t\u00eb dielen, m\u00eb 04-05 mars 2017, Klubi i karates\u00eb \u201cUlqini\u201d mori pjes\u00eb n\u00eb dy gara nd\u00ebrkomb\u00ebtare: n\u00eb Sarajev\u00eb n\u00eb turneun \u201cIlixha Open 2017\u201d dhe n\u00eb Fush\u00eb Kosov\u00eb n\u00eb turneun\u00a0 \u201cFush\u00eb Kosova Open 2017\u201d.<\/p>\n<p>Klubi i karates\u00eb \u201cUlqini\u201d shk\u00eblqeu si \u00e7do her\u00eb duke ruajtur primatin e vet n\u00eb t\u00eb dy turnet\u00eb q\u00eb mori pjes\u00eb, n\u00eb t\u00eb cilat arriti t\u00eb kuror\u00ebzohet me 6 medalje: 3 medalje t\u00eb arta, 2 t\u00eb argjendta dhe 1 t\u00eb bronzt\u00eb.<\/p>\n<p>Klubi i karates\u00eb \u201cUlqini\u201d n\u00eb Sarajev\u00eb n\u00eb \u201cIlixha Open 2017\u201d u paraqit me 5 garues, t\u00eb cil\u00ebt arrit\u00ebn t\u00eb fitojn\u00eb 4 medalje: 1 medalje t\u00eb art\u00eb, 2 t\u00eb argjendta dhe 1 t\u00eb bronzt\u00eb. N\u00eb disiplinat individuale me medalje t\u00eb art\u00eb u kuror\u00ebzua Dardan Ceka, kurse me t\u00eb argjendt\u00eb u kuror\u00ebzua Marko Daboviq. Ekipi i katave i kadet\u00ebve\/junior\u00ebve, n\u00eb p\u00ebrb\u00ebrje Albert Rudoviq, Elvir Islami dhe Marko Daboviq u kuror\u00ebzua me medaljen e argjndt\u00eb, kurse ekipi i junior\u00ebve n\u00eb luft\u00ebra pati nj\u00eb paraqitje t\u00eb mir\u00eb, ku n\u00eb nj\u00eb konkurrenc\u00eb mjaft t\u00eb fort\u00eb arriti t\u00eb kuror\u00ebzohet me medaljen e bronzt\u00eb. Ky ekip ishte i p\u00ebrb\u00ebr\u00eb nga Adnan Kuqi, Marko Daboviq, Albert Rudoviq dhe Elvir Islami.<\/p>\n<p><a href=\"http:\/\/www.visit-ulcinj.com\/blog\/wp-content\/uploads\/2017\/03\/Karate-Club-Ulqini-Ulcinj-Montenegro-kosove-1.jpg\"><img loading=\"lazy\" class=\"alignleft wp-image-103401\" src=\"http:\/\/www.visit-ulcinj.com\/blog\/wp-content\/uploads\/2017\/03\/Karate-Club-Ulqini-Ulcinj-Montenegro-kosove-1.jpg\" alt=\"Karate Club Ulqini-Ulcinj Montenegro-kosove-1\" width=\"508\" height=\"638\" srcset=\"https:\/\/www.visit-ulcinj.com\/blog\/wp-content\/uploads\/2017\/03\/Karate-Club-Ulqini-Ulcinj-Montenegro-kosove-1.jpg 764w, https:\/\/www.visit-ulcinj.com\/blog\/wp-content\/uploads\/2017\/03\/Karate-Club-Ulqini-Ulcinj-Montenegro-kosove-1-239x300.jpg 239w\" sizes=\"(max-width: 508px) 100vw, 508px\" \/><\/a><\/p>\n<p>N\u00eb k\u00ebt\u00eb aktivitet sportiv mor\u00ebn pjes\u00eb 91 klube me 1026 \u00a0garues nga 6 shtete. N\u00eb turneun \u201cFush\u00eb Kosova Open 2017\u201d mor\u00ebn pjes\u00eb dy vajzat seniore t\u00eb KK \u201cUlqini\u201d, t\u00eb cilat arrit\u00ebn t\u00eb kuror\u00ebzohen me medalje, duke mbrojtur ngjyrat e klubit t\u00eb tyre dhe duke p\u00ebrfaq\u00ebsuar denj\u00ebsisht qytetin e tyre. T\u00eb dy garueset Antigona Rama dhe Seida Suma u shpall\u00ebn kampione n\u00eb kategorit\u00eb e tyre.<\/p>\n<p>Seida Suma u shpall kampione e turneut n\u00eb luft\u00ebra individuale -68kg.<\/p>\n<p>Antigona Rama, pas nj\u00eb l\u00ebndimi q\u00eb pat koh\u00eb m\u00eb par\u00eb iu kthye aren\u00ebs luftarake duke u shpallur kampione e turneut n\u00eb luft\u00ebra individuale +68kg.<\/p>\n<p>N\u00eb k\u00ebt\u00eb turne mor\u00ebn pjes\u00eb mbi 300 garues nga Shqip\u00ebria, Maqedonia, Kosova dhe garueset tona nga Ulqini.<\/p>\n<p>&nbsp;<\/p>\n<p><strong>SH\u00cbRBIMI INFORMATIV I KLUBIT T\u00cb KARATES\u00cb \u201cULQINI\u201d<\/strong><\/p>\n\n\t\t<style type=\"text\/css\">\n\t\t\t#gallery-1 {\n\t\t\t\tmargin: auto;\n\t\t\t}\n\t\t\t#gallery-1 .gallery-item {\n\t\t\t\tfloat: left;\n\t\t\t\tmargin-top: 10px;\n\t\t\t\ttext-align: center;\n\t\t\t\twidth: 33%;\n\t\t\t}\n\t\t\t#gallery-1 img {\n\t\t\t\tborder: 2px solid #cfcfcf;\n\t\t\t}\n\t\t\t#gallery-1 .gallery-caption {\n\t\t\t\tmargin-left: 0;\n\t\t\t}\n\t\t\t\/* see gallery_shortcode() in wp-includes\/media.php *\/\n\t\t<\/style>\n\t\t<div id='gallery-1' class='gallery galleryid-103399 gallery-columns-3 gallery-size-thumbnail'><dl class='gallery-item'>\n\t\t\t<dt class='gallery-icon landscape'>\n\t\t\t\t<a href='https:\/\/www.visit-ulcinj.com\/blog\/2017\/03\/07\/kk-ulqini-shkelqen-ne-bosnje-dhe-kosove\/karate-club-ulqini-ulcinj-montenegro-bosna-hercegovina-2\/'><img width=\"150\" height=\"150\" src=\"https:\/\/www.visit-ulcinj.com\/blog\/wp-content\/uploads\/2017\/03\/Karate-Club-Ulqini-Ulcinj-Montenegro-Bosna-hercegovina-1-150x150.jpg\" class=\"attachment-thumbnail size-thumbnail\" alt=\"\" loading=\"lazy\" \/><\/a>\n\t\t\t<\/dt><\/dl><dl class='gallery-item'>\n\t\t\t<dt class='gallery-icon portrait'>\n\t\t\t\t<a href='https:\/\/www.visit-ulcinj.com\/blog\/2017\/03\/07\/kk-ulqini-shkelqen-ne-bosnje-dhe-kosove\/karate-club-ulqini-ulcinj-montenegro-bosna-hercegovina-1\/'><img width=\"150\" height=\"150\" src=\"https:\/\/www.visit-ulcinj.com\/blog\/wp-content\/uploads\/2017\/03\/Karate-Club-Ulqini-Ulcinj-Montenegro-Bosna-hercegovina-1-1-150x150.jpg\" class=\"attachment-thumbnail size-thumbnail\" alt=\"\" loading=\"lazy\" \/><\/a>\n\t\t\t<\/dt><\/dl><dl class='gallery-item'>\n\t\t\t<dt class='gallery-icon landscape'>\n\t\t\t\t<a href='https:\/\/www.visit-ulcinj.com\/blog\/2017\/03\/07\/kk-ulqini-shkelqen-ne-bosnje-dhe-kosove\/karate-club-ulqini-ulcinj-montenegro-bosna-hercegovina-2-2\/'><img width=\"150\" height=\"150\" src=\"https:\/\/www.visit-ulcinj.com\/blog\/wp-content\/uploads\/2017\/03\/Karate-Club-Ulqini-Ulcinj-Montenegro-Bosna-hercegovina-2-150x150.jpg\" class=\"attachment-thumbnail size-thumbnail\" alt=\"\" loading=\"lazy\" \/><\/a>\n\t\t\t<\/dt><\/dl><br style=\"clear: both\" \/><dl class='gallery-item'>\n\t\t\t<dt class='gallery-icon portrait'>\n\t\t\t\t<a href='https:\/\/www.visit-ulcinj.com\/blog\/2017\/03\/07\/kk-ulqini-shkelqen-ne-bosnje-dhe-kosove\/karate-club-ulqini-ulcinj-montenegro-bosna-hercegovina-3\/'><img width=\"150\" height=\"150\" src=\"https:\/\/www.visit-ulcinj.com\/blog\/wp-content\/uploads\/2017\/03\/Karate-Club-Ulqini-Ulcinj-Montenegro-Bosna-hercegovina-3-150x150.jpg\" class=\"attachment-thumbnail size-thumbnail\" alt=\"\" loading=\"lazy\" \/><\/a>\n\t\t\t<\/dt><\/dl><dl class='gallery-item'>\n\t\t\t<dt class='gallery-icon portrait'>\n\t\t\t\t<a href='https:\/\/www.visit-ulcinj.com\/blog\/2017\/03\/07\/kk-ulqini-shkelqen-ne-bosnje-dhe-kosove\/karate-club-ulqini-ulcinj-montenegro-bosna-hercegovina-4\/'><img width=\"150\" height=\"150\" src=\"https:\/\/www.visit-ulcinj.com\/blog\/wp-content\/uploads\/2017\/03\/Karate-Club-Ulqini-Ulcinj-Montenegro-Bosna-hercegovina-4-150x150.jpg\" class=\"attachment-thumbnail size-thumbnail\" alt=\"\" loading=\"lazy\" \/><\/a>\n\t\t\t<\/dt><\/dl><dl class='gallery-item'>\n\t\t\t<dt class='gallery-icon portrait'>\n\t\t\t\t<a href='https:\/\/www.visit-ulcinj.com\/blog\/2017\/03\/07\/kk-ulqini-shkelqen-ne-bosnje-dhe-kosove\/karate-club-ulqini-ulcinj-montenegro-kosove\/'><img width=\"150\" height=\"150\" src=\"https:\/\/www.visit-ulcinj.com\/blog\/wp-content\/uploads\/2017\/03\/Karate-Club-Ulqini-Ulcinj-Montenegro-kosove-150x150.jpg\" class=\"attachment-thumbnail size-thumbnail\" alt=\"\" loading=\"lazy\" \/><\/a>\n\t\t\t<\/dt><\/dl><br style=\"clear: both\" \/><dl class='gallery-item'>\n\t\t\t<dt class='gallery-icon portrait'>\n\t\t\t\t<a href='https:\/\/www.visit-ulcinj.com\/blog\/2017\/03\/07\/kk-ulqini-shkelqen-ne-bosnje-dhe-kosove\/karate-club-ulqini-ulcinj-montenegro-kosove-2\/'><img width=\"150\" height=\"150\" src=\"https:\/\/www.visit-ulcinj.com\/blog\/wp-content\/uploads\/2017\/03\/Karate-Club-Ulqini-Ulcinj-Montenegro-kosove-2-150x150.jpg\" class=\"attachment-thumbnail size-thumbnail\" alt=\"\" loading=\"lazy\" \/><\/a>\n\t\t\t<\/dt><\/dl><dl class='gallery-item'>\n\t\t\t<dt class='gallery-icon portrait'>\n\t\t\t\t<a href='https:\/\/www.visit-ulcinj.com\/blog\/2017\/03\/07\/kk-ulqini-shkelqen-ne-bosnje-dhe-kosove\/karate-club-ulqini-ulcinj-montenegro-kosove-1\/'><img width=\"150\" height=\"150\" src=\"https:\/\/www.visit-ulcinj.com\/blog\/wp-content\/uploads\/2017\/03\/Karate-Club-Ulqini-Ulcinj-Montenegro-kosove-1-150x150.jpg\" class=\"attachment-thumbnail size-thumbnail\" alt=\"\" loading=\"lazy\" \/><\/a>\n\t\t\t<\/dt><\/dl><dl class='gallery-item'>\n\t\t\t<dt class='gallery-icon landscape'>\n\t\t\t\t<a href='https:\/\/www.visit-ulcinj.com\/blog\/2017\/03\/07\/kk-ulqini-shkelqen-ne-bosnje-dhe-kosove\/karate-club-ulqini-ulcinj-montenegro-bosna-hercegovina\/'><img width=\"150\" height=\"150\" src=\"https:\/\/www.visit-ulcinj.com\/blog\/wp-content\/uploads\/2017\/03\/Karate-Club-Ulqini-Ulcinj-Montenegro-Bosna-hercegovina-150x150.jpg\" class=\"attachment-thumbnail size-thumbnail\" alt=\"\" loading=\"lazy\" \/><\/a>\n\t\t\t<\/dt><\/dl><br style=\"clear: both\" \/>\n\t\t<\/div>\n\n<p><strong>\u00a0<\/strong><\/p>\n","protected":false},"excerpt":{"rendered":"<p>Klubi i Karates\u00eb \u201cUlqini\u201d fundjav\u00ebn e kaluar mori pjes\u00eb n\u00eb dy turne nd\u00ebrkomb\u00ebtar\u00eb T\u00eb shtun\u00ebn dhe t\u00eb dielen, m\u00eb 04-05 mars 2017, Klubi i karates\u00eb \u201cUlqini\u201d mori pjes\u00eb n\u00eb dy gara nd\u00ebrkomb\u00ebtare: n\u00eb Sarajev\u00eb n\u00eb turneun \u201cIlixha Open 2017\u201d dhe n\u00eb Fush\u00eb Kosov\u00eb n\u00eb turneun\u00a0 \u201cFush\u00eb Kosova Open 2017\u201d. Klubi i karates\u00eb \u201cUlqini\u201d shk\u00eblqeu si [&hellip;]<\/p>\n","protected":false},"author":1,"featured_media":0,"comment_status":"closed","ping_status":"closed","sticky":false,"template":"","format":"standard","meta":{"spay_email":"","jetpack_publicize_message":"","jetpack_is_tweetstorm":false,"jetpack_publicize_feature_enabled":true},"categories":[1,3],"tags":[],"jetpack_publicize_connections":[],"yoast_head":"<!-- This site is optimized with the Yoast SEO plugin v19.1 - https:\/\/yoast.com\/wordpress\/plugins\/seo\/ -->\n<title>KK \u201cUlqini\u201d shk\u00eblqen n\u00eb Bosnj\u00eb dhe Kosov\u00eb - Lajme nga Ulqini<\/title>\n<meta name=\"description\" content=\"Klubi i Karates\u00eb \u201cUlqini\u201d fundjav\u00ebn e kaluar mori pjes\u00eb n\u00eb dy turne nd\u00ebrkomb\u00ebtar\u00eb T\u00eb shtun\u00ebn dhe t\u00eb dielen, m\u00eb 04-05 mars 2017, Klubi i karates\u00eb \u201cUlqini\u201d\" \/>\n<meta name=\"robots\" content=\"index, follow, max-snippet:-1, max-image-preview:large, max-video-preview:-1\" \/>\n<link rel=\"canonical\" href=\"https:\/\/www.visit-ulcinj.com\/blog\/2017\/03\/07\/kk-ulqini-shkelqen-ne-bosnje-dhe-kosove\/\" \/>\n<meta property=\"og:locale\" content=\"en_US\" \/>\n<meta property=\"og:type\" content=\"article\" \/>\n<meta property=\"og:title\" content=\"KK \u201cUlqini\u201d shk\u00eblqen n\u00eb Bosnj\u00eb dhe Kosov\u00eb - Lajme nga Ulqini\" \/>\n<meta property=\"og:description\" content=\"Klubi i Karates\u00eb \u201cUlqini\u201d fundjav\u00ebn e kaluar mori pjes\u00eb n\u00eb dy turne nd\u00ebrkomb\u00ebtar\u00eb T\u00eb shtun\u00ebn dhe t\u00eb dielen, m\u00eb 04-05 mars 2017, Klubi i karates\u00eb \u201cUlqini\u201d\" \/>\n<meta property=\"og:url\" content=\"https:\/\/www.visit-ulcinj.com\/blog\/2017\/03\/07\/kk-ulqini-shkelqen-ne-bosnje-dhe-kosove\/\" \/>\n<meta property=\"og:site_name\" content=\"Lajme nga Ulqini\" \/>\n<meta property=\"article:published_time\" content=\"2017-03-06T23:00:42+00:00\" \/>\n<meta property=\"article:modified_time\" content=\"2017-03-07T17:13:21+00:00\" \/>\n<meta property=\"og:image\" content=\"https:\/\/www.visit-ulcinj.com\/blog\/wp-content\/uploads\/2017\/03\/Karate-Club-Ulqini-Ulcinj-Montenegro-Bosna-hercegovina-1-150x150.jpg\" \/>\n<meta name=\"twitter:label1\" content=\"Written by\" \/>\n\t<meta name=\"twitter:data1\" content=\"ulqini\" \/>\n\t<meta name=\"twitter:label2\" content=\"Est. reading time\" \/>\n\t<meta name=\"twitter:data2\" content=\"2 minutes\" \/>\n<script type=\"application\/ld+json\" class=\"yoast-schema-graph\">{\"@context\":\"https:\/\/schema.org\",\"@graph\":[{\"@type\":\"WebSite\",\"@id\":\"https:\/\/www.visit-ulcinj.com\/blog\/#website\",\"url\":\"https:\/\/www.visit-ulcinj.com\/blog\/\",\"name\":\"Lajme nga Ulqini\",\"description\":\"Lajme,Vijesti,Ulqini,Ulqin,Crna Gora,Mali i Zi\",\"potentialAction\":[{\"@type\":\"SearchAction\",\"target\":{\"@type\":\"EntryPoint\",\"urlTemplate\":\"https:\/\/www.visit-ulcinj.com\/blog\/?s={search_term_string}\"},\"query-input\":\"required name=search_term_string\"}],\"inLanguage\":\"en-US\"},{\"@type\":\"ImageObject\",\"inLanguage\":\"en-US\",\"@id\":\"https:\/\/www.visit-ulcinj.com\/blog\/2017\/03\/07\/kk-ulqini-shkelqen-ne-bosnje-dhe-kosove\/#primaryimage\",\"url\":\"https:\/\/www.visit-ulcinj.com\/blog\/wp-content\/uploads\/2017\/03\/Karate-Club-Ulqini-Ulcinj-Montenegro-Bosna-hercegovina.jpg\",\"contentUrl\":\"https:\/\/www.visit-ulcinj.com\/blog\/wp-content\/uploads\/2017\/03\/Karate-Club-Ulqini-Ulcinj-Montenegro-Bosna-hercegovina.jpg\",\"width\":960,\"height\":720},{\"@type\":\"WebPage\",\"@id\":\"https:\/\/www.visit-ulcinj.com\/blog\/2017\/03\/07\/kk-ulqini-shkelqen-ne-bosnje-dhe-kosove\/#webpage\",\"url\":\"https:\/\/www.visit-ulcinj.com\/blog\/2017\/03\/07\/kk-ulqini-shkelqen-ne-bosnje-dhe-kosove\/\",\"name\":\"KK \u201cUlqini\u201d shk\u00eblqen n\u00eb Bosnj\u00eb dhe Kosov\u00eb - Lajme nga Ulqini\",\"isPartOf\":{\"@id\":\"https:\/\/www.visit-ulcinj.com\/blog\/#website\"},\"primaryImageOfPage\":{\"@id\":\"https:\/\/www.visit-ulcinj.com\/blog\/2017\/03\/07\/kk-ulqini-shkelqen-ne-bosnje-dhe-kosove\/#primaryimage\"},\"datePublished\":\"2017-03-06T23:00:42+00:00\",\"dateModified\":\"2017-03-07T17:13:21+00:00\",\"author\":{\"@id\":\"https:\/\/www.visit-ulcinj.com\/blog\/#\/schema\/person\/dcab619c614d3038751c63bc2aadc06d\"},\"description\":\"Klubi i Karates\u00eb \u201cUlqini\u201d fundjav\u00ebn e kaluar mori pjes\u00eb n\u00eb dy turne nd\u00ebrkomb\u00ebtar\u00eb T\u00eb shtun\u00ebn dhe t\u00eb dielen, m\u00eb 04-05 mars 2017, Klubi i karates\u00eb \u201cUlqini\u201d\",\"breadcrumb\":{\"@id\":\"https:\/\/www.visit-ulcinj.com\/blog\/2017\/03\/07\/kk-ulqini-shkelqen-ne-bosnje-dhe-kosove\/#breadcrumb\"},\"inLanguage\":\"en-US\",\"potentialAction\":[{\"@type\":\"ReadAction\",\"target\":[\"https:\/\/www.visit-ulcinj.com\/blog\/2017\/03\/07\/kk-ulqini-shkelqen-ne-bosnje-dhe-kosove\/\"]}]},{\"@type\":\"BreadcrumbList\",\"@id\":\"https:\/\/www.visit-ulcinj.com\/blog\/2017\/03\/07\/kk-ulqini-shkelqen-ne-bosnje-dhe-kosove\/#breadcrumb\",\"itemListElement\":[{\"@type\":\"ListItem\",\"position\":1,\"name\":\"KK \u201cUlqini\u201d shk\u00eblqen n\u00eb Bosnj\u00eb dhe Kosov\u00eb\"}]},{\"@type\":\"Person\",\"@id\":\"https:\/\/www.visit-ulcinj.com\/blog\/#\/schema\/person\/dcab619c614d3038751c63bc2aadc06d\",\"name\":\"ulqini\",\"sameAs\":[\"http:\/\/www.visit-ulcinj.com\"],\"url\":\"https:\/\/www.visit-ulcinj.com\/blog\/author\/admin\/\"}]}<\/script>\n<!-- \/ Yoast SEO plugin. -->","yoast_head_json":{"title":"KK \u201cUlqini\u201d shk\u00eblqen n\u00eb Bosnj\u00eb dhe Kosov\u00eb - Lajme nga Ulqini","description":"Klubi i Karates\u00eb \u201cUlqini\u201d fundjav\u00ebn e kaluar mori pjes\u00eb n\u00eb dy turne nd\u00ebrkomb\u00ebtar\u00eb T\u00eb shtun\u00ebn dhe t\u00eb dielen, m\u00eb 04-05 mars 2017, Klubi i karates\u00eb \u201cUlqini\u201d","robots":{"index":"index","follow":"follow","max-snippet":"max-snippet:-1","max-image-preview":"max-image-preview:large","max-video-preview":"max-video-preview:-1"},"canonical":"https:\/\/www.visit-ulcinj.com\/blog\/2017\/03\/07\/kk-ulqini-shkelqen-ne-bosnje-dhe-kosove\/","og_locale":"en_US","og_type":"article","og_title":"KK \u201cUlqini\u201d shk\u00eblqen n\u00eb Bosnj\u00eb dhe Kosov\u00eb - Lajme nga Ulqini","og_description":"Klubi i Karates\u00eb \u201cUlqini\u201d fundjav\u00ebn e kaluar mori pjes\u00eb n\u00eb dy turne nd\u00ebrkomb\u00ebtar\u00eb T\u00eb shtun\u00ebn dhe t\u00eb dielen, m\u00eb 04-05 mars 2017, Klubi i karates\u00eb \u201cUlqini\u201d","og_url":"https:\/\/www.visit-ulcinj.com\/blog\/2017\/03\/07\/kk-ulqini-shkelqen-ne-bosnje-dhe-kosove\/","og_site_name":"Lajme nga Ulqini","article_published_time":"2017-03-06T23:00:42+00:00","article_modified_time":"2017-03-07T17:13:21+00:00","og_image":[{"url":"https:\/\/www.visit-ulcinj.com\/blog\/wp-content\/uploads\/2017\/03\/Karate-Club-Ulqini-Ulcinj-Montenegro-Bosna-hercegovina-1-150x150.jpg"}],"twitter_misc":{"Written by":"ulqini","Est. reading time":"2 minutes"},"schema":{"@context":"https:\/\/schema.org","@graph":[{"@type":"WebSite","@id":"https:\/\/www.visit-ulcinj.com\/blog\/#website","url":"https:\/\/www.visit-ulcinj.com\/blog\/","name":"Lajme nga Ulqini","description":"Lajme,Vijesti,Ulqini,Ulqin,Crna Gora,Mali i Zi","potentialAction":[{"@type":"SearchAction","target":{"@type":"EntryPoint","urlTemplate":"https:\/\/www.visit-ulcinj.com\/blog\/?s={search_term_string}"},"query-input":"required name=search_term_string"}],"inLanguage":"en-US"},{"@type":"ImageObject","inLanguage":"en-US","@id":"https:\/\/www.visit-ulcinj.com\/blog\/2017\/03\/07\/kk-ulqini-shkelqen-ne-bosnje-dhe-kosove\/#primaryimage","url":"https:\/\/www.visit-ulcinj.com\/blog\/wp-content\/uploads\/2017\/03\/Karate-Club-Ulqini-Ulcinj-Montenegro-Bosna-hercegovina.jpg","contentUrl":"https:\/\/www.visit-ulcinj.com\/blog\/wp-content\/uploads\/2017\/03\/Karate-Club-Ulqini-Ulcinj-Montenegro-Bosna-hercegovina.jpg","width":960,"height":720},{"@type":"WebPage","@id":"https:\/\/www.visit-ulcinj.com\/blog\/2017\/03\/07\/kk-ulqini-shkelqen-ne-bosnje-dhe-kosove\/#webpage","url":"https:\/\/www.visit-ulcinj.com\/blog\/2017\/03\/07\/kk-ulqini-shkelqen-ne-bosnje-dhe-kosove\/","name":"KK \u201cUlqini\u201d shk\u00eblqen n\u00eb Bosnj\u00eb dhe Kosov\u00eb - Lajme nga Ulqini","isPartOf":{"@id":"https:\/\/www.visit-ulcinj.com\/blog\/#website"},"primaryImageOfPage":{"@id":"https:\/\/www.visit-ulcinj.com\/blog\/2017\/03\/07\/kk-ulqini-shkelqen-ne-bosnje-dhe-kosove\/#primaryimage"},"datePublished":"2017-03-06T23:00:42+00:00","dateModified":"2017-03-07T17:13:21+00:00","author":{"@id":"https:\/\/www.visit-ulcinj.com\/blog\/#\/schema\/person\/dcab619c614d3038751c63bc2aadc06d"},"description":"Klubi i Karates\u00eb \u201cUlqini\u201d fundjav\u00ebn e kaluar mori pjes\u00eb n\u00eb dy turne nd\u00ebrkomb\u00ebtar\u00eb T\u00eb shtun\u00ebn dhe t\u00eb dielen, m\u00eb 04-05 mars 2017, Klubi i karates\u00eb \u201cUlqini\u201d","breadcrumb":{"@id":"https:\/\/www.visit-ulcinj.com\/blog\/2017\/03\/07\/kk-ulqini-shkelqen-ne-bosnje-dhe-kosove\/#breadcrumb"},"inLanguage":"en-US","potentialAction":[{"@type":"ReadAction","target":["https:\/\/www.visit-ulcinj.com\/blog\/2017\/03\/07\/kk-ulqini-shkelqen-ne-bosnje-dhe-kosove\/"]}]},{"@type":"BreadcrumbList","@id":"https:\/\/www.visit-ulcinj.com\/blog\/2017\/03\/07\/kk-ulqini-shkelqen-ne-bosnje-dhe-kosove\/#breadcrumb","itemListElement":[{"@type":"ListItem","position":1,"name":"KK \u201cUlqini\u201d shk\u00eblqen n\u00eb Bosnj\u00eb dhe Kosov\u00eb"}]},{"@type":"Person","@id":"https:\/\/www.visit-ulcinj.com\/blog\/#\/schema\/person\/dcab619c614d3038751c63bc2aadc06d","name":"ulqini","sameAs":["http:\/\/www.visit-ulcinj.com"],"url":"https:\/\/www.visit-ulcinj.com\/blog\/author\/admin\/"}]}},"jetpack_featured_media_url":"","jetpack_sharing_enabled":true,"jetpack_shortlink":"https:\/\/wp.me\/pe6lTn-qTJ","_links":{"self":[{"href":"https:\/\/www.visit-ulcinj.com\/blog\/wp-json\/wp\/v2\/posts\/103399"}],"collection":[{"href":"https:\/\/www.visit-ulcinj.com\/blog\/wp-json\/wp\/v2\/posts"}],"about":[{"href":"https:\/\/www.visit-ulcinj.com\/blog\/wp-json\/wp\/v2\/types\/post"}],"author":[{"embeddable":true,"href":"https:\/\/www.visit-ulcinj.com\/blog\/wp-json\/wp\/v2\/users\/1"}],"replies":[{"embeddable":true,"href":"https:\/\/www.visit-ulcinj.com\/blog\/wp-json\/wp\/v2\/comments?post=103399"}],"version-history":[{"count":1,"href":"https:\/\/www.visit-ulcinj.com\/blog\/wp-json\/wp\/v2\/posts\/103399\/revisions"}],"predecessor-version":[{"id":103409,"href":"https:\/\/www.visit-ulcinj.com\/blog\/wp-json\/wp\/v2\/posts\/103399\/revisions\/103409"}],"wp:attachment":[{"href":"https:\/\/www.visit-ulcinj.com\/blog\/wp-json\/wp\/v2\/media?parent=103399"}],"wp:term":[{"taxonomy":"category","embeddable":true,"href":"https:\/\/www.visit-ulcinj.com\/blog\/wp-json\/wp\/v2\/categories?post=103399"},{"taxonomy":"post_tag","embeddable":true,"href":"https:\/\/www.visit-ulcinj.com\/blog\/wp-json\/wp\/v2\/tags?post=103399"}],"curies":[{"name":"wp","href":"https:\/\/api.w.org\/{rel}","templated":true}]}}