{"id":103414,"date":"2017-03-07T18:09:49","date_gmt":"2017-03-07T17:09:49","guid":{"rendered":"http:\/\/www.visit-ulcinj.com\/blog\/?p=103414"},"modified":"2017-03-09T08:19:17","modified_gmt":"2017-03-09T07:19:17","slug":"kryetari-ulqinit-nazif-cungu-uron-mesuesit-per-festen-e-7-marsit","status":"publish","type":"post","link":"https:\/\/www.visit-ulcinj.com\/blog\/2017\/03\/07\/kryetari-ulqinit-nazif-cungu-uron-mesuesit-per-festen-e-7-marsit\/","title":{"rendered":"Kryetari i Ulqinit, Nazif Cungu uron m\u00ebsuesit p\u00ebr fest\u00ebn e 7 Marsit"},"content":{"rendered":"<p><strong><a href=\"http:\/\/www.visit-ulcinj.com\/blog\/wp-content\/uploads\/2016\/04\/Nazif-Cungu-dita-ulqinit-.jpg\"><img loading=\"lazy\" class=\"alignleft wp-image-95816\" src=\"http:\/\/www.visit-ulcinj.com\/blog\/wp-content\/uploads\/2016\/04\/Nazif-Cungu-dita-ulqinit-.jpg\" alt=\"Nazif-Cungu-dita-ulqinit-\" width=\"508\" height=\"411\" srcset=\"https:\/\/www.visit-ulcinj.com\/blog\/wp-content\/uploads\/2016\/04\/Nazif-Cungu-dita-ulqinit-.jpg 621w, https:\/\/www.visit-ulcinj.com\/blog\/wp-content\/uploads\/2016\/04\/Nazif-Cungu-dita-ulqinit--300x243.jpg 300w\" sizes=\"(max-width: 508px) 100vw, 508px\" \/><\/a>Kryetari i Komun\u00ebs s\u00eb Ulqinit z.Nazif Cungu ka uruar t\u00eb gjith\u00eb m\u00ebsimdh\u00ebn\u00ebsit e Komun\u00ebs me rastin e sh\u00ebnimit t\u00eb 7 Marsit, fest\u00ebn e m\u00ebsuesit. P\u00ebrmes k\u00ebtij urimi ju drejtohet m\u00ebsimdh\u00ebn\u00ebsve p\u00ebr t\u2019iu shprehur urimet m\u00eb t\u00eb sinqerta p\u00ebr pun\u00ebn dhe angazhimin e tyre n\u00ebpermjet rrjetit social t\u00eb Facebookut.<\/strong><\/p>\n<p><strong>Postimi i plot\u00eb i Nazif Cungut:<\/strong><\/p>\n<p>Me rastin e 7 marsit dua t\u00eb uroj p\u00ebrzem\u00ebrsisht t\u00eb gjith\u00eb arsimtar\u00ebt e nderuar dhe t\u00eb respektuar tan\u00eb p\u00ebr kontributin e jasht\u00ebzakonsh\u00ebm q\u00eb japin n\u00eb kultivimin e brezave t\u00eb rinj. Po ashtu p\u00ebrulem me nderim para m\u00ebsuesve t\u00eb mi dhe t\u00eb gjith\u00eb m\u00ebsuesve t\u00eb tjer\u00eb t\u00eb vjet\u00ebr q\u00eb kan\u00eb mbajtur gjall\u00eb dashurin\u00eb p\u00ebr gjuh\u00ebn shqipe, p\u00ebr identitetin ton\u00eb komb\u00ebtar dhe p\u00ebr historin\u00eb e tradit\u00ebn ton\u00eb edhe n\u00eb koh\u00eb shum\u00eb t\u00eb v\u00ebshtira. Un\u00eb i uroj t\u00eb gjith\u00eb arsimtar\u00ebve t\u00eb tanish\u00ebm e t\u00eb ardhsh\u0113m sa m\u00eb s<span class=\"text_exposed_show\">hum\u00eb sukses n\u00eb pun\u00ebn fisnike q\u00eb b\u00ebjn\u00eb me k\u00ebto vargje t\u00eb lavdishme t\u00eb Naim Frash\u00ebrit. <\/span><\/p>\n<div class=\"text_exposed_show\">\n<p>Gjuha jon\u00eb sa e mir\u00eb!<br \/>\nSa e \u00ebmb\u00ebl, sa e gjer\u00eb!<br \/>\nSa e leht\u00eb, sa e lir\u00eb!<br \/>\nSa e bukur, sa e vler\u00eb!<\/p>\n<p>Urime 7 marsi.<\/p>\n<p><strong>Me respekt p\u00ebr gjith\u00eb ju m\u00ebsimdh\u00ebn\u00ebs: Nazif Cungu, thuhet n\u00eb faqen e tij\u00eb personale te Facebookut.<\/strong><\/p>\n<!--YouTube Error: bad URL entered-->\n<\/div>\n<p>&nbsp;<\/p>\n","protected":false},"excerpt":{"rendered":"<p>Kryetari i Komun\u00ebs s\u00eb Ulqinit z.Nazif Cungu ka uruar t\u00eb gjith\u00eb m\u00ebsimdh\u00ebn\u00ebsit e Komun\u00ebs me rastin e sh\u00ebnimit t\u00eb 7 Marsit, fest\u00ebn e m\u00ebsuesit. P\u00ebrmes k\u00ebtij urimi ju drejtohet m\u00ebsimdh\u00ebn\u00ebsve p\u00ebr t\u2019iu shprehur urimet m\u00eb t\u00eb sinqerta p\u00ebr pun\u00ebn dhe angazhimin e tyre n\u00ebpermjet rrjetit social t\u00eb Facebookut. Postimi i plot\u00eb i Nazif Cungut: Me [&hellip;]<\/p>\n","protected":false},"author":1,"featured_media":0,"comment_status":"closed","ping_status":"closed","sticky":false,"template":"","format":"standard","meta":{"spay_email":"","jetpack_publicize_message":"","jetpack_is_tweetstorm":false,"jetpack_publicize_feature_enabled":true},"categories":[1,6950],"tags":[],"jetpack_publicize_connections":[],"yoast_head":"<!-- This site is optimized with the Yoast SEO plugin v19.1 - https:\/\/yoast.com\/wordpress\/plugins\/seo\/ -->\n<title>Kryetari i Ulqinit, Nazif Cungu uron m\u00ebsuesit p\u00ebr fest\u00ebn e 7 Marsit - Lajme nga Ulqini<\/title>\n<meta name=\"description\" content=\"Kryetari i Komun\u00ebs s\u00eb Ulqinit z.Nazif Cungu ka uruar t\u00eb gjith\u00eb m\u00ebsimdh\u00ebn\u00ebsit e Komun\u00ebs me rastin e sh\u00ebnimit t\u00eb 7 Marsit, fest\u00ebn e m\u00ebsuesit. P\u00ebrmes k\u00ebtij\" \/>\n<meta name=\"robots\" content=\"index, follow, max-snippet:-1, max-image-preview:large, max-video-preview:-1\" \/>\n<link rel=\"canonical\" href=\"https:\/\/www.visit-ulcinj.com\/blog\/2017\/03\/07\/kryetari-ulqinit-nazif-cungu-uron-mesuesit-per-festen-e-7-marsit\/\" \/>\n<meta property=\"og:locale\" content=\"en_US\" \/>\n<meta property=\"og:type\" content=\"article\" \/>\n<meta property=\"og:title\" content=\"Kryetari i Ulqinit, Nazif Cungu uron m\u00ebsuesit p\u00ebr fest\u00ebn e 7 Marsit - Lajme nga Ulqini\" \/>\n<meta property=\"og:description\" content=\"Kryetari i Komun\u00ebs s\u00eb Ulqinit z.Nazif Cungu ka uruar t\u00eb gjith\u00eb m\u00ebsimdh\u00ebn\u00ebsit e Komun\u00ebs me rastin e sh\u00ebnimit t\u00eb 7 Marsit, fest\u00ebn e m\u00ebsuesit. P\u00ebrmes k\u00ebtij\" \/>\n<meta property=\"og:url\" content=\"https:\/\/www.visit-ulcinj.com\/blog\/2017\/03\/07\/kryetari-ulqinit-nazif-cungu-uron-mesuesit-per-festen-e-7-marsit\/\" \/>\n<meta property=\"og:site_name\" content=\"Lajme nga Ulqini\" \/>\n<meta property=\"article:published_time\" content=\"2017-03-07T17:09:49+00:00\" \/>\n<meta property=\"article:modified_time\" content=\"2017-03-09T07:19:17+00:00\" \/>\n<meta property=\"og:image\" content=\"http:\/\/www.visit-ulcinj.com\/blog\/wp-content\/uploads\/2016\/04\/Nazif-Cungu-dita-ulqinit-.jpg\" \/>\n<meta name=\"twitter:label1\" content=\"Written by\" \/>\n\t<meta name=\"twitter:data1\" content=\"ulqini\" \/>\n\t<meta name=\"twitter:label2\" content=\"Est. reading time\" \/>\n\t<meta name=\"twitter:data2\" content=\"1 minute\" \/>\n<script type=\"application\/ld+json\" class=\"yoast-schema-graph\">{\"@context\":\"https:\/\/schema.org\",\"@graph\":[{\"@type\":\"WebSite\",\"@id\":\"https:\/\/www.visit-ulcinj.com\/blog\/#website\",\"url\":\"https:\/\/www.visit-ulcinj.com\/blog\/\",\"name\":\"Lajme nga Ulqini\",\"description\":\"Lajme,Vijesti,Ulqini,Ulqin,Crna Gora,Mali i Zi\",\"potentialAction\":[{\"@type\":\"SearchAction\",\"target\":{\"@type\":\"EntryPoint\",\"urlTemplate\":\"https:\/\/www.visit-ulcinj.com\/blog\/?s={search_term_string}\"},\"query-input\":\"required name=search_term_string\"}],\"inLanguage\":\"en-US\"},{\"@type\":\"ImageObject\",\"inLanguage\":\"en-US\",\"@id\":\"https:\/\/www.visit-ulcinj.com\/blog\/2017\/03\/07\/kryetari-ulqinit-nazif-cungu-uron-mesuesit-per-festen-e-7-marsit\/#primaryimage\",\"url\":\"https:\/\/www.visit-ulcinj.com\/blog\/wp-content\/uploads\/2016\/04\/Nazif-Cungu-dita-ulqinit-.jpg\",\"contentUrl\":\"https:\/\/www.visit-ulcinj.com\/blog\/wp-content\/uploads\/2016\/04\/Nazif-Cungu-dita-ulqinit-.jpg\",\"width\":621,\"height\":502},{\"@type\":\"WebPage\",\"@id\":\"https:\/\/www.visit-ulcinj.com\/blog\/2017\/03\/07\/kryetari-ulqinit-nazif-cungu-uron-mesuesit-per-festen-e-7-marsit\/#webpage\",\"url\":\"https:\/\/www.visit-ulcinj.com\/blog\/2017\/03\/07\/kryetari-ulqinit-nazif-cungu-uron-mesuesit-per-festen-e-7-marsit\/\",\"name\":\"Kryetari i Ulqinit, Nazif Cungu uron m\u00ebsuesit p\u00ebr fest\u00ebn e 7 Marsit - Lajme nga Ulqini\",\"isPartOf\":{\"@id\":\"https:\/\/www.visit-ulcinj.com\/blog\/#website\"},\"primaryImageOfPage\":{\"@id\":\"https:\/\/www.visit-ulcinj.com\/blog\/2017\/03\/07\/kryetari-ulqinit-nazif-cungu-uron-mesuesit-per-festen-e-7-marsit\/#primaryimage\"},\"datePublished\":\"2017-03-07T17:09:49+00:00\",\"dateModified\":\"2017-03-09T07:19:17+00:00\",\"author\":{\"@id\":\"https:\/\/www.visit-ulcinj.com\/blog\/#\/schema\/person\/dcab619c614d3038751c63bc2aadc06d\"},\"description\":\"Kryetari i Komun\u00ebs s\u00eb Ulqinit z.Nazif Cungu ka uruar t\u00eb gjith\u00eb m\u00ebsimdh\u00ebn\u00ebsit e Komun\u00ebs me rastin e sh\u00ebnimit t\u00eb 7 Marsit, fest\u00ebn e m\u00ebsuesit. P\u00ebrmes k\u00ebtij\",\"breadcrumb\":{\"@id\":\"https:\/\/www.visit-ulcinj.com\/blog\/2017\/03\/07\/kryetari-ulqinit-nazif-cungu-uron-mesuesit-per-festen-e-7-marsit\/#breadcrumb\"},\"inLanguage\":\"en-US\",\"potentialAction\":[{\"@type\":\"ReadAction\",\"target\":[\"https:\/\/www.visit-ulcinj.com\/blog\/2017\/03\/07\/kryetari-ulqinit-nazif-cungu-uron-mesuesit-per-festen-e-7-marsit\/\"]}]},{\"@type\":\"BreadcrumbList\",\"@id\":\"https:\/\/www.visit-ulcinj.com\/blog\/2017\/03\/07\/kryetari-ulqinit-nazif-cungu-uron-mesuesit-per-festen-e-7-marsit\/#breadcrumb\",\"itemListElement\":[{\"@type\":\"ListItem\",\"position\":1,\"name\":\"Kryetari i Ulqinit, Nazif Cungu uron m\u00ebsuesit p\u00ebr fest\u00ebn e 7 Marsit\"}]},{\"@type\":\"Person\",\"@id\":\"https:\/\/www.visit-ulcinj.com\/blog\/#\/schema\/person\/dcab619c614d3038751c63bc2aadc06d\",\"name\":\"ulqini\",\"sameAs\":[\"http:\/\/www.visit-ulcinj.com\"],\"url\":\"https:\/\/www.visit-ulcinj.com\/blog\/author\/admin\/\"}]}<\/script>\n<!-- \/ Yoast SEO plugin. -->","yoast_head_json":{"title":"Kryetari i Ulqinit, Nazif Cungu uron m\u00ebsuesit p\u00ebr fest\u00ebn e 7 Marsit - Lajme nga Ulqini","description":"Kryetari i Komun\u00ebs s\u00eb Ulqinit z.Nazif Cungu ka uruar t\u00eb gjith\u00eb m\u00ebsimdh\u00ebn\u00ebsit e Komun\u00ebs me rastin e sh\u00ebnimit t\u00eb 7 Marsit, fest\u00ebn e m\u00ebsuesit. P\u00ebrmes k\u00ebtij","robots":{"index":"index","follow":"follow","max-snippet":"max-snippet:-1","max-image-preview":"max-image-preview:large","max-video-preview":"max-video-preview:-1"},"canonical":"https:\/\/www.visit-ulcinj.com\/blog\/2017\/03\/07\/kryetari-ulqinit-nazif-cungu-uron-mesuesit-per-festen-e-7-marsit\/","og_locale":"en_US","og_type":"article","og_title":"Kryetari i Ulqinit, Nazif Cungu uron m\u00ebsuesit p\u00ebr fest\u00ebn e 7 Marsit - Lajme nga Ulqini","og_description":"Kryetari i Komun\u00ebs s\u00eb Ulqinit z.Nazif Cungu ka uruar t\u00eb gjith\u00eb m\u00ebsimdh\u00ebn\u00ebsit e Komun\u00ebs me rastin e sh\u00ebnimit t\u00eb 7 Marsit, fest\u00ebn e m\u00ebsuesit. P\u00ebrmes k\u00ebtij","og_url":"https:\/\/www.visit-ulcinj.com\/blog\/2017\/03\/07\/kryetari-ulqinit-nazif-cungu-uron-mesuesit-per-festen-e-7-marsit\/","og_site_name":"Lajme nga Ulqini","article_published_time":"2017-03-07T17:09:49+00:00","article_modified_time":"2017-03-09T07:19:17+00:00","og_image":[{"url":"http:\/\/www.visit-ulcinj.com\/blog\/wp-content\/uploads\/2016\/04\/Nazif-Cungu-dita-ulqinit-.jpg"}],"twitter_misc":{"Written by":"ulqini","Est. reading time":"1 minute"},"schema":{"@context":"https:\/\/schema.org","@graph":[{"@type":"WebSite","@id":"https:\/\/www.visit-ulcinj.com\/blog\/#website","url":"https:\/\/www.visit-ulcinj.com\/blog\/","name":"Lajme nga Ulqini","description":"Lajme,Vijesti,Ulqini,Ulqin,Crna Gora,Mali i Zi","potentialAction":[{"@type":"SearchAction","target":{"@type":"EntryPoint","urlTemplate":"https:\/\/www.visit-ulcinj.com\/blog\/?s={search_term_string}"},"query-input":"required name=search_term_string"}],"inLanguage":"en-US"},{"@type":"ImageObject","inLanguage":"en-US","@id":"https:\/\/www.visit-ulcinj.com\/blog\/2017\/03\/07\/kryetari-ulqinit-nazif-cungu-uron-mesuesit-per-festen-e-7-marsit\/#primaryimage","url":"https:\/\/www.visit-ulcinj.com\/blog\/wp-content\/uploads\/2016\/04\/Nazif-Cungu-dita-ulqinit-.jpg","contentUrl":"https:\/\/www.visit-ulcinj.com\/blog\/wp-content\/uploads\/2016\/04\/Nazif-Cungu-dita-ulqinit-.jpg","width":621,"height":502},{"@type":"WebPage","@id":"https:\/\/www.visit-ulcinj.com\/blog\/2017\/03\/07\/kryetari-ulqinit-nazif-cungu-uron-mesuesit-per-festen-e-7-marsit\/#webpage","url":"https:\/\/www.visit-ulcinj.com\/blog\/2017\/03\/07\/kryetari-ulqinit-nazif-cungu-uron-mesuesit-per-festen-e-7-marsit\/","name":"Kryetari i Ulqinit, Nazif Cungu uron m\u00ebsuesit p\u00ebr fest\u00ebn e 7 Marsit - Lajme nga Ulqini","isPartOf":{"@id":"https:\/\/www.visit-ulcinj.com\/blog\/#website"},"primaryImageOfPage":{"@id":"https:\/\/www.visit-ulcinj.com\/blog\/2017\/03\/07\/kryetari-ulqinit-nazif-cungu-uron-mesuesit-per-festen-e-7-marsit\/#primaryimage"},"datePublished":"2017-03-07T17:09:49+00:00","dateModified":"2017-03-09T07:19:17+00:00","author":{"@id":"https:\/\/www.visit-ulcinj.com\/blog\/#\/schema\/person\/dcab619c614d3038751c63bc2aadc06d"},"description":"Kryetari i Komun\u00ebs s\u00eb Ulqinit z.Nazif Cungu ka uruar t\u00eb gjith\u00eb m\u00ebsimdh\u00ebn\u00ebsit e Komun\u00ebs me rastin e sh\u00ebnimit t\u00eb 7 Marsit, fest\u00ebn e m\u00ebsuesit. P\u00ebrmes k\u00ebtij","breadcrumb":{"@id":"https:\/\/www.visit-ulcinj.com\/blog\/2017\/03\/07\/kryetari-ulqinit-nazif-cungu-uron-mesuesit-per-festen-e-7-marsit\/#breadcrumb"},"inLanguage":"en-US","potentialAction":[{"@type":"ReadAction","target":["https:\/\/www.visit-ulcinj.com\/blog\/2017\/03\/07\/kryetari-ulqinit-nazif-cungu-uron-mesuesit-per-festen-e-7-marsit\/"]}]},{"@type":"BreadcrumbList","@id":"https:\/\/www.visit-ulcinj.com\/blog\/2017\/03\/07\/kryetari-ulqinit-nazif-cungu-uron-mesuesit-per-festen-e-7-marsit\/#breadcrumb","itemListElement":[{"@type":"ListItem","position":1,"name":"Kryetari i Ulqinit, Nazif Cungu uron m\u00ebsuesit p\u00ebr fest\u00ebn e 7 Marsit"}]},{"@type":"Person","@id":"https:\/\/www.visit-ulcinj.com\/blog\/#\/schema\/person\/dcab619c614d3038751c63bc2aadc06d","name":"ulqini","sameAs":["http:\/\/www.visit-ulcinj.com"],"url":"https:\/\/www.visit-ulcinj.com\/blog\/author\/admin\/"}]}},"jetpack_featured_media_url":"","jetpack_sharing_enabled":true,"jetpack_shortlink":"https:\/\/wp.me\/pe6lTn-qTY","_links":{"self":[{"href":"https:\/\/www.visit-ulcinj.com\/blog\/wp-json\/wp\/v2\/posts\/103414"}],"collection":[{"href":"https:\/\/www.visit-ulcinj.com\/blog\/wp-json\/wp\/v2\/posts"}],"about":[{"href":"https:\/\/www.visit-ulcinj.com\/blog\/wp-json\/wp\/v2\/types\/post"}],"author":[{"embeddable":true,"href":"https:\/\/www.visit-ulcinj.com\/blog\/wp-json\/wp\/v2\/users\/1"}],"replies":[{"embeddable":true,"href":"https:\/\/www.visit-ulcinj.com\/blog\/wp-json\/wp\/v2\/comments?post=103414"}],"version-history":[{"count":2,"href":"https:\/\/www.visit-ulcinj.com\/blog\/wp-json\/wp\/v2\/posts\/103414\/revisions"}],"predecessor-version":[{"id":103473,"href":"https:\/\/www.visit-ulcinj.com\/blog\/wp-json\/wp\/v2\/posts\/103414\/revisions\/103473"}],"wp:attachment":[{"href":"https:\/\/www.visit-ulcinj.com\/blog\/wp-json\/wp\/v2\/media?parent=103414"}],"wp:term":[{"taxonomy":"category","embeddable":true,"href":"https:\/\/www.visit-ulcinj.com\/blog\/wp-json\/wp\/v2\/categories?post=103414"},{"taxonomy":"post_tag","embeddable":true,"href":"https:\/\/www.visit-ulcinj.com\/blog\/wp-json\/wp\/v2\/tags?post=103414"}],"curies":[{"name":"wp","href":"https:\/\/api.w.org\/{rel}","templated":true}]}}