{"id":103416,"date":"2017-03-07T20:01:17","date_gmt":"2017-03-07T19:01:17","guid":{"rendered":"http:\/\/www.visit-ulcinj.com\/blog\/?p=103416"},"modified":"2017-03-07T20:10:43","modified_gmt":"2017-03-07T19:10:43","slug":"performance-e-bukur-e-rock-grupit-ivana-rock-trio-ne-tirane","status":"publish","type":"post","link":"https:\/\/www.visit-ulcinj.com\/blog\/2017\/03\/07\/performance-e-bukur-e-rock-grupit-ivana-rock-trio-ne-tirane\/","title":{"rendered":"Performance e bukur e Rock Grupit &#8220;Ivana &#038; Rock Trio&#8221; n\u00eb Tiran\u00eb"},"content":{"rendered":"<p><a href=\"http:\/\/www.visit-ulcinj.com\/blog\/wp-content\/uploads\/2017\/03\/Performance-e-bukur-e-Rock-Grupit-Ivana-Rock-Trio-Tirana-2.jpg\"><img loading=\"lazy\" class=\"alignleft wp-image-103422\" src=\"http:\/\/www.visit-ulcinj.com\/blog\/wp-content\/uploads\/2017\/03\/Performance-e-bukur-e-Rock-Grupit-Ivana-Rock-Trio-Tirana-2.jpg\" alt=\"Performance e bukur e Rock Grupit -Ivana &amp; Rock Trio- Tirana-2\" width=\"508\" height=\"293\" srcset=\"https:\/\/www.visit-ulcinj.com\/blog\/wp-content\/uploads\/2017\/03\/Performance-e-bukur-e-Rock-Grupit-Ivana-Rock-Trio-Tirana-2.jpg 999w, https:\/\/www.visit-ulcinj.com\/blog\/wp-content\/uploads\/2017\/03\/Performance-e-bukur-e-Rock-Grupit-Ivana-Rock-Trio-Tirana-2-300x173.jpg 300w, https:\/\/www.visit-ulcinj.com\/blog\/wp-content\/uploads\/2017\/03\/Performance-e-bukur-e-Rock-Grupit-Ivana-Rock-Trio-Tirana-2-768x443.jpg 768w\" sizes=\"(max-width: 508px) 100vw, 508px\" \/><\/a>Grupi i muzik\u00ebs rock \u201c<strong><a href=\"https:\/\/www.facebook.com\/Ivana-Rock-Trio-187989311681328\/?hc_ref=PAGES_TIMELINE\">Ivana &amp; Rock Trio<\/a><\/strong>\u201d\u00a0 q\u00eb u themelua n\u00eb vitet e 2008 p\u00ebr t\u00eb b\u00ebr\u00eb vet\u00ebm 9 vjet muzik\u00eb s\u00eb bashku, u riktheu \u00eb nj\u00eb koncert madh\u00ebshtor n\u00eb Tiran\u00eb, njofton antari i grupit Valon Mehmeti.<\/p>\n<p><a href=\"http:\/\/www.visit-ulcinj.com\/blog\/wp-content\/uploads\/2017\/03\/Performance-e-bukur-e-Rock-Grupit-Ivana-Rock-Trio-Tirana-1.jpg\"><img loading=\"lazy\" class=\"alignleft wp-image-103418\" src=\"http:\/\/www.visit-ulcinj.com\/blog\/wp-content\/uploads\/2017\/03\/Performance-e-bukur-e-Rock-Grupit-Ivana-Rock-Trio-Tirana-1.jpg\" alt=\"Performance e bukur e Rock Grupit -Ivana &amp; Rock Trio- Tirana-1\" width=\"508\" height=\"381\" srcset=\"https:\/\/www.visit-ulcinj.com\/blog\/wp-content\/uploads\/2017\/03\/Performance-e-bukur-e-Rock-Grupit-Ivana-Rock-Trio-Tirana-1.jpg 960w, https:\/\/www.visit-ulcinj.com\/blog\/wp-content\/uploads\/2017\/03\/Performance-e-bukur-e-Rock-Grupit-Ivana-Rock-Trio-Tirana-1-300x225.jpg 300w, https:\/\/www.visit-ulcinj.com\/blog\/wp-content\/uploads\/2017\/03\/Performance-e-bukur-e-Rock-Grupit-Ivana-Rock-Trio-Tirana-1-768x576.jpg 768w\" sizes=\"(max-width: 508px) 100vw, 508px\" \/><\/a><\/p>\n<p>Me 4 dhe 5 mars ishin n\u00eb <strong><a href=\"https:\/\/www.facebook.com\/Tirana-Rock-Cafe-108206289304159\/?hc_ref=PAGES_TIMELINE\">Tirana Rock Cafe<\/a> <\/strong>n\u00eb Tiran\u00eb s\u00eb bashku me antar\u00ebt tjer\u00eb t\u00eb grupit, Nebojsha Djukanovic, Ivana Jankovic, Valon Mehmeti dhe Besim Mehmeti nga Ulqini, ku\u00a0 performouan p\u00ebrpara publikut t\u00eb Shqip\u00ebris\u00eb.<\/p>\n<p>P\u00ebr grupin e muzik\u00ebs rock \u201c<strong><a href=\"https:\/\/www.facebook.com\/Ivana-Rock-Trio-187989311681328\/?hc_ref=PAGES_TIMELINE\">Ivana &amp; Rock Trio<\/a><\/strong> \u201d nuk \u00ebsht\u00eb hera e par\u00eb q\u00eb mban koncert n\u00eb <strong><a href=\"https:\/\/www.facebook.com\/Tirana-Rock-Cafe-108206289304159\/?hc_ref=PAGES_TIMELINE\">Tirana Rock Cafe<\/a><\/strong> .<\/p>\n<p>Ato kan\u00eb performuar n\u00eb shum\u00eb vende t\u00eb ve\u00e7anta gjat\u00eb karrier\u00ebs, por edhe n\u00eb Tiran ka mjaft interesim p\u00ebr koncertin ton\u00eb n\u00eb <strong><a href=\"https:\/\/www.facebook.com\/Tirana-Rock-Cafe-108206289304159\/?hc_ref=PAGES_TIMELINE\">Tirana Rock Cafe<\/a><\/strong> \u00a0ka th\u00ebn\u00eb rokeri Valon Mehmeti.<\/p>\n<p>Prezenc\u00eb e madhe e t\u00eb rinjve e ve\u00e7mas e vajzave t\u00eb bukura, jan\u00eb elemente q\u00eb e p\u00ebrcjellin jet\u00ebn e nat\u00ebs n\u00eb Tiran.<\/p>\n<!--YouTube Error: bad URL entered-->\n","protected":false},"excerpt":{"rendered":"<p>Grupi i muzik\u00ebs rock \u201cIvana &amp; Rock Trio\u201d\u00a0 q\u00eb u themelua n\u00eb vitet e 2008 p\u00ebr t\u00eb b\u00ebr\u00eb vet\u00ebm 9 vjet muzik\u00eb s\u00eb bashku, u riktheu \u00eb nj\u00eb koncert madh\u00ebshtor n\u00eb Tiran\u00eb, njofton antari i grupit Valon Mehmeti. Me 4 dhe 5 mars ishin n\u00eb Tirana Rock Cafe n\u00eb Tiran\u00eb s\u00eb bashku me antar\u00ebt tjer\u00eb [&hellip;]<\/p>\n","protected":false},"author":1,"featured_media":0,"comment_status":"closed","ping_status":"closed","sticky":false,"template":"","format":"standard","meta":{"spay_email":"","jetpack_publicize_message":"","jetpack_is_tweetstorm":false,"jetpack_publicize_feature_enabled":true},"categories":[1],"tags":[],"jetpack_publicize_connections":[],"yoast_head":"<!-- This site is optimized with the Yoast SEO plugin v19.1 - https:\/\/yoast.com\/wordpress\/plugins\/seo\/ -->\n<title>Performance e bukur e Rock Grupit &quot;Ivana &amp; Rock Trio&quot; n\u00eb Tiran\u00eb - Lajme nga Ulqini<\/title>\n<meta name=\"description\" content=\"Grupi i muzik\u00ebs rock \u201cIvana &amp; Rock Trio\u201d\u00a0 q\u00eb u themelua n\u00eb vitet e 2008 p\u00ebr t\u00eb b\u00ebr\u00eb vet\u00ebm 9 vjet muzik\u00eb s\u00eb bashku, u riktheu \u00eb nj\u00eb koncert madh\u00ebshtor\" \/>\n<meta name=\"robots\" content=\"index, follow, max-snippet:-1, max-image-preview:large, max-video-preview:-1\" \/>\n<link rel=\"canonical\" href=\"https:\/\/www.visit-ulcinj.com\/blog\/2017\/03\/07\/performance-e-bukur-e-rock-grupit-ivana-rock-trio-ne-tirane\/\" \/>\n<meta property=\"og:locale\" content=\"en_US\" \/>\n<meta property=\"og:type\" content=\"article\" \/>\n<meta property=\"og:title\" content=\"Performance e bukur e Rock Grupit &quot;Ivana &amp; Rock Trio&quot; n\u00eb Tiran\u00eb - Lajme nga Ulqini\" \/>\n<meta property=\"og:description\" content=\"Grupi i muzik\u00ebs rock \u201cIvana &amp; Rock Trio\u201d\u00a0 q\u00eb u themelua n\u00eb vitet e 2008 p\u00ebr t\u00eb b\u00ebr\u00eb vet\u00ebm 9 vjet muzik\u00eb s\u00eb bashku, u riktheu \u00eb nj\u00eb koncert madh\u00ebshtor\" \/>\n<meta property=\"og:url\" content=\"https:\/\/www.visit-ulcinj.com\/blog\/2017\/03\/07\/performance-e-bukur-e-rock-grupit-ivana-rock-trio-ne-tirane\/\" \/>\n<meta property=\"og:site_name\" content=\"Lajme nga Ulqini\" \/>\n<meta property=\"article:published_time\" content=\"2017-03-07T19:01:17+00:00\" \/>\n<meta property=\"article:modified_time\" content=\"2017-03-07T19:10:43+00:00\" \/>\n<meta property=\"og:image\" content=\"http:\/\/www.visit-ulcinj.com\/blog\/wp-content\/uploads\/2017\/03\/Performance-e-bukur-e-Rock-Grupit-Ivana-Rock-Trio-Tirana-2.jpg\" \/>\n<meta name=\"twitter:label1\" content=\"Written by\" \/>\n\t<meta name=\"twitter:data1\" content=\"ulqini\" \/>\n\t<meta name=\"twitter:label2\" content=\"Est. reading time\" \/>\n\t<meta name=\"twitter:data2\" content=\"1 minute\" \/>\n<script type=\"application\/ld+json\" class=\"yoast-schema-graph\">{\"@context\":\"https:\/\/schema.org\",\"@graph\":[{\"@type\":\"WebSite\",\"@id\":\"https:\/\/www.visit-ulcinj.com\/blog\/#website\",\"url\":\"https:\/\/www.visit-ulcinj.com\/blog\/\",\"name\":\"Lajme nga Ulqini\",\"description\":\"Lajme,Vijesti,Ulqini,Ulqin,Crna Gora,Mali i Zi\",\"potentialAction\":[{\"@type\":\"SearchAction\",\"target\":{\"@type\":\"EntryPoint\",\"urlTemplate\":\"https:\/\/www.visit-ulcinj.com\/blog\/?s={search_term_string}\"},\"query-input\":\"required name=search_term_string\"}],\"inLanguage\":\"en-US\"},{\"@type\":\"ImageObject\",\"inLanguage\":\"en-US\",\"@id\":\"https:\/\/www.visit-ulcinj.com\/blog\/2017\/03\/07\/performance-e-bukur-e-rock-grupit-ivana-rock-trio-ne-tirane\/#primaryimage\",\"url\":\"https:\/\/www.visit-ulcinj.com\/blog\/wp-content\/uploads\/2017\/03\/Performance-e-bukur-e-Rock-Grupit-Ivana-Rock-Trio-Tirana-2.jpg\",\"contentUrl\":\"https:\/\/www.visit-ulcinj.com\/blog\/wp-content\/uploads\/2017\/03\/Performance-e-bukur-e-Rock-Grupit-Ivana-Rock-Trio-Tirana-2.jpg\",\"width\":999,\"height\":576},{\"@type\":\"WebPage\",\"@id\":\"https:\/\/www.visit-ulcinj.com\/blog\/2017\/03\/07\/performance-e-bukur-e-rock-grupit-ivana-rock-trio-ne-tirane\/#webpage\",\"url\":\"https:\/\/www.visit-ulcinj.com\/blog\/2017\/03\/07\/performance-e-bukur-e-rock-grupit-ivana-rock-trio-ne-tirane\/\",\"name\":\"Performance e bukur e Rock Grupit \\\"Ivana & Rock Trio\\\" n\u00eb Tiran\u00eb - Lajme nga Ulqini\",\"isPartOf\":{\"@id\":\"https:\/\/www.visit-ulcinj.com\/blog\/#website\"},\"primaryImageOfPage\":{\"@id\":\"https:\/\/www.visit-ulcinj.com\/blog\/2017\/03\/07\/performance-e-bukur-e-rock-grupit-ivana-rock-trio-ne-tirane\/#primaryimage\"},\"datePublished\":\"2017-03-07T19:01:17+00:00\",\"dateModified\":\"2017-03-07T19:10:43+00:00\",\"author\":{\"@id\":\"https:\/\/www.visit-ulcinj.com\/blog\/#\/schema\/person\/dcab619c614d3038751c63bc2aadc06d\"},\"description\":\"Grupi i muzik\u00ebs rock \u201cIvana &amp; Rock Trio\u201d\u00a0 q\u00eb u themelua n\u00eb vitet e 2008 p\u00ebr t\u00eb b\u00ebr\u00eb vet\u00ebm 9 vjet muzik\u00eb s\u00eb bashku, u riktheu \u00eb nj\u00eb koncert madh\u00ebshtor\",\"breadcrumb\":{\"@id\":\"https:\/\/www.visit-ulcinj.com\/blog\/2017\/03\/07\/performance-e-bukur-e-rock-grupit-ivana-rock-trio-ne-tirane\/#breadcrumb\"},\"inLanguage\":\"en-US\",\"potentialAction\":[{\"@type\":\"ReadAction\",\"target\":[\"https:\/\/www.visit-ulcinj.com\/blog\/2017\/03\/07\/performance-e-bukur-e-rock-grupit-ivana-rock-trio-ne-tirane\/\"]}]},{\"@type\":\"BreadcrumbList\",\"@id\":\"https:\/\/www.visit-ulcinj.com\/blog\/2017\/03\/07\/performance-e-bukur-e-rock-grupit-ivana-rock-trio-ne-tirane\/#breadcrumb\",\"itemListElement\":[{\"@type\":\"ListItem\",\"position\":1,\"name\":\"Performance e bukur e Rock Grupit &#8220;Ivana &#038; Rock Trio&#8221; n\u00eb Tiran\u00eb\"}]},{\"@type\":\"Person\",\"@id\":\"https:\/\/www.visit-ulcinj.com\/blog\/#\/schema\/person\/dcab619c614d3038751c63bc2aadc06d\",\"name\":\"ulqini\",\"sameAs\":[\"http:\/\/www.visit-ulcinj.com\"],\"url\":\"https:\/\/www.visit-ulcinj.com\/blog\/author\/admin\/\"}]}<\/script>\n<!-- \/ Yoast SEO plugin. -->","yoast_head_json":{"title":"Performance e bukur e Rock Grupit \"Ivana & Rock Trio\" n\u00eb Tiran\u00eb - Lajme nga Ulqini","description":"Grupi i muzik\u00ebs rock \u201cIvana &amp; Rock Trio\u201d\u00a0 q\u00eb u themelua n\u00eb vitet e 2008 p\u00ebr t\u00eb b\u00ebr\u00eb vet\u00ebm 9 vjet muzik\u00eb s\u00eb bashku, u riktheu \u00eb nj\u00eb koncert madh\u00ebshtor","robots":{"index":"index","follow":"follow","max-snippet":"max-snippet:-1","max-image-preview":"max-image-preview:large","max-video-preview":"max-video-preview:-1"},"canonical":"https:\/\/www.visit-ulcinj.com\/blog\/2017\/03\/07\/performance-e-bukur-e-rock-grupit-ivana-rock-trio-ne-tirane\/","og_locale":"en_US","og_type":"article","og_title":"Performance e bukur e Rock Grupit \"Ivana & Rock Trio\" n\u00eb Tiran\u00eb - Lajme nga Ulqini","og_description":"Grupi i muzik\u00ebs rock \u201cIvana &amp; Rock Trio\u201d\u00a0 q\u00eb u themelua n\u00eb vitet e 2008 p\u00ebr t\u00eb b\u00ebr\u00eb vet\u00ebm 9 vjet muzik\u00eb s\u00eb bashku, u riktheu \u00eb nj\u00eb koncert madh\u00ebshtor","og_url":"https:\/\/www.visit-ulcinj.com\/blog\/2017\/03\/07\/performance-e-bukur-e-rock-grupit-ivana-rock-trio-ne-tirane\/","og_site_name":"Lajme nga Ulqini","article_published_time":"2017-03-07T19:01:17+00:00","article_modified_time":"2017-03-07T19:10:43+00:00","og_image":[{"url":"http:\/\/www.visit-ulcinj.com\/blog\/wp-content\/uploads\/2017\/03\/Performance-e-bukur-e-Rock-Grupit-Ivana-Rock-Trio-Tirana-2.jpg"}],"twitter_misc":{"Written by":"ulqini","Est. reading time":"1 minute"},"schema":{"@context":"https:\/\/schema.org","@graph":[{"@type":"WebSite","@id":"https:\/\/www.visit-ulcinj.com\/blog\/#website","url":"https:\/\/www.visit-ulcinj.com\/blog\/","name":"Lajme nga Ulqini","description":"Lajme,Vijesti,Ulqini,Ulqin,Crna Gora,Mali i Zi","potentialAction":[{"@type":"SearchAction","target":{"@type":"EntryPoint","urlTemplate":"https:\/\/www.visit-ulcinj.com\/blog\/?s={search_term_string}"},"query-input":"required name=search_term_string"}],"inLanguage":"en-US"},{"@type":"ImageObject","inLanguage":"en-US","@id":"https:\/\/www.visit-ulcinj.com\/blog\/2017\/03\/07\/performance-e-bukur-e-rock-grupit-ivana-rock-trio-ne-tirane\/#primaryimage","url":"https:\/\/www.visit-ulcinj.com\/blog\/wp-content\/uploads\/2017\/03\/Performance-e-bukur-e-Rock-Grupit-Ivana-Rock-Trio-Tirana-2.jpg","contentUrl":"https:\/\/www.visit-ulcinj.com\/blog\/wp-content\/uploads\/2017\/03\/Performance-e-bukur-e-Rock-Grupit-Ivana-Rock-Trio-Tirana-2.jpg","width":999,"height":576},{"@type":"WebPage","@id":"https:\/\/www.visit-ulcinj.com\/blog\/2017\/03\/07\/performance-e-bukur-e-rock-grupit-ivana-rock-trio-ne-tirane\/#webpage","url":"https:\/\/www.visit-ulcinj.com\/blog\/2017\/03\/07\/performance-e-bukur-e-rock-grupit-ivana-rock-trio-ne-tirane\/","name":"Performance e bukur e Rock Grupit \"Ivana & Rock Trio\" n\u00eb Tiran\u00eb - Lajme nga Ulqini","isPartOf":{"@id":"https:\/\/www.visit-ulcinj.com\/blog\/#website"},"primaryImageOfPage":{"@id":"https:\/\/www.visit-ulcinj.com\/blog\/2017\/03\/07\/performance-e-bukur-e-rock-grupit-ivana-rock-trio-ne-tirane\/#primaryimage"},"datePublished":"2017-03-07T19:01:17+00:00","dateModified":"2017-03-07T19:10:43+00:00","author":{"@id":"https:\/\/www.visit-ulcinj.com\/blog\/#\/schema\/person\/dcab619c614d3038751c63bc2aadc06d"},"description":"Grupi i muzik\u00ebs rock \u201cIvana &amp; Rock Trio\u201d\u00a0 q\u00eb u themelua n\u00eb vitet e 2008 p\u00ebr t\u00eb b\u00ebr\u00eb vet\u00ebm 9 vjet muzik\u00eb s\u00eb bashku, u riktheu \u00eb nj\u00eb koncert madh\u00ebshtor","breadcrumb":{"@id":"https:\/\/www.visit-ulcinj.com\/blog\/2017\/03\/07\/performance-e-bukur-e-rock-grupit-ivana-rock-trio-ne-tirane\/#breadcrumb"},"inLanguage":"en-US","potentialAction":[{"@type":"ReadAction","target":["https:\/\/www.visit-ulcinj.com\/blog\/2017\/03\/07\/performance-e-bukur-e-rock-grupit-ivana-rock-trio-ne-tirane\/"]}]},{"@type":"BreadcrumbList","@id":"https:\/\/www.visit-ulcinj.com\/blog\/2017\/03\/07\/performance-e-bukur-e-rock-grupit-ivana-rock-trio-ne-tirane\/#breadcrumb","itemListElement":[{"@type":"ListItem","position":1,"name":"Performance e bukur e Rock Grupit &#8220;Ivana &#038; Rock Trio&#8221; n\u00eb Tiran\u00eb"}]},{"@type":"Person","@id":"https:\/\/www.visit-ulcinj.com\/blog\/#\/schema\/person\/dcab619c614d3038751c63bc2aadc06d","name":"ulqini","sameAs":["http:\/\/www.visit-ulcinj.com"],"url":"https:\/\/www.visit-ulcinj.com\/blog\/author\/admin\/"}]}},"jetpack_featured_media_url":"","jetpack_sharing_enabled":true,"jetpack_shortlink":"https:\/\/wp.me\/pe6lTn-qU0","_links":{"self":[{"href":"https:\/\/www.visit-ulcinj.com\/blog\/wp-json\/wp\/v2\/posts\/103416"}],"collection":[{"href":"https:\/\/www.visit-ulcinj.com\/blog\/wp-json\/wp\/v2\/posts"}],"about":[{"href":"https:\/\/www.visit-ulcinj.com\/blog\/wp-json\/wp\/v2\/types\/post"}],"author":[{"embeddable":true,"href":"https:\/\/www.visit-ulcinj.com\/blog\/wp-json\/wp\/v2\/users\/1"}],"replies":[{"embeddable":true,"href":"https:\/\/www.visit-ulcinj.com\/blog\/wp-json\/wp\/v2\/comments?post=103416"}],"version-history":[{"count":4,"href":"https:\/\/www.visit-ulcinj.com\/blog\/wp-json\/wp\/v2\/posts\/103416\/revisions"}],"predecessor-version":[{"id":103424,"href":"https:\/\/www.visit-ulcinj.com\/blog\/wp-json\/wp\/v2\/posts\/103416\/revisions\/103424"}],"wp:attachment":[{"href":"https:\/\/www.visit-ulcinj.com\/blog\/wp-json\/wp\/v2\/media?parent=103416"}],"wp:term":[{"taxonomy":"category","embeddable":true,"href":"https:\/\/www.visit-ulcinj.com\/blog\/wp-json\/wp\/v2\/categories?post=103416"},{"taxonomy":"post_tag","embeddable":true,"href":"https:\/\/www.visit-ulcinj.com\/blog\/wp-json\/wp\/v2\/tags?post=103416"}],"curies":[{"name":"wp","href":"https:\/\/api.w.org\/{rel}","templated":true}]}}